{"id":63212,"date":"2022-06-09T10:47:23","date_gmt":"2022-06-09T10:47:23","guid":{"rendered":"https:\/\/www.ull.es\/portal\/noticias\/?p=63212"},"modified":"2022-06-09T10:47:23","modified_gmt":"2022-06-09T10:47:23","slug":"gobierno-canarias-financia-creacion-laboratorio-tecnologias-hidrogeno","status":"publish","type":"post","link":"https:\/\/www.ull.es\/portal\/noticias\/2022\/gobierno-canarias-financia-creacion-laboratorio-tecnologias-hidrogeno\/","title":{"rendered":"El Gobierno de Canarias financia a un equipo de la ULL la creaci\u00f3n de un laboratorio de tecnolog\u00edas del hidr\u00f3geno"},"content":{"rendered":"<p class=\"p2\">El grupo de <a href=\"https:\/\/portalciencia.ull.es\/grupos\/6318\/detalle\" target=\"_blank\" rel=\"noopener\" target=\"_blank\" rel=\"noopener\"><span class=\"s2\">Ciencias de Superficies y Electrocat\u00e1lisis<\/span><\/a> (CISEL) de la Universidad de La Laguna ha recibido financiaci\u00f3n de la Agencia Canaria de Investigaci\u00f3n, Innovaci\u00f3n y Sociedad de la Informaci\u00f3n para la creaci\u00f3n del <span class=\"s3\">\u201c<\/span>Laboratorio electroqu\u00edmico de tecnolog\u00edas del hidr\u00f3geno y almacenamiento energ\u00e9tico (LABH2)\u201d. Esta nueva infraestructura de investigaci\u00f3n se centrar\u00e1, como su denominaci\u00f3n indica, en desarrollos tecnol\u00f3gicos basado en el uso del hidr\u00f3geno, como pilas de combustible y los electrolizadores, as\u00ed como de almacenamiento energ\u00e9tico, como es el caso de las bater\u00edas.<span class=\"Apple-converted-space\">\u00a0<\/span><\/p>\n<p class=\"p2\">Con este nuevo laboratorio el equipo de investigaci\u00f3n liderado por la catedr\u00e1tica Elena Pastor busca avanzar en la introducci\u00f3n de nuevos materiales y optimizaci\u00f3n de los dispositivos, de manera que se puedan realizar pruebas para la elaboraci\u00f3n final de prototipos. Adem\u00e1s, tambi\u00e9n se contempla el impulso de la fotoelectroqu\u00edmica como procedimiento para aprovechar la energ\u00eda solar en la degradaci\u00f3n de contaminantes presentes en el agua y la producci\u00f3n de hidr\u00f3geno, de modo que las aguas residuales dom\u00e9sticas e industriales podr\u00edan utilizarse como posibles fuentes ilimitadas de hidr\u00f3geno para su uso como combustible.<\/p>\n<p class=\"p2\">La ayuda ha supuesto una financiaci\u00f3n de, aproximadamente, 329.000 euros que se emplear\u00e1n para adquirir instrumental especializado, como una estaci\u00f3n de ensayo para pilas de combustible y electrolizador PEM, una estaci\u00f3n de ensayo fotoelectroqu\u00edmica, un simulador solar, una caja seca para estudios de bater\u00edas y un potenciostato\/galvanostato multicanal. Tras su adquisici\u00f3n, se proceder\u00e1 a su instalaci\u00f3n con vistas a que el nuevo espacio pueda ser presentado en el \u00faltimo cuatrimestre del a\u00f1o, ubicado en el Laboratorio 4 de la Secci\u00f3n de Qu\u00edmica de la Facultad de Ciencias.<\/p>\n<p class=\"p2\">Esta nueva infraestructura pretende favorecer la incorporaci\u00f3n del hidr\u00f3geno al sistema energ\u00e9tico de Canarias, aportando nuevos materiales y prototipos que contribuyan a aumentar la eficiencia energ\u00e9tica y disminuir el coste de las tecnolog\u00edas asociadas, para as\u00ed contribuir al desarrollo de un modelo de sostenibilidad integral.<\/p>\n<p class=\"p2\">El equipo responsable aspira a que este laboratorio se convierta en un referente en Canarias en las investigaciones sobre las tecnolog\u00edas del hidr\u00f3geno y almacenamiento energ\u00e9tico. De este modo, cubrir\u00e1 las necesidades en esta \u00e1rea en el \u00e1mbito regional, con una infraestructura moderna, actualizada y especializada en los campos de investigaci\u00f3n demandados en la Estrategia Regional de Investigaci\u00f3n e Innovaci\u00f3n<b> (<\/b>RIS3).<\/p>\n<p class=\"p2\">El laboratorio est\u00e1 dotado con la instrumentaci\u00f3n necesaria para poder probar los materiales desarrollados por el grupo CISEL (que es especialista en los procesos que tiene lugar en los dispositivos electroqu\u00edmicos de producci\u00f3n y almacenamiento energ\u00e9tico) en sistemas reales como las pilas de combustible, electrolizadores y bater\u00edas. Adem\u00e1s, estas infraestructuras facilitar\u00e1n los trabajos para patentar de materiales y dispositivos tras las pruebas realizadas.<\/p>\n<p class=\"p2\">Esta nueva instalaci\u00f3n tambi\u00e9n servir\u00e1 como apoyo a la formaci\u00f3n de investigadores y tecn\u00f3logos especializados en estas t\u00e9cnicas y aparataje, con lo cual se contribuir\u00e1 tambi\u00e9n al objetivo de transferencia de conocimiento a la sociedad canaria en un \u00e1rea de gran inter\u00e9s. En la misma l\u00ednea, tambi\u00e9n se impulsar\u00e1n las cooperaciones del grupo CISEL con grupos de investigaci\u00f3n de Latinoam\u00e9rica y Europa.<\/p>\n<p class=\"p3\">La ACSII ha financiado este proyecto de infraestructura porque est\u00e1 alineado con los contenidos de la RIS3 del Plan de Investigaci\u00f3n de Canarias, en el que el uso de energ\u00edas renovables aparece como uno de sus pilares. Concretamente, las investigaciones que se podr\u00e1n abordar con este equipamiento contribuir\u00edan significativamente al \u00e1rea 5 de dicha estrategia gubernamental, referida al \u201cCrecimiento verde y sostenibilidad-Econom\u00eda baja en carbono, desarrollo industrial y eficiencia energ\u00e9tica\u201d.<\/p>\n","protected":false},"excerpt":{"rendered":"<p>El grupo de Ciencias de Superficies y Electrocat\u00e1lisis (CISEL) de la Universidad de La Laguna ha recibido financiaci\u00f3n de la&#8230;<\/p>\n","protected":false},"author":21,"featured_media":63213,"comment_status":"closed","ping_status":"closed","sticky":false,"template":"","format":"standard","meta":{"inline_featured_image":false,"footnotes":""},"categories":[345,3924,350,2765,3457],"tags":[376,8731,8727,4397,8730,8726,7453,8729,8728,2101,2280],"acf":[],"yoast_head":"<!-- This site is optimized with the Yoast SEO plugin v21.3 - https:\/\/yoast.com\/wordpress\/plugins\/seo\/ -->\n<title>La ULL obtiene fondos para un laboratorio de tecnolog\u00edas del hidr\u00f3geno<\/title>\n<meta name=\"description\" content=\"Financiado por la Agencia Canaria de Investigaci\u00f3n, Innovaci\u00f3n y Sociedad de la Informaci\u00f3n, ser\u00e1 inaugurado a final de a\u00f1o.\" \/>\n<meta name=\"robots\" content=\"index, follow, max-snippet:-1, max-image-preview:large, max-video-preview:-1\" \/>\n<link rel=\"canonical\" href=\"https:\/\/www.ull.es\/portal\/noticias\/2022\/gobierno-canarias-financia-creacion-laboratorio-tecnologias-hidrogeno\/\" \/>\n<meta property=\"og:locale\" content=\"es_ES\" \/>\n<meta property=\"og:type\" content=\"article\" \/>\n<meta property=\"og:title\" content=\"La ULL obtiene fondos para un laboratorio de tecnolog\u00edas del hidr\u00f3geno\" \/>\n<meta property=\"og:description\" content=\"Financiado por la Agencia Canaria de Investigaci\u00f3n, Innovaci\u00f3n y Sociedad de la Informaci\u00f3n, ser\u00e1 inaugurado a final de a\u00f1o.\" \/>\n<meta property=\"og:url\" content=\"https:\/\/www.ull.es\/portal\/noticias\/2022\/gobierno-canarias-financia-creacion-laboratorio-tecnologias-hidrogeno\/\" \/>\n<meta property=\"og:site_name\" content=\"ULL - Noticias\" \/>\n<meta property=\"article:publisher\" content=\"https:\/\/www.facebook.com\/universidaddelalaguna\/\" \/>\n<meta property=\"article:published_time\" content=\"2022-06-09T10:47:23+00:00\" \/>\n<meta property=\"og:image\" content=\"https:\/\/www.ull.es\/portal\/noticias\/wp-content\/uploads\/sites\/13\/2022\/06\/Entrev-Elena-Pastor-05.jpg\" \/>\n\t<meta property=\"og:image:width\" content=\"1024\" \/>\n\t<meta property=\"og:image:height\" content=\"683\" \/>\n\t<meta property=\"og:image:type\" content=\"image\/jpeg\" \/>\n<meta name=\"author\" content=\"prensa2\" \/>\n<meta name=\"twitter:card\" content=\"summary_large_image\" \/>\n<meta name=\"twitter:creator\" content=\"@CanalULL\" \/>\n<meta name=\"twitter:site\" content=\"@CanalULL\" \/>\n<meta name=\"twitter:label1\" content=\"Escrito por\" \/>\n\t<meta name=\"twitter:data1\" content=\"prensa2\" \/>\n\t<meta name=\"twitter:label2\" content=\"Tiempo de lectura\" \/>\n\t<meta name=\"twitter:data2\" content=\"3 minutos\" \/>\n<script type=\"application\/ld+json\" class=\"yoast-schema-graph\">{\"@context\":\"https:\/\/schema.org\",\"@graph\":[{\"@type\":\"WebPage\",\"@id\":\"https:\/\/www.ull.es\/portal\/noticias\/2022\/gobierno-canarias-financia-creacion-laboratorio-tecnologias-hidrogeno\/\",\"url\":\"https:\/\/www.ull.es\/portal\/noticias\/2022\/gobierno-canarias-financia-creacion-laboratorio-tecnologias-hidrogeno\/\",\"name\":\"La ULL obtiene fondos para un laboratorio de tecnolog\u00edas del hidr\u00f3geno\",\"isPartOf\":{\"@id\":\"https:\/\/www.ull.es\/portal\/noticias\/#website\"},\"datePublished\":\"2022-06-09T10:47:23+00:00\",\"dateModified\":\"2022-06-09T10:47:23+00:00\",\"author\":{\"@id\":\"https:\/\/www.ull.es\/portal\/noticias\/#\/schema\/person\/c3b2aa857797592927a03740d6664376\"},\"description\":\"Financiado por la Agencia Canaria de Investigaci\u00f3n, Innovaci\u00f3n y Sociedad de la Informaci\u00f3n, ser\u00e1 inaugurado a final de a\u00f1o.\",\"breadcrumb\":{\"@id\":\"https:\/\/www.ull.es\/portal\/noticias\/2022\/gobierno-canarias-financia-creacion-laboratorio-tecnologias-hidrogeno\/#breadcrumb\"},\"inLanguage\":\"es\",\"potentialAction\":[{\"@type\":\"ReadAction\",\"target\":[\"https:\/\/www.ull.es\/portal\/noticias\/2022\/gobierno-canarias-financia-creacion-laboratorio-tecnologias-hidrogeno\/\"]}]},{\"@type\":\"BreadcrumbList\",\"@id\":\"https:\/\/www.ull.es\/portal\/noticias\/2022\/gobierno-canarias-financia-creacion-laboratorio-tecnologias-hidrogeno\/#breadcrumb\",\"itemListElement\":[{\"@type\":\"ListItem\",\"position\":1,\"name\":\"Portada\",\"item\":\"https:\/\/www.ull.es\/portal\/noticias\/\"},{\"@type\":\"ListItem\",\"position\":2,\"name\":\"El Gobierno de Canarias financia a un equipo de la ULL la creaci\u00f3n de un laboratorio de tecnolog\u00edas del hidr\u00f3geno\"}]},{\"@type\":\"WebSite\",\"@id\":\"https:\/\/www.ull.es\/portal\/noticias\/#website\",\"url\":\"https:\/\/www.ull.es\/portal\/noticias\/\",\"name\":\"ULL - Noticias\",\"description\":\"\",\"potentialAction\":[{\"@type\":\"SearchAction\",\"target\":{\"@type\":\"EntryPoint\",\"urlTemplate\":\"https:\/\/www.ull.es\/portal\/noticias\/?s={search_term_string}\"},\"query-input\":\"required name=search_term_string\"}],\"inLanguage\":\"es\"},{\"@type\":\"Person\",\"@id\":\"https:\/\/www.ull.es\/portal\/noticias\/#\/schema\/person\/c3b2aa857797592927a03740d6664376\",\"name\":\"prensa2\",\"image\":{\"@type\":\"ImageObject\",\"inLanguage\":\"es\",\"@id\":\"https:\/\/www.ull.es\/portal\/noticias\/#\/schema\/person\/image\/\",\"url\":\"https:\/\/secure.gravatar.com\/avatar\/b58f310a5de5feb33d1e026d2493f23c?s=96&d=mm&r=g\",\"contentUrl\":\"https:\/\/secure.gravatar.com\/avatar\/b58f310a5de5feb33d1e026d2493f23c?s=96&d=mm&r=g\",\"caption\":\"prensa2\"},\"url\":\"https:\/\/www.ull.es\/portal\/noticias\/author\/prensa2\/\"}]}<\/script>\n<!-- \/ Yoast SEO plugin. -->","yoast_head_json":{"title":"La ULL obtiene fondos para un laboratorio de tecnolog\u00edas del hidr\u00f3geno","description":"Financiado por la Agencia Canaria de Investigaci\u00f3n, Innovaci\u00f3n y Sociedad de la Informaci\u00f3n, ser\u00e1 inaugurado a final de a\u00f1o.","robots":{"index":"index","follow":"follow","max-snippet":"max-snippet:-1","max-image-preview":"max-image-preview:large","max-video-preview":"max-video-preview:-1"},"canonical":"https:\/\/www.ull.es\/portal\/noticias\/2022\/gobierno-canarias-financia-creacion-laboratorio-tecnologias-hidrogeno\/","og_locale":"es_ES","og_type":"article","og_title":"La ULL obtiene fondos para un laboratorio de tecnolog\u00edas del hidr\u00f3geno","og_description":"Financiado por la Agencia Canaria de Investigaci\u00f3n, Innovaci\u00f3n y Sociedad de la Informaci\u00f3n, ser\u00e1 inaugurado a final de a\u00f1o.","og_url":"https:\/\/www.ull.es\/portal\/noticias\/2022\/gobierno-canarias-financia-creacion-laboratorio-tecnologias-hidrogeno\/","og_site_name":"ULL - Noticias","article_publisher":"https:\/\/www.facebook.com\/universidaddelalaguna\/","article_published_time":"2022-06-09T10:47:23+00:00","og_image":[{"width":1024,"height":683,"url":"https:\/\/www.ull.es\/portal\/noticias\/wp-content\/uploads\/sites\/13\/2022\/06\/Entrev-Elena-Pastor-05.jpg","type":"image\/jpeg"}],"author":"prensa2","twitter_card":"summary_large_image","twitter_creator":"@CanalULL","twitter_site":"@CanalULL","twitter_misc":{"Escrito por":"prensa2","Tiempo de lectura":"3 minutos"},"schema":{"@context":"https:\/\/schema.org","@graph":[{"@type":"WebPage","@id":"https:\/\/www.ull.es\/portal\/noticias\/2022\/gobierno-canarias-financia-creacion-laboratorio-tecnologias-hidrogeno\/","url":"https:\/\/www.ull.es\/portal\/noticias\/2022\/gobierno-canarias-financia-creacion-laboratorio-tecnologias-hidrogeno\/","name":"La ULL obtiene fondos para un laboratorio de tecnolog\u00edas del hidr\u00f3geno","isPartOf":{"@id":"https:\/\/www.ull.es\/portal\/noticias\/#website"},"datePublished":"2022-06-09T10:47:23+00:00","dateModified":"2022-06-09T10:47:23+00:00","author":{"@id":"https:\/\/www.ull.es\/portal\/noticias\/#\/schema\/person\/c3b2aa857797592927a03740d6664376"},"description":"Financiado por la Agencia Canaria de Investigaci\u00f3n, Innovaci\u00f3n y Sociedad de la Informaci\u00f3n, ser\u00e1 inaugurado a final de a\u00f1o.","breadcrumb":{"@id":"https:\/\/www.ull.es\/portal\/noticias\/2022\/gobierno-canarias-financia-creacion-laboratorio-tecnologias-hidrogeno\/#breadcrumb"},"inLanguage":"es","potentialAction":[{"@type":"ReadAction","target":["https:\/\/www.ull.es\/portal\/noticias\/2022\/gobierno-canarias-financia-creacion-laboratorio-tecnologias-hidrogeno\/"]}]},{"@type":"BreadcrumbList","@id":"https:\/\/www.ull.es\/portal\/noticias\/2022\/gobierno-canarias-financia-creacion-laboratorio-tecnologias-hidrogeno\/#breadcrumb","itemListElement":[{"@type":"ListItem","position":1,"name":"Portada","item":"https:\/\/www.ull.es\/portal\/noticias\/"},{"@type":"ListItem","position":2,"name":"El Gobierno de Canarias financia a un equipo de la ULL la creaci\u00f3n de un laboratorio de tecnolog\u00edas del hidr\u00f3geno"}]},{"@type":"WebSite","@id":"https:\/\/www.ull.es\/portal\/noticias\/#website","url":"https:\/\/www.ull.es\/portal\/noticias\/","name":"ULL - Noticias","description":"","potentialAction":[{"@type":"SearchAction","target":{"@type":"EntryPoint","urlTemplate":"https:\/\/www.ull.es\/portal\/noticias\/?s={search_term_string}"},"query-input":"required name=search_term_string"}],"inLanguage":"es"},{"@type":"Person","@id":"https:\/\/www.ull.es\/portal\/noticias\/#\/schema\/person\/c3b2aa857797592927a03740d6664376","name":"prensa2","image":{"@type":"ImageObject","inLanguage":"es","@id":"https:\/\/www.ull.es\/portal\/noticias\/#\/schema\/person\/image\/","url":"https:\/\/secure.gravatar.com\/avatar\/b58f310a5de5feb33d1e026d2493f23c?s=96&d=mm&r=g","contentUrl":"https:\/\/secure.gravatar.com\/avatar\/b58f310a5de5feb33d1e026d2493f23c?s=96&d=mm&r=g","caption":"prensa2"},"url":"https:\/\/www.ull.es\/portal\/noticias\/author\/prensa2\/"}]}},"primary_category":{"id":350,"name":"Investigaci\u00f3n","slug":"investigacion","link":"https:\/\/www.ull.es\/portal\/noticias\/category\/investigacion\/"},"featured_image_thumbnail_url":"https:\/\/www.ull.es\/portal\/noticias\/wp-content\/uploads\/sites\/13\/2022\/06\/Entrev-Elena-Pastor-05-300x200.jpg","_links":{"self":[{"href":"https:\/\/www.ull.es\/portal\/noticias\/wp-json\/wp\/v2\/posts\/63212"}],"collection":[{"href":"https:\/\/www.ull.es\/portal\/noticias\/wp-json\/wp\/v2\/posts"}],"about":[{"href":"https:\/\/www.ull.es\/portal\/noticias\/wp-json\/wp\/v2\/types\/post"}],"author":[{"embeddable":true,"href":"https:\/\/www.ull.es\/portal\/noticias\/wp-json\/wp\/v2\/users\/21"}],"replies":[{"embeddable":true,"href":"https:\/\/www.ull.es\/portal\/noticias\/wp-json\/wp\/v2\/comments?post=63212"}],"version-history":[{"count":1,"href":"https:\/\/www.ull.es\/portal\/noticias\/wp-json\/wp\/v2\/posts\/63212\/revisions"}],"predecessor-version":[{"id":63214,"href":"https:\/\/www.ull.es\/portal\/noticias\/wp-json\/wp\/v2\/posts\/63212\/revisions\/63214"}],"wp:featuredmedia":[{"embeddable":true,"href":"https:\/\/www.ull.es\/portal\/noticias\/wp-json\/wp\/v2\/media\/63213"}],"wp:attachment":[{"href":"https:\/\/www.ull.es\/portal\/noticias\/wp-json\/wp\/v2\/media?parent=63212"}],"wp:term":[{"taxonomy":"category","embeddable":true,"href":"https:\/\/www.ull.es\/portal\/noticias\/wp-json\/wp\/v2\/categories?post=63212"},{"taxonomy":"post_tag","embeddable":true,"href":"https:\/\/www.ull.es\/portal\/noticias\/wp-json\/wp\/v2\/tags?post=63212"}],"curies":[{"name":"wp","href":"https:\/\/api.w.org\/{rel}","templated":true}]}}