{"id":63257,"date":"2022-06-10T10:33:38","date_gmt":"2022-06-10T10:33:38","guid":{"rendered":"https:\/\/www.ull.es\/portal\/noticias\/?p=63257"},"modified":"2022-06-10T10:33:38","modified_gmt":"2022-06-10T10:33:38","slug":"pieles-paraninfo-tarasca","status":"publish","type":"post","link":"https:\/\/www.ull.es\/portal\/noticias\/2022\/pieles-paraninfo-tarasca\/","title":{"rendered":"La compa\u00f1\u00eda Pieles trae al Paraninfo \u201cTarasca\u201d, su premiada exploraci\u00f3n del folclore tradicional canario"},"content":{"rendered":"<p class=\"p3\"><a href=\"https:\/\/www.ull.es\/portal\/noticias\/wp-content\/uploads\/sites\/13\/2022\/06\/tarasca.jpeg\" target=\"_blank\" rel=\"noopener\" target=\"_blank\" rel=\"noopener\"><img decoding=\"async\" loading=\"lazy\" class=\"alignleft wp-image-63259 size-medium\" src=\"https:\/\/www.ull.es\/portal\/noticias\/wp-content\/uploads\/sites\/13\/2022\/06\/tarasca-212x300.jpeg\" alt=\"Cartel del espect\u00e1culo Tarasca\" width=\"212\" height=\"300\" srcset=\"https:\/\/www.ull.es\/portal\/noticias\/wp-content\/uploads\/sites\/13\/2022\/06\/tarasca-212x300.jpeg 212w, https:\/\/www.ull.es\/portal\/noticias\/wp-content\/uploads\/sites\/13\/2022\/06\/tarasca-375x530.jpeg 375w, https:\/\/www.ull.es\/portal\/noticias\/wp-content\/uploads\/sites\/13\/2022\/06\/tarasca.jpeg 600w\" sizes=\"(max-width: 212px) 100vw, 212px\" \/><\/a>La compa\u00f1\u00eda tinerfe\u00f1a <a href=\"https:\/\/www.laboratorioescenico.com\/pieles\" target=\"_blank\" rel=\"noopener\" target=\"_blank\" rel=\"noopener\"><span class=\"s2\">Pieles<\/span><\/a> presentar\u00e1 ma\u00f1ana, s\u00e1bado 11 de junio a las 20:00 horas en el Paraninfo de la Universidad de La Laguna, su espect\u00e1culo teatral y musical \u201c<a href=\"https:\/\/www.laboratorioescenico.com\/pieles\/tarasca\" target=\"_blank\" rel=\"noopener\" target=\"_blank\" rel=\"noopener\"><span class=\"s2\">Tarasca<\/span><\/a>\u201d, una exploraci\u00f3n del folclore tradicional canario que el pasado mes de febrero recibi\u00f3 el galard\u00f3n al Mejor Espacio Sonoro para su director art\u00edstico, Jonat\u00e1n Rodr\u00edguez, en los Premios R\u00e9plica de artes esc\u00e9nicas en Canarias. Las entradas est\u00e1n a la venta en la plataforma <a href=\"https:\/\/www.tomaticket.es\/es-es\/entradas-tarasca-pieles-tenerife\" target=\"_blank\" rel=\"noopener\" target=\"_blank\" rel=\"noopener\"><span class=\"s2\">Tomaticket<\/span><\/a>, a 15\u20ac en tarifa normal, y a 12\u20ac para estudiantes y localidades en palco alto.<\/p>\n<p class=\"p3\">Tarasca se presenta como un espect\u00e1culo interdisciplinar original en el que la m\u00fasica, la palabra y el movimiento transitan sutil y conscientemente en la memoria colectiva de las gentes del campo y de la mar. Es una propuesta art\u00edstica que se nutre de la tradici\u00f3n oral como fuente de inspiraci\u00f3n. La tierra, la sal, la migraci\u00f3n, los cantos de trabajo, las leyendas, los romances, los \u201cresponderes\u201d y los proverbios nos conectan con los distintos espacios geogr\u00e1ficos, culturales y emocionales impregnados de lenguajes heterog\u00e9neos donde convergen diversas manifestaciones art\u00edsticas.<span class=\"Apple-converted-space\">\u00a0<\/span><\/p>\n<p class=\"p3\">El espect\u00e1culo cobra vida en el espacio esc\u00e9nico forjado entre la realidad y el imaginario emocional de cada persona. Recrea el latido del caminante, son pasos acariciados por la arena, por el aroma y el tiempo. Unos pasos que trascienden y unen para fusionar a las personas con la visceralidad y la majestuosidad del rito y de la emotividad de la remembranza.<\/p>\n<p class=\"p3\">Las manos de hombres y mujeres trenzan entre sus dedos una historia, un puente de mimbre y soga. Y de ca\u00f1a y de memoria. Estas manos fueron fuente de muchas alegr\u00edas, realizadoras de ideas, creadoras de maravillosas artesan\u00edas. Con ellas modelaron la vida y el barro, hicieron tallas en madera, fraguaron el hierro, cosieron heridas, redes y rosas, trabajaron el cuero y la piedra. Con sus manos consiguieron el alimento de la mar; el pescado y la sal. Y tambi\u00e9n esparcieron semillas y regaron y araron la tierra seca. Juntando sus manos rogaron por el agua. En suma, las manos de los hombres y mujeres de Canarias son manos creadoras, hacen del ayer el ma\u00f1ana y del ma\u00f1ana el ahora. Y es ese recuerdo al trabajo uno de los hilos conductores de Tarasca.<\/p>\n","protected":false},"excerpt":{"rendered":"<p>La compa\u00f1\u00eda tinerfe\u00f1a Pieles presentar\u00e1 ma\u00f1ana, s\u00e1bado 11 de junio a las 20:00 horas en el Paraninfo de la Universidad&#8230;<\/p>\n","protected":false},"author":21,"featured_media":63258,"comment_status":"closed","ping_status":"closed","sticky":false,"template":"","format":"image","meta":{"inline_featured_image":false,"footnotes":""},"categories":[344,345,2765],"tags":[543,698,5596,8467,2047,2098,8738,8737],"acf":[],"yoast_head":"<!-- This site is optimized with the Yoast SEO plugin v21.3 - https:\/\/yoast.com\/wordpress\/plugins\/seo\/ -->\n<title>Pieles trae al Paraninfo su exploraci\u00f3n del folclore canario, &#039;Tarasca&#039;<\/title>\n<meta name=\"description\" content=\"El 11 de junio la compa\u00f1\u00eda presenta este espect\u00e1culo que el pasado febrero fue galardonado como Mejor Espacio Sonoro en los Premios R\u00e9plica.\" \/>\n<meta name=\"robots\" content=\"index, follow, max-snippet:-1, max-image-preview:large, max-video-preview:-1\" \/>\n<link rel=\"canonical\" href=\"https:\/\/www.ull.es\/portal\/noticias\/2022\/pieles-paraninfo-tarasca\/\" \/>\n<meta property=\"og:locale\" content=\"es_ES\" \/>\n<meta property=\"og:type\" content=\"article\" \/>\n<meta property=\"og:title\" content=\"Pieles trae al Paraninfo su exploraci\u00f3n del folclore canario, &#039;Tarasca&#039;\" \/>\n<meta property=\"og:description\" content=\"El 11 de junio la compa\u00f1\u00eda presenta este espect\u00e1culo que el pasado febrero fue galardonado como Mejor Espacio Sonoro en los Premios R\u00e9plica.\" \/>\n<meta property=\"og:url\" content=\"https:\/\/www.ull.es\/portal\/noticias\/2022\/pieles-paraninfo-tarasca\/\" \/>\n<meta property=\"og:site_name\" content=\"ULL - Noticias\" \/>\n<meta property=\"article:publisher\" content=\"https:\/\/www.facebook.com\/universidaddelalaguna\/\" \/>\n<meta property=\"article:published_time\" content=\"2022-06-10T10:33:38+00:00\" \/>\n<meta property=\"og:image\" content=\"https:\/\/www.ull.es\/portal\/noticias\/wp-content\/uploads\/sites\/13\/2022\/06\/CARTEL-HORIZONTA-700X350.jpeg\" \/>\n\t<meta property=\"og:image:width\" content=\"700\" \/>\n\t<meta property=\"og:image:height\" content=\"350\" \/>\n\t<meta property=\"og:image:type\" content=\"image\/jpeg\" \/>\n<meta name=\"author\" content=\"prensa2\" \/>\n<meta name=\"twitter:card\" content=\"summary_large_image\" \/>\n<meta name=\"twitter:creator\" content=\"@CanalULL\" \/>\n<meta name=\"twitter:site\" content=\"@CanalULL\" \/>\n<meta name=\"twitter:label1\" content=\"Escrito por\" \/>\n\t<meta name=\"twitter:data1\" content=\"prensa2\" \/>\n\t<meta name=\"twitter:label2\" content=\"Tiempo de lectura\" \/>\n\t<meta name=\"twitter:data2\" content=\"2 minutos\" \/>\n<script type=\"application\/ld+json\" class=\"yoast-schema-graph\">{\"@context\":\"https:\/\/schema.org\",\"@graph\":[{\"@type\":\"WebPage\",\"@id\":\"https:\/\/www.ull.es\/portal\/noticias\/2022\/pieles-paraninfo-tarasca\/\",\"url\":\"https:\/\/www.ull.es\/portal\/noticias\/2022\/pieles-paraninfo-tarasca\/\",\"name\":\"Pieles trae al Paraninfo su exploraci\u00f3n del folclore canario, 'Tarasca'\",\"isPartOf\":{\"@id\":\"https:\/\/www.ull.es\/portal\/noticias\/#website\"},\"datePublished\":\"2022-06-10T10:33:38+00:00\",\"dateModified\":\"2022-06-10T10:33:38+00:00\",\"author\":{\"@id\":\"https:\/\/www.ull.es\/portal\/noticias\/#\/schema\/person\/c3b2aa857797592927a03740d6664376\"},\"description\":\"El 11 de junio la compa\u00f1\u00eda presenta este espect\u00e1culo que el pasado febrero fue galardonado como Mejor Espacio Sonoro en los Premios R\u00e9plica.\",\"breadcrumb\":{\"@id\":\"https:\/\/www.ull.es\/portal\/noticias\/2022\/pieles-paraninfo-tarasca\/#breadcrumb\"},\"inLanguage\":\"es\",\"potentialAction\":[{\"@type\":\"ReadAction\",\"target\":[\"https:\/\/www.ull.es\/portal\/noticias\/2022\/pieles-paraninfo-tarasca\/\"]}]},{\"@type\":\"BreadcrumbList\",\"@id\":\"https:\/\/www.ull.es\/portal\/noticias\/2022\/pieles-paraninfo-tarasca\/#breadcrumb\",\"itemListElement\":[{\"@type\":\"ListItem\",\"position\":1,\"name\":\"Portada\",\"item\":\"https:\/\/www.ull.es\/portal\/noticias\/\"},{\"@type\":\"ListItem\",\"position\":2,\"name\":\"La compa\u00f1\u00eda Pieles trae al Paraninfo \u201cTarasca\u201d, su premiada exploraci\u00f3n del folclore tradicional canario\"}]},{\"@type\":\"WebSite\",\"@id\":\"https:\/\/www.ull.es\/portal\/noticias\/#website\",\"url\":\"https:\/\/www.ull.es\/portal\/noticias\/\",\"name\":\"ULL - Noticias\",\"description\":\"\",\"potentialAction\":[{\"@type\":\"SearchAction\",\"target\":{\"@type\":\"EntryPoint\",\"urlTemplate\":\"https:\/\/www.ull.es\/portal\/noticias\/?s={search_term_string}\"},\"query-input\":\"required name=search_term_string\"}],\"inLanguage\":\"es\"},{\"@type\":\"Person\",\"@id\":\"https:\/\/www.ull.es\/portal\/noticias\/#\/schema\/person\/c3b2aa857797592927a03740d6664376\",\"name\":\"prensa2\",\"image\":{\"@type\":\"ImageObject\",\"inLanguage\":\"es\",\"@id\":\"https:\/\/www.ull.es\/portal\/noticias\/#\/schema\/person\/image\/\",\"url\":\"https:\/\/secure.gravatar.com\/avatar\/b58f310a5de5feb33d1e026d2493f23c?s=96&d=mm&r=g\",\"contentUrl\":\"https:\/\/secure.gravatar.com\/avatar\/b58f310a5de5feb33d1e026d2493f23c?s=96&d=mm&r=g\",\"caption\":\"prensa2\"},\"url\":\"https:\/\/www.ull.es\/portal\/noticias\/author\/prensa2\/\"}]}<\/script>\n<!-- \/ Yoast SEO plugin. -->","yoast_head_json":{"title":"Pieles trae al Paraninfo su exploraci\u00f3n del folclore canario, 'Tarasca'","description":"El 11 de junio la compa\u00f1\u00eda presenta este espect\u00e1culo que el pasado febrero fue galardonado como Mejor Espacio Sonoro en los Premios R\u00e9plica.","robots":{"index":"index","follow":"follow","max-snippet":"max-snippet:-1","max-image-preview":"max-image-preview:large","max-video-preview":"max-video-preview:-1"},"canonical":"https:\/\/www.ull.es\/portal\/noticias\/2022\/pieles-paraninfo-tarasca\/","og_locale":"es_ES","og_type":"article","og_title":"Pieles trae al Paraninfo su exploraci\u00f3n del folclore canario, 'Tarasca'","og_description":"El 11 de junio la compa\u00f1\u00eda presenta este espect\u00e1culo que el pasado febrero fue galardonado como Mejor Espacio Sonoro en los Premios R\u00e9plica.","og_url":"https:\/\/www.ull.es\/portal\/noticias\/2022\/pieles-paraninfo-tarasca\/","og_site_name":"ULL - Noticias","article_publisher":"https:\/\/www.facebook.com\/universidaddelalaguna\/","article_published_time":"2022-06-10T10:33:38+00:00","og_image":[{"width":700,"height":350,"url":"https:\/\/www.ull.es\/portal\/noticias\/wp-content\/uploads\/sites\/13\/2022\/06\/CARTEL-HORIZONTA-700X350.jpeg","type":"image\/jpeg"}],"author":"prensa2","twitter_card":"summary_large_image","twitter_creator":"@CanalULL","twitter_site":"@CanalULL","twitter_misc":{"Escrito por":"prensa2","Tiempo de lectura":"2 minutos"},"schema":{"@context":"https:\/\/schema.org","@graph":[{"@type":"WebPage","@id":"https:\/\/www.ull.es\/portal\/noticias\/2022\/pieles-paraninfo-tarasca\/","url":"https:\/\/www.ull.es\/portal\/noticias\/2022\/pieles-paraninfo-tarasca\/","name":"Pieles trae al Paraninfo su exploraci\u00f3n del folclore canario, 'Tarasca'","isPartOf":{"@id":"https:\/\/www.ull.es\/portal\/noticias\/#website"},"datePublished":"2022-06-10T10:33:38+00:00","dateModified":"2022-06-10T10:33:38+00:00","author":{"@id":"https:\/\/www.ull.es\/portal\/noticias\/#\/schema\/person\/c3b2aa857797592927a03740d6664376"},"description":"El 11 de junio la compa\u00f1\u00eda presenta este espect\u00e1culo que el pasado febrero fue galardonado como Mejor Espacio Sonoro en los Premios R\u00e9plica.","breadcrumb":{"@id":"https:\/\/www.ull.es\/portal\/noticias\/2022\/pieles-paraninfo-tarasca\/#breadcrumb"},"inLanguage":"es","potentialAction":[{"@type":"ReadAction","target":["https:\/\/www.ull.es\/portal\/noticias\/2022\/pieles-paraninfo-tarasca\/"]}]},{"@type":"BreadcrumbList","@id":"https:\/\/www.ull.es\/portal\/noticias\/2022\/pieles-paraninfo-tarasca\/#breadcrumb","itemListElement":[{"@type":"ListItem","position":1,"name":"Portada","item":"https:\/\/www.ull.es\/portal\/noticias\/"},{"@type":"ListItem","position":2,"name":"La compa\u00f1\u00eda Pieles trae al Paraninfo \u201cTarasca\u201d, su premiada exploraci\u00f3n del folclore tradicional canario"}]},{"@type":"WebSite","@id":"https:\/\/www.ull.es\/portal\/noticias\/#website","url":"https:\/\/www.ull.es\/portal\/noticias\/","name":"ULL - Noticias","description":"","potentialAction":[{"@type":"SearchAction","target":{"@type":"EntryPoint","urlTemplate":"https:\/\/www.ull.es\/portal\/noticias\/?s={search_term_string}"},"query-input":"required name=search_term_string"}],"inLanguage":"es"},{"@type":"Person","@id":"https:\/\/www.ull.es\/portal\/noticias\/#\/schema\/person\/c3b2aa857797592927a03740d6664376","name":"prensa2","image":{"@type":"ImageObject","inLanguage":"es","@id":"https:\/\/www.ull.es\/portal\/noticias\/#\/schema\/person\/image\/","url":"https:\/\/secure.gravatar.com\/avatar\/b58f310a5de5feb33d1e026d2493f23c?s=96&d=mm&r=g","contentUrl":"https:\/\/secure.gravatar.com\/avatar\/b58f310a5de5feb33d1e026d2493f23c?s=96&d=mm&r=g","caption":"prensa2"},"url":"https:\/\/www.ull.es\/portal\/noticias\/author\/prensa2\/"}]}},"primary_category":{"id":344,"name":"Cultura","slug":"cultura","link":"https:\/\/www.ull.es\/portal\/noticias\/category\/cultura\/"},"featured_image_thumbnail_url":"https:\/\/www.ull.es\/portal\/noticias\/wp-content\/uploads\/sites\/13\/2022\/06\/CARTEL-HORIZONTA-700X350-300x150.jpeg","_links":{"self":[{"href":"https:\/\/www.ull.es\/portal\/noticias\/wp-json\/wp\/v2\/posts\/63257"}],"collection":[{"href":"https:\/\/www.ull.es\/portal\/noticias\/wp-json\/wp\/v2\/posts"}],"about":[{"href":"https:\/\/www.ull.es\/portal\/noticias\/wp-json\/wp\/v2\/types\/post"}],"author":[{"embeddable":true,"href":"https:\/\/www.ull.es\/portal\/noticias\/wp-json\/wp\/v2\/users\/21"}],"replies":[{"embeddable":true,"href":"https:\/\/www.ull.es\/portal\/noticias\/wp-json\/wp\/v2\/comments?post=63257"}],"version-history":[{"count":1,"href":"https:\/\/www.ull.es\/portal\/noticias\/wp-json\/wp\/v2\/posts\/63257\/revisions"}],"predecessor-version":[{"id":63260,"href":"https:\/\/www.ull.es\/portal\/noticias\/wp-json\/wp\/v2\/posts\/63257\/revisions\/63260"}],"wp:featuredmedia":[{"embeddable":true,"href":"https:\/\/www.ull.es\/portal\/noticias\/wp-json\/wp\/v2\/media\/63258"}],"wp:attachment":[{"href":"https:\/\/www.ull.es\/portal\/noticias\/wp-json\/wp\/v2\/media?parent=63257"}],"wp:term":[{"taxonomy":"category","embeddable":true,"href":"https:\/\/www.ull.es\/portal\/noticias\/wp-json\/wp\/v2\/categories?post=63257"},{"taxonomy":"post_tag","embeddable":true,"href":"https:\/\/www.ull.es\/portal\/noticias\/wp-json\/wp\/v2\/tags?post=63257"}],"curies":[{"name":"wp","href":"https:\/\/api.w.org\/{rel}","templated":true}]}}