{"id":63432,"date":"2022-06-20T13:47:15","date_gmt":"2022-06-20T13:47:15","guid":{"rendered":"https:\/\/www.ull.es\/portal\/noticias\/?p=63432"},"modified":"2022-06-21T07:39:52","modified_gmt":"2022-06-21T07:39:52","slug":"catedra-farmacia-convocara-premios-mejores-tfg-tfm-tesis","status":"publish","type":"post","link":"https:\/\/www.ull.es\/portal\/noticias\/2022\/catedra-farmacia-convocara-premios-mejores-tfg-tfm-tesis\/","title":{"rendered":"La C\u00e1tedra de Farmacia de la ULL convocar\u00e1 premios a los mejores trabajos fin de grado, master y tesis doctoral"},"content":{"rendered":"<p class=\"p3\">La comisi\u00f3n mixta de la C\u00e1tedra Canaria de Farmacia Colegio Oficial de Farmac\u00e9uticos de Santa Cruz de Tenerife &#8211; Universidad de La Laguna\u00a0se reuni\u00f3 recientemente para aprobar la inminente convocatoria de unos premios que destacar\u00e1n los mejores trabajos fin de grado (TFG), fin de m\u00e1ster (TFM) y tesis doctoral para personas tituladas en Farmacia por la instituci\u00f3n acad\u00e9mica que aborden tem\u00e1ticas relacionadas con los fines de la c\u00e1tedra.<span class=\"Apple-converted-space\">\u00a0<\/span><\/p>\n<p class=\"p3\">Los importes de los premios ir\u00e1n desde los 300 \u20ac hasta los 1.000 \u20ac y la condici\u00f3n para poder concurrir es que los trabajos hayan obtenido una calificaci\u00f3n m\u00ednima de 9 sobre 10 en el caso de los TFG y TFM y menci\u00f3n <i>Cum Laude<\/i> para la tesis doctoral, adem\u00e1s de no haber sido premiados en otras convocatorias, exceptuando los premios extraordinarios de doctorado de la Universidad de La Laguna. La convocatoria se har\u00e1\u00a0p\u00fablica\u00a0pr\u00f3ximamente y se podr\u00e1n presentar las solicitudes hasta el 30 de septiembre de 2022.<\/p>\n<p class=\"p6\">En la reuni\u00f3n, la comisi\u00f3n tambi\u00e9n se puso al d\u00eda sobre el desarrollo del plan de actividades que hab\u00eda sido aprobado el pasado 3 de noviembre de 2021, y que hab\u00eda sido dividido en dos grandes grupos de actuaciones: adecuaci\u00f3n de los fines, objetivos y organizaci\u00f3n interna de la C\u00e1tedra, y acciones de difusi\u00f3n, formaci\u00f3n y transferencia de conocimiento.<\/p>\n<p class=\"p6\">Sobre lo primero, la primera medida adoptada fue cambiar la denominaci\u00f3n de la propia c\u00e1tedra para reflejar su orientaci\u00f3n m\u00e1s generalista, adecuar el contenido del nuevo convenio que sustenta la c\u00e1tedra a los fines de la misma, crear una subdirecci\u00f3n y un comit\u00e9 asesor, y actualizar su web.<\/p>\n<p class=\"p6\">En cuanto a las actividades de difusi\u00f3n y formaci\u00f3n, se ha reforzado la presencia en redes sociales, se promover\u00e1 la realizaci\u00f3n de TFG en Farmacia en Oficinas de Farmacia, Servicios de Farmacia Hospitalaria y en otros asuntos relacionados con el uso de los medicamentos y la salud p\u00fablica; colaborar en la organizaci\u00f3n de visitas de los estudiantes del Grado en Farmacia a establecimientos farmac\u00e9uticos; y la convocatoria de premios ya se\u00f1alada. Tambi\u00e9n se organizar\u00e1n jornadas, talleres oy encuentros sobre enfermedades de especial relevancia social, eficiencia e impacto presupuestario de diferentes tipos de intervenciones de profesionales de farmacia en los sistemas de salud p\u00fablicos, y manejo de las tecnolog\u00edas de la informaci\u00f3n y comunicaci\u00f3n en el ejercicio profesional.<\/p>\n<p class=\"p6\">Adem\u00e1s, se nombr\u00f3 un nuevo miembro del consejo de direcci\u00f3n de la C\u00e1tedra, Emma Carmelo Pascual, profesora titular de Parasitolog\u00eda de la Facultad de Farmacia, que se une a la c\u00e1tedra como secretaria acad\u00e9mica.<span class=\"Apple-converted-space\">\u00a0<\/span><\/p>\n<p class=\"p6\">Tambi\u00e9n se constituy\u00f3 el consejo asesor de la entidad, formado por<span class=\"Apple-converted-space\">\u00a0 <\/span>Manuel \u00c1ngel Galv\u00e1n Gonz\u00e1lez, presidente del Colegio Oficial de Farmac\u00e9uticos de Santa Cruz de Tenerife; Javier Merino Alonso, jefe del Servicio de Farmacia del Hospital Universitario Nuestra Se\u00f1ora de la Candelaria; Fernando Guti\u00e9rrez Nicol\u00e1s, jefe de la Unidad de Investigaci\u00f3n del Complejo Hospitalario Universitario de Canarias; Joaqu\u00edn Lu\u00f1o Beese, presidente de la Cooperativa Farmac\u00e9utica de Tenerife (COFARTE); Rosa Mar\u00eda Lecuona Neumann, miembro de la Comisi\u00f3n Econ\u00f3mica de COFARES Sociedad Cooperativa Farmac\u00e9utica Espa\u00f1ola; Manuel D\u00edaz Feria, presidente de la Asociaci\u00f3n de Farmacias de Santa Cruz de Tenerife (ASFARTE); y <span class=\"s2\">Crisanto Jos\u00e9 Marrero Est\u00e9vez, presidente de la Asociaci\u00f3n de Profesionales Farmac\u00e9uticos de Canarias (APROFARCA).<\/span><\/p>\n","protected":false},"excerpt":{"rendered":"<p>La comisi\u00f3n mixta de la C\u00e1tedra Canaria de Farmacia Colegio Oficial de Farmac\u00e9uticos de Santa Cruz de Tenerife &#8211; Universidad&#8230;<\/p>\n","protected":false},"author":21,"featured_media":63433,"comment_status":"closed","ping_status":"closed","sticky":false,"template":"","format":"standard","meta":{"inline_featured_image":false,"footnotes":""},"categories":[345,4739,348,4988,2765],"tags":[8274,2150,4518,2481],"acf":[],"yoast_head":"<!-- This site is optimized with the Yoast SEO plugin v21.3 - https:\/\/yoast.com\/wordpress\/plugins\/seo\/ -->\n<title>La C\u00e1tedra de Farmacia premiar\u00e1 los mejores TFG, TFM y tesis<\/title>\n<meta name=\"description\" content=\"La comisi\u00f3n mixta de esta c\u00e1tedra\u00a0se reuni\u00f3 recientemente para abordar la inminente convocatoria de estos premios, entre otros asuntos.\" \/>\n<meta name=\"robots\" content=\"index, follow, max-snippet:-1, max-image-preview:large, max-video-preview:-1\" \/>\n<link rel=\"canonical\" href=\"https:\/\/www.ull.es\/portal\/noticias\/2022\/catedra-farmacia-convocara-premios-mejores-tfg-tfm-tesis\/\" \/>\n<meta property=\"og:locale\" content=\"es_ES\" \/>\n<meta property=\"og:type\" content=\"article\" \/>\n<meta property=\"og:title\" content=\"La C\u00e1tedra de Farmacia premiar\u00e1 los mejores TFG, TFM y tesis\" \/>\n<meta property=\"og:description\" content=\"La comisi\u00f3n mixta de esta c\u00e1tedra\u00a0se reuni\u00f3 recientemente para abordar la inminente convocatoria de estos premios, entre otros asuntos.\" \/>\n<meta property=\"og:url\" content=\"https:\/\/www.ull.es\/portal\/noticias\/2022\/catedra-farmacia-convocara-premios-mejores-tfg-tfm-tesis\/\" \/>\n<meta property=\"og:site_name\" content=\"ULL - Noticias\" \/>\n<meta property=\"article:publisher\" content=\"https:\/\/www.facebook.com\/universidaddelalaguna\/\" \/>\n<meta property=\"article:published_time\" content=\"2022-06-20T13:47:15+00:00\" \/>\n<meta property=\"article:modified_time\" content=\"2022-06-21T07:39:52+00:00\" \/>\n<meta property=\"og:image\" content=\"https:\/\/www.ull.es\/portal\/noticias\/wp-content\/uploads\/sites\/13\/2022\/06\/Seccion-Farmacia-03.jpg\" \/>\n\t<meta property=\"og:image:width\" content=\"1500\" \/>\n\t<meta property=\"og:image:height\" content=\"1000\" \/>\n\t<meta property=\"og:image:type\" content=\"image\/jpeg\" \/>\n<meta name=\"author\" content=\"prensa2\" \/>\n<meta name=\"twitter:card\" content=\"summary_large_image\" \/>\n<meta name=\"twitter:creator\" content=\"@CanalULL\" \/>\n<meta name=\"twitter:site\" content=\"@CanalULL\" \/>\n<meta name=\"twitter:label1\" content=\"Escrito por\" \/>\n\t<meta name=\"twitter:data1\" content=\"prensa2\" \/>\n\t<meta name=\"twitter:label2\" content=\"Tiempo de lectura\" \/>\n\t<meta name=\"twitter:data2\" content=\"3 minutos\" \/>\n<script type=\"application\/ld+json\" class=\"yoast-schema-graph\">{\"@context\":\"https:\/\/schema.org\",\"@graph\":[{\"@type\":\"WebPage\",\"@id\":\"https:\/\/www.ull.es\/portal\/noticias\/2022\/catedra-farmacia-convocara-premios-mejores-tfg-tfm-tesis\/\",\"url\":\"https:\/\/www.ull.es\/portal\/noticias\/2022\/catedra-farmacia-convocara-premios-mejores-tfg-tfm-tesis\/\",\"name\":\"La C\u00e1tedra de Farmacia premiar\u00e1 los mejores TFG, TFM y tesis\",\"isPartOf\":{\"@id\":\"https:\/\/www.ull.es\/portal\/noticias\/#website\"},\"datePublished\":\"2022-06-20T13:47:15+00:00\",\"dateModified\":\"2022-06-21T07:39:52+00:00\",\"author\":{\"@id\":\"https:\/\/www.ull.es\/portal\/noticias\/#\/schema\/person\/c3b2aa857797592927a03740d6664376\"},\"description\":\"La comisi\u00f3n mixta de esta c\u00e1tedra\u00a0se reuni\u00f3 recientemente para abordar la inminente convocatoria de estos premios, entre otros asuntos.\",\"breadcrumb\":{\"@id\":\"https:\/\/www.ull.es\/portal\/noticias\/2022\/catedra-farmacia-convocara-premios-mejores-tfg-tfm-tesis\/#breadcrumb\"},\"inLanguage\":\"es\",\"potentialAction\":[{\"@type\":\"ReadAction\",\"target\":[\"https:\/\/www.ull.es\/portal\/noticias\/2022\/catedra-farmacia-convocara-premios-mejores-tfg-tfm-tesis\/\"]}]},{\"@type\":\"BreadcrumbList\",\"@id\":\"https:\/\/www.ull.es\/portal\/noticias\/2022\/catedra-farmacia-convocara-premios-mejores-tfg-tfm-tesis\/#breadcrumb\",\"itemListElement\":[{\"@type\":\"ListItem\",\"position\":1,\"name\":\"Portada\",\"item\":\"https:\/\/www.ull.es\/portal\/noticias\/\"},{\"@type\":\"ListItem\",\"position\":2,\"name\":\"La C\u00e1tedra de Farmacia de la ULL convocar\u00e1 premios a los mejores trabajos fin de grado, master y tesis doctoral\"}]},{\"@type\":\"WebSite\",\"@id\":\"https:\/\/www.ull.es\/portal\/noticias\/#website\",\"url\":\"https:\/\/www.ull.es\/portal\/noticias\/\",\"name\":\"ULL - Noticias\",\"description\":\"\",\"potentialAction\":[{\"@type\":\"SearchAction\",\"target\":{\"@type\":\"EntryPoint\",\"urlTemplate\":\"https:\/\/www.ull.es\/portal\/noticias\/?s={search_term_string}\"},\"query-input\":\"required name=search_term_string\"}],\"inLanguage\":\"es\"},{\"@type\":\"Person\",\"@id\":\"https:\/\/www.ull.es\/portal\/noticias\/#\/schema\/person\/c3b2aa857797592927a03740d6664376\",\"name\":\"prensa2\",\"image\":{\"@type\":\"ImageObject\",\"inLanguage\":\"es\",\"@id\":\"https:\/\/www.ull.es\/portal\/noticias\/#\/schema\/person\/image\/\",\"url\":\"https:\/\/secure.gravatar.com\/avatar\/b58f310a5de5feb33d1e026d2493f23c?s=96&d=mm&r=g\",\"contentUrl\":\"https:\/\/secure.gravatar.com\/avatar\/b58f310a5de5feb33d1e026d2493f23c?s=96&d=mm&r=g\",\"caption\":\"prensa2\"},\"url\":\"https:\/\/www.ull.es\/portal\/noticias\/author\/prensa2\/\"}]}<\/script>\n<!-- \/ Yoast SEO plugin. -->","yoast_head_json":{"title":"La C\u00e1tedra de Farmacia premiar\u00e1 los mejores TFG, TFM y tesis","description":"La comisi\u00f3n mixta de esta c\u00e1tedra\u00a0se reuni\u00f3 recientemente para abordar la inminente convocatoria de estos premios, entre otros asuntos.","robots":{"index":"index","follow":"follow","max-snippet":"max-snippet:-1","max-image-preview":"max-image-preview:large","max-video-preview":"max-video-preview:-1"},"canonical":"https:\/\/www.ull.es\/portal\/noticias\/2022\/catedra-farmacia-convocara-premios-mejores-tfg-tfm-tesis\/","og_locale":"es_ES","og_type":"article","og_title":"La C\u00e1tedra de Farmacia premiar\u00e1 los mejores TFG, TFM y tesis","og_description":"La comisi\u00f3n mixta de esta c\u00e1tedra\u00a0se reuni\u00f3 recientemente para abordar la inminente convocatoria de estos premios, entre otros asuntos.","og_url":"https:\/\/www.ull.es\/portal\/noticias\/2022\/catedra-farmacia-convocara-premios-mejores-tfg-tfm-tesis\/","og_site_name":"ULL - Noticias","article_publisher":"https:\/\/www.facebook.com\/universidaddelalaguna\/","article_published_time":"2022-06-20T13:47:15+00:00","article_modified_time":"2022-06-21T07:39:52+00:00","og_image":[{"width":1500,"height":1000,"url":"https:\/\/www.ull.es\/portal\/noticias\/wp-content\/uploads\/sites\/13\/2022\/06\/Seccion-Farmacia-03.jpg","type":"image\/jpeg"}],"author":"prensa2","twitter_card":"summary_large_image","twitter_creator":"@CanalULL","twitter_site":"@CanalULL","twitter_misc":{"Escrito por":"prensa2","Tiempo de lectura":"3 minutos"},"schema":{"@context":"https:\/\/schema.org","@graph":[{"@type":"WebPage","@id":"https:\/\/www.ull.es\/portal\/noticias\/2022\/catedra-farmacia-convocara-premios-mejores-tfg-tfm-tesis\/","url":"https:\/\/www.ull.es\/portal\/noticias\/2022\/catedra-farmacia-convocara-premios-mejores-tfg-tfm-tesis\/","name":"La C\u00e1tedra de Farmacia premiar\u00e1 los mejores TFG, TFM y tesis","isPartOf":{"@id":"https:\/\/www.ull.es\/portal\/noticias\/#website"},"datePublished":"2022-06-20T13:47:15+00:00","dateModified":"2022-06-21T07:39:52+00:00","author":{"@id":"https:\/\/www.ull.es\/portal\/noticias\/#\/schema\/person\/c3b2aa857797592927a03740d6664376"},"description":"La comisi\u00f3n mixta de esta c\u00e1tedra\u00a0se reuni\u00f3 recientemente para abordar la inminente convocatoria de estos premios, entre otros asuntos.","breadcrumb":{"@id":"https:\/\/www.ull.es\/portal\/noticias\/2022\/catedra-farmacia-convocara-premios-mejores-tfg-tfm-tesis\/#breadcrumb"},"inLanguage":"es","potentialAction":[{"@type":"ReadAction","target":["https:\/\/www.ull.es\/portal\/noticias\/2022\/catedra-farmacia-convocara-premios-mejores-tfg-tfm-tesis\/"]}]},{"@type":"BreadcrumbList","@id":"https:\/\/www.ull.es\/portal\/noticias\/2022\/catedra-farmacia-convocara-premios-mejores-tfg-tfm-tesis\/#breadcrumb","itemListElement":[{"@type":"ListItem","position":1,"name":"Portada","item":"https:\/\/www.ull.es\/portal\/noticias\/"},{"@type":"ListItem","position":2,"name":"La C\u00e1tedra de Farmacia de la ULL convocar\u00e1 premios a los mejores trabajos fin de grado, master y tesis doctoral"}]},{"@type":"WebSite","@id":"https:\/\/www.ull.es\/portal\/noticias\/#website","url":"https:\/\/www.ull.es\/portal\/noticias\/","name":"ULL - Noticias","description":"","potentialAction":[{"@type":"SearchAction","target":{"@type":"EntryPoint","urlTemplate":"https:\/\/www.ull.es\/portal\/noticias\/?s={search_term_string}"},"query-input":"required name=search_term_string"}],"inLanguage":"es"},{"@type":"Person","@id":"https:\/\/www.ull.es\/portal\/noticias\/#\/schema\/person\/c3b2aa857797592927a03740d6664376","name":"prensa2","image":{"@type":"ImageObject","inLanguage":"es","@id":"https:\/\/www.ull.es\/portal\/noticias\/#\/schema\/person\/image\/","url":"https:\/\/secure.gravatar.com\/avatar\/b58f310a5de5feb33d1e026d2493f23c?s=96&d=mm&r=g","contentUrl":"https:\/\/secure.gravatar.com\/avatar\/b58f310a5de5feb33d1e026d2493f23c?s=96&d=mm&r=g","caption":"prensa2"},"url":"https:\/\/www.ull.es\/portal\/noticias\/author\/prensa2\/"}]}},"primary_category":{"id":345,"name":"Destacado","slug":"destacado","link":"https:\/\/www.ull.es\/portal\/noticias\/category\/destacado\/"},"featured_image_thumbnail_url":"https:\/\/www.ull.es\/portal\/noticias\/wp-content\/uploads\/sites\/13\/2022\/06\/Seccion-Farmacia-03-300x200.jpg","_links":{"self":[{"href":"https:\/\/www.ull.es\/portal\/noticias\/wp-json\/wp\/v2\/posts\/63432"}],"collection":[{"href":"https:\/\/www.ull.es\/portal\/noticias\/wp-json\/wp\/v2\/posts"}],"about":[{"href":"https:\/\/www.ull.es\/portal\/noticias\/wp-json\/wp\/v2\/types\/post"}],"author":[{"embeddable":true,"href":"https:\/\/www.ull.es\/portal\/noticias\/wp-json\/wp\/v2\/users\/21"}],"replies":[{"embeddable":true,"href":"https:\/\/www.ull.es\/portal\/noticias\/wp-json\/wp\/v2\/comments?post=63432"}],"version-history":[{"count":1,"href":"https:\/\/www.ull.es\/portal\/noticias\/wp-json\/wp\/v2\/posts\/63432\/revisions"}],"predecessor-version":[{"id":63434,"href":"https:\/\/www.ull.es\/portal\/noticias\/wp-json\/wp\/v2\/posts\/63432\/revisions\/63434"}],"wp:featuredmedia":[{"embeddable":true,"href":"https:\/\/www.ull.es\/portal\/noticias\/wp-json\/wp\/v2\/media\/63433"}],"wp:attachment":[{"href":"https:\/\/www.ull.es\/portal\/noticias\/wp-json\/wp\/v2\/media?parent=63432"}],"wp:term":[{"taxonomy":"category","embeddable":true,"href":"https:\/\/www.ull.es\/portal\/noticias\/wp-json\/wp\/v2\/categories?post=63432"},{"taxonomy":"post_tag","embeddable":true,"href":"https:\/\/www.ull.es\/portal\/noticias\/wp-json\/wp\/v2\/tags?post=63432"}],"curies":[{"name":"wp","href":"https:\/\/api.w.org\/{rel}","templated":true}]}}