{"id":63435,"date":"2022-06-20T14:14:58","date_gmt":"2022-06-20T14:14:58","guid":{"rendered":"https:\/\/www.ull.es\/portal\/noticias\/?p=63435"},"modified":"2022-06-20T14:15:36","modified_gmt":"2022-06-20T14:15:36","slug":"educacion-internacional-metodologia-coil-ii-jornadas-internacionalizacion-curriculum","status":"publish","type":"post","link":"https:\/\/www.ull.es\/portal\/noticias\/2022\/educacion-internacional-metodologia-coil-ii-jornadas-internacionalizacion-curriculum\/","title":{"rendered":"La educaci\u00f3n internacional y la metodolog\u00eda COIL protagonizan las II Jornadas de Internacionalizaci\u00f3n del Curriculum"},"content":{"rendered":"<p class=\"p3\">Las II Jornadas de Internacionalizaci\u00f3n del Curriculum celebradas en la Universidad de La Laguna llegaron a su fin el pasado viernes 17 de junio con la presentaci\u00f3n de conclusiones a cargo de la vicerrectora de Proyecci\u00f3n, Internacionalizaci\u00f3n y Cooperaci\u00f3n, Lidia Cabrera P\u00e9rez, y la clausura por la vicerrectora de Personal Docente e Investigador do\u00f1a Roc\u00edo Pe\u00f1a V\u00e1zquez.<\/p>\n<p class=\"p3\">Lidia Cabrera resalt\u00f3 y valor\u00f3 la diversidad y novedad de las experiencias presentadas por el profesorado de la Universidad de La Laguna, en las que se expusieron experiencias sobre docencia internacional, pr\u00e1cticas internacionales, inclusi\u00f3n de componentes internacionales en la ense\u00f1anza y formaci\u00f3n intercultural, ense\u00f1anza en otras lenguas, entre otras cuestiones. Estas experiencias han sido desarrolladas en T\u00fanez, Estados Unidos, Finlandia, Oxford, Jordania, M\u00e9xico, Cabo Verde, Per\u00fa, Polonia y m\u00e1s pa\u00edses.<\/p>\n<p class=\"p3\">La conclusiones finales, extra\u00eddas de todas las presentaciones, fueron que <span class=\"s3\">\u201c<\/span>la formaci\u00f3n internacional es un elemento diferenciador y equivale no solo a abrir las puertas del mundo a los estudiantes, sino a formarles para el empleo con car\u00e1cter de excelencia\u201d, y tiene que ser para todas las personas y para todos los saberes. Por tanto, a\u00f1adi\u00f3 Cabrera, que las universidades incluyan en sus curr\u00edculos educativos la dimensi\u00f3n internacional es una necesidad, porque las sociedades y las empresas necesitan que los estudiantes est\u00e9n formados en estas competencias, como un indicador de calidad frente al trabajo tradicional mec\u00e1nico que ya hoy hacen los robots.<\/p>\n<p class=\"p3\">Las dificultades con las que se encuentran actualmente las universidades para abordar la educaci\u00f3n internacional apuntan a la falta de personal con sensibilizaci\u00f3n, formaci\u00f3n y experiencia y, en consecuencia, la falta de compromiso. En ese sentido, la vicerrectora de Personal Docente e Investigador, Roc\u00edo Pe\u00f1a, manifest\u00f3 la necesidad de continuidad en los pr\u00f3ximos a\u00f1os de estas jornadas para el aprendizaje y la formaci\u00f3n docente en educaci\u00f3n internacional, a la vez que resalt\u00f3 la importancia de la existencia de titulaciones interuniversitarias, as\u00ed como de la internacionalizaci\u00f3n del proceso de ense\u00f1anza y aprendizaje.<\/p>\n<p class=\"p3\"><b>Elementos innovadores<\/b><\/p>\n<p class=\"p3\">Finalmente, como elementos innovadores en las tem\u00e1ticas abordadas en las jornadas, cobraron protagonismo las competencias profesionales para la docencia internacional, presentaci\u00f3n realizada por el profesor Benjam\u00edn Gonz\u00e1lez D\u00edaz, de la Universidad de La Laguna, y la Metodolog\u00eda COIL (<i>Collaborative Online International Learning<\/i>), expuesta por las profesoras Marcela Maldonado Clavijo, de la Universidad Cat\u00f3lica de Colombia, y Marina Casals Sala, de la universidad Rovira i Vigili de Tarragona. El profesor Gonz\u00e1lez describi\u00f3 las competencias profesionales para la docencia internacional derivadas de las competencias europeas docentes para la educaci\u00f3n superior, as\u00ed como los retos o adaptaciones que requiere la docencia con estudiantes extranjeros derivada de su propia experiencia, como la adaptaci\u00f3n a estudiantes con otra cultura social y acad\u00e9mica, tomar como referente otro tipo de conocimientos previos y otros contextos de desarrollo de la profesi\u00f3n, as\u00ed como conocer otros entornos y sus problemas.<\/p>\n<p class=\"p3\">Marcela Maldonado y Marina Casals hablaron de los procedimientos desarrollados en sus universidades en la aplicaci\u00f3n de COIL para la docencia colaborativa a trav\u00e9s de clases espejo. Ambas resaltaron que este modo de ense\u00f1ar en colaboraci\u00f3n con otras universidades permite la pr\u00e1ctica y adquisici\u00f3n de competencias internacionales de todo el alumnado, pues les permite poner a prueba la lengua extranjera, entrar en contacto con otros estudiantes de culturas diversas y, sobre todo, resolver problemas sociales mundiales desde diversas perspectivas, con un bajo coste econ\u00f3mico. Marina Casals habl\u00f3 finalmente de estrategias para avanzar en la educaci\u00f3n internacional, entre las que resalt\u00f3 la formaci\u00f3n del profesorado y el reconocimiento institucional de este tipo de actividades.<\/p>\n","protected":false},"excerpt":{"rendered":"<p>Las II Jornadas de Internacionalizaci\u00f3n del Curriculum celebradas en la Universidad de La Laguna llegaron a su fin el pasado&#8230;<\/p>\n","protected":false},"author":21,"featured_media":63436,"comment_status":"closed","ping_status":"closed","sticky":false,"template":"","format":"standard","meta":{"inline_featured_image":false,"footnotes":""},"categories":[345,346,349,2765],"tags":[8790,1537,8753,5954,8789],"acf":[],"yoast_head":"<!-- This site is optimized with the Yoast SEO plugin v21.3 - https:\/\/yoast.com\/wordpress\/plugins\/seo\/ -->\n<title>Clausuradas las II Jornadas de Internacionalizaci\u00f3n del Curriculum<\/title>\n<meta name=\"description\" content=\"Esta \u00faltima sesi\u00f3n, celebrada el viernes 17 de junio, abord\u00f3 la educaci\u00f3n internacional en el aula y la metodolog\u00eda COIL.\" \/>\n<meta name=\"robots\" content=\"index, follow, max-snippet:-1, max-image-preview:large, max-video-preview:-1\" \/>\n<link rel=\"canonical\" href=\"https:\/\/www.ull.es\/portal\/noticias\/2022\/educacion-internacional-metodologia-coil-ii-jornadas-internacionalizacion-curriculum\/\" \/>\n<meta property=\"og:locale\" content=\"es_ES\" \/>\n<meta property=\"og:type\" content=\"article\" \/>\n<meta property=\"og:title\" content=\"Clausuradas las II Jornadas de Internacionalizaci\u00f3n del Curriculum\" \/>\n<meta property=\"og:description\" content=\"Esta \u00faltima sesi\u00f3n, celebrada el viernes 17 de junio, abord\u00f3 la educaci\u00f3n internacional en el aula y la metodolog\u00eda COIL.\" \/>\n<meta property=\"og:url\" content=\"https:\/\/www.ull.es\/portal\/noticias\/2022\/educacion-internacional-metodologia-coil-ii-jornadas-internacionalizacion-curriculum\/\" \/>\n<meta property=\"og:site_name\" content=\"ULL - Noticias\" \/>\n<meta property=\"article:publisher\" content=\"https:\/\/www.facebook.com\/universidaddelalaguna\/\" \/>\n<meta property=\"article:published_time\" content=\"2022-06-20T14:14:58+00:00\" \/>\n<meta property=\"article:modified_time\" content=\"2022-06-20T14:15:36+00:00\" \/>\n<meta property=\"og:image\" content=\"https:\/\/www.ull.es\/portal\/noticias\/wp-content\/uploads\/sites\/13\/2022\/06\/clausura-internacionalizacion-curriculo-22.jpg\" \/>\n\t<meta property=\"og:image:width\" content=\"1200\" \/>\n\t<meta property=\"og:image:height\" content=\"710\" \/>\n\t<meta property=\"og:image:type\" content=\"image\/jpeg\" \/>\n<meta name=\"author\" content=\"prensa2\" \/>\n<meta name=\"twitter:card\" content=\"summary_large_image\" \/>\n<meta name=\"twitter:creator\" content=\"@CanalULL\" \/>\n<meta name=\"twitter:site\" content=\"@CanalULL\" \/>\n<meta name=\"twitter:label1\" content=\"Escrito por\" \/>\n\t<meta name=\"twitter:data1\" content=\"prensa2\" \/>\n\t<meta name=\"twitter:label2\" content=\"Tiempo de lectura\" \/>\n\t<meta name=\"twitter:data2\" content=\"3 minutos\" \/>\n<script type=\"application\/ld+json\" class=\"yoast-schema-graph\">{\"@context\":\"https:\/\/schema.org\",\"@graph\":[{\"@type\":\"WebPage\",\"@id\":\"https:\/\/www.ull.es\/portal\/noticias\/2022\/educacion-internacional-metodologia-coil-ii-jornadas-internacionalizacion-curriculum\/\",\"url\":\"https:\/\/www.ull.es\/portal\/noticias\/2022\/educacion-internacional-metodologia-coil-ii-jornadas-internacionalizacion-curriculum\/\",\"name\":\"Clausuradas las II Jornadas de Internacionalizaci\u00f3n del Curriculum\",\"isPartOf\":{\"@id\":\"https:\/\/www.ull.es\/portal\/noticias\/#website\"},\"datePublished\":\"2022-06-20T14:14:58+00:00\",\"dateModified\":\"2022-06-20T14:15:36+00:00\",\"author\":{\"@id\":\"https:\/\/www.ull.es\/portal\/noticias\/#\/schema\/person\/c3b2aa857797592927a03740d6664376\"},\"description\":\"Esta \u00faltima sesi\u00f3n, celebrada el viernes 17 de junio, abord\u00f3 la educaci\u00f3n internacional en el aula y la metodolog\u00eda COIL.\",\"breadcrumb\":{\"@id\":\"https:\/\/www.ull.es\/portal\/noticias\/2022\/educacion-internacional-metodologia-coil-ii-jornadas-internacionalizacion-curriculum\/#breadcrumb\"},\"inLanguage\":\"es\",\"potentialAction\":[{\"@type\":\"ReadAction\",\"target\":[\"https:\/\/www.ull.es\/portal\/noticias\/2022\/educacion-internacional-metodologia-coil-ii-jornadas-internacionalizacion-curriculum\/\"]}]},{\"@type\":\"BreadcrumbList\",\"@id\":\"https:\/\/www.ull.es\/portal\/noticias\/2022\/educacion-internacional-metodologia-coil-ii-jornadas-internacionalizacion-curriculum\/#breadcrumb\",\"itemListElement\":[{\"@type\":\"ListItem\",\"position\":1,\"name\":\"Portada\",\"item\":\"https:\/\/www.ull.es\/portal\/noticias\/\"},{\"@type\":\"ListItem\",\"position\":2,\"name\":\"La educaci\u00f3n internacional y la metodolog\u00eda COIL protagonizan las II Jornadas de Internacionalizaci\u00f3n del Curriculum\"}]},{\"@type\":\"WebSite\",\"@id\":\"https:\/\/www.ull.es\/portal\/noticias\/#website\",\"url\":\"https:\/\/www.ull.es\/portal\/noticias\/\",\"name\":\"ULL - Noticias\",\"description\":\"\",\"potentialAction\":[{\"@type\":\"SearchAction\",\"target\":{\"@type\":\"EntryPoint\",\"urlTemplate\":\"https:\/\/www.ull.es\/portal\/noticias\/?s={search_term_string}\"},\"query-input\":\"required name=search_term_string\"}],\"inLanguage\":\"es\"},{\"@type\":\"Person\",\"@id\":\"https:\/\/www.ull.es\/portal\/noticias\/#\/schema\/person\/c3b2aa857797592927a03740d6664376\",\"name\":\"prensa2\",\"image\":{\"@type\":\"ImageObject\",\"inLanguage\":\"es\",\"@id\":\"https:\/\/www.ull.es\/portal\/noticias\/#\/schema\/person\/image\/\",\"url\":\"https:\/\/secure.gravatar.com\/avatar\/b58f310a5de5feb33d1e026d2493f23c?s=96&d=mm&r=g\",\"contentUrl\":\"https:\/\/secure.gravatar.com\/avatar\/b58f310a5de5feb33d1e026d2493f23c?s=96&d=mm&r=g\",\"caption\":\"prensa2\"},\"url\":\"https:\/\/www.ull.es\/portal\/noticias\/author\/prensa2\/\"}]}<\/script>\n<!-- \/ Yoast SEO plugin. -->","yoast_head_json":{"title":"Clausuradas las II Jornadas de Internacionalizaci\u00f3n del Curriculum","description":"Esta \u00faltima sesi\u00f3n, celebrada el viernes 17 de junio, abord\u00f3 la educaci\u00f3n internacional en el aula y la metodolog\u00eda COIL.","robots":{"index":"index","follow":"follow","max-snippet":"max-snippet:-1","max-image-preview":"max-image-preview:large","max-video-preview":"max-video-preview:-1"},"canonical":"https:\/\/www.ull.es\/portal\/noticias\/2022\/educacion-internacional-metodologia-coil-ii-jornadas-internacionalizacion-curriculum\/","og_locale":"es_ES","og_type":"article","og_title":"Clausuradas las II Jornadas de Internacionalizaci\u00f3n del Curriculum","og_description":"Esta \u00faltima sesi\u00f3n, celebrada el viernes 17 de junio, abord\u00f3 la educaci\u00f3n internacional en el aula y la metodolog\u00eda COIL.","og_url":"https:\/\/www.ull.es\/portal\/noticias\/2022\/educacion-internacional-metodologia-coil-ii-jornadas-internacionalizacion-curriculum\/","og_site_name":"ULL - Noticias","article_publisher":"https:\/\/www.facebook.com\/universidaddelalaguna\/","article_published_time":"2022-06-20T14:14:58+00:00","article_modified_time":"2022-06-20T14:15:36+00:00","og_image":[{"width":1200,"height":710,"url":"https:\/\/www.ull.es\/portal\/noticias\/wp-content\/uploads\/sites\/13\/2022\/06\/clausura-internacionalizacion-curriculo-22.jpg","type":"image\/jpeg"}],"author":"prensa2","twitter_card":"summary_large_image","twitter_creator":"@CanalULL","twitter_site":"@CanalULL","twitter_misc":{"Escrito por":"prensa2","Tiempo de lectura":"3 minutos"},"schema":{"@context":"https:\/\/schema.org","@graph":[{"@type":"WebPage","@id":"https:\/\/www.ull.es\/portal\/noticias\/2022\/educacion-internacional-metodologia-coil-ii-jornadas-internacionalizacion-curriculum\/","url":"https:\/\/www.ull.es\/portal\/noticias\/2022\/educacion-internacional-metodologia-coil-ii-jornadas-internacionalizacion-curriculum\/","name":"Clausuradas las II Jornadas de Internacionalizaci\u00f3n del Curriculum","isPartOf":{"@id":"https:\/\/www.ull.es\/portal\/noticias\/#website"},"datePublished":"2022-06-20T14:14:58+00:00","dateModified":"2022-06-20T14:15:36+00:00","author":{"@id":"https:\/\/www.ull.es\/portal\/noticias\/#\/schema\/person\/c3b2aa857797592927a03740d6664376"},"description":"Esta \u00faltima sesi\u00f3n, celebrada el viernes 17 de junio, abord\u00f3 la educaci\u00f3n internacional en el aula y la metodolog\u00eda COIL.","breadcrumb":{"@id":"https:\/\/www.ull.es\/portal\/noticias\/2022\/educacion-internacional-metodologia-coil-ii-jornadas-internacionalizacion-curriculum\/#breadcrumb"},"inLanguage":"es","potentialAction":[{"@type":"ReadAction","target":["https:\/\/www.ull.es\/portal\/noticias\/2022\/educacion-internacional-metodologia-coil-ii-jornadas-internacionalizacion-curriculum\/"]}]},{"@type":"BreadcrumbList","@id":"https:\/\/www.ull.es\/portal\/noticias\/2022\/educacion-internacional-metodologia-coil-ii-jornadas-internacionalizacion-curriculum\/#breadcrumb","itemListElement":[{"@type":"ListItem","position":1,"name":"Portada","item":"https:\/\/www.ull.es\/portal\/noticias\/"},{"@type":"ListItem","position":2,"name":"La educaci\u00f3n internacional y la metodolog\u00eda COIL protagonizan las II Jornadas de Internacionalizaci\u00f3n del Curriculum"}]},{"@type":"WebSite","@id":"https:\/\/www.ull.es\/portal\/noticias\/#website","url":"https:\/\/www.ull.es\/portal\/noticias\/","name":"ULL - Noticias","description":"","potentialAction":[{"@type":"SearchAction","target":{"@type":"EntryPoint","urlTemplate":"https:\/\/www.ull.es\/portal\/noticias\/?s={search_term_string}"},"query-input":"required name=search_term_string"}],"inLanguage":"es"},{"@type":"Person","@id":"https:\/\/www.ull.es\/portal\/noticias\/#\/schema\/person\/c3b2aa857797592927a03740d6664376","name":"prensa2","image":{"@type":"ImageObject","inLanguage":"es","@id":"https:\/\/www.ull.es\/portal\/noticias\/#\/schema\/person\/image\/","url":"https:\/\/secure.gravatar.com\/avatar\/b58f310a5de5feb33d1e026d2493f23c?s=96&d=mm&r=g","contentUrl":"https:\/\/secure.gravatar.com\/avatar\/b58f310a5de5feb33d1e026d2493f23c?s=96&d=mm&r=g","caption":"prensa2"},"url":"https:\/\/www.ull.es\/portal\/noticias\/author\/prensa2\/"}]}},"primary_category":{"id":345,"name":"Destacado","slug":"destacado","link":"https:\/\/www.ull.es\/portal\/noticias\/category\/destacado\/"},"featured_image_thumbnail_url":"https:\/\/www.ull.es\/portal\/noticias\/wp-content\/uploads\/sites\/13\/2022\/06\/clausura-internacionalizacion-curriculo-22-300x178.jpg","_links":{"self":[{"href":"https:\/\/www.ull.es\/portal\/noticias\/wp-json\/wp\/v2\/posts\/63435"}],"collection":[{"href":"https:\/\/www.ull.es\/portal\/noticias\/wp-json\/wp\/v2\/posts"}],"about":[{"href":"https:\/\/www.ull.es\/portal\/noticias\/wp-json\/wp\/v2\/types\/post"}],"author":[{"embeddable":true,"href":"https:\/\/www.ull.es\/portal\/noticias\/wp-json\/wp\/v2\/users\/21"}],"replies":[{"embeddable":true,"href":"https:\/\/www.ull.es\/portal\/noticias\/wp-json\/wp\/v2\/comments?post=63435"}],"version-history":[{"count":1,"href":"https:\/\/www.ull.es\/portal\/noticias\/wp-json\/wp\/v2\/posts\/63435\/revisions"}],"predecessor-version":[{"id":63437,"href":"https:\/\/www.ull.es\/portal\/noticias\/wp-json\/wp\/v2\/posts\/63435\/revisions\/63437"}],"wp:featuredmedia":[{"embeddable":true,"href":"https:\/\/www.ull.es\/portal\/noticias\/wp-json\/wp\/v2\/media\/63436"}],"wp:attachment":[{"href":"https:\/\/www.ull.es\/portal\/noticias\/wp-json\/wp\/v2\/media?parent=63435"}],"wp:term":[{"taxonomy":"category","embeddable":true,"href":"https:\/\/www.ull.es\/portal\/noticias\/wp-json\/wp\/v2\/categories?post=63435"},{"taxonomy":"post_tag","embeddable":true,"href":"https:\/\/www.ull.es\/portal\/noticias\/wp-json\/wp\/v2\/tags?post=63435"}],"curies":[{"name":"wp","href":"https:\/\/api.w.org\/{rel}","templated":true}]}}