{"id":63533,"date":"2022-06-24T13:37:35","date_gmt":"2022-06-24T13:37:35","guid":{"rendered":"https:\/\/www.ull.es\/portal\/noticias\/?p=63533"},"modified":"2022-06-24T14:17:50","modified_gmt":"2022-06-24T14:17:50","slug":"la-ull-acogera-la-proxima-semana-las-jornadas-informativas-de-movilidad-erasmus-de-educacion-superior","status":"publish","type":"post","link":"https:\/\/www.ull.es\/portal\/noticias\/2022\/la-ull-acogera-la-proxima-semana-las-jornadas-informativas-de-movilidad-erasmus-de-educacion-superior\/","title":{"rendered":"La ULL acoger\u00e1 la pr\u00f3xima semana las Jornadas Informativas de Movilidad Erasmus+ de Educaci\u00f3n Superior"},"content":{"rendered":"<p>El Ministerio de Universidades, a trav\u00e9s del Servicio Espa\u00f1ol para la Internacionalizaci\u00f3n (SEPIE) en colaboraci\u00f3n con el Vicerrectorado de Proyecci\u00f3n, Internacionalizaci\u00f3n y Cooperaci\u00f3n de la Universidad de La Laguna, organiza en este centro acad\u00e9mico la pr\u00f3xima semana unas Jornadas Informativas de Movilidad Erasmus+ de Educaci\u00f3n Superior, dedicadas a proyectos de movilidad de estudiantes y de personal financiada con fondos de pol\u00edtica exterior.<\/p>\n<p>Esta iniciativa, que se desarrollar\u00e1 del 29 al 31 de junio en el campus universitario de Guajara, est\u00e1 dirigida al personal que gestiona este tipo de proyectos: representantes de Oficinas de Relaciones Internacionales de las universidades espa\u00f1olas, coordinadores de proyectos de movilidad en instituciones de educaci\u00f3n superior y de ense\u00f1anzas art\u00edsticas superiores y sus responsables. En ellas se dar\u00e1n cita representantes de todas las universidades del Estado Espa\u00f1ol.<\/p>\n<p>Adem\u00e1s de informaci\u00f3n sobre las caracter\u00edsticas y requisitos para la solicitud de los programas de movilidad en sus distintas modalidades, se desarrollar\u00e1n mesas de debate sobre las prioridades y retos del Programa Erasmus para el periodo 2021\/2027, y que tienen que ver con inclusi\u00f3n, digitalizaci\u00f3n, medio ambiente y valores europeos.<\/p>\n<p>Estas jornadas podr\u00e1n seguirse virtualmente a trav\u00e9s de retransmisi\u00f3n en directo por parte de la Universidad de La Laguna. Tras el acto de inauguraci\u00f3n del mi\u00e9rcoles 29 a las 11,30 horas, se suceder\u00e1n las distintas ponencias, que versar\u00e1n sobre los 35 a\u00f1os de \u00e9xitos del programa Erasmus, para hablar seguidamente del papel de los j\u00f3venes en el A\u00f1o Europeo de la Juventud 2022 y terminar con una mesa redonda acerca de las prioridades de este programa para el periodo 2021-2027.<\/p>\n<p>Todo el programa puede consultarse en este <a href=\"https:\/\/drive.google.com\/file\/d\/1PK7RLkia6HeZ_mkNk3EmtM3WJmbeFR2Q\/view\" target=\"_blank\" rel=\"noopener\">enlace<\/a>.<\/p>\n","protected":false},"excerpt":{"rendered":"<p>El Ministerio de Universidades, a trav\u00e9s del Servicio Espa\u00f1ol para la Internacionalizaci\u00f3n (SEPIE) en colaboraci\u00f3n con el Vicerrectorado de Proyecci\u00f3n,&#8230;<\/p>\n","protected":false},"author":23,"featured_media":63535,"comment_status":"closed","ping_status":"closed","sticky":false,"template":"","format":"standard","meta":{"inline_featured_image":false,"footnotes":""},"categories":[345,348,349,2765],"tags":[1149,2371,8802],"acf":[],"yoast_head":"<!-- This site is optimized with the Yoast SEO plugin v21.3 - https:\/\/yoast.com\/wordpress\/plugins\/seo\/ -->\n<title>La ULL acoger\u00e1 la pr\u00f3xima semana las Jornadas Informativas de Movilidad Erasmus+ de Educaci\u00f3n Superior - ULL - Noticias<\/title>\n<meta name=\"robots\" content=\"index, follow, max-snippet:-1, max-image-preview:large, max-video-preview:-1\" \/>\n<link rel=\"canonical\" href=\"https:\/\/www.ull.es\/portal\/noticias\/2022\/la-ull-acogera-la-proxima-semana-las-jornadas-informativas-de-movilidad-erasmus-de-educacion-superior\/\" \/>\n<meta property=\"og:locale\" content=\"es_ES\" \/>\n<meta property=\"og:type\" content=\"article\" \/>\n<meta property=\"og:title\" content=\"La ULL acoger\u00e1 la pr\u00f3xima semana las Jornadas Informativas de Movilidad Erasmus+ de Educaci\u00f3n Superior - ULL - Noticias\" \/>\n<meta property=\"og:description\" content=\"El Ministerio de Universidades, a trav\u00e9s del Servicio Espa\u00f1ol para la Internacionalizaci\u00f3n (SEPIE) en colaboraci\u00f3n con el Vicerrectorado de Proyecci\u00f3n,...\" \/>\n<meta property=\"og:url\" content=\"https:\/\/www.ull.es\/portal\/noticias\/2022\/la-ull-acogera-la-proxima-semana-las-jornadas-informativas-de-movilidad-erasmus-de-educacion-superior\/\" \/>\n<meta property=\"og:site_name\" content=\"ULL - Noticias\" \/>\n<meta property=\"article:publisher\" content=\"https:\/\/www.facebook.com\/universidaddelalaguna\/\" \/>\n<meta property=\"article:published_time\" content=\"2022-06-24T13:37:35+00:00\" \/>\n<meta property=\"article:modified_time\" content=\"2022-06-24T14:17:50+00:00\" \/>\n<meta property=\"og:image\" content=\"https:\/\/www.ull.es\/portal\/noticias\/wp-content\/uploads\/sites\/13\/2022\/06\/Jornadas-de-Movilidad-Erasmus-de-Educacio\u0301n-Superior.png\" \/>\n\t<meta property=\"og:image:width\" content=\"700\" \/>\n\t<meta property=\"og:image:height\" content=\"350\" \/>\n\t<meta property=\"og:image:type\" content=\"image\/png\" \/>\n<meta name=\"author\" content=\"gaprsa\" \/>\n<meta name=\"twitter:card\" content=\"summary_large_image\" \/>\n<meta name=\"twitter:creator\" content=\"@CanalULL\" \/>\n<meta name=\"twitter:site\" content=\"@CanalULL\" \/>\n<meta name=\"twitter:label1\" content=\"Escrito por\" \/>\n\t<meta name=\"twitter:data1\" content=\"gaprsa\" \/>\n\t<meta name=\"twitter:label2\" content=\"Tiempo de lectura\" \/>\n\t<meta name=\"twitter:data2\" content=\"2 minutos\" \/>\n<script type=\"application\/ld+json\" class=\"yoast-schema-graph\">{\"@context\":\"https:\/\/schema.org\",\"@graph\":[{\"@type\":\"WebPage\",\"@id\":\"https:\/\/www.ull.es\/portal\/noticias\/2022\/la-ull-acogera-la-proxima-semana-las-jornadas-informativas-de-movilidad-erasmus-de-educacion-superior\/\",\"url\":\"https:\/\/www.ull.es\/portal\/noticias\/2022\/la-ull-acogera-la-proxima-semana-las-jornadas-informativas-de-movilidad-erasmus-de-educacion-superior\/\",\"name\":\"La ULL acoger\u00e1 la pr\u00f3xima semana las Jornadas Informativas de Movilidad Erasmus+ de Educaci\u00f3n Superior - ULL - Noticias\",\"isPartOf\":{\"@id\":\"https:\/\/www.ull.es\/portal\/noticias\/#website\"},\"datePublished\":\"2022-06-24T13:37:35+00:00\",\"dateModified\":\"2022-06-24T14:17:50+00:00\",\"author\":{\"@id\":\"https:\/\/www.ull.es\/portal\/noticias\/#\/schema\/person\/b2b1a89d43ffa609e591f7df8ef3e817\"},\"breadcrumb\":{\"@id\":\"https:\/\/www.ull.es\/portal\/noticias\/2022\/la-ull-acogera-la-proxima-semana-las-jornadas-informativas-de-movilidad-erasmus-de-educacion-superior\/#breadcrumb\"},\"inLanguage\":\"es\",\"potentialAction\":[{\"@type\":\"ReadAction\",\"target\":[\"https:\/\/www.ull.es\/portal\/noticias\/2022\/la-ull-acogera-la-proxima-semana-las-jornadas-informativas-de-movilidad-erasmus-de-educacion-superior\/\"]}]},{\"@type\":\"BreadcrumbList\",\"@id\":\"https:\/\/www.ull.es\/portal\/noticias\/2022\/la-ull-acogera-la-proxima-semana-las-jornadas-informativas-de-movilidad-erasmus-de-educacion-superior\/#breadcrumb\",\"itemListElement\":[{\"@type\":\"ListItem\",\"position\":1,\"name\":\"Portada\",\"item\":\"https:\/\/www.ull.es\/portal\/noticias\/\"},{\"@type\":\"ListItem\",\"position\":2,\"name\":\"La ULL acoger\u00e1 la pr\u00f3xima semana las Jornadas Informativas de Movilidad Erasmus+ de Educaci\u00f3n Superior\"}]},{\"@type\":\"WebSite\",\"@id\":\"https:\/\/www.ull.es\/portal\/noticias\/#website\",\"url\":\"https:\/\/www.ull.es\/portal\/noticias\/\",\"name\":\"ULL - Noticias\",\"description\":\"\",\"potentialAction\":[{\"@type\":\"SearchAction\",\"target\":{\"@type\":\"EntryPoint\",\"urlTemplate\":\"https:\/\/www.ull.es\/portal\/noticias\/?s={search_term_string}\"},\"query-input\":\"required name=search_term_string\"}],\"inLanguage\":\"es\"},{\"@type\":\"Person\",\"@id\":\"https:\/\/www.ull.es\/portal\/noticias\/#\/schema\/person\/b2b1a89d43ffa609e591f7df8ef3e817\",\"name\":\"gaprsa\",\"image\":{\"@type\":\"ImageObject\",\"inLanguage\":\"es\",\"@id\":\"https:\/\/www.ull.es\/portal\/noticias\/#\/schema\/person\/image\/\",\"url\":\"https:\/\/secure.gravatar.com\/avatar\/443820550921091458b4823867723b3d?s=96&d=mm&r=g\",\"contentUrl\":\"https:\/\/secure.gravatar.com\/avatar\/443820550921091458b4823867723b3d?s=96&d=mm&r=g\",\"caption\":\"gaprsa\"},\"url\":\"https:\/\/www.ull.es\/portal\/noticias\/author\/gaprsa\/\"}]}<\/script>\n<!-- \/ Yoast SEO plugin. -->","yoast_head_json":{"title":"La ULL acoger\u00e1 la pr\u00f3xima semana las Jornadas Informativas de Movilidad Erasmus+ de Educaci\u00f3n Superior - ULL - Noticias","robots":{"index":"index","follow":"follow","max-snippet":"max-snippet:-1","max-image-preview":"max-image-preview:large","max-video-preview":"max-video-preview:-1"},"canonical":"https:\/\/www.ull.es\/portal\/noticias\/2022\/la-ull-acogera-la-proxima-semana-las-jornadas-informativas-de-movilidad-erasmus-de-educacion-superior\/","og_locale":"es_ES","og_type":"article","og_title":"La ULL acoger\u00e1 la pr\u00f3xima semana las Jornadas Informativas de Movilidad Erasmus+ de Educaci\u00f3n Superior - ULL - Noticias","og_description":"El Ministerio de Universidades, a trav\u00e9s del Servicio Espa\u00f1ol para la Internacionalizaci\u00f3n (SEPIE) en colaboraci\u00f3n con el Vicerrectorado de Proyecci\u00f3n,...","og_url":"https:\/\/www.ull.es\/portal\/noticias\/2022\/la-ull-acogera-la-proxima-semana-las-jornadas-informativas-de-movilidad-erasmus-de-educacion-superior\/","og_site_name":"ULL - Noticias","article_publisher":"https:\/\/www.facebook.com\/universidaddelalaguna\/","article_published_time":"2022-06-24T13:37:35+00:00","article_modified_time":"2022-06-24T14:17:50+00:00","og_image":[{"width":700,"height":350,"url":"https:\/\/www.ull.es\/portal\/noticias\/wp-content\/uploads\/sites\/13\/2022\/06\/Jornadas-de-Movilidad-Erasmus-de-Educacio\u0301n-Superior.png","type":"image\/png"}],"author":"gaprsa","twitter_card":"summary_large_image","twitter_creator":"@CanalULL","twitter_site":"@CanalULL","twitter_misc":{"Escrito por":"gaprsa","Tiempo de lectura":"2 minutos"},"schema":{"@context":"https:\/\/schema.org","@graph":[{"@type":"WebPage","@id":"https:\/\/www.ull.es\/portal\/noticias\/2022\/la-ull-acogera-la-proxima-semana-las-jornadas-informativas-de-movilidad-erasmus-de-educacion-superior\/","url":"https:\/\/www.ull.es\/portal\/noticias\/2022\/la-ull-acogera-la-proxima-semana-las-jornadas-informativas-de-movilidad-erasmus-de-educacion-superior\/","name":"La ULL acoger\u00e1 la pr\u00f3xima semana las Jornadas Informativas de Movilidad Erasmus+ de Educaci\u00f3n Superior - ULL - Noticias","isPartOf":{"@id":"https:\/\/www.ull.es\/portal\/noticias\/#website"},"datePublished":"2022-06-24T13:37:35+00:00","dateModified":"2022-06-24T14:17:50+00:00","author":{"@id":"https:\/\/www.ull.es\/portal\/noticias\/#\/schema\/person\/b2b1a89d43ffa609e591f7df8ef3e817"},"breadcrumb":{"@id":"https:\/\/www.ull.es\/portal\/noticias\/2022\/la-ull-acogera-la-proxima-semana-las-jornadas-informativas-de-movilidad-erasmus-de-educacion-superior\/#breadcrumb"},"inLanguage":"es","potentialAction":[{"@type":"ReadAction","target":["https:\/\/www.ull.es\/portal\/noticias\/2022\/la-ull-acogera-la-proxima-semana-las-jornadas-informativas-de-movilidad-erasmus-de-educacion-superior\/"]}]},{"@type":"BreadcrumbList","@id":"https:\/\/www.ull.es\/portal\/noticias\/2022\/la-ull-acogera-la-proxima-semana-las-jornadas-informativas-de-movilidad-erasmus-de-educacion-superior\/#breadcrumb","itemListElement":[{"@type":"ListItem","position":1,"name":"Portada","item":"https:\/\/www.ull.es\/portal\/noticias\/"},{"@type":"ListItem","position":2,"name":"La ULL acoger\u00e1 la pr\u00f3xima semana las Jornadas Informativas de Movilidad Erasmus+ de Educaci\u00f3n Superior"}]},{"@type":"WebSite","@id":"https:\/\/www.ull.es\/portal\/noticias\/#website","url":"https:\/\/www.ull.es\/portal\/noticias\/","name":"ULL - Noticias","description":"","potentialAction":[{"@type":"SearchAction","target":{"@type":"EntryPoint","urlTemplate":"https:\/\/www.ull.es\/portal\/noticias\/?s={search_term_string}"},"query-input":"required name=search_term_string"}],"inLanguage":"es"},{"@type":"Person","@id":"https:\/\/www.ull.es\/portal\/noticias\/#\/schema\/person\/b2b1a89d43ffa609e591f7df8ef3e817","name":"gaprsa","image":{"@type":"ImageObject","inLanguage":"es","@id":"https:\/\/www.ull.es\/portal\/noticias\/#\/schema\/person\/image\/","url":"https:\/\/secure.gravatar.com\/avatar\/443820550921091458b4823867723b3d?s=96&d=mm&r=g","contentUrl":"https:\/\/secure.gravatar.com\/avatar\/443820550921091458b4823867723b3d?s=96&d=mm&r=g","caption":"gaprsa"},"url":"https:\/\/www.ull.es\/portal\/noticias\/author\/gaprsa\/"}]}},"primary_category":{"id":345,"name":"Destacado","slug":"destacado","link":"https:\/\/www.ull.es\/portal\/noticias\/category\/destacado\/"},"featured_image_thumbnail_url":"https:\/\/www.ull.es\/portal\/noticias\/wp-content\/uploads\/sites\/13\/2022\/06\/Jornadas-de-Movilidad-Erasmus-de-Educacio\u0301n-Superior-300x150.png","_links":{"self":[{"href":"https:\/\/www.ull.es\/portal\/noticias\/wp-json\/wp\/v2\/posts\/63533"}],"collection":[{"href":"https:\/\/www.ull.es\/portal\/noticias\/wp-json\/wp\/v2\/posts"}],"about":[{"href":"https:\/\/www.ull.es\/portal\/noticias\/wp-json\/wp\/v2\/types\/post"}],"author":[{"embeddable":true,"href":"https:\/\/www.ull.es\/portal\/noticias\/wp-json\/wp\/v2\/users\/23"}],"replies":[{"embeddable":true,"href":"https:\/\/www.ull.es\/portal\/noticias\/wp-json\/wp\/v2\/comments?post=63533"}],"version-history":[{"count":2,"href":"https:\/\/www.ull.es\/portal\/noticias\/wp-json\/wp\/v2\/posts\/63533\/revisions"}],"predecessor-version":[{"id":63536,"href":"https:\/\/www.ull.es\/portal\/noticias\/wp-json\/wp\/v2\/posts\/63533\/revisions\/63536"}],"wp:featuredmedia":[{"embeddable":true,"href":"https:\/\/www.ull.es\/portal\/noticias\/wp-json\/wp\/v2\/media\/63535"}],"wp:attachment":[{"href":"https:\/\/www.ull.es\/portal\/noticias\/wp-json\/wp\/v2\/media?parent=63533"}],"wp:term":[{"taxonomy":"category","embeddable":true,"href":"https:\/\/www.ull.es\/portal\/noticias\/wp-json\/wp\/v2\/categories?post=63533"},{"taxonomy":"post_tag","embeddable":true,"href":"https:\/\/www.ull.es\/portal\/noticias\/wp-json\/wp\/v2\/tags?post=63533"}],"curies":[{"name":"wp","href":"https:\/\/api.w.org\/{rel}","templated":true}]}}