{"id":63671,"date":"2022-06-30T12:54:33","date_gmt":"2022-06-30T12:54:33","guid":{"rendered":"https:\/\/www.ull.es\/portal\/noticias\/?p=63671"},"modified":"2022-06-30T12:54:55","modified_gmt":"2022-06-30T12:54:55","slug":"la-universidad-de-la-laguna-participa-en-un-proyecto-de-la-nasa-que-analiza-las-masas-de-aire-sahariano","status":"publish","type":"post","link":"https:\/\/www.ull.es\/portal\/noticias\/2022\/la-universidad-de-la-laguna-participa-en-un-proyecto-de-la-nasa-que-analiza-las-masas-de-aire-sahariano\/","title":{"rendered":"La Universidad de La Laguna participa en un proyecto de la NASA que analiza las masas de aire sahariano"},"content":{"rendered":"<p>La Universidad de La Laguna es parte activa de un proyecto de investigaci\u00f3n liderado por la Universidad de Virginia Tech (Virginia, EEUU) consistente en evaluar los cambios que se producen en los diferentes microorganismos presentes en las masas de aire originadas en el desierto del S\u00e1hara que, tras sobrevolar las Islas Canarias, alcanzan el continente americano, un fen\u00f3meno que se produce, principalmente, en la costa este de EEUU.<\/p>\n<p>El an\u00e1lisis de las bacterias y otros microorganismos presentes en las nubes de polvo que forman la calima permitir\u00e1 desarrollar modelos f\u00edsicos que pronostiquen el transporte de polvo a gran escala. Ese es el foco principal del proyecto denominado Microbial Biodiversity in Trans-Atlantic Dust Plumes (MITAD), financiado \u00edntegramente por la NASA con 1,1 millones de d\u00f3lares, y en el que colabora activamente la doctora de la Universidad de La Laguna Cristina Gonz\u00e1lez Mart\u00edn.<\/p>\n<p>La investigadora del <a href=\"https:\/\/www.ull.es\/institutos\/instituto-enfermedades-tropicales-salud-publica-canarias\/\" target=\"_blank\" rel=\"noopener\">Instituto Universitario de Enfermedades Tropicales y Salud P\u00fablica de Canarias<\/a>, dependiente de la ULL, se ocupa de evaluar los cambios en la composici\u00f3n microbiana de esas columnas de polvo junto al experto en Patolog\u00eda Vegetal y profesor de la Facultad de Bot\u00e1nica y Ciencias Ambientales de la <a href=\"https:\/\/vt.edu\/\" target=\"_blank\" rel=\"noopener\">Universidad de Virginia Tech<\/a>, David G. Schmale.<\/p>\n<p>\u201cNuestra parte del trabajo de investigaci\u00f3n consiste en aportar las muestras que cogemos en Tenerife, al ser un punto de paso de esas masas de aire africano, que posteriormente analizamos junto a las recogidas por el profesor Schmale a lo largo del oc\u00e9ano Atl\u00e1ntico, para ver c\u00f3mo va variando su composici\u00f3n durante el trayecto y ayudar as\u00ed en la creaci\u00f3n de modelos de transporte que el investigador principal del proyecto, Hosein Foroutan, desarrolla junto a su equipo en EEUU\u201d, aclara la experta.<\/p>\n<p><img decoding=\"async\" loading=\"lazy\" class=\"alignleft size-medium wp-image-63674\" src=\"https:\/\/www.ull.es\/portal\/noticias\/wp-content\/uploads\/sites\/13\/2022\/06\/Prof-Inv-David-Schamel-06-300x200.jpg\" alt=\"\" width=\"300\" height=\"200\" srcset=\"https:\/\/www.ull.es\/portal\/noticias\/wp-content\/uploads\/sites\/13\/2022\/06\/Prof-Inv-David-Schamel-06-300x200.jpg 300w, https:\/\/www.ull.es\/portal\/noticias\/wp-content\/uploads\/sites\/13\/2022\/06\/Prof-Inv-David-Schamel-06-768x512.jpg 768w, https:\/\/www.ull.es\/portal\/noticias\/wp-content\/uploads\/sites\/13\/2022\/06\/Prof-Inv-David-Schamel-06-375x250.jpg 375w, https:\/\/www.ull.es\/portal\/noticias\/wp-content\/uploads\/sites\/13\/2022\/06\/Prof-Inv-David-Schamel-06-750x500.jpg 750w, https:\/\/www.ull.es\/portal\/noticias\/wp-content\/uploads\/sites\/13\/2022\/06\/Prof-Inv-David-Schamel-06.jpg 1024w\" sizes=\"(max-width: 300px) 100vw, 300px\" \/>En este aspecto, hay que se\u00f1alar el cambio que se produce en esas masas de aire durante el tiempo que tardan en llegar a EEUU, explica David Schmale. \u201cLos microorganismos son diferentes en el trayecto, cambian en los cuatro o siete d\u00edas que suelen emplear en alcanzar las costas americanas, ya que depende de si suben muy alto o no y de los movimientos en el trayecto. Mientras nosotros nos centramos en la parte biol\u00f3gica (var\u00edan los ecosistemas y se alteran los microambientes), los f\u00edsicos bareman otros par\u00e1metros, como el espesor \u00f3ptico, el grosor de la capa o el movimiento de esos microorganismos dentro de los flujos de aire que hay en el Atl\u00e1ntico\u201d.<\/p>\n<p>Ambos investigadores se\u00f1alan que a pesar de que en la actualidad existen sistemas de aviso capaces de pronosticar la presencia de la calima, es posible perfeccionarlos a\u00fan m\u00e1s hasta lograr saber, por ejemplo, si la irrupci\u00f3n masiva de polvo sahariano, un fen\u00f3meno meteorol\u00f3gico cada vez m\u00e1s intenso, afectar\u00e1 a una isla u otra. De esta forma, es posible advertir a la poblaci\u00f3n para que tome las precauciones y medidas necesarias con las que evitar los efectos nocivos causados por las part\u00edculas de polvo en suspensi\u00f3n.<\/p>\n<p><strong>Recogida de muestras<\/strong><\/p>\n<p>Aunque el proyecto se inici\u00f3 hace dos a\u00f1os, los retrasos originados debido a la pandemia de la COVID-19 han impedido, hasta ahora, compartir las muestras comprometidas previamente y las nuevas autorizadas por la NASA. El motivo de la reciente visita de David Schmale a la Universidad de La Laguna ha sido precisamente la recogida y traslado a EEUU de las muestras tomadas en los dos puntos establecidos en Tenerife: La Laguna, concretamente la azotea del edificio del Instituto de Enfermedades Tropicales, e Iza\u00f1a.<\/p>\n<p>Las tomas de ambos puntos de muestreo, que se analizar\u00e1n en EEUU, contienen part\u00edculas de diferentes tama\u00f1os debido a que las mayores, al pesar m\u00e1s, se depositan antes que las m\u00e1s peque\u00f1as, capaces de mantenerse en suspensi\u00f3n durante m\u00e1s tiempo. \u201cDe hecho \u2012explican Schmale y Gonz\u00e1lez\u2012 el tama\u00f1o de las part\u00edculas que llegan a Tenerife es mayor que el de las que llegan a EEUU, porque al irse depositando, las que alcanzan las costas americanas son siempre m\u00e1s peque\u00f1as\u201d.<\/p>\n<p>Las nubes del polvo sahariano act\u00faan tambi\u00e9n en Europa, pero lo hacen en menor medida que en EEUU, donde afecta especialmente a su costa este durante los meses de junio, julio y agosto. \u201cEl<img decoding=\"async\" loading=\"lazy\" class=\"alignright size-medium wp-image-63673\" src=\"https:\/\/www.ull.es\/portal\/noticias\/wp-content\/uploads\/sites\/13\/2022\/06\/Prof-Inv-David-Schamel-07-300x200.jpg\" alt=\"\" width=\"300\" height=\"200\" srcset=\"https:\/\/www.ull.es\/portal\/noticias\/wp-content\/uploads\/sites\/13\/2022\/06\/Prof-Inv-David-Schamel-07-300x200.jpg 300w, https:\/\/www.ull.es\/portal\/noticias\/wp-content\/uploads\/sites\/13\/2022\/06\/Prof-Inv-David-Schamel-07-768x512.jpg 768w, https:\/\/www.ull.es\/portal\/noticias\/wp-content\/uploads\/sites\/13\/2022\/06\/Prof-Inv-David-Schamel-07-375x250.jpg 375w, https:\/\/www.ull.es\/portal\/noticias\/wp-content\/uploads\/sites\/13\/2022\/06\/Prof-Inv-David-Schamel-07-750x500.jpg 750w, https:\/\/www.ull.es\/portal\/noticias\/wp-content\/uploads\/sites\/13\/2022\/06\/Prof-Inv-David-Schamel-07.jpg 1024w\" sizes=\"(max-width: 300px) 100vw, 300px\" \/> origen del polvo es el desierto del S\u00e1hara, y el primer receptor es Tenerife, pero el gran receptor es EEUU\u201d, puntualiza Schmale, investigador con una dilatada trayectoria en el desarrollo de tecnolog\u00eda puntera en el muestreo de los estudios de dispersi\u00f3n de microorganismos y pionero en el uso de drones en la Aerobiolog\u00eda, aspecto que abord\u00f3 en su ponencia <a href=\"https:\/\/www.ull.es\/portal\/agenda\/evento\/seminario-doctoral-drone-ing-for-pathogens-pollen-and-weather\/\" target=\"_blank\" rel=\"noopener\">\u00abDrone-ing for pathogens, pollen and weather\u00bb<\/a>, ofrecida en la isla, y organizada por la <a href=\"https:\/\/www.ull.es\/centros\/escuela-doctorado-estudios-posgrado\/\" target=\"_blank\" rel=\"noopener\">Escuela de Doctorado y Estudios de Posgrado<\/a>.<\/p>\n<p>Pese a que el proyecto MITAD se encuentra a\u00fan en su fase inicial debido a los retrasos provocados por la pandemia, y su finalizaci\u00f3n no est\u00e1 prevista antes de dos a\u00f1os, las universidades de La Laguna y Virginia Tech \u2012que ya hab\u00edan colaborado en un proyecto previo\u2012 tienen previsto continuar cooperando y desarrollar futuros estudios que den continuidad a su l\u00ednea de investigaci\u00f3n.<\/p>\n<p>*El proyecto Microbial Biodiversity in Trans-Atlantic Dust Plumes (MITAD) est\u00e1 \u00edntegramente financiado por la NASA y liderado por la Universidad de Virginia Tech.<\/p>\n<p>&nbsp;<\/p>\n<p><strong>\u00a0<\/strong><\/p>\n","protected":false},"excerpt":{"rendered":"<p>La Universidad de La Laguna es parte activa de un proyecto de investigaci\u00f3n liderado por la Universidad de Virginia Tech&#8230;<\/p>\n","protected":false},"author":23,"featured_media":63672,"comment_status":"closed","ping_status":"closed","sticky":false,"template":"","format":"standard","meta":{"inline_featured_image":false,"footnotes":""},"categories":[3785,345,4132,350,2765],"tags":[8824,5971,8821,8822,4089,8823],"acf":[],"yoast_head":"<!-- This site is optimized with the Yoast SEO plugin v21.3 - https:\/\/yoast.com\/wordpress\/plugins\/seo\/ -->\n<title>La Universidad de La Laguna participa en un proyecto de la NASA que analiza las masas de aire sahariano - ULL - Noticias<\/title>\n<meta name=\"robots\" content=\"index, follow, max-snippet:-1, max-image-preview:large, max-video-preview:-1\" \/>\n<link rel=\"canonical\" href=\"https:\/\/www.ull.es\/portal\/noticias\/2022\/la-universidad-de-la-laguna-participa-en-un-proyecto-de-la-nasa-que-analiza-las-masas-de-aire-sahariano\/\" \/>\n<meta property=\"og:locale\" content=\"es_ES\" \/>\n<meta property=\"og:type\" content=\"article\" \/>\n<meta property=\"og:title\" content=\"La Universidad de La Laguna participa en un proyecto de la NASA que analiza las masas de aire sahariano - ULL - Noticias\" \/>\n<meta property=\"og:description\" content=\"La Universidad de La Laguna es parte activa de un proyecto de investigaci\u00f3n liderado por la Universidad de Virginia Tech...\" \/>\n<meta property=\"og:url\" content=\"https:\/\/www.ull.es\/portal\/noticias\/2022\/la-universidad-de-la-laguna-participa-en-un-proyecto-de-la-nasa-que-analiza-las-masas-de-aire-sahariano\/\" \/>\n<meta property=\"og:site_name\" content=\"ULL - Noticias\" \/>\n<meta property=\"article:publisher\" content=\"https:\/\/www.facebook.com\/universidaddelalaguna\/\" \/>\n<meta property=\"article:published_time\" content=\"2022-06-30T12:54:33+00:00\" \/>\n<meta property=\"article:modified_time\" content=\"2022-06-30T12:54:55+00:00\" \/>\n<meta property=\"og:image\" content=\"https:\/\/www.ull.es\/portal\/noticias\/wp-content\/uploads\/sites\/13\/2022\/06\/Prof-Inv-David-Schamel-y-Cristina-Martin.jpg\" \/>\n\t<meta property=\"og:image:width\" content=\"1024\" \/>\n\t<meta property=\"og:image:height\" content=\"683\" \/>\n\t<meta property=\"og:image:type\" content=\"image\/jpeg\" \/>\n<meta name=\"author\" content=\"gaprsa\" \/>\n<meta name=\"twitter:card\" content=\"summary_large_image\" \/>\n<meta name=\"twitter:creator\" content=\"@CanalULL\" \/>\n<meta name=\"twitter:site\" content=\"@CanalULL\" \/>\n<meta name=\"twitter:label1\" content=\"Escrito por\" \/>\n\t<meta name=\"twitter:data1\" content=\"gaprsa\" \/>\n\t<meta name=\"twitter:label2\" content=\"Tiempo de lectura\" \/>\n\t<meta name=\"twitter:data2\" content=\"5 minutos\" \/>\n<script type=\"application\/ld+json\" class=\"yoast-schema-graph\">{\"@context\":\"https:\/\/schema.org\",\"@graph\":[{\"@type\":\"WebPage\",\"@id\":\"https:\/\/www.ull.es\/portal\/noticias\/2022\/la-universidad-de-la-laguna-participa-en-un-proyecto-de-la-nasa-que-analiza-las-masas-de-aire-sahariano\/\",\"url\":\"https:\/\/www.ull.es\/portal\/noticias\/2022\/la-universidad-de-la-laguna-participa-en-un-proyecto-de-la-nasa-que-analiza-las-masas-de-aire-sahariano\/\",\"name\":\"La Universidad de La Laguna participa en un proyecto de la NASA que analiza las masas de aire sahariano - ULL - Noticias\",\"isPartOf\":{\"@id\":\"https:\/\/www.ull.es\/portal\/noticias\/#website\"},\"datePublished\":\"2022-06-30T12:54:33+00:00\",\"dateModified\":\"2022-06-30T12:54:55+00:00\",\"author\":{\"@id\":\"https:\/\/www.ull.es\/portal\/noticias\/#\/schema\/person\/b2b1a89d43ffa609e591f7df8ef3e817\"},\"breadcrumb\":{\"@id\":\"https:\/\/www.ull.es\/portal\/noticias\/2022\/la-universidad-de-la-laguna-participa-en-un-proyecto-de-la-nasa-que-analiza-las-masas-de-aire-sahariano\/#breadcrumb\"},\"inLanguage\":\"es\",\"potentialAction\":[{\"@type\":\"ReadAction\",\"target\":[\"https:\/\/www.ull.es\/portal\/noticias\/2022\/la-universidad-de-la-laguna-participa-en-un-proyecto-de-la-nasa-que-analiza-las-masas-de-aire-sahariano\/\"]}]},{\"@type\":\"BreadcrumbList\",\"@id\":\"https:\/\/www.ull.es\/portal\/noticias\/2022\/la-universidad-de-la-laguna-participa-en-un-proyecto-de-la-nasa-que-analiza-las-masas-de-aire-sahariano\/#breadcrumb\",\"itemListElement\":[{\"@type\":\"ListItem\",\"position\":1,\"name\":\"Portada\",\"item\":\"https:\/\/www.ull.es\/portal\/noticias\/\"},{\"@type\":\"ListItem\",\"position\":2,\"name\":\"La Universidad de La Laguna participa en un proyecto de la NASA que analiza las masas de aire sahariano\"}]},{\"@type\":\"WebSite\",\"@id\":\"https:\/\/www.ull.es\/portal\/noticias\/#website\",\"url\":\"https:\/\/www.ull.es\/portal\/noticias\/\",\"name\":\"ULL - Noticias\",\"description\":\"\",\"potentialAction\":[{\"@type\":\"SearchAction\",\"target\":{\"@type\":\"EntryPoint\",\"urlTemplate\":\"https:\/\/www.ull.es\/portal\/noticias\/?s={search_term_string}\"},\"query-input\":\"required name=search_term_string\"}],\"inLanguage\":\"es\"},{\"@type\":\"Person\",\"@id\":\"https:\/\/www.ull.es\/portal\/noticias\/#\/schema\/person\/b2b1a89d43ffa609e591f7df8ef3e817\",\"name\":\"gaprsa\",\"image\":{\"@type\":\"ImageObject\",\"inLanguage\":\"es\",\"@id\":\"https:\/\/www.ull.es\/portal\/noticias\/#\/schema\/person\/image\/\",\"url\":\"https:\/\/secure.gravatar.com\/avatar\/443820550921091458b4823867723b3d?s=96&d=mm&r=g\",\"contentUrl\":\"https:\/\/secure.gravatar.com\/avatar\/443820550921091458b4823867723b3d?s=96&d=mm&r=g\",\"caption\":\"gaprsa\"},\"url\":\"https:\/\/www.ull.es\/portal\/noticias\/author\/gaprsa\/\"}]}<\/script>\n<!-- \/ Yoast SEO plugin. -->","yoast_head_json":{"title":"La Universidad de La Laguna participa en un proyecto de la NASA que analiza las masas de aire sahariano - ULL - Noticias","robots":{"index":"index","follow":"follow","max-snippet":"max-snippet:-1","max-image-preview":"max-image-preview:large","max-video-preview":"max-video-preview:-1"},"canonical":"https:\/\/www.ull.es\/portal\/noticias\/2022\/la-universidad-de-la-laguna-participa-en-un-proyecto-de-la-nasa-que-analiza-las-masas-de-aire-sahariano\/","og_locale":"es_ES","og_type":"article","og_title":"La Universidad de La Laguna participa en un proyecto de la NASA que analiza las masas de aire sahariano - ULL - Noticias","og_description":"La Universidad de La Laguna es parte activa de un proyecto de investigaci\u00f3n liderado por la Universidad de Virginia Tech...","og_url":"https:\/\/www.ull.es\/portal\/noticias\/2022\/la-universidad-de-la-laguna-participa-en-un-proyecto-de-la-nasa-que-analiza-las-masas-de-aire-sahariano\/","og_site_name":"ULL - Noticias","article_publisher":"https:\/\/www.facebook.com\/universidaddelalaguna\/","article_published_time":"2022-06-30T12:54:33+00:00","article_modified_time":"2022-06-30T12:54:55+00:00","og_image":[{"width":1024,"height":683,"url":"https:\/\/www.ull.es\/portal\/noticias\/wp-content\/uploads\/sites\/13\/2022\/06\/Prof-Inv-David-Schamel-y-Cristina-Martin.jpg","type":"image\/jpeg"}],"author":"gaprsa","twitter_card":"summary_large_image","twitter_creator":"@CanalULL","twitter_site":"@CanalULL","twitter_misc":{"Escrito por":"gaprsa","Tiempo de lectura":"5 minutos"},"schema":{"@context":"https:\/\/schema.org","@graph":[{"@type":"WebPage","@id":"https:\/\/www.ull.es\/portal\/noticias\/2022\/la-universidad-de-la-laguna-participa-en-un-proyecto-de-la-nasa-que-analiza-las-masas-de-aire-sahariano\/","url":"https:\/\/www.ull.es\/portal\/noticias\/2022\/la-universidad-de-la-laguna-participa-en-un-proyecto-de-la-nasa-que-analiza-las-masas-de-aire-sahariano\/","name":"La Universidad de La Laguna participa en un proyecto de la NASA que analiza las masas de aire sahariano - ULL - Noticias","isPartOf":{"@id":"https:\/\/www.ull.es\/portal\/noticias\/#website"},"datePublished":"2022-06-30T12:54:33+00:00","dateModified":"2022-06-30T12:54:55+00:00","author":{"@id":"https:\/\/www.ull.es\/portal\/noticias\/#\/schema\/person\/b2b1a89d43ffa609e591f7df8ef3e817"},"breadcrumb":{"@id":"https:\/\/www.ull.es\/portal\/noticias\/2022\/la-universidad-de-la-laguna-participa-en-un-proyecto-de-la-nasa-que-analiza-las-masas-de-aire-sahariano\/#breadcrumb"},"inLanguage":"es","potentialAction":[{"@type":"ReadAction","target":["https:\/\/www.ull.es\/portal\/noticias\/2022\/la-universidad-de-la-laguna-participa-en-un-proyecto-de-la-nasa-que-analiza-las-masas-de-aire-sahariano\/"]}]},{"@type":"BreadcrumbList","@id":"https:\/\/www.ull.es\/portal\/noticias\/2022\/la-universidad-de-la-laguna-participa-en-un-proyecto-de-la-nasa-que-analiza-las-masas-de-aire-sahariano\/#breadcrumb","itemListElement":[{"@type":"ListItem","position":1,"name":"Portada","item":"https:\/\/www.ull.es\/portal\/noticias\/"},{"@type":"ListItem","position":2,"name":"La Universidad de La Laguna participa en un proyecto de la NASA que analiza las masas de aire sahariano"}]},{"@type":"WebSite","@id":"https:\/\/www.ull.es\/portal\/noticias\/#website","url":"https:\/\/www.ull.es\/portal\/noticias\/","name":"ULL - Noticias","description":"","potentialAction":[{"@type":"SearchAction","target":{"@type":"EntryPoint","urlTemplate":"https:\/\/www.ull.es\/portal\/noticias\/?s={search_term_string}"},"query-input":"required name=search_term_string"}],"inLanguage":"es"},{"@type":"Person","@id":"https:\/\/www.ull.es\/portal\/noticias\/#\/schema\/person\/b2b1a89d43ffa609e591f7df8ef3e817","name":"gaprsa","image":{"@type":"ImageObject","inLanguage":"es","@id":"https:\/\/www.ull.es\/portal\/noticias\/#\/schema\/person\/image\/","url":"https:\/\/secure.gravatar.com\/avatar\/443820550921091458b4823867723b3d?s=96&d=mm&r=g","contentUrl":"https:\/\/secure.gravatar.com\/avatar\/443820550921091458b4823867723b3d?s=96&d=mm&r=g","caption":"gaprsa"},"url":"https:\/\/www.ull.es\/portal\/noticias\/author\/gaprsa\/"}]}},"primary_category":{"id":345,"name":"Destacado","slug":"destacado","link":"https:\/\/www.ull.es\/portal\/noticias\/category\/destacado\/"},"featured_image_thumbnail_url":"https:\/\/www.ull.es\/portal\/noticias\/wp-content\/uploads\/sites\/13\/2022\/06\/Prof-Inv-David-Schamel-y-Cristina-Martin-300x200.jpg","_links":{"self":[{"href":"https:\/\/www.ull.es\/portal\/noticias\/wp-json\/wp\/v2\/posts\/63671"}],"collection":[{"href":"https:\/\/www.ull.es\/portal\/noticias\/wp-json\/wp\/v2\/posts"}],"about":[{"href":"https:\/\/www.ull.es\/portal\/noticias\/wp-json\/wp\/v2\/types\/post"}],"author":[{"embeddable":true,"href":"https:\/\/www.ull.es\/portal\/noticias\/wp-json\/wp\/v2\/users\/23"}],"replies":[{"embeddable":true,"href":"https:\/\/www.ull.es\/portal\/noticias\/wp-json\/wp\/v2\/comments?post=63671"}],"version-history":[{"count":1,"href":"https:\/\/www.ull.es\/portal\/noticias\/wp-json\/wp\/v2\/posts\/63671\/revisions"}],"predecessor-version":[{"id":63675,"href":"https:\/\/www.ull.es\/portal\/noticias\/wp-json\/wp\/v2\/posts\/63671\/revisions\/63675"}],"wp:featuredmedia":[{"embeddable":true,"href":"https:\/\/www.ull.es\/portal\/noticias\/wp-json\/wp\/v2\/media\/63672"}],"wp:attachment":[{"href":"https:\/\/www.ull.es\/portal\/noticias\/wp-json\/wp\/v2\/media?parent=63671"}],"wp:term":[{"taxonomy":"category","embeddable":true,"href":"https:\/\/www.ull.es\/portal\/noticias\/wp-json\/wp\/v2\/categories?post=63671"},{"taxonomy":"post_tag","embeddable":true,"href":"https:\/\/www.ull.es\/portal\/noticias\/wp-json\/wp\/v2\/tags?post=63671"}],"curies":[{"name":"wp","href":"https:\/\/api.w.org\/{rel}","templated":true}]}}