{"id":63689,"date":"2022-07-01T08:55:07","date_gmt":"2022-07-01T08:55:07","guid":{"rendered":"https:\/\/www.ull.es\/portal\/noticias\/?p=63689"},"modified":"2022-07-01T08:55:07","modified_gmt":"2022-07-01T08:55:07","slug":"coreografa-ot-vicky-gomez-taller-danzas-urbanas-universidad-verano-adeje","status":"publish","type":"post","link":"https:\/\/www.ull.es\/portal\/noticias\/2022\/coreografa-ot-vicky-gomez-taller-danzas-urbanas-universidad-verano-adeje\/","title":{"rendered":"La core\u00f3grafa de OT Vicky G\u00f3mez impartir\u00e1 un taller de danzas urbanas en la Universidad de Verano de Adeje"},"content":{"rendered":"<p class=\"p4\"><a href=\"https:\/\/www.ull.es\/portal\/noticias\/wp-content\/uploads\/sites\/13\/2022\/07\/taller-vicky-gomez-adeje.jpeg\" target=\"_blank\" rel=\"noopener\" target=\"_blank\" rel=\"noopener\"><img decoding=\"async\" loading=\"lazy\" class=\"alignleft wp-image-63691 size-medium\" src=\"https:\/\/www.ull.es\/portal\/noticias\/wp-content\/uploads\/sites\/13\/2022\/07\/taller-vicky-gomez-adeje-240x300.jpeg\" alt=\"Anuncio del taller de danzas urvanas de Vicky G\u00f3mez en Adeje\" width=\"240\" height=\"300\" srcset=\"https:\/\/www.ull.es\/portal\/noticias\/wp-content\/uploads\/sites\/13\/2022\/07\/taller-vicky-gomez-adeje-240x300.jpeg 240w, https:\/\/www.ull.es\/portal\/noticias\/wp-content\/uploads\/sites\/13\/2022\/07\/taller-vicky-gomez-adeje-375x469.jpeg 375w, https:\/\/www.ull.es\/portal\/noticias\/wp-content\/uploads\/sites\/13\/2022\/07\/taller-vicky-gomez-adeje-750x938.jpeg 750w, https:\/\/www.ull.es\/portal\/noticias\/wp-content\/uploads\/sites\/13\/2022\/07\/taller-vicky-gomez-adeje.jpeg 768w\" sizes=\"(max-width: 240px) 100vw, 240px\" \/><\/a>Las danzas urbanas, en sus distintos tipos y estilos, ser\u00e1n protagonistas durante tres d\u00edas consecutivos de la vig\u00e9simo novena edici\u00f3n de la <a href=\"https:\/\/www.adeje.es\/uva\" target=\"_blank\" rel=\"noopener\" target=\"_blank\" rel=\"noopener\"><span class=\"s2\">Universidad de Verano de Adeje<\/span><\/a>, organizada por el <a href=\"https:\/\/www.ull.es\/la-universidad\/equipo-gobierno\/vicerrectorado-cultura-participacion-social-campus-ofra-palma\/\" target=\"_blank\" rel=\"noopener\" target=\"_blank\" rel=\"noopener\"><span class=\"s3\">Vicerrectorado de <\/span><span class=\"s4\">Cultura, Participaci\u00f3n Social<\/span><span class=\"s3\"> y Campus Ofra y La Palma<\/span><\/a> de la Universidad de La Laguna y el <a href=\"https:\/\/www.adeje.es\/\" target=\"_blank\" rel=\"noopener\" target=\"_blank\" rel=\"noopener\"><span class=\"s2\">Ayuntamiento de Adeje<\/span><\/a>, que se desarrollar\u00e1 del 14 al 22 de julio. Y lo har\u00e1n de la mano de la reconocida bailarina y core\u00f3grafa salmantina Vicky G\u00f3mez, \u2018coach\u2019 de varias ediciones de programas de televisi\u00f3n tan exitosos como <i>Operaci\u00f3n Triunfo<\/i> (OT) o <i>Eurovisi\u00f3n Junior<\/i>.<\/p>\n<p class=\"p4\">Primera ganadora del programa <i>\u00a1Fama, a bailar!<\/i> en 2008, bailarina de <i>Tu cara me suena<\/i> y core\u00f3grafa del musical <i>Flashdance <\/i>que se representa actualmente en Madrid, G\u00f3mez impartir\u00e1 un <a href=\"https:\/\/www.ull.es\/portal\/agenda\/evento\/taller-de-danzas-urbanas\/\" target=\"_blank\" rel=\"noopener\" target=\"_blank\" rel=\"noopener\"><span class=\"s2\">Taller de danzas urbanas<\/span><\/a> dirigido tanto a ni\u00f1os, como a j\u00f3venes y adultos los d\u00edas 20, 21 y 22 de julio, de 09.00 a 17.00 horas en el auditorio de la Escuela de M\u00fasica de Adeje. All\u00ed, la bailarina dar\u00e1 a <span class=\"s5\">conocer los fundamentos, pasos b\u00e1sicos y t\u00e9cnicas de baile mediante la creaci\u00f3n de una coreograf\u00eda que se realizar\u00e1 el \u00faltimo d\u00eda para poner en pr\u00e1ctica todo lo aprendido durante el curso.<span class=\"Apple-converted-space\">\u00a0<\/span><\/span><\/p>\n<p class=\"p5\">La asistencia a este taller permitir\u00e1 a las personas participantes adquirir coordinaci\u00f3n, fuerza, flexibilidad, musicalidad, expresi\u00f3n corporal y disciplina art\u00edstica, adem\u00e1s de poder trabajar en equipo y <span class=\"s6\">conocer los <\/span>conocimientos t\u00e9cnicos sobre danza urbana que la conocida core\u00f3grafa ha adquirido a lo largo de su carrera en prestigiosas escuelas de baile de Madrid, Barcelona, Londres, Los \u00c1ngeles o Nueva York.<\/p>\n<p class=\"p5\">El taller de danza urbana juvenil, destinado a personas entre 9 y 16 a\u00f1os, se impartir\u00e1 los d\u00edas 20 (de 18.00 a 19.00 horas) y el 21 y 22 de julio, de 11.00 a 12.30 horas. El dirigido a personas adultas (a partir de los 17 a\u00f1os) se ofrecer\u00e1 desde las 19.00 hasta las 21.00 horas el d\u00eda 20, y desde las 12.30 hasta las 14.00 horas los d\u00edas 21 y 22 de julio.<\/p>\n<p class=\"p6\"><span class=\"s5\">El precio del taller es de 10 euros. Adem\u00e1s, la organizaci\u00f3n de la Universidad de Verano de Adeje se encarga de costear el traslado de ida y vuelta al alumnado procedente del \u00e1rea metropolitana (Santa Cruz-La Laguna) que est\u00e9 interesado en acudir a las clases.<span class=\"Apple-converted-space\">\u00a0<\/span><\/span><\/p>\n<p class=\"p4\"><span class=\"s5\">Todas aquellas personas interesadas en obtener m\u00e1s informaci\u00f3n y matricularse en este taller de baile pueden hacerlo pinchando en los siguientes enlaces: <a href=\"https:\/\/www.ull.es\/portal\/agenda\/evento\/taller-de-danzas-urbanas\/\" target=\"_blank\" rel=\"noopener\" target=\"_blank\" rel=\"noopener\"><span class=\"s2\">https:\/\/www.ull.es\/portal\/agenda\/evento\/taller-de-danzas-urbanas\/<\/span><\/a> y<span class=\"Apple-converted-space\">\u00a0 <\/span><a href=\"https:\/\/adeje.deporsite.net\/\" target=\"_blank\" rel=\"noopener\" target=\"_blank\" rel=\"noopener\"><span class=\"s7\">https:\/\/adeje.deporsite.net\/<\/span><\/a><\/span> .<\/p>\n","protected":false},"excerpt":{"rendered":"<p>Las danzas urbanas, en sus distintos tipos y estilos, ser\u00e1n protagonistas durante tres d\u00edas consecutivos de la vig\u00e9simo novena edici\u00f3n&#8230;<\/p>\n","protected":false},"author":21,"featured_media":63690,"comment_status":"closed","ping_status":"closed","sticky":false,"template":"","format":"image","meta":{"inline_featured_image":false,"footnotes":""},"categories":[345,346,2765],"tags":[8828,2443,2574,8827],"acf":[],"yoast_head":"<!-- This site is optimized with the Yoast SEO plugin v21.3 - https:\/\/yoast.com\/wordpress\/plugins\/seo\/ -->\n<title>Vicky G\u00f3mez (OT) impartir\u00e1 un taller en la Universidad de Verano de Adeje<\/title>\n<meta name=\"description\" content=\"La bailarina y core\u00f3grafa salmantina fue \u2018coach\u2019 de programas de televisi\u00f3n tan exitosos como Operaci\u00f3n Triunfo (OT) o Eurovisi\u00f3n Junior.\" \/>\n<meta name=\"robots\" content=\"index, follow, max-snippet:-1, max-image-preview:large, max-video-preview:-1\" \/>\n<link rel=\"canonical\" href=\"https:\/\/www.ull.es\/portal\/noticias\/2022\/coreografa-ot-vicky-gomez-taller-danzas-urbanas-universidad-verano-adeje\/\" \/>\n<meta property=\"og:locale\" content=\"es_ES\" \/>\n<meta property=\"og:type\" content=\"article\" \/>\n<meta property=\"og:title\" content=\"Vicky G\u00f3mez (OT) impartir\u00e1 un taller en la Universidad de Verano de Adeje\" \/>\n<meta property=\"og:description\" content=\"La bailarina y core\u00f3grafa salmantina fue \u2018coach\u2019 de programas de televisi\u00f3n tan exitosos como Operaci\u00f3n Triunfo (OT) o Eurovisi\u00f3n Junior.\" \/>\n<meta property=\"og:url\" content=\"https:\/\/www.ull.es\/portal\/noticias\/2022\/coreografa-ot-vicky-gomez-taller-danzas-urbanas-universidad-verano-adeje\/\" \/>\n<meta property=\"og:site_name\" content=\"ULL - Noticias\" \/>\n<meta property=\"article:publisher\" content=\"https:\/\/www.facebook.com\/universidaddelalaguna\/\" \/>\n<meta property=\"article:published_time\" content=\"2022-07-01T08:55:07+00:00\" \/>\n<meta property=\"og:image\" content=\"https:\/\/www.ull.es\/portal\/noticias\/wp-content\/uploads\/sites\/13\/2022\/07\/taller-vicky-gomez-adeje-p.jpeg\" \/>\n\t<meta property=\"og:image:width\" content=\"649\" \/>\n\t<meta property=\"og:image:height\" content=\"502\" \/>\n\t<meta property=\"og:image:type\" content=\"image\/jpeg\" \/>\n<meta name=\"author\" content=\"prensa2\" \/>\n<meta name=\"twitter:card\" content=\"summary_large_image\" \/>\n<meta name=\"twitter:creator\" content=\"@CanalULL\" \/>\n<meta name=\"twitter:site\" content=\"@CanalULL\" \/>\n<meta name=\"twitter:label1\" content=\"Escrito por\" \/>\n\t<meta name=\"twitter:data1\" content=\"prensa2\" \/>\n\t<meta name=\"twitter:label2\" content=\"Tiempo de lectura\" \/>\n\t<meta name=\"twitter:data2\" content=\"3 minutos\" \/>\n<script type=\"application\/ld+json\" class=\"yoast-schema-graph\">{\"@context\":\"https:\/\/schema.org\",\"@graph\":[{\"@type\":\"WebPage\",\"@id\":\"https:\/\/www.ull.es\/portal\/noticias\/2022\/coreografa-ot-vicky-gomez-taller-danzas-urbanas-universidad-verano-adeje\/\",\"url\":\"https:\/\/www.ull.es\/portal\/noticias\/2022\/coreografa-ot-vicky-gomez-taller-danzas-urbanas-universidad-verano-adeje\/\",\"name\":\"Vicky G\u00f3mez (OT) impartir\u00e1 un taller en la Universidad de Verano de Adeje\",\"isPartOf\":{\"@id\":\"https:\/\/www.ull.es\/portal\/noticias\/#website\"},\"datePublished\":\"2022-07-01T08:55:07+00:00\",\"dateModified\":\"2022-07-01T08:55:07+00:00\",\"author\":{\"@id\":\"https:\/\/www.ull.es\/portal\/noticias\/#\/schema\/person\/c3b2aa857797592927a03740d6664376\"},\"description\":\"La bailarina y core\u00f3grafa salmantina fue \u2018coach\u2019 de programas de televisi\u00f3n tan exitosos como Operaci\u00f3n Triunfo (OT) o Eurovisi\u00f3n Junior.\",\"breadcrumb\":{\"@id\":\"https:\/\/www.ull.es\/portal\/noticias\/2022\/coreografa-ot-vicky-gomez-taller-danzas-urbanas-universidad-verano-adeje\/#breadcrumb\"},\"inLanguage\":\"es\",\"potentialAction\":[{\"@type\":\"ReadAction\",\"target\":[\"https:\/\/www.ull.es\/portal\/noticias\/2022\/coreografa-ot-vicky-gomez-taller-danzas-urbanas-universidad-verano-adeje\/\"]}]},{\"@type\":\"BreadcrumbList\",\"@id\":\"https:\/\/www.ull.es\/portal\/noticias\/2022\/coreografa-ot-vicky-gomez-taller-danzas-urbanas-universidad-verano-adeje\/#breadcrumb\",\"itemListElement\":[{\"@type\":\"ListItem\",\"position\":1,\"name\":\"Portada\",\"item\":\"https:\/\/www.ull.es\/portal\/noticias\/\"},{\"@type\":\"ListItem\",\"position\":2,\"name\":\"La core\u00f3grafa de OT Vicky G\u00f3mez impartir\u00e1 un taller de danzas urbanas en la Universidad de Verano de Adeje\"}]},{\"@type\":\"WebSite\",\"@id\":\"https:\/\/www.ull.es\/portal\/noticias\/#website\",\"url\":\"https:\/\/www.ull.es\/portal\/noticias\/\",\"name\":\"ULL - Noticias\",\"description\":\"\",\"potentialAction\":[{\"@type\":\"SearchAction\",\"target\":{\"@type\":\"EntryPoint\",\"urlTemplate\":\"https:\/\/www.ull.es\/portal\/noticias\/?s={search_term_string}\"},\"query-input\":\"required name=search_term_string\"}],\"inLanguage\":\"es\"},{\"@type\":\"Person\",\"@id\":\"https:\/\/www.ull.es\/portal\/noticias\/#\/schema\/person\/c3b2aa857797592927a03740d6664376\",\"name\":\"prensa2\",\"image\":{\"@type\":\"ImageObject\",\"inLanguage\":\"es\",\"@id\":\"https:\/\/www.ull.es\/portal\/noticias\/#\/schema\/person\/image\/\",\"url\":\"https:\/\/secure.gravatar.com\/avatar\/b58f310a5de5feb33d1e026d2493f23c?s=96&d=mm&r=g\",\"contentUrl\":\"https:\/\/secure.gravatar.com\/avatar\/b58f310a5de5feb33d1e026d2493f23c?s=96&d=mm&r=g\",\"caption\":\"prensa2\"},\"url\":\"https:\/\/www.ull.es\/portal\/noticias\/author\/prensa2\/\"}]}<\/script>\n<!-- \/ Yoast SEO plugin. -->","yoast_head_json":{"title":"Vicky G\u00f3mez (OT) impartir\u00e1 un taller en la Universidad de Verano de Adeje","description":"La bailarina y core\u00f3grafa salmantina fue \u2018coach\u2019 de programas de televisi\u00f3n tan exitosos como Operaci\u00f3n Triunfo (OT) o Eurovisi\u00f3n Junior.","robots":{"index":"index","follow":"follow","max-snippet":"max-snippet:-1","max-image-preview":"max-image-preview:large","max-video-preview":"max-video-preview:-1"},"canonical":"https:\/\/www.ull.es\/portal\/noticias\/2022\/coreografa-ot-vicky-gomez-taller-danzas-urbanas-universidad-verano-adeje\/","og_locale":"es_ES","og_type":"article","og_title":"Vicky G\u00f3mez (OT) impartir\u00e1 un taller en la Universidad de Verano de Adeje","og_description":"La bailarina y core\u00f3grafa salmantina fue \u2018coach\u2019 de programas de televisi\u00f3n tan exitosos como Operaci\u00f3n Triunfo (OT) o Eurovisi\u00f3n Junior.","og_url":"https:\/\/www.ull.es\/portal\/noticias\/2022\/coreografa-ot-vicky-gomez-taller-danzas-urbanas-universidad-verano-adeje\/","og_site_name":"ULL - Noticias","article_publisher":"https:\/\/www.facebook.com\/universidaddelalaguna\/","article_published_time":"2022-07-01T08:55:07+00:00","og_image":[{"width":649,"height":502,"url":"https:\/\/www.ull.es\/portal\/noticias\/wp-content\/uploads\/sites\/13\/2022\/07\/taller-vicky-gomez-adeje-p.jpeg","type":"image\/jpeg"}],"author":"prensa2","twitter_card":"summary_large_image","twitter_creator":"@CanalULL","twitter_site":"@CanalULL","twitter_misc":{"Escrito por":"prensa2","Tiempo de lectura":"3 minutos"},"schema":{"@context":"https:\/\/schema.org","@graph":[{"@type":"WebPage","@id":"https:\/\/www.ull.es\/portal\/noticias\/2022\/coreografa-ot-vicky-gomez-taller-danzas-urbanas-universidad-verano-adeje\/","url":"https:\/\/www.ull.es\/portal\/noticias\/2022\/coreografa-ot-vicky-gomez-taller-danzas-urbanas-universidad-verano-adeje\/","name":"Vicky G\u00f3mez (OT) impartir\u00e1 un taller en la Universidad de Verano de Adeje","isPartOf":{"@id":"https:\/\/www.ull.es\/portal\/noticias\/#website"},"datePublished":"2022-07-01T08:55:07+00:00","dateModified":"2022-07-01T08:55:07+00:00","author":{"@id":"https:\/\/www.ull.es\/portal\/noticias\/#\/schema\/person\/c3b2aa857797592927a03740d6664376"},"description":"La bailarina y core\u00f3grafa salmantina fue \u2018coach\u2019 de programas de televisi\u00f3n tan exitosos como Operaci\u00f3n Triunfo (OT) o Eurovisi\u00f3n Junior.","breadcrumb":{"@id":"https:\/\/www.ull.es\/portal\/noticias\/2022\/coreografa-ot-vicky-gomez-taller-danzas-urbanas-universidad-verano-adeje\/#breadcrumb"},"inLanguage":"es","potentialAction":[{"@type":"ReadAction","target":["https:\/\/www.ull.es\/portal\/noticias\/2022\/coreografa-ot-vicky-gomez-taller-danzas-urbanas-universidad-verano-adeje\/"]}]},{"@type":"BreadcrumbList","@id":"https:\/\/www.ull.es\/portal\/noticias\/2022\/coreografa-ot-vicky-gomez-taller-danzas-urbanas-universidad-verano-adeje\/#breadcrumb","itemListElement":[{"@type":"ListItem","position":1,"name":"Portada","item":"https:\/\/www.ull.es\/portal\/noticias\/"},{"@type":"ListItem","position":2,"name":"La core\u00f3grafa de OT Vicky G\u00f3mez impartir\u00e1 un taller de danzas urbanas en la Universidad de Verano de Adeje"}]},{"@type":"WebSite","@id":"https:\/\/www.ull.es\/portal\/noticias\/#website","url":"https:\/\/www.ull.es\/portal\/noticias\/","name":"ULL - Noticias","description":"","potentialAction":[{"@type":"SearchAction","target":{"@type":"EntryPoint","urlTemplate":"https:\/\/www.ull.es\/portal\/noticias\/?s={search_term_string}"},"query-input":"required name=search_term_string"}],"inLanguage":"es"},{"@type":"Person","@id":"https:\/\/www.ull.es\/portal\/noticias\/#\/schema\/person\/c3b2aa857797592927a03740d6664376","name":"prensa2","image":{"@type":"ImageObject","inLanguage":"es","@id":"https:\/\/www.ull.es\/portal\/noticias\/#\/schema\/person\/image\/","url":"https:\/\/secure.gravatar.com\/avatar\/b58f310a5de5feb33d1e026d2493f23c?s=96&d=mm&r=g","contentUrl":"https:\/\/secure.gravatar.com\/avatar\/b58f310a5de5feb33d1e026d2493f23c?s=96&d=mm&r=g","caption":"prensa2"},"url":"https:\/\/www.ull.es\/portal\/noticias\/author\/prensa2\/"}]}},"primary_category":{"id":345,"name":"Destacado","slug":"destacado","link":"https:\/\/www.ull.es\/portal\/noticias\/category\/destacado\/"},"featured_image_thumbnail_url":"https:\/\/www.ull.es\/portal\/noticias\/wp-content\/uploads\/sites\/13\/2022\/07\/taller-vicky-gomez-adeje-p-300x232.jpeg","_links":{"self":[{"href":"https:\/\/www.ull.es\/portal\/noticias\/wp-json\/wp\/v2\/posts\/63689"}],"collection":[{"href":"https:\/\/www.ull.es\/portal\/noticias\/wp-json\/wp\/v2\/posts"}],"about":[{"href":"https:\/\/www.ull.es\/portal\/noticias\/wp-json\/wp\/v2\/types\/post"}],"author":[{"embeddable":true,"href":"https:\/\/www.ull.es\/portal\/noticias\/wp-json\/wp\/v2\/users\/21"}],"replies":[{"embeddable":true,"href":"https:\/\/www.ull.es\/portal\/noticias\/wp-json\/wp\/v2\/comments?post=63689"}],"version-history":[{"count":1,"href":"https:\/\/www.ull.es\/portal\/noticias\/wp-json\/wp\/v2\/posts\/63689\/revisions"}],"predecessor-version":[{"id":63692,"href":"https:\/\/www.ull.es\/portal\/noticias\/wp-json\/wp\/v2\/posts\/63689\/revisions\/63692"}],"wp:featuredmedia":[{"embeddable":true,"href":"https:\/\/www.ull.es\/portal\/noticias\/wp-json\/wp\/v2\/media\/63690"}],"wp:attachment":[{"href":"https:\/\/www.ull.es\/portal\/noticias\/wp-json\/wp\/v2\/media?parent=63689"}],"wp:term":[{"taxonomy":"category","embeddable":true,"href":"https:\/\/www.ull.es\/portal\/noticias\/wp-json\/wp\/v2\/categories?post=63689"},{"taxonomy":"post_tag","embeddable":true,"href":"https:\/\/www.ull.es\/portal\/noticias\/wp-json\/wp\/v2\/tags?post=63689"}],"curies":[{"name":"wp","href":"https:\/\/api.w.org\/{rel}","templated":true}]}}