{"id":63709,"date":"2022-07-01T13:39:26","date_gmt":"2022-07-01T13:39:26","guid":{"rendered":"https:\/\/www.ull.es\/portal\/noticias\/?p=63709"},"modified":"2022-07-01T14:05:14","modified_gmt":"2022-07-01T14:05:14","slug":"libro-fisquito-matematicas-mencion-ciencia-en-accion","status":"publish","type":"post","link":"https:\/\/www.ull.es\/portal\/noticias\/2022\/libro-fisquito-matematicas-mencion-ciencia-en-accion\/","title":{"rendered":"El libro de mon\u00f3logos \u201cUn fisquito de matem\u00e1ticas\u201d de la ULL gana una menci\u00f3n especial en el concurso Ciencia en Acci\u00f3n"},"content":{"rendered":"<p class=\"p3\"><a href=\"https:\/\/www.ull.es\/portal\/noticias\/wp-content\/uploads\/sites\/13\/2022\/07\/ciencia-en-accion-logo-transparente-2.png\" target=\"_blank\" rel=\"noopener\" target=\"_blank\" rel=\"noopener\"><img decoding=\"async\" loading=\"lazy\" class=\"alignleft wp-image-63715 size-medium\" src=\"https:\/\/www.ull.es\/portal\/noticias\/wp-content\/uploads\/sites\/13\/2022\/07\/ciencia-en-accion-logo-transparente-2-300x204.png\" alt=\"\" width=\"300\" height=\"204\" srcset=\"https:\/\/www.ull.es\/portal\/noticias\/wp-content\/uploads\/sites\/13\/2022\/07\/ciencia-en-accion-logo-transparente-2-300x204.png 300w, https:\/\/www.ull.es\/portal\/noticias\/wp-content\/uploads\/sites\/13\/2022\/07\/ciencia-en-accion-logo-transparente-2-375x255.png 375w, https:\/\/www.ull.es\/portal\/noticias\/wp-content\/uploads\/sites\/13\/2022\/07\/ciencia-en-accion-logo-transparente-2.png 500w\" sizes=\"(max-width: 300px) 100vw, 300px\" \/><\/a>El libro que recopila los 20 mon\u00f3logos presentados por el proyecto \u00abUn fisquito de Matem\u00e1ticas\u201d, promovido por el <a href=\"http:\/\/matdivu.webs.ull.es\/\" target=\"_blank\" rel=\"noopener\" target=\"_blank\" rel=\"noopener\"><span class=\"s2\">Aula Cultural de Matem\u00e1tica Divulgativa<\/span><\/a> de la Universidad de La Laguna, ha sido recientemente galardonado con una menci\u00f3n especial en el certamen de divulgaci\u00f3n cient\u00edfica <a href=\"https:\/\/cienciaenaccion.org\/resolucion-jurado-ciencia-en-accion-xxiii-modalidades-materiales-didacticos-trabajos-de-divulgacion-y-cortos-cientificos-2022\/\" target=\"_blank\" rel=\"noopener\" target=\"_blank\" rel=\"noopener\"><span class=\"s2\">Ciencia en Acci\u00f3n 2022<\/span><\/a>. En concreto, ha sido concedido a Edith Padr\u00f3n y Carla Garrido por haber recogido en un volumen las intervenciones presentadas en la actividad que lleva ese nombre, la cual \u201cha conseguido numerosos adeptos\u201d por sus presentaciones cuidadosas y simples sin perder el rigor cient\u00edfico.<\/p>\n<p class=\"p4\">La iniciativa \u201c<a href=\"http:\/\/matdivu.webs.ull.es\/un-fisquito\/\" target=\"_blank\" rel=\"noopener\" target=\"_blank\" rel=\"noopener\"><span class=\"s2\">Un fisquito de Matem\u00e1tica<\/span><\/a>s\u201d se articula en torno a mon\u00f3logos en vivo de, como m\u00e1ximo, diez minutos de duraci\u00f3n sobre alg\u00fan aspecto relacionado con las Matem\u00e1ticas (divulgativa). Han tenido cabida problemas, conjeturas, matem\u00e1ticos y matem\u00e1ticas, juegos, acertijos, magia, paradojas, etc. Se trata de un proyecto abierto a toda persona con los conocimientos necesarios y esp\u00edritu divulgador, de ah\u00ed que hayan sido \u201cfisquiteros\u201d tanto docentes como estudiantes y tambi\u00e9n ponentes externos.<\/p>\n<p class=\"p4\">\u201cCiencia en Acci\u00f3n\u201d es una iniciativa del Consejo Superior de Investigaciones Cient\u00edficas, la Fundaci\u00f3n Lilly, el Instituto de Ciencias Matem\u00e1ticas, la Real Sociedad Espa\u00f1ola de F\u00edsica, la Real Sociedad Espa\u00f1ola de Qu\u00edmica, la Sociedad Espa\u00f1ola de Astronom\u00eda y la Sociedad Geol\u00f3gica de Espa\u00f1a. Su principal objetivo es presentar la ciencia de una manera atractiva y motivadora de tal forma que los j\u00f3venes y el p\u00fablico se interesen por ella y a lo largo del concurso disfruten atendiendo las conferencias, observando y participando en la feria, y los m\u00e1s animados subiendo a la gran experiencia. \u201cCiencia en Acci\u00f3n\u201d est\u00e1 dirigido a estudiantes, profesores, investigadores y divulgadores de la comunidad cient\u00edfica, en cualquiera de sus disciplinas.<\/p>\n","protected":false},"excerpt":{"rendered":"<p>El libro que recopila los 20 mon\u00f3logos presentados por el proyecto \u00abUn fisquito de Matem\u00e1ticas\u201d, promovido por el Aula Cultural&#8230;<\/p>\n","protected":false},"author":21,"featured_media":63715,"comment_status":"closed","ping_status":"closed","sticky":false,"template":"","format":"image","meta":{"inline_featured_image":false,"footnotes":""},"categories":[345,348,2765],"tags":[8840,7420,8841,1049,7417,8839],"acf":[],"yoast_head":"<!-- This site is optimized with the Yoast SEO plugin v21.3 - https:\/\/yoast.com\/wordpress\/plugins\/seo\/ -->\n<title>El libro de &#039;Un fisquito de matem\u00e1ticas&#039; gana una menci\u00f3n nacional<\/title>\n<meta name=\"description\" content=\"El libro con los mon\u00f3logos de este proyecto del Aula Cultural de Matem\u00e1tica Divulgativa ULL logra una menci\u00f3n del certamen Ciencia en Acci\u00f3n.\" \/>\n<meta name=\"robots\" content=\"index, follow, max-snippet:-1, max-image-preview:large, max-video-preview:-1\" \/>\n<link rel=\"canonical\" href=\"https:\/\/www.ull.es\/portal\/noticias\/2022\/libro-fisquito-matematicas-mencion-ciencia-en-accion\/\" \/>\n<meta property=\"og:locale\" content=\"es_ES\" \/>\n<meta property=\"og:type\" content=\"article\" \/>\n<meta property=\"og:title\" content=\"El libro de &#039;Un fisquito de matem\u00e1ticas&#039; gana una menci\u00f3n nacional\" \/>\n<meta property=\"og:description\" content=\"El libro con los mon\u00f3logos de este proyecto del Aula Cultural de Matem\u00e1tica Divulgativa ULL logra una menci\u00f3n del certamen Ciencia en Acci\u00f3n.\" \/>\n<meta property=\"og:url\" content=\"https:\/\/www.ull.es\/portal\/noticias\/2022\/libro-fisquito-matematicas-mencion-ciencia-en-accion\/\" \/>\n<meta property=\"og:site_name\" content=\"ULL - Noticias\" \/>\n<meta property=\"article:publisher\" content=\"https:\/\/www.facebook.com\/universidaddelalaguna\/\" \/>\n<meta property=\"article:published_time\" content=\"2022-07-01T13:39:26+00:00\" \/>\n<meta property=\"article:modified_time\" content=\"2022-07-01T14:05:14+00:00\" \/>\n<meta property=\"og:image\" content=\"https:\/\/www.ull.es\/portal\/noticias\/wp-content\/uploads\/sites\/13\/2022\/07\/ciencia-en-accion-logo-transparente-2.png\" \/>\n\t<meta property=\"og:image:width\" content=\"500\" \/>\n\t<meta property=\"og:image:height\" content=\"340\" \/>\n\t<meta property=\"og:image:type\" content=\"image\/png\" \/>\n<meta name=\"author\" content=\"prensa2\" \/>\n<meta name=\"twitter:card\" content=\"summary_large_image\" \/>\n<meta name=\"twitter:creator\" content=\"@CanalULL\" \/>\n<meta name=\"twitter:site\" content=\"@CanalULL\" \/>\n<meta name=\"twitter:label1\" content=\"Escrito por\" \/>\n\t<meta name=\"twitter:data1\" content=\"prensa2\" \/>\n\t<meta name=\"twitter:label2\" content=\"Tiempo de lectura\" \/>\n\t<meta name=\"twitter:data2\" content=\"2 minutos\" \/>\n<script type=\"application\/ld+json\" class=\"yoast-schema-graph\">{\"@context\":\"https:\/\/schema.org\",\"@graph\":[{\"@type\":\"WebPage\",\"@id\":\"https:\/\/www.ull.es\/portal\/noticias\/2022\/libro-fisquito-matematicas-mencion-ciencia-en-accion\/\",\"url\":\"https:\/\/www.ull.es\/portal\/noticias\/2022\/libro-fisquito-matematicas-mencion-ciencia-en-accion\/\",\"name\":\"El libro de 'Un fisquito de matem\u00e1ticas' gana una menci\u00f3n nacional\",\"isPartOf\":{\"@id\":\"https:\/\/www.ull.es\/portal\/noticias\/#website\"},\"datePublished\":\"2022-07-01T13:39:26+00:00\",\"dateModified\":\"2022-07-01T14:05:14+00:00\",\"author\":{\"@id\":\"https:\/\/www.ull.es\/portal\/noticias\/#\/schema\/person\/c3b2aa857797592927a03740d6664376\"},\"description\":\"El libro con los mon\u00f3logos de este proyecto del Aula Cultural de Matem\u00e1tica Divulgativa ULL logra una menci\u00f3n del certamen Ciencia en Acci\u00f3n.\",\"breadcrumb\":{\"@id\":\"https:\/\/www.ull.es\/portal\/noticias\/2022\/libro-fisquito-matematicas-mencion-ciencia-en-accion\/#breadcrumb\"},\"inLanguage\":\"es\",\"potentialAction\":[{\"@type\":\"ReadAction\",\"target\":[\"https:\/\/www.ull.es\/portal\/noticias\/2022\/libro-fisquito-matematicas-mencion-ciencia-en-accion\/\"]}]},{\"@type\":\"BreadcrumbList\",\"@id\":\"https:\/\/www.ull.es\/portal\/noticias\/2022\/libro-fisquito-matematicas-mencion-ciencia-en-accion\/#breadcrumb\",\"itemListElement\":[{\"@type\":\"ListItem\",\"position\":1,\"name\":\"Portada\",\"item\":\"https:\/\/www.ull.es\/portal\/noticias\/\"},{\"@type\":\"ListItem\",\"position\":2,\"name\":\"El libro de mon\u00f3logos \u201cUn fisquito de matem\u00e1ticas\u201d de la ULL gana una menci\u00f3n especial en el concurso Ciencia en Acci\u00f3n\"}]},{\"@type\":\"WebSite\",\"@id\":\"https:\/\/www.ull.es\/portal\/noticias\/#website\",\"url\":\"https:\/\/www.ull.es\/portal\/noticias\/\",\"name\":\"ULL - Noticias\",\"description\":\"\",\"potentialAction\":[{\"@type\":\"SearchAction\",\"target\":{\"@type\":\"EntryPoint\",\"urlTemplate\":\"https:\/\/www.ull.es\/portal\/noticias\/?s={search_term_string}\"},\"query-input\":\"required name=search_term_string\"}],\"inLanguage\":\"es\"},{\"@type\":\"Person\",\"@id\":\"https:\/\/www.ull.es\/portal\/noticias\/#\/schema\/person\/c3b2aa857797592927a03740d6664376\",\"name\":\"prensa2\",\"image\":{\"@type\":\"ImageObject\",\"inLanguage\":\"es\",\"@id\":\"https:\/\/www.ull.es\/portal\/noticias\/#\/schema\/person\/image\/\",\"url\":\"https:\/\/secure.gravatar.com\/avatar\/b58f310a5de5feb33d1e026d2493f23c?s=96&d=mm&r=g\",\"contentUrl\":\"https:\/\/secure.gravatar.com\/avatar\/b58f310a5de5feb33d1e026d2493f23c?s=96&d=mm&r=g\",\"caption\":\"prensa2\"},\"url\":\"https:\/\/www.ull.es\/portal\/noticias\/author\/prensa2\/\"}]}<\/script>\n<!-- \/ Yoast SEO plugin. -->","yoast_head_json":{"title":"El libro de 'Un fisquito de matem\u00e1ticas' gana una menci\u00f3n nacional","description":"El libro con los mon\u00f3logos de este proyecto del Aula Cultural de Matem\u00e1tica Divulgativa ULL logra una menci\u00f3n del certamen Ciencia en Acci\u00f3n.","robots":{"index":"index","follow":"follow","max-snippet":"max-snippet:-1","max-image-preview":"max-image-preview:large","max-video-preview":"max-video-preview:-1"},"canonical":"https:\/\/www.ull.es\/portal\/noticias\/2022\/libro-fisquito-matematicas-mencion-ciencia-en-accion\/","og_locale":"es_ES","og_type":"article","og_title":"El libro de 'Un fisquito de matem\u00e1ticas' gana una menci\u00f3n nacional","og_description":"El libro con los mon\u00f3logos de este proyecto del Aula Cultural de Matem\u00e1tica Divulgativa ULL logra una menci\u00f3n del certamen Ciencia en Acci\u00f3n.","og_url":"https:\/\/www.ull.es\/portal\/noticias\/2022\/libro-fisquito-matematicas-mencion-ciencia-en-accion\/","og_site_name":"ULL - Noticias","article_publisher":"https:\/\/www.facebook.com\/universidaddelalaguna\/","article_published_time":"2022-07-01T13:39:26+00:00","article_modified_time":"2022-07-01T14:05:14+00:00","og_image":[{"width":500,"height":340,"url":"https:\/\/www.ull.es\/portal\/noticias\/wp-content\/uploads\/sites\/13\/2022\/07\/ciencia-en-accion-logo-transparente-2.png","type":"image\/png"}],"author":"prensa2","twitter_card":"summary_large_image","twitter_creator":"@CanalULL","twitter_site":"@CanalULL","twitter_misc":{"Escrito por":"prensa2","Tiempo de lectura":"2 minutos"},"schema":{"@context":"https:\/\/schema.org","@graph":[{"@type":"WebPage","@id":"https:\/\/www.ull.es\/portal\/noticias\/2022\/libro-fisquito-matematicas-mencion-ciencia-en-accion\/","url":"https:\/\/www.ull.es\/portal\/noticias\/2022\/libro-fisquito-matematicas-mencion-ciencia-en-accion\/","name":"El libro de 'Un fisquito de matem\u00e1ticas' gana una menci\u00f3n nacional","isPartOf":{"@id":"https:\/\/www.ull.es\/portal\/noticias\/#website"},"datePublished":"2022-07-01T13:39:26+00:00","dateModified":"2022-07-01T14:05:14+00:00","author":{"@id":"https:\/\/www.ull.es\/portal\/noticias\/#\/schema\/person\/c3b2aa857797592927a03740d6664376"},"description":"El libro con los mon\u00f3logos de este proyecto del Aula Cultural de Matem\u00e1tica Divulgativa ULL logra una menci\u00f3n del certamen Ciencia en Acci\u00f3n.","breadcrumb":{"@id":"https:\/\/www.ull.es\/portal\/noticias\/2022\/libro-fisquito-matematicas-mencion-ciencia-en-accion\/#breadcrumb"},"inLanguage":"es","potentialAction":[{"@type":"ReadAction","target":["https:\/\/www.ull.es\/portal\/noticias\/2022\/libro-fisquito-matematicas-mencion-ciencia-en-accion\/"]}]},{"@type":"BreadcrumbList","@id":"https:\/\/www.ull.es\/portal\/noticias\/2022\/libro-fisquito-matematicas-mencion-ciencia-en-accion\/#breadcrumb","itemListElement":[{"@type":"ListItem","position":1,"name":"Portada","item":"https:\/\/www.ull.es\/portal\/noticias\/"},{"@type":"ListItem","position":2,"name":"El libro de mon\u00f3logos \u201cUn fisquito de matem\u00e1ticas\u201d de la ULL gana una menci\u00f3n especial en el concurso Ciencia en Acci\u00f3n"}]},{"@type":"WebSite","@id":"https:\/\/www.ull.es\/portal\/noticias\/#website","url":"https:\/\/www.ull.es\/portal\/noticias\/","name":"ULL - Noticias","description":"","potentialAction":[{"@type":"SearchAction","target":{"@type":"EntryPoint","urlTemplate":"https:\/\/www.ull.es\/portal\/noticias\/?s={search_term_string}"},"query-input":"required name=search_term_string"}],"inLanguage":"es"},{"@type":"Person","@id":"https:\/\/www.ull.es\/portal\/noticias\/#\/schema\/person\/c3b2aa857797592927a03740d6664376","name":"prensa2","image":{"@type":"ImageObject","inLanguage":"es","@id":"https:\/\/www.ull.es\/portal\/noticias\/#\/schema\/person\/image\/","url":"https:\/\/secure.gravatar.com\/avatar\/b58f310a5de5feb33d1e026d2493f23c?s=96&d=mm&r=g","contentUrl":"https:\/\/secure.gravatar.com\/avatar\/b58f310a5de5feb33d1e026d2493f23c?s=96&d=mm&r=g","caption":"prensa2"},"url":"https:\/\/www.ull.es\/portal\/noticias\/author\/prensa2\/"}]}},"primary_category":{"id":345,"name":"Destacado","slug":"destacado","link":"https:\/\/www.ull.es\/portal\/noticias\/category\/destacado\/"},"featured_image_thumbnail_url":"https:\/\/www.ull.es\/portal\/noticias\/wp-content\/uploads\/sites\/13\/2022\/07\/ciencia-en-accion-logo-transparente-2-300x204.png","_links":{"self":[{"href":"https:\/\/www.ull.es\/portal\/noticias\/wp-json\/wp\/v2\/posts\/63709"}],"collection":[{"href":"https:\/\/www.ull.es\/portal\/noticias\/wp-json\/wp\/v2\/posts"}],"about":[{"href":"https:\/\/www.ull.es\/portal\/noticias\/wp-json\/wp\/v2\/types\/post"}],"author":[{"embeddable":true,"href":"https:\/\/www.ull.es\/portal\/noticias\/wp-json\/wp\/v2\/users\/21"}],"replies":[{"embeddable":true,"href":"https:\/\/www.ull.es\/portal\/noticias\/wp-json\/wp\/v2\/comments?post=63709"}],"version-history":[{"count":3,"href":"https:\/\/www.ull.es\/portal\/noticias\/wp-json\/wp\/v2\/posts\/63709\/revisions"}],"predecessor-version":[{"id":63717,"href":"https:\/\/www.ull.es\/portal\/noticias\/wp-json\/wp\/v2\/posts\/63709\/revisions\/63717"}],"wp:featuredmedia":[{"embeddable":true,"href":"https:\/\/www.ull.es\/portal\/noticias\/wp-json\/wp\/v2\/media\/63715"}],"wp:attachment":[{"href":"https:\/\/www.ull.es\/portal\/noticias\/wp-json\/wp\/v2\/media?parent=63709"}],"wp:term":[{"taxonomy":"category","embeddable":true,"href":"https:\/\/www.ull.es\/portal\/noticias\/wp-json\/wp\/v2\/categories?post=63709"},{"taxonomy":"post_tag","embeddable":true,"href":"https:\/\/www.ull.es\/portal\/noticias\/wp-json\/wp\/v2\/tags?post=63709"}],"curies":[{"name":"wp","href":"https:\/\/api.w.org\/{rel}","templated":true}]}}