{"id":63712,"date":"2022-07-01T13:50:38","date_gmt":"2022-07-01T13:50:38","guid":{"rendered":"https:\/\/www.ull.es\/portal\/noticias\/?p=63712"},"modified":"2022-07-01T13:50:38","modified_gmt":"2022-07-01T13:50:38","slug":"ull-foco-internacional-filologia-linguistica-romanicas","status":"publish","type":"post","link":"https:\/\/www.ull.es\/portal\/noticias\/2022\/ull-foco-internacional-filologia-linguistica-romanicas\/","title":{"rendered":"La ULL se convertir\u00e1 durante una semana en el foco internacional de la filolog\u00eda y la ling\u00fc\u00edstica rom\u00e1nicas"},"content":{"rendered":"<p class=\"p4\">La Universidad de La Laguna ser\u00e1 la sede del X<a href=\"https:\/\/www.ull.es\/portal\/agenda\/evento\/xxx-congreso-internacional-de-linguistica-y-filologia-romanicas\/\" target=\"_blank\" rel=\"noopener\" target=\"_blank\" rel=\"noopener\"><span class=\"s3\">XX Congreso Internacional de Ling\u00fc\u00edstica y Filolog\u00eda Rom\u00e1nicas<\/span><\/a>, que se celebrar\u00e1 entre el 4 y el 9 de julio en diversas dependencias del Campus de Guajara. La instituci\u00f3n acad\u00e9mica canaria es la anfitriona de este prestigio encuentro auspiciado por la <a href=\"https:\/\/www.slir.org\/\" target=\"_blank\" rel=\"noopener\" target=\"_blank\" rel=\"noopener\"><span class=\"s4\">Soci\u00e9t\u00e9 de Linguistique Romane<\/span><\/a>, que es el m\u00e1s antiguo e importante del \u00e1rea de Filolog\u00eda y se celebra trienalmente: sus anteriores ediciones fueron en Valencia (2010), Nancy (2013), Roma (2016) y Copenhague (2019).<span class=\"Apple-converted-space\">\u00a0<\/span><\/p>\n<p class=\"p4\">Fue precisamente en esta \u00faltima reuni\u00f3n danesa cuando la presidenta del comit\u00e9 organizador del encuentro tinerfe\u00f1o, la catedr\u00e1tica de Filolog\u00eda Rom\u00e1nica de la Universidad de La Laguna y acad\u00e9mica de la RAE Dolores Corbella, propuso la candidatura del centro canario, que fue aceptada dado el inter\u00e9s de la sociedad organizadora por darle una dimensi\u00f3n \u201catl\u00e1ntica\u201d a esta cita cient\u00edfica. Es por ello que en la reuni\u00f3n de la semana que viene acudir\u00e1n numerosos congresistas de instituciones americanas. Adem\u00e1s del espa\u00f1ol, el franc\u00e9s, el italiano, el portugu\u00e9s y el rumano, tambi\u00e9n habr\u00e1 una nutrida presencia de las lenguas cooficiales espa\u00f1oles, con representantes de las academias e institutos del gallego, catal\u00e1n y valenciano.<\/p>\n<p class=\"p4\">La importancia de este congreso queda patente en su cifra de inscripciones, que llega a las 475 personas, procedentes de Espa\u00f1a, Italia, Francia, Alemania,\u00a0Ruman\u00eda, Suiza, B\u00e9lgica, Portugal, Reino Unido, Austria, Brasil, Canad\u00e1, M\u00e9xico, Chile, EEUU, Egipto, Rep\u00fablica checa, Rep\u00fablica China, Hungr\u00eda, Jap\u00f3n, Ucrania, Polonia, Eslovenia y Noruega. En el transcurso del congreso ser\u00e1n presentadas 331 comunicaciones y 26 p\u00f3steres, que pasar\u00e1n a formar parte del volumen de actas que ser\u00e1 editado posteriormente en Par\u00eds.<\/p>\n<p class=\"p6\">Los contenidos del congreso han sido organizados en quince secciones diferentes que se desarrollar\u00e1n simult\u00e1neamente, que estar\u00e1n presididas por un total de 56 personas de Europa y Am\u00e9rica. Estas \u00e1reas son: Del lat\u00edn a las lenguas rom\u00e1nicas; Fon\u00e9tica, Fonolog\u00eda y Prosodia; Morfolog\u00eda flexiva y Derivativa; Morfosintaxis y Pragm\u00e1tica; Lexicolog\u00eda, Fraseolog\u00eda y Onom\u00e1stica; Lexicograf\u00eda; Dialectolog\u00eda y Geoling\u00fc\u00edstica; Socioling\u00fc\u00edstica, Ling\u00fc\u00edstica variacional y contacto de\u00a0lenguas; Filolog\u00edaling\u00fc\u00edstica; Filolog\u00eda, Edici\u00f3n de textos y Literatura; Estandarizaci\u00f3n e historia externa de las lenguas\u00a0rom\u00e1nicas; Traducci\u00f3n y Traductolog\u00eda; Adquisici\u00f3n, aprendizaje y ense\u00f1anza de lenguas; Ling\u00fc\u00edstica misionera; y Humanidades digitales.<\/p>\n<p class=\"p7\">Paralelamente, se impartir\u00e1n tres conferencias plenarias a cargo de ponentes de reconocido prestigio: <span class=\"s5\">Guillermo Rojo, de la Real Academia Espa\u00f1ola<\/span><span class=\"s6\">; <\/span>Virginia Bertolotti, de la Academia Nacional de Letras del Uruguay; y\u00a0Manuel Gonz\u00e1lez Gonz\u00e1lez, de la Universidade de Santiago y el Instituto da Lingua Galega.<span class=\"s7\"> Tambi\u00e9n se desarrollar\u00e1 una mesa redonda con <\/span>seis investigadores de Espa\u00f1a, Uruguay, M\u00e9xico, Venezuela y Alemania.<\/p>\n<p class=\"p7\"><b>Humanidades digitales, y espa\u00f1ol atl\u00e1ntico, novedades<\/b><\/p>\n<p class=\"p7\">La Universidad de La Laguna ha sido elegida como anfitriona en esta edici\u00f3n de 2022 por la notoriedad y el nivel alcanzado en el panorama de los estudios filol\u00f3gicos\u00a0internacionales, e incorpora dos novedades respecto de los anteriores: una secci\u00f3n dedicada al desarrollo de las Humanidades Digitales, por la revoluci\u00f3n que supone en los avances de la disciplina; y la reflexi\u00f3n profunda sobre el espa\u00f1ol atl\u00e1ntico y, en especial, sobre los estudios ling\u00fc\u00edsticos americanos.<span class=\"Apple-converted-space\">\u00a0<\/span><\/p>\n<p class=\"p7\">De ah\u00ed que el congreso incorpore el subt\u00edtulo \u00abRoman\u00edstica y atlanticidad\u00bb y que cuente con una secci\u00f3n centrada en la \u00abLing\u00fc\u00edstica misionera\u00bb y con una mesa redonda dedicada al desarrollo de la filolog\u00eda\u00a0en la Am\u00e9rica\u00a0hispana. El n\u00famero de congresistas inscritos y de comunicaciones recibidas es el mayor que se ha registrado en la tradici\u00f3n de las ediciones del congreso, lo que prueba el \u00e9xito que ha tenido el llamamiento desde la Universidad de La Laguna.<\/p>\n","protected":false},"excerpt":{"rendered":"<p>La Universidad de La Laguna ser\u00e1 la sede del XXX Congreso Internacional de Ling\u00fc\u00edstica y Filolog\u00eda Rom\u00e1nicas, que se celebrar\u00e1&#8230;<\/p>\n","protected":false},"author":21,"featured_media":63713,"comment_status":"closed","ping_status":"closed","sticky":false,"template":"","format":"standard","meta":{"inline_featured_image":false,"footnotes":""},"categories":[345,3994,3381,350,2765],"tags":[1060,1266,6390,8844,8847,4466,8846,8843,8845,8842],"acf":[],"yoast_head":"<!-- This site is optimized with the Yoast SEO plugin v21.3 - https:\/\/yoast.com\/wordpress\/plugins\/seo\/ -->\n<title>La ULL se convertir\u00e1 en foco internacional de la filolog\u00eda rom\u00e1nica<\/title>\n<meta name=\"description\" content=\"475 personas acuden a esta congreso internacional, en el que se presentar\u00e1n 331 comunicaciones y 26 p\u00f3steres a trav\u00e9s de quince secciones.\" \/>\n<meta name=\"robots\" content=\"index, follow, max-snippet:-1, max-image-preview:large, max-video-preview:-1\" \/>\n<link rel=\"canonical\" href=\"https:\/\/www.ull.es\/portal\/noticias\/2022\/ull-foco-internacional-filologia-linguistica-romanicas\/\" \/>\n<meta property=\"og:locale\" content=\"es_ES\" \/>\n<meta property=\"og:type\" content=\"article\" \/>\n<meta property=\"og:title\" content=\"La ULL se convertir\u00e1 en foco internacional de la filolog\u00eda rom\u00e1nica\" \/>\n<meta property=\"og:description\" content=\"475 personas acuden a esta congreso internacional, en el que se presentar\u00e1n 331 comunicaciones y 26 p\u00f3steres a trav\u00e9s de quince secciones.\" \/>\n<meta property=\"og:url\" content=\"https:\/\/www.ull.es\/portal\/noticias\/2022\/ull-foco-internacional-filologia-linguistica-romanicas\/\" \/>\n<meta property=\"og:site_name\" content=\"ULL - Noticias\" \/>\n<meta property=\"article:publisher\" content=\"https:\/\/www.facebook.com\/universidaddelalaguna\/\" \/>\n<meta property=\"article:published_time\" content=\"2022-07-01T13:50:38+00:00\" \/>\n<meta property=\"og:image\" content=\"https:\/\/www.ull.es\/portal\/noticias\/wp-content\/uploads\/sites\/13\/2022\/07\/XXX-Congreso-Internacional-de-Linguistica-y-Filologia-Romanicas_banner.jpeg\" \/>\n\t<meta property=\"og:image:width\" content=\"700\" \/>\n\t<meta property=\"og:image:height\" content=\"351\" \/>\n\t<meta property=\"og:image:type\" content=\"image\/jpeg\" \/>\n<meta name=\"author\" content=\"prensa2\" \/>\n<meta name=\"twitter:card\" content=\"summary_large_image\" \/>\n<meta name=\"twitter:creator\" content=\"@CanalULL\" \/>\n<meta name=\"twitter:site\" content=\"@CanalULL\" \/>\n<meta name=\"twitter:label1\" content=\"Escrito por\" \/>\n\t<meta name=\"twitter:data1\" content=\"prensa2\" \/>\n\t<meta name=\"twitter:label2\" content=\"Tiempo de lectura\" \/>\n\t<meta name=\"twitter:data2\" content=\"3 minutos\" \/>\n<script type=\"application\/ld+json\" class=\"yoast-schema-graph\">{\"@context\":\"https:\/\/schema.org\",\"@graph\":[{\"@type\":\"WebPage\",\"@id\":\"https:\/\/www.ull.es\/portal\/noticias\/2022\/ull-foco-internacional-filologia-linguistica-romanicas\/\",\"url\":\"https:\/\/www.ull.es\/portal\/noticias\/2022\/ull-foco-internacional-filologia-linguistica-romanicas\/\",\"name\":\"La ULL se convertir\u00e1 en foco internacional de la filolog\u00eda rom\u00e1nica\",\"isPartOf\":{\"@id\":\"https:\/\/www.ull.es\/portal\/noticias\/#website\"},\"datePublished\":\"2022-07-01T13:50:38+00:00\",\"dateModified\":\"2022-07-01T13:50:38+00:00\",\"author\":{\"@id\":\"https:\/\/www.ull.es\/portal\/noticias\/#\/schema\/person\/c3b2aa857797592927a03740d6664376\"},\"description\":\"475 personas acuden a esta congreso internacional, en el que se presentar\u00e1n 331 comunicaciones y 26 p\u00f3steres a trav\u00e9s de quince secciones.\",\"breadcrumb\":{\"@id\":\"https:\/\/www.ull.es\/portal\/noticias\/2022\/ull-foco-internacional-filologia-linguistica-romanicas\/#breadcrumb\"},\"inLanguage\":\"es\",\"potentialAction\":[{\"@type\":\"ReadAction\",\"target\":[\"https:\/\/www.ull.es\/portal\/noticias\/2022\/ull-foco-internacional-filologia-linguistica-romanicas\/\"]}]},{\"@type\":\"BreadcrumbList\",\"@id\":\"https:\/\/www.ull.es\/portal\/noticias\/2022\/ull-foco-internacional-filologia-linguistica-romanicas\/#breadcrumb\",\"itemListElement\":[{\"@type\":\"ListItem\",\"position\":1,\"name\":\"Portada\",\"item\":\"https:\/\/www.ull.es\/portal\/noticias\/\"},{\"@type\":\"ListItem\",\"position\":2,\"name\":\"La ULL se convertir\u00e1 durante una semana en el foco internacional de la filolog\u00eda y la ling\u00fc\u00edstica rom\u00e1nicas\"}]},{\"@type\":\"WebSite\",\"@id\":\"https:\/\/www.ull.es\/portal\/noticias\/#website\",\"url\":\"https:\/\/www.ull.es\/portal\/noticias\/\",\"name\":\"ULL - Noticias\",\"description\":\"\",\"potentialAction\":[{\"@type\":\"SearchAction\",\"target\":{\"@type\":\"EntryPoint\",\"urlTemplate\":\"https:\/\/www.ull.es\/portal\/noticias\/?s={search_term_string}\"},\"query-input\":\"required name=search_term_string\"}],\"inLanguage\":\"es\"},{\"@type\":\"Person\",\"@id\":\"https:\/\/www.ull.es\/portal\/noticias\/#\/schema\/person\/c3b2aa857797592927a03740d6664376\",\"name\":\"prensa2\",\"image\":{\"@type\":\"ImageObject\",\"inLanguage\":\"es\",\"@id\":\"https:\/\/www.ull.es\/portal\/noticias\/#\/schema\/person\/image\/\",\"url\":\"https:\/\/secure.gravatar.com\/avatar\/b58f310a5de5feb33d1e026d2493f23c?s=96&d=mm&r=g\",\"contentUrl\":\"https:\/\/secure.gravatar.com\/avatar\/b58f310a5de5feb33d1e026d2493f23c?s=96&d=mm&r=g\",\"caption\":\"prensa2\"},\"url\":\"https:\/\/www.ull.es\/portal\/noticias\/author\/prensa2\/\"}]}<\/script>\n<!-- \/ Yoast SEO plugin. -->","yoast_head_json":{"title":"La ULL se convertir\u00e1 en foco internacional de la filolog\u00eda rom\u00e1nica","description":"475 personas acuden a esta congreso internacional, en el que se presentar\u00e1n 331 comunicaciones y 26 p\u00f3steres a trav\u00e9s de quince secciones.","robots":{"index":"index","follow":"follow","max-snippet":"max-snippet:-1","max-image-preview":"max-image-preview:large","max-video-preview":"max-video-preview:-1"},"canonical":"https:\/\/www.ull.es\/portal\/noticias\/2022\/ull-foco-internacional-filologia-linguistica-romanicas\/","og_locale":"es_ES","og_type":"article","og_title":"La ULL se convertir\u00e1 en foco internacional de la filolog\u00eda rom\u00e1nica","og_description":"475 personas acuden a esta congreso internacional, en el que se presentar\u00e1n 331 comunicaciones y 26 p\u00f3steres a trav\u00e9s de quince secciones.","og_url":"https:\/\/www.ull.es\/portal\/noticias\/2022\/ull-foco-internacional-filologia-linguistica-romanicas\/","og_site_name":"ULL - Noticias","article_publisher":"https:\/\/www.facebook.com\/universidaddelalaguna\/","article_published_time":"2022-07-01T13:50:38+00:00","og_image":[{"width":700,"height":351,"url":"https:\/\/www.ull.es\/portal\/noticias\/wp-content\/uploads\/sites\/13\/2022\/07\/XXX-Congreso-Internacional-de-Linguistica-y-Filologia-Romanicas_banner.jpeg","type":"image\/jpeg"}],"author":"prensa2","twitter_card":"summary_large_image","twitter_creator":"@CanalULL","twitter_site":"@CanalULL","twitter_misc":{"Escrito por":"prensa2","Tiempo de lectura":"3 minutos"},"schema":{"@context":"https:\/\/schema.org","@graph":[{"@type":"WebPage","@id":"https:\/\/www.ull.es\/portal\/noticias\/2022\/ull-foco-internacional-filologia-linguistica-romanicas\/","url":"https:\/\/www.ull.es\/portal\/noticias\/2022\/ull-foco-internacional-filologia-linguistica-romanicas\/","name":"La ULL se convertir\u00e1 en foco internacional de la filolog\u00eda rom\u00e1nica","isPartOf":{"@id":"https:\/\/www.ull.es\/portal\/noticias\/#website"},"datePublished":"2022-07-01T13:50:38+00:00","dateModified":"2022-07-01T13:50:38+00:00","author":{"@id":"https:\/\/www.ull.es\/portal\/noticias\/#\/schema\/person\/c3b2aa857797592927a03740d6664376"},"description":"475 personas acuden a esta congreso internacional, en el que se presentar\u00e1n 331 comunicaciones y 26 p\u00f3steres a trav\u00e9s de quince secciones.","breadcrumb":{"@id":"https:\/\/www.ull.es\/portal\/noticias\/2022\/ull-foco-internacional-filologia-linguistica-romanicas\/#breadcrumb"},"inLanguage":"es","potentialAction":[{"@type":"ReadAction","target":["https:\/\/www.ull.es\/portal\/noticias\/2022\/ull-foco-internacional-filologia-linguistica-romanicas\/"]}]},{"@type":"BreadcrumbList","@id":"https:\/\/www.ull.es\/portal\/noticias\/2022\/ull-foco-internacional-filologia-linguistica-romanicas\/#breadcrumb","itemListElement":[{"@type":"ListItem","position":1,"name":"Portada","item":"https:\/\/www.ull.es\/portal\/noticias\/"},{"@type":"ListItem","position":2,"name":"La ULL se convertir\u00e1 durante una semana en el foco internacional de la filolog\u00eda y la ling\u00fc\u00edstica rom\u00e1nicas"}]},{"@type":"WebSite","@id":"https:\/\/www.ull.es\/portal\/noticias\/#website","url":"https:\/\/www.ull.es\/portal\/noticias\/","name":"ULL - Noticias","description":"","potentialAction":[{"@type":"SearchAction","target":{"@type":"EntryPoint","urlTemplate":"https:\/\/www.ull.es\/portal\/noticias\/?s={search_term_string}"},"query-input":"required name=search_term_string"}],"inLanguage":"es"},{"@type":"Person","@id":"https:\/\/www.ull.es\/portal\/noticias\/#\/schema\/person\/c3b2aa857797592927a03740d6664376","name":"prensa2","image":{"@type":"ImageObject","inLanguage":"es","@id":"https:\/\/www.ull.es\/portal\/noticias\/#\/schema\/person\/image\/","url":"https:\/\/secure.gravatar.com\/avatar\/b58f310a5de5feb33d1e026d2493f23c?s=96&d=mm&r=g","contentUrl":"https:\/\/secure.gravatar.com\/avatar\/b58f310a5de5feb33d1e026d2493f23c?s=96&d=mm&r=g","caption":"prensa2"},"url":"https:\/\/www.ull.es\/portal\/noticias\/author\/prensa2\/"}]}},"primary_category":{"id":2765,"name":"Portada ULL","slug":"portada-ull","link":"https:\/\/www.ull.es\/portal\/noticias\/category\/portada-ull\/"},"featured_image_thumbnail_url":"https:\/\/www.ull.es\/portal\/noticias\/wp-content\/uploads\/sites\/13\/2022\/07\/XXX-Congreso-Internacional-de-Linguistica-y-Filologia-Romanicas_banner-300x150.jpeg","_links":{"self":[{"href":"https:\/\/www.ull.es\/portal\/noticias\/wp-json\/wp\/v2\/posts\/63712"}],"collection":[{"href":"https:\/\/www.ull.es\/portal\/noticias\/wp-json\/wp\/v2\/posts"}],"about":[{"href":"https:\/\/www.ull.es\/portal\/noticias\/wp-json\/wp\/v2\/types\/post"}],"author":[{"embeddable":true,"href":"https:\/\/www.ull.es\/portal\/noticias\/wp-json\/wp\/v2\/users\/21"}],"replies":[{"embeddable":true,"href":"https:\/\/www.ull.es\/portal\/noticias\/wp-json\/wp\/v2\/comments?post=63712"}],"version-history":[{"count":1,"href":"https:\/\/www.ull.es\/portal\/noticias\/wp-json\/wp\/v2\/posts\/63712\/revisions"}],"predecessor-version":[{"id":63714,"href":"https:\/\/www.ull.es\/portal\/noticias\/wp-json\/wp\/v2\/posts\/63712\/revisions\/63714"}],"wp:featuredmedia":[{"embeddable":true,"href":"https:\/\/www.ull.es\/portal\/noticias\/wp-json\/wp\/v2\/media\/63713"}],"wp:attachment":[{"href":"https:\/\/www.ull.es\/portal\/noticias\/wp-json\/wp\/v2\/media?parent=63712"}],"wp:term":[{"taxonomy":"category","embeddable":true,"href":"https:\/\/www.ull.es\/portal\/noticias\/wp-json\/wp\/v2\/categories?post=63712"},{"taxonomy":"post_tag","embeddable":true,"href":"https:\/\/www.ull.es\/portal\/noticias\/wp-json\/wp\/v2\/tags?post=63712"}],"curies":[{"name":"wp","href":"https:\/\/api.w.org\/{rel}","templated":true}]}}