{"id":63785,"date":"2022-07-05T13:59:36","date_gmt":"2022-07-05T13:59:36","guid":{"rendered":"https:\/\/www.ull.es\/portal\/noticias\/?p=63785"},"modified":"2022-07-05T13:59:36","modified_gmt":"2022-07-05T13:59:36","slug":"arranca-en-el-campus-de-guajara-el-congreso-internacional-que-aborda-la-actualidad-de-las-lenguas-romances","status":"publish","type":"post","link":"https:\/\/www.ull.es\/portal\/noticias\/2022\/arranca-en-el-campus-de-guajara-el-congreso-internacional-que-aborda-la-actualidad-de-las-lenguas-romances\/","title":{"rendered":"Arranca en el campus de Guajara el congreso internacional que aborda la actualidad de las lenguas romances"},"content":{"rendered":"<p>El XXX Congreso Internacional de Ling\u00fc\u00edstica y Filolog\u00eda Rom\u00e1nicas lleva celebr\u00e1ndose desde ayer, lunes 4 de julio, en la Universidad de Laguna, pero fue formalmente inaugurado hoy, martes d\u00eda 6, en un acto celebrado en el Aulario General del Campus de Guajara presidido por la rectora de la instituci\u00f3n acad\u00e9mica, Rosa Aguilar Chinea. Durante cinco d\u00edas, un total de 475 personas procedentes de m\u00e1s de 250 centros acad\u00e9micos de 27 pa\u00edses diferentes presentar\u00e1n las principales novedades de la investigaci\u00f3n sobre lenguas romances a trav\u00e9s de quince mesas tem\u00e1ticas diferentes que abarcan toda la complejidad de esta materia.<\/p>\n<p>En sus palabras de bienvenida, la rectora se\u00f1al\u00f3 el honor que supone para la Universidad de La Laguna acoger esta reuni\u00f3n cient\u00edfica que, auspiciada por la Soci\u00e9t\u00e9 de Linguistique Romane, extraordinaria tanto por su frecuencia trienal como por ser el congreso filol\u00f3gico m\u00e1s antiguo que se celebra en Europa. Adem\u00e1s, destac\u00f3 que en esta edici\u00f3n se abordar\u00e1n dos asuntos de especial relevancia para el mentor tinerfe\u00f1o: las variantes del espa\u00f1ol de Am\u00e9rica, por lo que se ha dicho que el encuentro posee una \u201cdimensi\u00f3n atl\u00e1ntica\u201d; y las humanidades digitales, una l\u00ednea de investigaci\u00f3n que se est\u00e1 desarrollando en la instituci\u00f3n anfitriona y sobre la que Aguilar se congratul\u00f3 por ser un punto de encuentro entre la filolog\u00eda y su propia disciplina, la ingenier\u00eda inform\u00e1tica.<\/p>\n<div id=\"attachment_63788\" style=\"width: 310px\" class=\"wp-caption alignleft\"><img aria-describedby=\"caption-attachment-63788\" decoding=\"async\" loading=\"lazy\" class=\"wp-image-63788 size-medium\" src=\"https:\/\/www.ull.es\/portal\/noticias\/wp-content\/uploads\/sites\/13\/2022\/07\/Congr-Liguistica-y-F-Romanicas-10-300x200.jpg\" alt=\"\" width=\"300\" height=\"200\" srcset=\"https:\/\/www.ull.es\/portal\/noticias\/wp-content\/uploads\/sites\/13\/2022\/07\/Congr-Liguistica-y-F-Romanicas-10-300x200.jpg 300w, https:\/\/www.ull.es\/portal\/noticias\/wp-content\/uploads\/sites\/13\/2022\/07\/Congr-Liguistica-y-F-Romanicas-10-768x512.jpg 768w, https:\/\/www.ull.es\/portal\/noticias\/wp-content\/uploads\/sites\/13\/2022\/07\/Congr-Liguistica-y-F-Romanicas-10-375x250.jpg 375w, https:\/\/www.ull.es\/portal\/noticias\/wp-content\/uploads\/sites\/13\/2022\/07\/Congr-Liguistica-y-F-Romanicas-10-750x500.jpg 750w, https:\/\/www.ull.es\/portal\/noticias\/wp-content\/uploads\/sites\/13\/2022\/07\/Congr-Liguistica-y-F-Romanicas-10.jpg 1024w\" sizes=\"(max-width: 300px) 100vw, 300px\" \/><p id=\"caption-attachment-63788\" class=\"wp-caption-text\">Dolores Corbella, presidenta del comit\u00e9 organizador.<\/p><\/div>\n<p>La Soci\u00e9t\u00e9 de Linguistique Romane estuvo representada por su presidente, Fernando S\u00e1nchez, y su secretario, Martin Glessgen. El primero de ellos reflexion\u00f3 que este congreso no deber\u00eda ser un pretexto para a\u00f1adir una l\u00ednea m\u00e1s a los curr\u00edculos de los investigadores; parafraseando a Kant, record\u00f3 que, m\u00e1s que leer mucho, hay que leer bien y, en ese punto, lament\u00f3 que el actual sistema acad\u00e9mico obligue a publicar infinidad de art\u00edculos de investigaci\u00f3n que fomentan lecturas apresuradas para poder estar al d\u00eda, de tal modo que trabajos realmente revolucionarios podr\u00edan perderse en esa sobreabundancia de literatura cient\u00edfica. \u201cAqu\u00ed hemos venido a presentar lo mejor de nuestra investigaci\u00f3n y someterla al juicio de los colegas para que surjan nuevas ideas\u201d. Tambi\u00e9n se refiri\u00f3 a la longevidad de la sociedad que preside, la cual cumplir\u00e1 su primer centenario en 2024.<\/p>\n<p>La presidenta del comit\u00e9 organizador, la catedr\u00e1tica de Filolog\u00eda Rom\u00e1nica Dolores Corbella, record\u00f3 que las anteriores ediciones del congreso se hab\u00edan celebrado en Roma y Copenague, y el v\u00e9rtigo que supuso aceptar el reto de organizarlo en la Universidad de La Laguna. Agradeci\u00f3 el esfuerzo al \u201cpeque\u00f1o pero resolutivo\u201d equipo de docentes y estudiantes que ha trabajado para organizar el encuentro, as\u00ed como a las diferentes instituciones y entidades que han colaborado de alguna u otra forma. Record\u00f3 que han querido \u201cdar otra dimensi\u00f3n a los estudios filol\u00f3gicos\u201d, en referencia al a ya citada dimensi\u00f3n atl\u00e1ntica del encuentro y el \u00e1rea tem\u00e1tica sobre humanidades digitales.<\/p>\n<p>Por su parte, la co-presidenta del congreso, la catedr\u00e1tica de Ling\u00fc\u00edstica General Josefa Dorta Luis, repas\u00f3 los n\u00fameros que hablan de la magnitud el congreso: tres conferencias plenarias; quince secciones tem\u00e1ticas, algunas de las cuales poseen tal cantidad de presentaciones que son congresos en s\u00ed mismas; plenarias; 331 comunicaciones orales en total; 26 p\u00f3steres; representantes de m\u00e1s de 250 centros de 27 pa\u00edses, 18 de ellos de la UE y entre los restantes, algunos tan lejanos como China, Jap\u00f3n, EE.U y Canad\u00e1.<\/p>\n<p>En cuanto a la representaci\u00f3n institucional presente en el acto, la viceconsejera de Educaci\u00f3n, Universidades, Cultura y Deportes del Gobierno de Canarias, Mar\u00eda Dolores Rodr\u00edguez, cit\u00f3 a la escritora Irene Vallejo para reivindicar el poder de las palabras para multiplicar las posibilidades de cooperaci\u00f3n entre las personas y ser herramientas de progreso; el director insular de Cultura del Cabildo de Tenerife, Alejandro Krawietz, se\u00f1al\u00f3 la importancia que la filolog\u00eda cobra en estos tiempos en los cuales el poder se ha apoderado de las palabras para transformar la realidad a su antojo, por lo que habl\u00f3 de tender hacia un \u201clenguaje sostenible\u201d que permita frenar esos abusos; y el concejal de Medio Ambiente del Ayuntamiento de La Laguna, Jos\u00e9 Luis Hern\u00e1ndez, dio la bienvenida a su ciudad, patrimonio de la humanidad por su dise\u00f1o abierto y acogedor, en contrapartida a las viejas ciudades europeas que se erigieron \u201ccerradas, para la guerra\u201d.<\/p>\n<p><strong>Diccionarios de frecuencia<\/strong><\/p>\n<p>Tras la inauguraci\u00f3n, Guillermo Rojo, de la Real Academia Espa\u00f1ola, dict\u00f3 la conferencia de apertura. El acad\u00e9mico es art\u00edfice de alguno de los corpus de referencia del Espa\u00f1ol, como son el Corpus de Referencia del Espa\u00f1ol Actual (CREA), el Corpus Diacr\u00f3nico del Espa\u00f1ol (CORDE), el Corpus de Referencia do Galego Actual (CORGA) y el\u00a0Corpus del Espa\u00f1ol del Siglo XXI (CORPES). Su intervenci\u00f3n vers\u00f3 sobre la historia, vigencia y posibles mejoras de los diccionarios de frecuencia, tomando como referencia la labor desarrollada en ese \u00e1mbito en los a\u00f1os 60 del siglo pasado<img decoding=\"async\" loading=\"lazy\" class=\"alignright wp-image-63787 size-medium\" src=\"https:\/\/www.ull.es\/portal\/noticias\/wp-content\/uploads\/sites\/13\/2022\/07\/Congr-Liguistica-y-F-Romanicas-15-300x200.jpg\" alt=\"\" width=\"300\" height=\"200\" srcset=\"https:\/\/www.ull.es\/portal\/noticias\/wp-content\/uploads\/sites\/13\/2022\/07\/Congr-Liguistica-y-F-Romanicas-15-300x200.jpg 300w, https:\/\/www.ull.es\/portal\/noticias\/wp-content\/uploads\/sites\/13\/2022\/07\/Congr-Liguistica-y-F-Romanicas-15-768x512.jpg 768w, https:\/\/www.ull.es\/portal\/noticias\/wp-content\/uploads\/sites\/13\/2022\/07\/Congr-Liguistica-y-F-Romanicas-15-375x250.jpg 375w, https:\/\/www.ull.es\/portal\/noticias\/wp-content\/uploads\/sites\/13\/2022\/07\/Congr-Liguistica-y-F-Romanicas-15-750x500.jpg 750w, https:\/\/www.ull.es\/portal\/noticias\/wp-content\/uploads\/sites\/13\/2022\/07\/Congr-Liguistica-y-F-Romanicas-15.jpg 1024w\" sizes=\"(max-width: 300px) 100vw, 300px\" \/> por Jullinad, acompa\u00f1ado por otros colaboradores.<\/p>\n<p>Este tipo de diccionario estudia la frecuencia con la que aparecen las palabras de un idioma, lo cual puede tener utilidad, por ejemplo, en la ense\u00f1anza de ese idioma para estudiantes extranjeros, pues ayuda a determinar cu\u00e1les ser\u00edan las palabras m\u00e1s habitiuales y, por tanto, cuyo aprendizaje es prioritario. Son \u00fatiles en la media que miden qu\u00e9 porcentaje del contenido de un texto puede ser reconocido por una persona que haya aprendido el significado de los lemas m\u00e1s frecuentes.<\/p>\n<p>As\u00ed, se puede intentar medir cu\u00e1ntos miles de lemas es necesario aprender para comprender cierto porcentaje del contenido de un texto. En espa\u00f1ol, se da una progresi\u00f3n cada vez m\u00e1s lenta: as\u00ed, sabiendo los diez lemas m\u00e1s frecuentes se podr\u00e1 reconocer el 34,80% de un texto; con 25 lemas, el 45,37%; y con 50, el 51,46%. Sin embargo, a partir de ah\u00ed, el aumento de porcentaje es cada vez m\u00e1s lento a medida que el n\u00famero de palabras aumenta: con 4.000 lemas se comprender\u00eda el 91,75% de un texto, pero con 8.000, el 95,95%, es decir, ser\u00eda necesario el doble de esfuerzo de estudio de palabras para subir solo cuatro puntos porcentuales en la comprensi\u00f3n.<\/p>\n","protected":false},"excerpt":{"rendered":"<p>El XXX Congreso Internacional de Ling\u00fc\u00edstica y Filolog\u00eda Rom\u00e1nicas lleva celebr\u00e1ndose desde ayer, lunes 4 de julio, en la Universidad&#8230;<\/p>\n","protected":false},"author":23,"featured_media":63789,"comment_status":"closed","ping_status":"closed","sticky":false,"template":"","format":"standard","meta":{"inline_featured_image":false,"footnotes":""},"categories":[345,3994,3381,350,2765],"tags":[8856,1060,8855,8843],"acf":[],"yoast_head":"<!-- This site is optimized with the Yoast SEO plugin v21.3 - https:\/\/yoast.com\/wordpress\/plugins\/seo\/ -->\n<title>Arranca en el campus de Guajara el congreso internacional que aborda la actualidad de las lenguas romances - ULL - Noticias<\/title>\n<meta name=\"robots\" content=\"index, follow, max-snippet:-1, max-image-preview:large, max-video-preview:-1\" \/>\n<link rel=\"canonical\" href=\"https:\/\/www.ull.es\/portal\/noticias\/2022\/arranca-en-el-campus-de-guajara-el-congreso-internacional-que-aborda-la-actualidad-de-las-lenguas-romances\/\" \/>\n<meta property=\"og:locale\" content=\"es_ES\" \/>\n<meta property=\"og:type\" content=\"article\" \/>\n<meta property=\"og:title\" content=\"Arranca en el campus de Guajara el congreso internacional que aborda la actualidad de las lenguas romances - ULL - Noticias\" \/>\n<meta property=\"og:description\" content=\"El XXX Congreso Internacional de Ling\u00fc\u00edstica y Filolog\u00eda Rom\u00e1nicas lleva celebr\u00e1ndose desde ayer, lunes 4 de julio, en la Universidad...\" \/>\n<meta property=\"og:url\" content=\"https:\/\/www.ull.es\/portal\/noticias\/2022\/arranca-en-el-campus-de-guajara-el-congreso-internacional-que-aborda-la-actualidad-de-las-lenguas-romances\/\" \/>\n<meta property=\"og:site_name\" content=\"ULL - Noticias\" \/>\n<meta property=\"article:publisher\" content=\"https:\/\/www.facebook.com\/universidaddelalaguna\/\" \/>\n<meta property=\"article:published_time\" content=\"2022-07-05T13:59:36+00:00\" \/>\n<meta property=\"og:image\" content=\"https:\/\/www.ull.es\/portal\/noticias\/wp-content\/uploads\/sites\/13\/2022\/07\/Congr-Liguistica-y-F-Romanicas-05.jpg\" \/>\n\t<meta property=\"og:image:width\" content=\"1024\" \/>\n\t<meta property=\"og:image:height\" content=\"683\" \/>\n\t<meta property=\"og:image:type\" content=\"image\/jpeg\" \/>\n<meta name=\"author\" content=\"gaprsa\" \/>\n<meta name=\"twitter:card\" content=\"summary_large_image\" \/>\n<meta name=\"twitter:creator\" content=\"@CanalULL\" \/>\n<meta name=\"twitter:site\" content=\"@CanalULL\" \/>\n<meta name=\"twitter:label1\" content=\"Escrito por\" \/>\n\t<meta name=\"twitter:data1\" content=\"gaprsa\" \/>\n\t<meta name=\"twitter:label2\" content=\"Tiempo de lectura\" \/>\n\t<meta name=\"twitter:data2\" content=\"5 minutos\" \/>\n<script type=\"application\/ld+json\" class=\"yoast-schema-graph\">{\"@context\":\"https:\/\/schema.org\",\"@graph\":[{\"@type\":\"WebPage\",\"@id\":\"https:\/\/www.ull.es\/portal\/noticias\/2022\/arranca-en-el-campus-de-guajara-el-congreso-internacional-que-aborda-la-actualidad-de-las-lenguas-romances\/\",\"url\":\"https:\/\/www.ull.es\/portal\/noticias\/2022\/arranca-en-el-campus-de-guajara-el-congreso-internacional-que-aborda-la-actualidad-de-las-lenguas-romances\/\",\"name\":\"Arranca en el campus de Guajara el congreso internacional que aborda la actualidad de las lenguas romances - ULL - Noticias\",\"isPartOf\":{\"@id\":\"https:\/\/www.ull.es\/portal\/noticias\/#website\"},\"datePublished\":\"2022-07-05T13:59:36+00:00\",\"dateModified\":\"2022-07-05T13:59:36+00:00\",\"author\":{\"@id\":\"https:\/\/www.ull.es\/portal\/noticias\/#\/schema\/person\/b2b1a89d43ffa609e591f7df8ef3e817\"},\"breadcrumb\":{\"@id\":\"https:\/\/www.ull.es\/portal\/noticias\/2022\/arranca-en-el-campus-de-guajara-el-congreso-internacional-que-aborda-la-actualidad-de-las-lenguas-romances\/#breadcrumb\"},\"inLanguage\":\"es\",\"potentialAction\":[{\"@type\":\"ReadAction\",\"target\":[\"https:\/\/www.ull.es\/portal\/noticias\/2022\/arranca-en-el-campus-de-guajara-el-congreso-internacional-que-aborda-la-actualidad-de-las-lenguas-romances\/\"]}]},{\"@type\":\"BreadcrumbList\",\"@id\":\"https:\/\/www.ull.es\/portal\/noticias\/2022\/arranca-en-el-campus-de-guajara-el-congreso-internacional-que-aborda-la-actualidad-de-las-lenguas-romances\/#breadcrumb\",\"itemListElement\":[{\"@type\":\"ListItem\",\"position\":1,\"name\":\"Portada\",\"item\":\"https:\/\/www.ull.es\/portal\/noticias\/\"},{\"@type\":\"ListItem\",\"position\":2,\"name\":\"Arranca en el campus de Guajara el congreso internacional que aborda la actualidad de las lenguas romances\"}]},{\"@type\":\"WebSite\",\"@id\":\"https:\/\/www.ull.es\/portal\/noticias\/#website\",\"url\":\"https:\/\/www.ull.es\/portal\/noticias\/\",\"name\":\"ULL - Noticias\",\"description\":\"\",\"potentialAction\":[{\"@type\":\"SearchAction\",\"target\":{\"@type\":\"EntryPoint\",\"urlTemplate\":\"https:\/\/www.ull.es\/portal\/noticias\/?s={search_term_string}\"},\"query-input\":\"required name=search_term_string\"}],\"inLanguage\":\"es\"},{\"@type\":\"Person\",\"@id\":\"https:\/\/www.ull.es\/portal\/noticias\/#\/schema\/person\/b2b1a89d43ffa609e591f7df8ef3e817\",\"name\":\"gaprsa\",\"image\":{\"@type\":\"ImageObject\",\"inLanguage\":\"es\",\"@id\":\"https:\/\/www.ull.es\/portal\/noticias\/#\/schema\/person\/image\/\",\"url\":\"https:\/\/secure.gravatar.com\/avatar\/443820550921091458b4823867723b3d?s=96&d=mm&r=g\",\"contentUrl\":\"https:\/\/secure.gravatar.com\/avatar\/443820550921091458b4823867723b3d?s=96&d=mm&r=g\",\"caption\":\"gaprsa\"},\"url\":\"https:\/\/www.ull.es\/portal\/noticias\/author\/gaprsa\/\"}]}<\/script>\n<!-- \/ Yoast SEO plugin. -->","yoast_head_json":{"title":"Arranca en el campus de Guajara el congreso internacional que aborda la actualidad de las lenguas romances - ULL - Noticias","robots":{"index":"index","follow":"follow","max-snippet":"max-snippet:-1","max-image-preview":"max-image-preview:large","max-video-preview":"max-video-preview:-1"},"canonical":"https:\/\/www.ull.es\/portal\/noticias\/2022\/arranca-en-el-campus-de-guajara-el-congreso-internacional-que-aborda-la-actualidad-de-las-lenguas-romances\/","og_locale":"es_ES","og_type":"article","og_title":"Arranca en el campus de Guajara el congreso internacional que aborda la actualidad de las lenguas romances - ULL - Noticias","og_description":"El XXX Congreso Internacional de Ling\u00fc\u00edstica y Filolog\u00eda Rom\u00e1nicas lleva celebr\u00e1ndose desde ayer, lunes 4 de julio, en la Universidad...","og_url":"https:\/\/www.ull.es\/portal\/noticias\/2022\/arranca-en-el-campus-de-guajara-el-congreso-internacional-que-aborda-la-actualidad-de-las-lenguas-romances\/","og_site_name":"ULL - Noticias","article_publisher":"https:\/\/www.facebook.com\/universidaddelalaguna\/","article_published_time":"2022-07-05T13:59:36+00:00","og_image":[{"width":1024,"height":683,"url":"https:\/\/www.ull.es\/portal\/noticias\/wp-content\/uploads\/sites\/13\/2022\/07\/Congr-Liguistica-y-F-Romanicas-05.jpg","type":"image\/jpeg"}],"author":"gaprsa","twitter_card":"summary_large_image","twitter_creator":"@CanalULL","twitter_site":"@CanalULL","twitter_misc":{"Escrito por":"gaprsa","Tiempo de lectura":"5 minutos"},"schema":{"@context":"https:\/\/schema.org","@graph":[{"@type":"WebPage","@id":"https:\/\/www.ull.es\/portal\/noticias\/2022\/arranca-en-el-campus-de-guajara-el-congreso-internacional-que-aborda-la-actualidad-de-las-lenguas-romances\/","url":"https:\/\/www.ull.es\/portal\/noticias\/2022\/arranca-en-el-campus-de-guajara-el-congreso-internacional-que-aborda-la-actualidad-de-las-lenguas-romances\/","name":"Arranca en el campus de Guajara el congreso internacional que aborda la actualidad de las lenguas romances - ULL - Noticias","isPartOf":{"@id":"https:\/\/www.ull.es\/portal\/noticias\/#website"},"datePublished":"2022-07-05T13:59:36+00:00","dateModified":"2022-07-05T13:59:36+00:00","author":{"@id":"https:\/\/www.ull.es\/portal\/noticias\/#\/schema\/person\/b2b1a89d43ffa609e591f7df8ef3e817"},"breadcrumb":{"@id":"https:\/\/www.ull.es\/portal\/noticias\/2022\/arranca-en-el-campus-de-guajara-el-congreso-internacional-que-aborda-la-actualidad-de-las-lenguas-romances\/#breadcrumb"},"inLanguage":"es","potentialAction":[{"@type":"ReadAction","target":["https:\/\/www.ull.es\/portal\/noticias\/2022\/arranca-en-el-campus-de-guajara-el-congreso-internacional-que-aborda-la-actualidad-de-las-lenguas-romances\/"]}]},{"@type":"BreadcrumbList","@id":"https:\/\/www.ull.es\/portal\/noticias\/2022\/arranca-en-el-campus-de-guajara-el-congreso-internacional-que-aborda-la-actualidad-de-las-lenguas-romances\/#breadcrumb","itemListElement":[{"@type":"ListItem","position":1,"name":"Portada","item":"https:\/\/www.ull.es\/portal\/noticias\/"},{"@type":"ListItem","position":2,"name":"Arranca en el campus de Guajara el congreso internacional que aborda la actualidad de las lenguas romances"}]},{"@type":"WebSite","@id":"https:\/\/www.ull.es\/portal\/noticias\/#website","url":"https:\/\/www.ull.es\/portal\/noticias\/","name":"ULL - Noticias","description":"","potentialAction":[{"@type":"SearchAction","target":{"@type":"EntryPoint","urlTemplate":"https:\/\/www.ull.es\/portal\/noticias\/?s={search_term_string}"},"query-input":"required name=search_term_string"}],"inLanguage":"es"},{"@type":"Person","@id":"https:\/\/www.ull.es\/portal\/noticias\/#\/schema\/person\/b2b1a89d43ffa609e591f7df8ef3e817","name":"gaprsa","image":{"@type":"ImageObject","inLanguage":"es","@id":"https:\/\/www.ull.es\/portal\/noticias\/#\/schema\/person\/image\/","url":"https:\/\/secure.gravatar.com\/avatar\/443820550921091458b4823867723b3d?s=96&d=mm&r=g","contentUrl":"https:\/\/secure.gravatar.com\/avatar\/443820550921091458b4823867723b3d?s=96&d=mm&r=g","caption":"gaprsa"},"url":"https:\/\/www.ull.es\/portal\/noticias\/author\/gaprsa\/"}]}},"primary_category":{"id":345,"name":"Destacado","slug":"destacado","link":"https:\/\/www.ull.es\/portal\/noticias\/category\/destacado\/"},"featured_image_thumbnail_url":"https:\/\/www.ull.es\/portal\/noticias\/wp-content\/uploads\/sites\/13\/2022\/07\/Congr-Liguistica-y-F-Romanicas-05-300x200.jpg","_links":{"self":[{"href":"https:\/\/www.ull.es\/portal\/noticias\/wp-json\/wp\/v2\/posts\/63785"}],"collection":[{"href":"https:\/\/www.ull.es\/portal\/noticias\/wp-json\/wp\/v2\/posts"}],"about":[{"href":"https:\/\/www.ull.es\/portal\/noticias\/wp-json\/wp\/v2\/types\/post"}],"author":[{"embeddable":true,"href":"https:\/\/www.ull.es\/portal\/noticias\/wp-json\/wp\/v2\/users\/23"}],"replies":[{"embeddable":true,"href":"https:\/\/www.ull.es\/portal\/noticias\/wp-json\/wp\/v2\/comments?post=63785"}],"version-history":[{"count":2,"href":"https:\/\/www.ull.es\/portal\/noticias\/wp-json\/wp\/v2\/posts\/63785\/revisions"}],"predecessor-version":[{"id":63790,"href":"https:\/\/www.ull.es\/portal\/noticias\/wp-json\/wp\/v2\/posts\/63785\/revisions\/63790"}],"wp:featuredmedia":[{"embeddable":true,"href":"https:\/\/www.ull.es\/portal\/noticias\/wp-json\/wp\/v2\/media\/63789"}],"wp:attachment":[{"href":"https:\/\/www.ull.es\/portal\/noticias\/wp-json\/wp\/v2\/media?parent=63785"}],"wp:term":[{"taxonomy":"category","embeddable":true,"href":"https:\/\/www.ull.es\/portal\/noticias\/wp-json\/wp\/v2\/categories?post=63785"},{"taxonomy":"post_tag","embeddable":true,"href":"https:\/\/www.ull.es\/portal\/noticias\/wp-json\/wp\/v2\/tags?post=63785"}],"curies":[{"name":"wp","href":"https:\/\/api.w.org\/{rel}","templated":true}]}}