{"id":64029,"date":"2022-07-18T09:00:32","date_gmt":"2022-07-18T09:00:32","guid":{"rendered":"https:\/\/www.ull.es\/portal\/noticias\/?p=64029"},"modified":"2022-07-18T09:00:32","modified_gmt":"2022-07-18T09:00:32","slug":"la-catedratica-de-la-ull-margarita-ramos-y-cajasiete-premios-fifede-a-la-igualdad-en-el-empleo-ellas-2022","status":"publish","type":"post","link":"https:\/\/www.ull.es\/portal\/noticias\/2022\/la-catedratica-de-la-ull-margarita-ramos-y-cajasiete-premios-fifede-a-la-igualdad-en-el-empleo-ellas-2022\/","title":{"rendered":"La catedr\u00e1tica de la ULL Margarita Ramos y Cajasiete, Premios Fifede a la Igualdad en el Empleo \u2018Ellas 2022\u2019"},"content":{"rendered":"<p data-wahfont=\"16\">El\u00a0Cabildo de Tenerife\u00a0ha reconocido la labor de la catedr\u00e1tica en Derecho del Trabajo y de la Seguridad Social por la Universidad de La Laguna,\u00a0Margarita Ramos, y de la entidad\u00a0Cajasiete, en materia de\u00a0igualdad de oportunidades\u00a0entre mujeres y hombres en el \u00e1mbito laboral, en la sexta edici\u00f3n de los\u00a0Premios Fifede a la Igualdad en el Empleo\u00a0<i>Ellas 2022<\/i>. Los galardones se dieron a conocer en una ceremonia celebrada en las instalaciones del Museo de la Naturaleza y la Arqueolog\u00eda (MUNA).<\/p>\n<p data-wahfont=\"16\">El presidente insular,\u00a0Pedro Mart\u00edn, destac\u00f3 \u201cla brillante trayectoria de\u00a0Margarita Ramos, y su trabajo e incansable dedicaci\u00f3n por visibilizar las barreras y retos laborales a los que a\u00fan tienen que hacer frente las mujeres\u201d. Del mismo modo, agradeci\u00f3 el compromiso de\u00a0Cajasiete\u00a0y de todas las entidades nominadas, \u201cque nos permite avanzar hacia una sociedad m\u00e1s solidaria, justa y respetuosa. Ojal\u00e1 que este reconocimiento sirva de inspiraci\u00f3n a otras muchas entidades, empresas y administraciones p\u00fablicas, porque la igualdad no puede quedarse en una mera declaraci\u00f3n de principios\u201d.<span class=\"Apple-converted-space\" data-wahfont=\"16\">\u00a0<\/span><\/p>\n<p data-wahfont=\"16\">La consejera insular de\u00a0Empleo, Desarrollo Socioecon\u00f3mico y Acci\u00f3n Exterior,\u00a0Carmen Luz Baso, record\u00f3 que en el cuarto trimestre de 2021 se lleg\u00f3 a la cifra m\u00e1s alta de mujeres ocupadas en Canarias, superando las 442.000. \u201cNo obstante, tambi\u00e9n vemos c\u00f3mo las mujeres siguen copando los nichos de empleo hist\u00f3ricamente feminizados, como la limpieza o los cuidados, de ah\u00ed la necesidad de que todos y todas redoblemos nuestro compromiso por reducir las barreras estructurales que contin\u00faan lastrando el acceso de las mujeres al mercado laboral en igualdad de derechos y condiciones\u201d.<span class=\"Apple-converted-space\" data-wahfont=\"16\">\u00a0<\/span><\/p>\n<p data-wahfont=\"16\">Por su parte, la consejera delegada de\u00a0Igualdad y Prevenci\u00f3n de la Violencia de G\u00e9nero,\u00a0Priscila de Le\u00f3n, incidi\u00f3 en que \u201cla participaci\u00f3n activa y el trabajo colaborativo y coordinado son la \u00fanica forma de lograr que las pol\u00edticas de igualdad tengan una mayor efectividad\u201d. A su juicio, \u201calcanzar la\u00a0igualdad\u00a0entre mujeres y hombres s\u00ed es posible si se trabaja por ella y existe compromiso, y gracias a estos premios seguimos reconociendo y marcando el camino\u201d.<\/p>\n<p data-wahfont=\"16\">Los\u00a0premios \u2018Ellas\u2019, promovidos por el Cabildo, a trav\u00e9s Fundaci\u00f3n Insular para la Formaci\u00f3n, el Empleo y el Desarrollo Empresarial (Fifede), tienen el objetivo de reconocer y visibilizar el trabajo de personas, entidades sociales, empresas y administraciones p\u00fablicas en materia de igualdad laboral, para que adem\u00e1s puedan servir de ejemplo para el conjunto de la poblaci\u00f3n.<\/p>\n<p data-wahfont=\"16\">Margarita Ramos, catedr\u00e1tica en Derecho del Trabajo y de la Seguridad Social por la Universidad de La Laguna, fue reconocida en la categor\u00eda individual por su lucha por la\u00a0igualdad laboral de las mujeres en Canarias. Presidenta de la Fundaci\u00f3n CajaCanarias, es autora de m\u00e1s de 200 trabajos de investigaci\u00f3n, adem\u00e1s de activa conferenciante en materia de derechos laborales e igualdad. Tambi\u00e9n fue consejera de Empleo, Industria y Comercio del Gobierno de Canarias entre 2011 y 2013, y directora del Instituto de Estudios de las Mujeres de la Universidad de La Laguna hasta 2021.<span class=\"Apple-converted-space\" data-wahfont=\"16\">\u00a0<\/span><\/p>\n<p data-wahfont=\"16\">En la modalidad empresarial, el premio recay\u00f3 en\u00a0Cajasiete, por el desarrollo e implantaci\u00f3n de medidas en favor de la igualdad y la conciliaci\u00f3n laboral de su personal. Actualmente, el 58 por ciento de la plantilla de Cajasiete est\u00e1 conformada por mujeres, adem\u00e1s, la entidad dispone de un protocolo de acoso, de un plan de igualdad y medidas de conciliaci\u00f3n, como los permisos ampliados por maternidad y paternidad, y la posibilidad de teletrabajo y de horarios flexibles.<span class=\"Apple-converted-space\" data-wahfont=\"16\">\u00a0<\/span><\/p>\n<p data-wahfont=\"16\">Los premios Fifede forman parte del proyecto para impulsar la inserci\u00f3n laboral de mujeres desempleadas (proyecto ISOS), que cuenta con la cofinanciaci\u00f3n del Fondo de Desarrollo de Canarias (Fdcan), y del Marco Estrat\u00e9gico de Desarrollo Insular (Medi).<\/p>\n<p data-wahfont=\"16\">En anteriores ediciones estos premios han reconocido a las siguientes empresas, personas y entidades: Cristina Almeida, Ana Hern\u00e1ndez, Mar\u00eda Ferraz, el Grupo Disa, la cooperativa La Fast, el CV Arona Tenerife Sur, el IES Las Indias, la Federaci\u00f3n Provincial de Empresas del Metal y Nuevas Tecnolog\u00edas de Santa Cruz de Tenerife (Femete), la Cooperativa Farmac\u00e9utica de Tenerife (COFARTE), la Autoridad Portuaria de Santa Cruz de Tenerife y la Asociaci\u00f3n de Familias Monoparentales de Canarias.<\/p>\n<p data-wahfont=\"16\"><strong>Nota de prensa y fotograf\u00eda cedidas.<\/strong><\/p>\n","protected":false},"excerpt":{"rendered":"<p>El\u00a0Cabildo de Tenerife\u00a0ha reconocido la labor de la catedr\u00e1tica en Derecho del Trabajo y de la Seguridad Social por la&#8230;<\/p>\n","protected":false},"author":67,"featured_media":64030,"comment_status":"closed","ping_status":"closed","sticky":false,"template":"","format":"standard","meta":{"inline_featured_image":false,"footnotes":""},"categories":[345,348,2765],"tags":[665,5761,1470,2150],"acf":[],"yoast_head":"<!-- This site is optimized with the Yoast SEO plugin v21.3 - https:\/\/yoast.com\/wordpress\/plugins\/seo\/ -->\n<title>La catedr\u00e1tica de la ULL Margarita Ramos y Cajasiete, Premios Fifede a la Igualdad en el Empleo \u2018Ellas 2022\u2019 - ULL - Noticias<\/title>\n<meta name=\"description\" content=\"El\u00a0Cabildo de Tenerife\u00a0ha reconocido la labor de la catedr\u00e1tica en Derecho del Trabajo y de la Seguridad Social por la Universidad de La Laguna,\u00a0Margarita Ramos, y de la entidad\u00a0Cajasiete, en materia de\u00a0igualdad de oportunidades\u00a0entre mujeres y hombres en el \u00e1mbito laboral, en la sexta edici\u00f3n de los\u00a0Premios Fifede a la Igualdad en el Empleo\u00a0Ellas 2022.\" \/>\n<meta name=\"robots\" content=\"index, follow, max-snippet:-1, max-image-preview:large, max-video-preview:-1\" \/>\n<link rel=\"canonical\" href=\"https:\/\/www.ull.es\/portal\/noticias\/2022\/la-catedratica-de-la-ull-margarita-ramos-y-cajasiete-premios-fifede-a-la-igualdad-en-el-empleo-ellas-2022\/\" \/>\n<meta property=\"og:locale\" content=\"es_ES\" \/>\n<meta property=\"og:type\" content=\"article\" \/>\n<meta property=\"og:title\" content=\"La catedr\u00e1tica de la ULL Margarita Ramos y Cajasiete, Premios Fifede a la Igualdad en el Empleo \u2018Ellas 2022\u2019 - ULL - Noticias\" \/>\n<meta property=\"og:description\" content=\"El\u00a0Cabildo de Tenerife\u00a0ha reconocido la labor de la catedr\u00e1tica en Derecho del Trabajo y de la Seguridad Social por la Universidad de La Laguna,\u00a0Margarita Ramos, y de la entidad\u00a0Cajasiete, en materia de\u00a0igualdad de oportunidades\u00a0entre mujeres y hombres en el \u00e1mbito laboral, en la sexta edici\u00f3n de los\u00a0Premios Fifede a la Igualdad en el Empleo\u00a0Ellas 2022.\" \/>\n<meta property=\"og:url\" content=\"https:\/\/www.ull.es\/portal\/noticias\/2022\/la-catedratica-de-la-ull-margarita-ramos-y-cajasiete-premios-fifede-a-la-igualdad-en-el-empleo-ellas-2022\/\" \/>\n<meta property=\"og:site_name\" content=\"ULL - Noticias\" \/>\n<meta property=\"article:publisher\" content=\"https:\/\/www.facebook.com\/universidaddelalaguna\/\" \/>\n<meta property=\"article:published_time\" content=\"2022-07-18T09:00:32+00:00\" \/>\n<meta property=\"og:image\" content=\"https:\/\/www.ull.es\/portal\/noticias\/wp-content\/uploads\/sites\/13\/2022\/07\/fifede.jpg\" \/>\n\t<meta property=\"og:image:width\" content=\"1200\" \/>\n\t<meta property=\"og:image:height\" content=\"800\" \/>\n\t<meta property=\"og:image:type\" content=\"image\/jpeg\" \/>\n<meta name=\"author\" content=\"gcom5\" \/>\n<meta name=\"twitter:card\" content=\"summary_large_image\" \/>\n<meta name=\"twitter:creator\" content=\"@CanalULL\" \/>\n<meta name=\"twitter:site\" content=\"@CanalULL\" \/>\n<meta name=\"twitter:label1\" content=\"Escrito por\" \/>\n\t<meta name=\"twitter:data1\" content=\"gcom5\" \/>\n\t<meta name=\"twitter:label2\" content=\"Tiempo de lectura\" \/>\n\t<meta name=\"twitter:data2\" content=\"4 minutos\" \/>\n<script type=\"application\/ld+json\" class=\"yoast-schema-graph\">{\"@context\":\"https:\/\/schema.org\",\"@graph\":[{\"@type\":\"WebPage\",\"@id\":\"https:\/\/www.ull.es\/portal\/noticias\/2022\/la-catedratica-de-la-ull-margarita-ramos-y-cajasiete-premios-fifede-a-la-igualdad-en-el-empleo-ellas-2022\/\",\"url\":\"https:\/\/www.ull.es\/portal\/noticias\/2022\/la-catedratica-de-la-ull-margarita-ramos-y-cajasiete-premios-fifede-a-la-igualdad-en-el-empleo-ellas-2022\/\",\"name\":\"La catedr\u00e1tica de la ULL Margarita Ramos y Cajasiete, Premios Fifede a la Igualdad en el Empleo \u2018Ellas 2022\u2019 - ULL - Noticias\",\"isPartOf\":{\"@id\":\"https:\/\/www.ull.es\/portal\/noticias\/#website\"},\"datePublished\":\"2022-07-18T09:00:32+00:00\",\"dateModified\":\"2022-07-18T09:00:32+00:00\",\"author\":{\"@id\":\"https:\/\/www.ull.es\/portal\/noticias\/#\/schema\/person\/8027c6c4687adc2c90dc1532715d34df\"},\"description\":\"El\u00a0Cabildo de Tenerife\u00a0ha reconocido la labor de la catedr\u00e1tica en Derecho del Trabajo y de la Seguridad Social por la Universidad de La Laguna,\u00a0Margarita Ramos, y de la entidad\u00a0Cajasiete, en materia de\u00a0igualdad de oportunidades\u00a0entre mujeres y hombres en el \u00e1mbito laboral, en la sexta edici\u00f3n de los\u00a0Premios Fifede a la Igualdad en el Empleo\u00a0Ellas 2022.\",\"breadcrumb\":{\"@id\":\"https:\/\/www.ull.es\/portal\/noticias\/2022\/la-catedratica-de-la-ull-margarita-ramos-y-cajasiete-premios-fifede-a-la-igualdad-en-el-empleo-ellas-2022\/#breadcrumb\"},\"inLanguage\":\"es\",\"potentialAction\":[{\"@type\":\"ReadAction\",\"target\":[\"https:\/\/www.ull.es\/portal\/noticias\/2022\/la-catedratica-de-la-ull-margarita-ramos-y-cajasiete-premios-fifede-a-la-igualdad-en-el-empleo-ellas-2022\/\"]}]},{\"@type\":\"BreadcrumbList\",\"@id\":\"https:\/\/www.ull.es\/portal\/noticias\/2022\/la-catedratica-de-la-ull-margarita-ramos-y-cajasiete-premios-fifede-a-la-igualdad-en-el-empleo-ellas-2022\/#breadcrumb\",\"itemListElement\":[{\"@type\":\"ListItem\",\"position\":1,\"name\":\"Portada\",\"item\":\"https:\/\/www.ull.es\/portal\/noticias\/\"},{\"@type\":\"ListItem\",\"position\":2,\"name\":\"La catedr\u00e1tica de la ULL Margarita Ramos y Cajasiete, Premios Fifede a la Igualdad en el Empleo \u2018Ellas 2022\u2019\"}]},{\"@type\":\"WebSite\",\"@id\":\"https:\/\/www.ull.es\/portal\/noticias\/#website\",\"url\":\"https:\/\/www.ull.es\/portal\/noticias\/\",\"name\":\"ULL - Noticias\",\"description\":\"\",\"potentialAction\":[{\"@type\":\"SearchAction\",\"target\":{\"@type\":\"EntryPoint\",\"urlTemplate\":\"https:\/\/www.ull.es\/portal\/noticias\/?s={search_term_string}\"},\"query-input\":\"required name=search_term_string\"}],\"inLanguage\":\"es\"},{\"@type\":\"Person\",\"@id\":\"https:\/\/www.ull.es\/portal\/noticias\/#\/schema\/person\/8027c6c4687adc2c90dc1532715d34df\",\"name\":\"gcom5\",\"image\":{\"@type\":\"ImageObject\",\"inLanguage\":\"es\",\"@id\":\"https:\/\/www.ull.es\/portal\/noticias\/#\/schema\/person\/image\/\",\"url\":\"https:\/\/secure.gravatar.com\/avatar\/8b3777f8048001fa57b88338ce5605b9?s=96&d=mm&r=g\",\"contentUrl\":\"https:\/\/secure.gravatar.com\/avatar\/8b3777f8048001fa57b88338ce5605b9?s=96&d=mm&r=g\",\"caption\":\"gcom5\"},\"url\":\"https:\/\/www.ull.es\/portal\/noticias\/author\/gcom5\/\"}]}<\/script>\n<!-- \/ Yoast SEO plugin. -->","yoast_head_json":{"title":"La catedr\u00e1tica de la ULL Margarita Ramos y Cajasiete, Premios Fifede a la Igualdad en el Empleo \u2018Ellas 2022\u2019 - ULL - Noticias","description":"El\u00a0Cabildo de Tenerife\u00a0ha reconocido la labor de la catedr\u00e1tica en Derecho del Trabajo y de la Seguridad Social por la Universidad de La Laguna,\u00a0Margarita Ramos, y de la entidad\u00a0Cajasiete, en materia de\u00a0igualdad de oportunidades\u00a0entre mujeres y hombres en el \u00e1mbito laboral, en la sexta edici\u00f3n de los\u00a0Premios Fifede a la Igualdad en el Empleo\u00a0Ellas 2022.","robots":{"index":"index","follow":"follow","max-snippet":"max-snippet:-1","max-image-preview":"max-image-preview:large","max-video-preview":"max-video-preview:-1"},"canonical":"https:\/\/www.ull.es\/portal\/noticias\/2022\/la-catedratica-de-la-ull-margarita-ramos-y-cajasiete-premios-fifede-a-la-igualdad-en-el-empleo-ellas-2022\/","og_locale":"es_ES","og_type":"article","og_title":"La catedr\u00e1tica de la ULL Margarita Ramos y Cajasiete, Premios Fifede a la Igualdad en el Empleo \u2018Ellas 2022\u2019 - ULL - Noticias","og_description":"El\u00a0Cabildo de Tenerife\u00a0ha reconocido la labor de la catedr\u00e1tica en Derecho del Trabajo y de la Seguridad Social por la Universidad de La Laguna,\u00a0Margarita Ramos, y de la entidad\u00a0Cajasiete, en materia de\u00a0igualdad de oportunidades\u00a0entre mujeres y hombres en el \u00e1mbito laboral, en la sexta edici\u00f3n de los\u00a0Premios Fifede a la Igualdad en el Empleo\u00a0Ellas 2022.","og_url":"https:\/\/www.ull.es\/portal\/noticias\/2022\/la-catedratica-de-la-ull-margarita-ramos-y-cajasiete-premios-fifede-a-la-igualdad-en-el-empleo-ellas-2022\/","og_site_name":"ULL - Noticias","article_publisher":"https:\/\/www.facebook.com\/universidaddelalaguna\/","article_published_time":"2022-07-18T09:00:32+00:00","og_image":[{"width":1200,"height":800,"url":"https:\/\/www.ull.es\/portal\/noticias\/wp-content\/uploads\/sites\/13\/2022\/07\/fifede.jpg","type":"image\/jpeg"}],"author":"gcom5","twitter_card":"summary_large_image","twitter_creator":"@CanalULL","twitter_site":"@CanalULL","twitter_misc":{"Escrito por":"gcom5","Tiempo de lectura":"4 minutos"},"schema":{"@context":"https:\/\/schema.org","@graph":[{"@type":"WebPage","@id":"https:\/\/www.ull.es\/portal\/noticias\/2022\/la-catedratica-de-la-ull-margarita-ramos-y-cajasiete-premios-fifede-a-la-igualdad-en-el-empleo-ellas-2022\/","url":"https:\/\/www.ull.es\/portal\/noticias\/2022\/la-catedratica-de-la-ull-margarita-ramos-y-cajasiete-premios-fifede-a-la-igualdad-en-el-empleo-ellas-2022\/","name":"La catedr\u00e1tica de la ULL Margarita Ramos y Cajasiete, Premios Fifede a la Igualdad en el Empleo \u2018Ellas 2022\u2019 - ULL - Noticias","isPartOf":{"@id":"https:\/\/www.ull.es\/portal\/noticias\/#website"},"datePublished":"2022-07-18T09:00:32+00:00","dateModified":"2022-07-18T09:00:32+00:00","author":{"@id":"https:\/\/www.ull.es\/portal\/noticias\/#\/schema\/person\/8027c6c4687adc2c90dc1532715d34df"},"description":"El\u00a0Cabildo de Tenerife\u00a0ha reconocido la labor de la catedr\u00e1tica en Derecho del Trabajo y de la Seguridad Social por la Universidad de La Laguna,\u00a0Margarita Ramos, y de la entidad\u00a0Cajasiete, en materia de\u00a0igualdad de oportunidades\u00a0entre mujeres y hombres en el \u00e1mbito laboral, en la sexta edici\u00f3n de los\u00a0Premios Fifede a la Igualdad en el Empleo\u00a0Ellas 2022.","breadcrumb":{"@id":"https:\/\/www.ull.es\/portal\/noticias\/2022\/la-catedratica-de-la-ull-margarita-ramos-y-cajasiete-premios-fifede-a-la-igualdad-en-el-empleo-ellas-2022\/#breadcrumb"},"inLanguage":"es","potentialAction":[{"@type":"ReadAction","target":["https:\/\/www.ull.es\/portal\/noticias\/2022\/la-catedratica-de-la-ull-margarita-ramos-y-cajasiete-premios-fifede-a-la-igualdad-en-el-empleo-ellas-2022\/"]}]},{"@type":"BreadcrumbList","@id":"https:\/\/www.ull.es\/portal\/noticias\/2022\/la-catedratica-de-la-ull-margarita-ramos-y-cajasiete-premios-fifede-a-la-igualdad-en-el-empleo-ellas-2022\/#breadcrumb","itemListElement":[{"@type":"ListItem","position":1,"name":"Portada","item":"https:\/\/www.ull.es\/portal\/noticias\/"},{"@type":"ListItem","position":2,"name":"La catedr\u00e1tica de la ULL Margarita Ramos y Cajasiete, Premios Fifede a la Igualdad en el Empleo \u2018Ellas 2022\u2019"}]},{"@type":"WebSite","@id":"https:\/\/www.ull.es\/portal\/noticias\/#website","url":"https:\/\/www.ull.es\/portal\/noticias\/","name":"ULL - Noticias","description":"","potentialAction":[{"@type":"SearchAction","target":{"@type":"EntryPoint","urlTemplate":"https:\/\/www.ull.es\/portal\/noticias\/?s={search_term_string}"},"query-input":"required name=search_term_string"}],"inLanguage":"es"},{"@type":"Person","@id":"https:\/\/www.ull.es\/portal\/noticias\/#\/schema\/person\/8027c6c4687adc2c90dc1532715d34df","name":"gcom5","image":{"@type":"ImageObject","inLanguage":"es","@id":"https:\/\/www.ull.es\/portal\/noticias\/#\/schema\/person\/image\/","url":"https:\/\/secure.gravatar.com\/avatar\/8b3777f8048001fa57b88338ce5605b9?s=96&d=mm&r=g","contentUrl":"https:\/\/secure.gravatar.com\/avatar\/8b3777f8048001fa57b88338ce5605b9?s=96&d=mm&r=g","caption":"gcom5"},"url":"https:\/\/www.ull.es\/portal\/noticias\/author\/gcom5\/"}]}},"primary_category":{"id":345,"name":"Destacado","slug":"destacado","link":"https:\/\/www.ull.es\/portal\/noticias\/category\/destacado\/"},"featured_image_thumbnail_url":"https:\/\/www.ull.es\/portal\/noticias\/wp-content\/uploads\/sites\/13\/2022\/07\/fifede-300x200.jpg","_links":{"self":[{"href":"https:\/\/www.ull.es\/portal\/noticias\/wp-json\/wp\/v2\/posts\/64029"}],"collection":[{"href":"https:\/\/www.ull.es\/portal\/noticias\/wp-json\/wp\/v2\/posts"}],"about":[{"href":"https:\/\/www.ull.es\/portal\/noticias\/wp-json\/wp\/v2\/types\/post"}],"author":[{"embeddable":true,"href":"https:\/\/www.ull.es\/portal\/noticias\/wp-json\/wp\/v2\/users\/67"}],"replies":[{"embeddable":true,"href":"https:\/\/www.ull.es\/portal\/noticias\/wp-json\/wp\/v2\/comments?post=64029"}],"version-history":[{"count":1,"href":"https:\/\/www.ull.es\/portal\/noticias\/wp-json\/wp\/v2\/posts\/64029\/revisions"}],"predecessor-version":[{"id":64031,"href":"https:\/\/www.ull.es\/portal\/noticias\/wp-json\/wp\/v2\/posts\/64029\/revisions\/64031"}],"wp:featuredmedia":[{"embeddable":true,"href":"https:\/\/www.ull.es\/portal\/noticias\/wp-json\/wp\/v2\/media\/64030"}],"wp:attachment":[{"href":"https:\/\/www.ull.es\/portal\/noticias\/wp-json\/wp\/v2\/media?parent=64029"}],"wp:term":[{"taxonomy":"category","embeddable":true,"href":"https:\/\/www.ull.es\/portal\/noticias\/wp-json\/wp\/v2\/categories?post=64029"},{"taxonomy":"post_tag","embeddable":true,"href":"https:\/\/www.ull.es\/portal\/noticias\/wp-json\/wp\/v2\/tags?post=64029"}],"curies":[{"name":"wp","href":"https:\/\/api.w.org\/{rel}","templated":true}]}}