{"id":64095,"date":"2022-07-19T13:43:55","date_gmt":"2022-07-19T13:43:55","guid":{"rendered":"https:\/\/www.ull.es\/portal\/noticias\/?p=64095"},"modified":"2022-07-19T13:55:28","modified_gmt":"2022-07-19T13:55:28","slug":"la-ull-se-suma-al-malestar-de-las-universidades-por-el-tratamiento-del-ministerio-de-trabajo-a-las-practicas-externas-de-los-estudiantes","status":"publish","type":"post","link":"https:\/\/www.ull.es\/portal\/noticias\/2022\/la-ull-se-suma-al-malestar-de-las-universidades-por-el-tratamiento-del-ministerio-de-trabajo-a-las-practicas-externas-de-los-estudiantes\/","title":{"rendered":"La ULL se suma al malestar de las universidades por el tratamiento de Trabajo a las pr\u00e1cticas externas de los estudiantes"},"content":{"rendered":"<p>La Universidad de La Laguna, a trav\u00e9s de su Vicerrectorado de Estudiantes y Empleabilidad, se ha hecho eco del manifiesto elaborado en las XX Jornadas de Servicios Universitarios de Empleo de las Universidades Espa\u00f1olas, celebradas recientemente en la Universidad de M\u00e1laga, y a trav\u00e9s del cual los centros de educaci\u00f3n superior muestran su disconformidad por c\u00f3mo el Ministerio de Trabajo y Econom\u00eda Social pretende gestionar las pr\u00e1cticas externas de los estudiantes.<\/p>\n<p>El texto completo, que puede conocerse en este <a href=\"https:\/\/drive.google.com\/file\/d\/1gPXbHjvHagaigXiVmsHnZyGwphwboKsx\/view?usp=sharing\" target=\"_blank\" rel=\"noopener\">enlace<\/a>, apunta a \u201cuna falta de interlocuci\u00f3n\u201d con el citado ministerio en el momento del desarrollo del marco normativo que regular\u00e1 las pr\u00e1cticas acad\u00e9micas externas de los estudiantes universitarios. \u201cAsistimos con estupor a una sucesi\u00f3n de borradores filtrados y de noticias de prensa que dan cuenta de la existencia de negociaciones con diferentes agentes sociales con el objeto de acordar, en el marco del di\u00e1logo social, un proyecto de texto normativo. (\u2026). En cambio, en ning\u00fan momento se ha contado con el conocimiento y la experiencia de las universidades en la promoci\u00f3n y la gesti\u00f3n de las pr\u00e1cticas acad\u00e9micas externas que se establecen en los diferentes planes de estudio\u201d.<\/p>\n<p>El documento se\u00f1ala que no se entiende que la norma que debe regular las pr\u00e1cticas acad\u00e9micas del estudiantado universitario sea objeto de negociaci\u00f3n \u00fanicamente del di\u00e1logo social, \u201ccuando se trata de un asunto de naturaleza acad\u00e9mica formativa de grado y postgrado y, por tanto, competencia nuclear del Ministerio de Universidades\u201d.<\/p>\n<p>Especialmente preocupante es la situaci\u00f3n de las dos universidades p\u00fablicas canarias, como reconoce el propio manifiesto, ya que todas las pr\u00e1cticas curriculares son de obligado cumplimiento para que cualquier alumno de cualquier titulaci\u00f3n logre egresar.<\/p>\n<p>\u201cLa universidad es la primera interesada en que sus egresados y egresadas cuenten con ofertas de trabajo dignas y acordes a su nivel competencial; pero las pr\u00e1cticas externas tienen un car\u00e1cter exclusivamente formativo y no implican en ning\u00fan caso una relaci\u00f3n laboral\u201d, a\u00f1ade el texto, ya que suponen que los estudiantes tengan \u201cel perfil de egreso adecuado para su posterior inserci\u00f3n laboral a la vez que impulsa esa tan necesaria interrelaci\u00f3n de la universidad con el tejido empresarial y social\u201d.<\/p>\n<p>El manifiesto concluye con \u00e1nimo colaborador, solicitando una reuni\u00f3n urgente al ministerio para tratar estos asuntos.<\/p>\n","protected":false},"excerpt":{"rendered":"<p>La Universidad de La Laguna, a trav\u00e9s de su Vicerrectorado de Estudiantes y Empleabilidad, se ha hecho eco del manifiesto&#8230;<\/p>\n","protected":false},"author":23,"featured_media":64097,"comment_status":"closed","ping_status":"closed","sticky":false,"template":"","format":"standard","meta":{"inline_featured_image":false,"footnotes":""},"categories":[343,345,2765],"tags":[2134],"acf":[],"yoast_head":"<!-- This site is optimized with the Yoast SEO plugin v21.3 - https:\/\/yoast.com\/wordpress\/plugins\/seo\/ -->\n<title>La ULL se suma al malestar de las universidades por el tratamiento de Trabajo a las pr\u00e1cticas externas de los estudiantes - ULL - Noticias<\/title>\n<meta name=\"robots\" content=\"index, follow, max-snippet:-1, max-image-preview:large, max-video-preview:-1\" \/>\n<link rel=\"canonical\" href=\"https:\/\/www.ull.es\/portal\/noticias\/2022\/la-ull-se-suma-al-malestar-de-las-universidades-por-el-tratamiento-del-ministerio-de-trabajo-a-las-practicas-externas-de-los-estudiantes\/\" \/>\n<meta property=\"og:locale\" content=\"es_ES\" \/>\n<meta property=\"og:type\" content=\"article\" \/>\n<meta property=\"og:title\" content=\"La ULL se suma al malestar de las universidades por el tratamiento de Trabajo a las pr\u00e1cticas externas de los estudiantes - ULL - Noticias\" \/>\n<meta property=\"og:description\" content=\"La Universidad de La Laguna, a trav\u00e9s de su Vicerrectorado de Estudiantes y Empleabilidad, se ha hecho eco del manifiesto...\" \/>\n<meta property=\"og:url\" content=\"https:\/\/www.ull.es\/portal\/noticias\/2022\/la-ull-se-suma-al-malestar-de-las-universidades-por-el-tratamiento-del-ministerio-de-trabajo-a-las-practicas-externas-de-los-estudiantes\/\" \/>\n<meta property=\"og:site_name\" content=\"ULL - Noticias\" \/>\n<meta property=\"article:publisher\" content=\"https:\/\/www.facebook.com\/universidaddelalaguna\/\" \/>\n<meta property=\"article:published_time\" content=\"2022-07-19T13:43:55+00:00\" \/>\n<meta property=\"article:modified_time\" content=\"2022-07-19T13:55:28+00:00\" \/>\n<meta property=\"og:image\" content=\"https:\/\/www.ull.es\/portal\/noticias\/wp-content\/uploads\/sites\/13\/2022\/07\/practicas.jpg\" \/>\n\t<meta property=\"og:image:width\" content=\"1200\" \/>\n\t<meta property=\"og:image:height\" content=\"800\" \/>\n\t<meta property=\"og:image:type\" content=\"image\/jpeg\" \/>\n<meta name=\"author\" content=\"gaprsa\" \/>\n<meta name=\"twitter:card\" content=\"summary_large_image\" \/>\n<meta name=\"twitter:creator\" content=\"@CanalULL\" \/>\n<meta name=\"twitter:site\" content=\"@CanalULL\" \/>\n<meta name=\"twitter:label1\" content=\"Escrito por\" \/>\n\t<meta name=\"twitter:data1\" content=\"gaprsa\" \/>\n\t<meta name=\"twitter:label2\" content=\"Tiempo de lectura\" \/>\n\t<meta name=\"twitter:data2\" content=\"2 minutos\" \/>\n<script type=\"application\/ld+json\" class=\"yoast-schema-graph\">{\"@context\":\"https:\/\/schema.org\",\"@graph\":[{\"@type\":\"WebPage\",\"@id\":\"https:\/\/www.ull.es\/portal\/noticias\/2022\/la-ull-se-suma-al-malestar-de-las-universidades-por-el-tratamiento-del-ministerio-de-trabajo-a-las-practicas-externas-de-los-estudiantes\/\",\"url\":\"https:\/\/www.ull.es\/portal\/noticias\/2022\/la-ull-se-suma-al-malestar-de-las-universidades-por-el-tratamiento-del-ministerio-de-trabajo-a-las-practicas-externas-de-los-estudiantes\/\",\"name\":\"La ULL se suma al malestar de las universidades por el tratamiento de Trabajo a las pr\u00e1cticas externas de los estudiantes - ULL - Noticias\",\"isPartOf\":{\"@id\":\"https:\/\/www.ull.es\/portal\/noticias\/#website\"},\"datePublished\":\"2022-07-19T13:43:55+00:00\",\"dateModified\":\"2022-07-19T13:55:28+00:00\",\"author\":{\"@id\":\"https:\/\/www.ull.es\/portal\/noticias\/#\/schema\/person\/b2b1a89d43ffa609e591f7df8ef3e817\"},\"breadcrumb\":{\"@id\":\"https:\/\/www.ull.es\/portal\/noticias\/2022\/la-ull-se-suma-al-malestar-de-las-universidades-por-el-tratamiento-del-ministerio-de-trabajo-a-las-practicas-externas-de-los-estudiantes\/#breadcrumb\"},\"inLanguage\":\"es\",\"potentialAction\":[{\"@type\":\"ReadAction\",\"target\":[\"https:\/\/www.ull.es\/portal\/noticias\/2022\/la-ull-se-suma-al-malestar-de-las-universidades-por-el-tratamiento-del-ministerio-de-trabajo-a-las-practicas-externas-de-los-estudiantes\/\"]}]},{\"@type\":\"BreadcrumbList\",\"@id\":\"https:\/\/www.ull.es\/portal\/noticias\/2022\/la-ull-se-suma-al-malestar-de-las-universidades-por-el-tratamiento-del-ministerio-de-trabajo-a-las-practicas-externas-de-los-estudiantes\/#breadcrumb\",\"itemListElement\":[{\"@type\":\"ListItem\",\"position\":1,\"name\":\"Portada\",\"item\":\"https:\/\/www.ull.es\/portal\/noticias\/\"},{\"@type\":\"ListItem\",\"position\":2,\"name\":\"La ULL se suma al malestar de las universidades por el tratamiento de Trabajo a las pr\u00e1cticas externas de los estudiantes\"}]},{\"@type\":\"WebSite\",\"@id\":\"https:\/\/www.ull.es\/portal\/noticias\/#website\",\"url\":\"https:\/\/www.ull.es\/portal\/noticias\/\",\"name\":\"ULL - Noticias\",\"description\":\"\",\"potentialAction\":[{\"@type\":\"SearchAction\",\"target\":{\"@type\":\"EntryPoint\",\"urlTemplate\":\"https:\/\/www.ull.es\/portal\/noticias\/?s={search_term_string}\"},\"query-input\":\"required name=search_term_string\"}],\"inLanguage\":\"es\"},{\"@type\":\"Person\",\"@id\":\"https:\/\/www.ull.es\/portal\/noticias\/#\/schema\/person\/b2b1a89d43ffa609e591f7df8ef3e817\",\"name\":\"gaprsa\",\"image\":{\"@type\":\"ImageObject\",\"inLanguage\":\"es\",\"@id\":\"https:\/\/www.ull.es\/portal\/noticias\/#\/schema\/person\/image\/\",\"url\":\"https:\/\/secure.gravatar.com\/avatar\/443820550921091458b4823867723b3d?s=96&d=mm&r=g\",\"contentUrl\":\"https:\/\/secure.gravatar.com\/avatar\/443820550921091458b4823867723b3d?s=96&d=mm&r=g\",\"caption\":\"gaprsa\"},\"url\":\"https:\/\/www.ull.es\/portal\/noticias\/author\/gaprsa\/\"}]}<\/script>\n<!-- \/ Yoast SEO plugin. -->","yoast_head_json":{"title":"La ULL se suma al malestar de las universidades por el tratamiento de Trabajo a las pr\u00e1cticas externas de los estudiantes - ULL - Noticias","robots":{"index":"index","follow":"follow","max-snippet":"max-snippet:-1","max-image-preview":"max-image-preview:large","max-video-preview":"max-video-preview:-1"},"canonical":"https:\/\/www.ull.es\/portal\/noticias\/2022\/la-ull-se-suma-al-malestar-de-las-universidades-por-el-tratamiento-del-ministerio-de-trabajo-a-las-practicas-externas-de-los-estudiantes\/","og_locale":"es_ES","og_type":"article","og_title":"La ULL se suma al malestar de las universidades por el tratamiento de Trabajo a las pr\u00e1cticas externas de los estudiantes - ULL - Noticias","og_description":"La Universidad de La Laguna, a trav\u00e9s de su Vicerrectorado de Estudiantes y Empleabilidad, se ha hecho eco del manifiesto...","og_url":"https:\/\/www.ull.es\/portal\/noticias\/2022\/la-ull-se-suma-al-malestar-de-las-universidades-por-el-tratamiento-del-ministerio-de-trabajo-a-las-practicas-externas-de-los-estudiantes\/","og_site_name":"ULL - Noticias","article_publisher":"https:\/\/www.facebook.com\/universidaddelalaguna\/","article_published_time":"2022-07-19T13:43:55+00:00","article_modified_time":"2022-07-19T13:55:28+00:00","og_image":[{"width":1200,"height":800,"url":"https:\/\/www.ull.es\/portal\/noticias\/wp-content\/uploads\/sites\/13\/2022\/07\/practicas.jpg","type":"image\/jpeg"}],"author":"gaprsa","twitter_card":"summary_large_image","twitter_creator":"@CanalULL","twitter_site":"@CanalULL","twitter_misc":{"Escrito por":"gaprsa","Tiempo de lectura":"2 minutos"},"schema":{"@context":"https:\/\/schema.org","@graph":[{"@type":"WebPage","@id":"https:\/\/www.ull.es\/portal\/noticias\/2022\/la-ull-se-suma-al-malestar-de-las-universidades-por-el-tratamiento-del-ministerio-de-trabajo-a-las-practicas-externas-de-los-estudiantes\/","url":"https:\/\/www.ull.es\/portal\/noticias\/2022\/la-ull-se-suma-al-malestar-de-las-universidades-por-el-tratamiento-del-ministerio-de-trabajo-a-las-practicas-externas-de-los-estudiantes\/","name":"La ULL se suma al malestar de las universidades por el tratamiento de Trabajo a las pr\u00e1cticas externas de los estudiantes - ULL - Noticias","isPartOf":{"@id":"https:\/\/www.ull.es\/portal\/noticias\/#website"},"datePublished":"2022-07-19T13:43:55+00:00","dateModified":"2022-07-19T13:55:28+00:00","author":{"@id":"https:\/\/www.ull.es\/portal\/noticias\/#\/schema\/person\/b2b1a89d43ffa609e591f7df8ef3e817"},"breadcrumb":{"@id":"https:\/\/www.ull.es\/portal\/noticias\/2022\/la-ull-se-suma-al-malestar-de-las-universidades-por-el-tratamiento-del-ministerio-de-trabajo-a-las-practicas-externas-de-los-estudiantes\/#breadcrumb"},"inLanguage":"es","potentialAction":[{"@type":"ReadAction","target":["https:\/\/www.ull.es\/portal\/noticias\/2022\/la-ull-se-suma-al-malestar-de-las-universidades-por-el-tratamiento-del-ministerio-de-trabajo-a-las-practicas-externas-de-los-estudiantes\/"]}]},{"@type":"BreadcrumbList","@id":"https:\/\/www.ull.es\/portal\/noticias\/2022\/la-ull-se-suma-al-malestar-de-las-universidades-por-el-tratamiento-del-ministerio-de-trabajo-a-las-practicas-externas-de-los-estudiantes\/#breadcrumb","itemListElement":[{"@type":"ListItem","position":1,"name":"Portada","item":"https:\/\/www.ull.es\/portal\/noticias\/"},{"@type":"ListItem","position":2,"name":"La ULL se suma al malestar de las universidades por el tratamiento de Trabajo a las pr\u00e1cticas externas de los estudiantes"}]},{"@type":"WebSite","@id":"https:\/\/www.ull.es\/portal\/noticias\/#website","url":"https:\/\/www.ull.es\/portal\/noticias\/","name":"ULL - Noticias","description":"","potentialAction":[{"@type":"SearchAction","target":{"@type":"EntryPoint","urlTemplate":"https:\/\/www.ull.es\/portal\/noticias\/?s={search_term_string}"},"query-input":"required name=search_term_string"}],"inLanguage":"es"},{"@type":"Person","@id":"https:\/\/www.ull.es\/portal\/noticias\/#\/schema\/person\/b2b1a89d43ffa609e591f7df8ef3e817","name":"gaprsa","image":{"@type":"ImageObject","inLanguage":"es","@id":"https:\/\/www.ull.es\/portal\/noticias\/#\/schema\/person\/image\/","url":"https:\/\/secure.gravatar.com\/avatar\/443820550921091458b4823867723b3d?s=96&d=mm&r=g","contentUrl":"https:\/\/secure.gravatar.com\/avatar\/443820550921091458b4823867723b3d?s=96&d=mm&r=g","caption":"gaprsa"},"url":"https:\/\/www.ull.es\/portal\/noticias\/author\/gaprsa\/"}]}},"primary_category":{"id":345,"name":"Destacado","slug":"destacado","link":"https:\/\/www.ull.es\/portal\/noticias\/category\/destacado\/"},"featured_image_thumbnail_url":"https:\/\/www.ull.es\/portal\/noticias\/wp-content\/uploads\/sites\/13\/2022\/07\/practicas-300x200.jpg","_links":{"self":[{"href":"https:\/\/www.ull.es\/portal\/noticias\/wp-json\/wp\/v2\/posts\/64095"}],"collection":[{"href":"https:\/\/www.ull.es\/portal\/noticias\/wp-json\/wp\/v2\/posts"}],"about":[{"href":"https:\/\/www.ull.es\/portal\/noticias\/wp-json\/wp\/v2\/types\/post"}],"author":[{"embeddable":true,"href":"https:\/\/www.ull.es\/portal\/noticias\/wp-json\/wp\/v2\/users\/23"}],"replies":[{"embeddable":true,"href":"https:\/\/www.ull.es\/portal\/noticias\/wp-json\/wp\/v2\/comments?post=64095"}],"version-history":[{"count":2,"href":"https:\/\/www.ull.es\/portal\/noticias\/wp-json\/wp\/v2\/posts\/64095\/revisions"}],"predecessor-version":[{"id":64101,"href":"https:\/\/www.ull.es\/portal\/noticias\/wp-json\/wp\/v2\/posts\/64095\/revisions\/64101"}],"wp:featuredmedia":[{"embeddable":true,"href":"https:\/\/www.ull.es\/portal\/noticias\/wp-json\/wp\/v2\/media\/64097"}],"wp:attachment":[{"href":"https:\/\/www.ull.es\/portal\/noticias\/wp-json\/wp\/v2\/media?parent=64095"}],"wp:term":[{"taxonomy":"category","embeddable":true,"href":"https:\/\/www.ull.es\/portal\/noticias\/wp-json\/wp\/v2\/categories?post=64095"},{"taxonomy":"post_tag","embeddable":true,"href":"https:\/\/www.ull.es\/portal\/noticias\/wp-json\/wp\/v2\/tags?post=64095"}],"curies":[{"name":"wp","href":"https:\/\/api.w.org\/{rel}","templated":true}]}}