{"id":64109,"date":"2022-07-18T12:53:28","date_gmt":"2022-07-18T12:53:28","guid":{"rendered":"https:\/\/www.ull.es\/portal\/noticias\/?p=64109"},"modified":"2022-07-20T08:02:37","modified_gmt":"2022-07-20T08:02:37","slug":"garcia-entendimiento-muerte","status":"publish","type":"post","link":"https:\/\/www.ull.es\/portal\/noticias\/2022\/garcia-entendimiento-muerte\/","title":{"rendered":"Garc\u00eda: \u201cel consumismo y el aprecio por la juventud y belleza eternas nos aleja del entendimiento de la muerte\u201d"},"content":{"rendered":"<p class=\"p4\">\u201cEl sexo era el gran tab\u00fa hasta el periodo Victoriano, y en la actualidad lo es la muerte\u201d, se\u00f1ala el profesor del Departamento de Enfermer\u00eda de la Universidad de La Laguna Alfonso Garc\u00eda Hern\u00e1ndez. Y por ello imparte dos cursos en la Universidad de Verano de Adeje en los que trata de normalizar algo tan natural, y sin embargo tan traum\u00e1tico para muchas personas, como es el proceso para lidiar con la p\u00e9rdida de seres queridos y comprender mejor la propia muerte y sus rituales. \u201cNuestra sociedad del consumismo y el aprecio por la belleza y la juventud eternas nos aleja del entendimiento de la muerte que s\u00ed tienen otras culturas\u201d, se\u00f1ala.<\/p>\n<p class=\"p4\">Ambos cursos se imparten el Centro Cultural de Adeje entre hoy, lunes 18 y el mi\u00e9rcoles 20 de julio: el primero de ellos, \u201cComunicaci\u00f3n, p\u00e9rdida y duelo\u201d por la ma\u00f1ana, y el segundo. \u201cAntropolog\u00eda de la muerte\u201d, por la tarde. Al matinal se han matriculado tanto personas que quieren tener herramientas para sobreponerse a sus propios procesos de duelo, como personas que quieren saber c\u00f3mo ayudar a quienes est\u00e1 pasando por este trance personal. \u201cDecimos que hablamos abiertamente de la muerte pero no es as\u00ed. La hemos biologizado y psicologizado mucho, pero har\u00eda falta incorporar otras dimensiones, entender c\u00f3mo se vive emocionalmente, y tambi\u00e9n desde el punto de vista moral, filos\u00f3fico y sociocultural.<\/p>\n<p class=\"p4\">De este modo, una persona que pase por un duelo debe se consciente de que est\u00e1 en un proceso que es personal y es m\u00e1s que una respuesta biol\u00f3gica, psicol\u00f3gica y social a la p\u00e9rdida, \u201cporque, en el fondo, es la reconstrucci\u00f3n de un mundo de significados que ha sido desafiado por la p\u00e9rdida\u201d. Eso genera respuestas emocionales, conductuales y simb\u00f3licas que desembocan en diferentes p\u00e9rdidas: duelos adaptados, desadaptados, traum\u00e1ticos e incluso espirituales. \u201cEn el curso tratamos de que, por lo menos, identifiquen la sintomatolog\u00eda que har\u00eda necesaria la ayuda externa, frente a la que indique que se puede sobrellevar el duelo personalmente. Y, sobre todo, comprender que es algo natural al ser humano porque todos perdemos en alg\u00fan momento\u201d.<\/p>\n<p class=\"p4\">Hern\u00e1ndez indica que es dif\u00edcil fijar qu\u00e9 tiempo es el necesario para pasar un duelo, entre otras cosas porque todo va a depender en gran medida que que se haga con ese tiempo. \u201cPero es cierto que en las fases iniciales, en algunos meses la persona ya deber\u00eda haberse reincorporado a su vida natural, independientemente de que todav\u00eda sufra dolor. La muerte es un acontecimiento que viene a cambiar nuestras vidas y, seg\u00fan lo trabajemos, iremos avanzando. Es importante no ocultarlo como tab\u00fa e incorporarlo como un elemento de vida.<\/p>\n<p class=\"p4\">En cuenta a las personas que deseen ayudar a otras en sus procesos de duelo, deben conocerse a s\u00ed mismas y a sus propias p\u00e9rdidas; entender cu\u00e1les son todos los rasgos que se dan de sintomatolog\u00eda biol\u00f3gica, cognitiva y conductual; saber qu\u00e9 lesiones ocasionan las p\u00e9rdidas si no son cuidada; y, en general, ver qu\u00e9 acciones pueden acometerse para ayudar a las personas que est\u00e1n en esos patrones de duelo.<\/p>\n<p class=\"p4\">En cuento al curso sobre Antropolog\u00eda, aborda todos los rituales y comportamientos de las diferentes sociedades del mudo en torno a la muerte. Contrariamente a lo que podr\u00eda pensarse, sobre este asunto no hay elementos comunes y cada sociedad es muy diferentes en c\u00f3mo afronta la muerte. Garc\u00eda, de hecho, recuerda que un antrop\u00f3logo intent\u00f3 clasificar los diferentes rituales relacionados con la muerte y cuando lleg\u00f3 a los 800, decidi\u00f3 que no hab\u00eda manera de hacerlo. \u201cTampoco tiene que ver con las religiones; es cierto que algunas de ellas invitan y concitan a que haya un entendimiento del morir, los muertos, las almas y la trascendencia de una manera particular, pero las culturas est\u00e1 por encima de las religiones\u201d.<span class=\"Apple-converted-space\">\u00a0<\/span><\/p>\n<p class=\"p4\">El curso recorrer\u00e1 los espacios relacionados con la muerte m\u00e1s all\u00e1 de los cementerios, como los memoriales y los elementos de mediaci\u00f3n para construir significados relacionados con el muerto, como los tatuajes. Y se reflexionar\u00e1 sobre c\u00f3mo todo ello tiene que ver con el recuerdo, la memoria y c\u00f3mo mantenerla. Se dar\u00e1n, adem\u00e1s, ejemplos particulares, como las ya c\u00e9lebres festividades en torno a la muerte t\u00edpicas de M\u00e9xico, o pr\u00e1cticas como las de las Islas C\u00e9lebes en Papua Nueva Guinea, donde el fallecido sigue conviviendo con los vivos hasta que resuelve todos los asuntos relacionados con la herencia y se le entierra, lo cual puede prolongarse meses. \u201cMuy diferente a lo que hacemos nosotros, con una evacuaci\u00f3n r\u00e1pida en menos de 24 horas\u201d.<\/p>\n","protected":false},"excerpt":{"rendered":"<p>\u201cEl sexo era el gran tab\u00fa hasta el periodo Victoriano, y en la actualidad lo es la muerte\u201d, se\u00f1ala el&#8230;<\/p>\n","protected":false},"author":21,"featured_media":64111,"comment_status":"closed","ping_status":"closed","sticky":false,"template":"","format":"standard","meta":{"inline_featured_image":false,"footnotes":""},"categories":[345,346,2765],"tags":[447,8906,4976,8905,2574],"acf":[],"yoast_head":"<!-- This site is optimized with the Yoast SEO plugin v21.3 - https:\/\/yoast.com\/wordpress\/plugins\/seo\/ -->\n<title>Garc\u00eda se\u00f1ala que la sociedad actual evita la comprensi\u00f3n de la muerte<\/title>\n<meta name=\"description\" content=\"Alfonso Garc\u00eda dirige dos curso en la Universidad de Verano de Adeje 2022: \u201cComunicaci\u00f3n, p\u00e9rdida y duelo\u201d y \u201cAntropolog\u00eda de la muerte\u201d.\" \/>\n<meta name=\"robots\" content=\"index, follow, max-snippet:-1, max-image-preview:large, max-video-preview:-1\" \/>\n<link rel=\"canonical\" href=\"https:\/\/www.ull.es\/portal\/noticias\/2022\/garcia-entendimiento-muerte\/\" \/>\n<meta property=\"og:locale\" content=\"es_ES\" \/>\n<meta property=\"og:type\" content=\"article\" \/>\n<meta property=\"og:title\" content=\"Garc\u00eda se\u00f1ala que la sociedad actual evita la comprensi\u00f3n de la muerte\" \/>\n<meta property=\"og:description\" content=\"Alfonso Garc\u00eda dirige dos curso en la Universidad de Verano de Adeje 2022: \u201cComunicaci\u00f3n, p\u00e9rdida y duelo\u201d y \u201cAntropolog\u00eda de la muerte\u201d.\" \/>\n<meta property=\"og:url\" content=\"https:\/\/www.ull.es\/portal\/noticias\/2022\/garcia-entendimiento-muerte\/\" \/>\n<meta property=\"og:site_name\" content=\"ULL - Noticias\" \/>\n<meta property=\"article:publisher\" content=\"https:\/\/www.facebook.com\/universidaddelalaguna\/\" \/>\n<meta property=\"article:published_time\" content=\"2022-07-18T12:53:28+00:00\" \/>\n<meta property=\"article:modified_time\" content=\"2022-07-20T08:02:37+00:00\" \/>\n<meta property=\"og:image\" content=\"https:\/\/www.ull.es\/portal\/noticias\/wp-content\/uploads\/sites\/13\/2022\/07\/alfonso-garcia-adeje-2022.jpeg\" \/>\n\t<meta property=\"og:image:width\" content=\"1200\" \/>\n\t<meta property=\"og:image:height\" content=\"799\" \/>\n\t<meta property=\"og:image:type\" content=\"image\/jpeg\" \/>\n<meta name=\"author\" content=\"prensa2\" \/>\n<meta name=\"twitter:card\" content=\"summary_large_image\" \/>\n<meta name=\"twitter:creator\" content=\"@CanalULL\" \/>\n<meta name=\"twitter:site\" content=\"@CanalULL\" \/>\n<meta name=\"twitter:label1\" content=\"Escrito por\" \/>\n\t<meta name=\"twitter:data1\" content=\"prensa2\" \/>\n\t<meta name=\"twitter:label2\" content=\"Tiempo de lectura\" \/>\n\t<meta name=\"twitter:data2\" content=\"4 minutos\" \/>\n<script type=\"application\/ld+json\" class=\"yoast-schema-graph\">{\"@context\":\"https:\/\/schema.org\",\"@graph\":[{\"@type\":\"WebPage\",\"@id\":\"https:\/\/www.ull.es\/portal\/noticias\/2022\/garcia-entendimiento-muerte\/\",\"url\":\"https:\/\/www.ull.es\/portal\/noticias\/2022\/garcia-entendimiento-muerte\/\",\"name\":\"Garc\u00eda se\u00f1ala que la sociedad actual evita la comprensi\u00f3n de la muerte\",\"isPartOf\":{\"@id\":\"https:\/\/www.ull.es\/portal\/noticias\/#website\"},\"datePublished\":\"2022-07-18T12:53:28+00:00\",\"dateModified\":\"2022-07-20T08:02:37+00:00\",\"author\":{\"@id\":\"https:\/\/www.ull.es\/portal\/noticias\/#\/schema\/person\/c3b2aa857797592927a03740d6664376\"},\"description\":\"Alfonso Garc\u00eda dirige dos curso en la Universidad de Verano de Adeje 2022: \u201cComunicaci\u00f3n, p\u00e9rdida y duelo\u201d y \u201cAntropolog\u00eda de la muerte\u201d.\",\"breadcrumb\":{\"@id\":\"https:\/\/www.ull.es\/portal\/noticias\/2022\/garcia-entendimiento-muerte\/#breadcrumb\"},\"inLanguage\":\"es\",\"potentialAction\":[{\"@type\":\"ReadAction\",\"target\":[\"https:\/\/www.ull.es\/portal\/noticias\/2022\/garcia-entendimiento-muerte\/\"]}]},{\"@type\":\"BreadcrumbList\",\"@id\":\"https:\/\/www.ull.es\/portal\/noticias\/2022\/garcia-entendimiento-muerte\/#breadcrumb\",\"itemListElement\":[{\"@type\":\"ListItem\",\"position\":1,\"name\":\"Portada\",\"item\":\"https:\/\/www.ull.es\/portal\/noticias\/\"},{\"@type\":\"ListItem\",\"position\":2,\"name\":\"Garc\u00eda: \u201cel consumismo y el aprecio por la juventud y belleza eternas nos aleja del entendimiento de la muerte\u201d\"}]},{\"@type\":\"WebSite\",\"@id\":\"https:\/\/www.ull.es\/portal\/noticias\/#website\",\"url\":\"https:\/\/www.ull.es\/portal\/noticias\/\",\"name\":\"ULL - Noticias\",\"description\":\"\",\"potentialAction\":[{\"@type\":\"SearchAction\",\"target\":{\"@type\":\"EntryPoint\",\"urlTemplate\":\"https:\/\/www.ull.es\/portal\/noticias\/?s={search_term_string}\"},\"query-input\":\"required name=search_term_string\"}],\"inLanguage\":\"es\"},{\"@type\":\"Person\",\"@id\":\"https:\/\/www.ull.es\/portal\/noticias\/#\/schema\/person\/c3b2aa857797592927a03740d6664376\",\"name\":\"prensa2\",\"image\":{\"@type\":\"ImageObject\",\"inLanguage\":\"es\",\"@id\":\"https:\/\/www.ull.es\/portal\/noticias\/#\/schema\/person\/image\/\",\"url\":\"https:\/\/secure.gravatar.com\/avatar\/b58f310a5de5feb33d1e026d2493f23c?s=96&d=mm&r=g\",\"contentUrl\":\"https:\/\/secure.gravatar.com\/avatar\/b58f310a5de5feb33d1e026d2493f23c?s=96&d=mm&r=g\",\"caption\":\"prensa2\"},\"url\":\"https:\/\/www.ull.es\/portal\/noticias\/author\/prensa2\/\"}]}<\/script>\n<!-- \/ Yoast SEO plugin. -->","yoast_head_json":{"title":"Garc\u00eda se\u00f1ala que la sociedad actual evita la comprensi\u00f3n de la muerte","description":"Alfonso Garc\u00eda dirige dos curso en la Universidad de Verano de Adeje 2022: \u201cComunicaci\u00f3n, p\u00e9rdida y duelo\u201d y \u201cAntropolog\u00eda de la muerte\u201d.","robots":{"index":"index","follow":"follow","max-snippet":"max-snippet:-1","max-image-preview":"max-image-preview:large","max-video-preview":"max-video-preview:-1"},"canonical":"https:\/\/www.ull.es\/portal\/noticias\/2022\/garcia-entendimiento-muerte\/","og_locale":"es_ES","og_type":"article","og_title":"Garc\u00eda se\u00f1ala que la sociedad actual evita la comprensi\u00f3n de la muerte","og_description":"Alfonso Garc\u00eda dirige dos curso en la Universidad de Verano de Adeje 2022: \u201cComunicaci\u00f3n, p\u00e9rdida y duelo\u201d y \u201cAntropolog\u00eda de la muerte\u201d.","og_url":"https:\/\/www.ull.es\/portal\/noticias\/2022\/garcia-entendimiento-muerte\/","og_site_name":"ULL - Noticias","article_publisher":"https:\/\/www.facebook.com\/universidaddelalaguna\/","article_published_time":"2022-07-18T12:53:28+00:00","article_modified_time":"2022-07-20T08:02:37+00:00","og_image":[{"width":1200,"height":799,"url":"https:\/\/www.ull.es\/portal\/noticias\/wp-content\/uploads\/sites\/13\/2022\/07\/alfonso-garcia-adeje-2022.jpeg","type":"image\/jpeg"}],"author":"prensa2","twitter_card":"summary_large_image","twitter_creator":"@CanalULL","twitter_site":"@CanalULL","twitter_misc":{"Escrito por":"prensa2","Tiempo de lectura":"4 minutos"},"schema":{"@context":"https:\/\/schema.org","@graph":[{"@type":"WebPage","@id":"https:\/\/www.ull.es\/portal\/noticias\/2022\/garcia-entendimiento-muerte\/","url":"https:\/\/www.ull.es\/portal\/noticias\/2022\/garcia-entendimiento-muerte\/","name":"Garc\u00eda se\u00f1ala que la sociedad actual evita la comprensi\u00f3n de la muerte","isPartOf":{"@id":"https:\/\/www.ull.es\/portal\/noticias\/#website"},"datePublished":"2022-07-18T12:53:28+00:00","dateModified":"2022-07-20T08:02:37+00:00","author":{"@id":"https:\/\/www.ull.es\/portal\/noticias\/#\/schema\/person\/c3b2aa857797592927a03740d6664376"},"description":"Alfonso Garc\u00eda dirige dos curso en la Universidad de Verano de Adeje 2022: \u201cComunicaci\u00f3n, p\u00e9rdida y duelo\u201d y \u201cAntropolog\u00eda de la muerte\u201d.","breadcrumb":{"@id":"https:\/\/www.ull.es\/portal\/noticias\/2022\/garcia-entendimiento-muerte\/#breadcrumb"},"inLanguage":"es","potentialAction":[{"@type":"ReadAction","target":["https:\/\/www.ull.es\/portal\/noticias\/2022\/garcia-entendimiento-muerte\/"]}]},{"@type":"BreadcrumbList","@id":"https:\/\/www.ull.es\/portal\/noticias\/2022\/garcia-entendimiento-muerte\/#breadcrumb","itemListElement":[{"@type":"ListItem","position":1,"name":"Portada","item":"https:\/\/www.ull.es\/portal\/noticias\/"},{"@type":"ListItem","position":2,"name":"Garc\u00eda: \u201cel consumismo y el aprecio por la juventud y belleza eternas nos aleja del entendimiento de la muerte\u201d"}]},{"@type":"WebSite","@id":"https:\/\/www.ull.es\/portal\/noticias\/#website","url":"https:\/\/www.ull.es\/portal\/noticias\/","name":"ULL - Noticias","description":"","potentialAction":[{"@type":"SearchAction","target":{"@type":"EntryPoint","urlTemplate":"https:\/\/www.ull.es\/portal\/noticias\/?s={search_term_string}"},"query-input":"required name=search_term_string"}],"inLanguage":"es"},{"@type":"Person","@id":"https:\/\/www.ull.es\/portal\/noticias\/#\/schema\/person\/c3b2aa857797592927a03740d6664376","name":"prensa2","image":{"@type":"ImageObject","inLanguage":"es","@id":"https:\/\/www.ull.es\/portal\/noticias\/#\/schema\/person\/image\/","url":"https:\/\/secure.gravatar.com\/avatar\/b58f310a5de5feb33d1e026d2493f23c?s=96&d=mm&r=g","contentUrl":"https:\/\/secure.gravatar.com\/avatar\/b58f310a5de5feb33d1e026d2493f23c?s=96&d=mm&r=g","caption":"prensa2"},"url":"https:\/\/www.ull.es\/portal\/noticias\/author\/prensa2\/"}]}},"primary_category":{"id":345,"name":"Destacado","slug":"destacado","link":"https:\/\/www.ull.es\/portal\/noticias\/category\/destacado\/"},"featured_image_thumbnail_url":"https:\/\/www.ull.es\/portal\/noticias\/wp-content\/uploads\/sites\/13\/2022\/07\/alfonso-garcia-adeje-2022-300x200.jpeg","_links":{"self":[{"href":"https:\/\/www.ull.es\/portal\/noticias\/wp-json\/wp\/v2\/posts\/64109"}],"collection":[{"href":"https:\/\/www.ull.es\/portal\/noticias\/wp-json\/wp\/v2\/posts"}],"about":[{"href":"https:\/\/www.ull.es\/portal\/noticias\/wp-json\/wp\/v2\/types\/post"}],"author":[{"embeddable":true,"href":"https:\/\/www.ull.es\/portal\/noticias\/wp-json\/wp\/v2\/users\/21"}],"replies":[{"embeddable":true,"href":"https:\/\/www.ull.es\/portal\/noticias\/wp-json\/wp\/v2\/comments?post=64109"}],"version-history":[{"count":2,"href":"https:\/\/www.ull.es\/portal\/noticias\/wp-json\/wp\/v2\/posts\/64109\/revisions"}],"predecessor-version":[{"id":64114,"href":"https:\/\/www.ull.es\/portal\/noticias\/wp-json\/wp\/v2\/posts\/64109\/revisions\/64114"}],"wp:featuredmedia":[{"embeddable":true,"href":"https:\/\/www.ull.es\/portal\/noticias\/wp-json\/wp\/v2\/media\/64111"}],"wp:attachment":[{"href":"https:\/\/www.ull.es\/portal\/noticias\/wp-json\/wp\/v2\/media?parent=64109"}],"wp:term":[{"taxonomy":"category","embeddable":true,"href":"https:\/\/www.ull.es\/portal\/noticias\/wp-json\/wp\/v2\/categories?post=64109"},{"taxonomy":"post_tag","embeddable":true,"href":"https:\/\/www.ull.es\/portal\/noticias\/wp-json\/wp\/v2\/tags?post=64109"}],"curies":[{"name":"wp","href":"https:\/\/api.w.org\/{rel}","templated":true}]}}