{"id":64152,"date":"2022-07-21T13:50:39","date_gmt":"2022-07-21T13:50:39","guid":{"rendered":"https:\/\/www.ull.es\/portal\/noticias\/?p=64152"},"modified":"2022-07-21T13:54:40","modified_gmt":"2022-07-21T13:54:40","slug":"premiada-en-un-congreso-nacional-una-experiencia-de-innovacion-docente-de-la-ull-sobre-el-volcan-de-la-palma","status":"publish","type":"post","link":"https:\/\/www.ull.es\/portal\/noticias\/2022\/premiada-en-un-congreso-nacional-una-experiencia-de-innovacion-docente-de-la-ull-sobre-el-volcan-de-la-palma\/","title":{"rendered":"Premiada en un congreso nacional una experiencia de innovaci\u00f3n docente de la ULL sobre el volc\u00e1n de La Palma"},"content":{"rendered":"<p>El <a href=\"http:\/\/www.coddiq.es\/cidiq\/informacion-general\/objetivos\/\" target=\"_blank\" rel=\"noopener\">Congreso de Innovaci\u00f3n Docente en Ingenier\u00eda Qu\u00edmica<\/a> (CIDIQ) es un encuentro de car\u00e1cter bianual que pretende impulsar el intercambio de experiencias docentes en el \u00e1mbito de la Ingenier\u00eda Qu\u00edmica con el fin de avanzar en el objetivo com\u00fan de formar buenos profesionales dentro de dicha \u00e1rea de conocimiento. La sexta edici\u00f3n del CIDIQ se celebr\u00f3 en la Universidad Complutense de Madrid en este mismo mes de julio, donde se premi\u00f3 una experiencia presentada por la Universidad de La Laguna acerca del volc\u00e1n de La Palma.<\/p>\n<p>La experiencia de innovaci\u00f3n docente galardonada fue desarrollada durante el primer cuatrimestre de este curso acad\u00e9mico dentro de la docencia impartida en la asignatura Ingenier\u00eda Ambiental, del grado de Ingenier\u00eda Qu\u00edmica Industrial, por parte de la profesora M\u00aa Emma Borges Chinea. Fue presentada como comunicaci\u00f3n al congreso de innovaci\u00f3n docente junto a H\u00e9ctor de Paz Carmona con el t\u00edtulo: <em>\u00abEl volc\u00e1n de la Palma, un ejemplo actual del aprendizaje basado en proyectos en Ingenier\u00eda Qu\u00edmica\u00bb<\/em>.<\/p>\n<p>El objetivo principal de la comunicaci\u00f3n fue compartir experiencias de buenas pr\u00e1cticas de las diferentes metodolog\u00edas y actividades docentes que se vienen desarrollado en la asignatura y reflexionar sobre la docencia, la formaci\u00f3n de nuestros estudiantes y las mejores pr\u00e1cticas para transmitir conocimientos y competencias dentro del \u00e1mbito de la Ingenier\u00eda Qu\u00edmica.<\/p>\n<p>Concretamente, la t\u00e9cnica de Aprendizaje Basado en Proyectos se aplic\u00f3 durante la crisis ocurrida en La Palma con la erupci\u00f3n volc\u00e1nica. La aplicaci\u00f3n docente consisti\u00f3 en el desarrollo de competencias\u00a0transversales y capacitaci\u00f3n profesional de los estudiantes en el \u00e1rea de la Ingenier\u00eda Ambiental. Como futuros ingenieros qu\u00edmicos industriales expertos en la materia, los alumnos y alumnas abordaron un proyecto relacionado con la elaboraci\u00f3n informes ingenieriles v\u00e1lidos para presentar a las autoridades de la isla durante la crisis, siempre relacionados con los contenidos que se imparten en la asignatura.<\/p>\n<p>La elaboraci\u00f3n\u00a0de este informe permiti\u00f3 a trav\u00e9s de la experiencia de innovaci\u00f3n educativa repasar las bases qu\u00edmicas de las reacciones REDOX, estudiar las principales reacciones que se dan en sistemas ambientales de inter\u00e9s e investigar c\u00f3mo afectaba la lava del volc\u00e1n que cae al mar,\u00a0formando las fajanas, al ecosistema acu\u00e1tico del fitoplancton de la zona afectada y qu\u00e9 relaci\u00f3n tiene con el ciclo de nutrientes. Adem\u00e1s, los estudiantes pudieron desarrollar las competencias que se deben adquirir en la titulaci\u00f3n para elaborar proyectos e informes ingenieriles de inter\u00e9s y aplicaci\u00f3n directa en el entorno social.<\/p>\n","protected":false},"excerpt":{"rendered":"<p>El Congreso de Innovaci\u00f3n Docente en Ingenier\u00eda Qu\u00edmica (CIDIQ) es un encuentro de car\u00e1cter bianual que pretende impulsar el intercambio&#8230;<\/p>\n","protected":false},"author":23,"featured_media":64154,"comment_status":"closed","ping_status":"closed","sticky":false,"template":"","format":"standard","meta":{"inline_featured_image":false,"footnotes":""},"categories":[345,346],"tags":[1506,7816],"acf":[],"yoast_head":"<!-- This site is optimized with the Yoast SEO plugin v21.3 - https:\/\/yoast.com\/wordpress\/plugins\/seo\/ -->\n<title>Premiada en un congreso nacional una experiencia de innovaci\u00f3n docente de la ULL sobre el volc\u00e1n de La Palma - ULL - Noticias<\/title>\n<meta name=\"robots\" content=\"index, follow, max-snippet:-1, max-image-preview:large, max-video-preview:-1\" \/>\n<link rel=\"canonical\" href=\"https:\/\/www.ull.es\/portal\/noticias\/2022\/premiada-en-un-congreso-nacional-una-experiencia-de-innovacion-docente-de-la-ull-sobre-el-volcan-de-la-palma\/\" \/>\n<meta property=\"og:locale\" content=\"es_ES\" \/>\n<meta property=\"og:type\" content=\"article\" \/>\n<meta property=\"og:title\" content=\"Premiada en un congreso nacional una experiencia de innovaci\u00f3n docente de la ULL sobre el volc\u00e1n de La Palma - ULL - Noticias\" \/>\n<meta property=\"og:description\" content=\"El Congreso de Innovaci\u00f3n Docente en Ingenier\u00eda Qu\u00edmica (CIDIQ) es un encuentro de car\u00e1cter bianual que pretende impulsar el intercambio...\" \/>\n<meta property=\"og:url\" content=\"https:\/\/www.ull.es\/portal\/noticias\/2022\/premiada-en-un-congreso-nacional-una-experiencia-de-innovacion-docente-de-la-ull-sobre-el-volcan-de-la-palma\/\" \/>\n<meta property=\"og:site_name\" content=\"ULL - Noticias\" \/>\n<meta property=\"article:publisher\" content=\"https:\/\/www.facebook.com\/universidaddelalaguna\/\" \/>\n<meta property=\"article:published_time\" content=\"2022-07-21T13:50:39+00:00\" \/>\n<meta property=\"article:modified_time\" content=\"2022-07-21T13:54:40+00:00\" \/>\n<meta property=\"og:image\" content=\"https:\/\/www.ull.es\/portal\/noticias\/wp-content\/uploads\/sites\/13\/2022\/07\/grafico-2.jpg\" \/>\n\t<meta property=\"og:image:width\" content=\"1200\" \/>\n\t<meta property=\"og:image:height\" content=\"800\" \/>\n\t<meta property=\"og:image:type\" content=\"image\/jpeg\" \/>\n<meta name=\"author\" content=\"gaprsa\" \/>\n<meta name=\"twitter:card\" content=\"summary_large_image\" \/>\n<meta name=\"twitter:creator\" content=\"@CanalULL\" \/>\n<meta name=\"twitter:site\" content=\"@CanalULL\" \/>\n<meta name=\"twitter:label1\" content=\"Escrito por\" \/>\n\t<meta name=\"twitter:data1\" content=\"gaprsa\" \/>\n\t<meta name=\"twitter:label2\" content=\"Tiempo de lectura\" \/>\n\t<meta name=\"twitter:data2\" content=\"2 minutos\" \/>\n<script type=\"application\/ld+json\" class=\"yoast-schema-graph\">{\"@context\":\"https:\/\/schema.org\",\"@graph\":[{\"@type\":\"WebPage\",\"@id\":\"https:\/\/www.ull.es\/portal\/noticias\/2022\/premiada-en-un-congreso-nacional-una-experiencia-de-innovacion-docente-de-la-ull-sobre-el-volcan-de-la-palma\/\",\"url\":\"https:\/\/www.ull.es\/portal\/noticias\/2022\/premiada-en-un-congreso-nacional-una-experiencia-de-innovacion-docente-de-la-ull-sobre-el-volcan-de-la-palma\/\",\"name\":\"Premiada en un congreso nacional una experiencia de innovaci\u00f3n docente de la ULL sobre el volc\u00e1n de La Palma - ULL - Noticias\",\"isPartOf\":{\"@id\":\"https:\/\/www.ull.es\/portal\/noticias\/#website\"},\"datePublished\":\"2022-07-21T13:50:39+00:00\",\"dateModified\":\"2022-07-21T13:54:40+00:00\",\"author\":{\"@id\":\"https:\/\/www.ull.es\/portal\/noticias\/#\/schema\/person\/b2b1a89d43ffa609e591f7df8ef3e817\"},\"breadcrumb\":{\"@id\":\"https:\/\/www.ull.es\/portal\/noticias\/2022\/premiada-en-un-congreso-nacional-una-experiencia-de-innovacion-docente-de-la-ull-sobre-el-volcan-de-la-palma\/#breadcrumb\"},\"inLanguage\":\"es\",\"potentialAction\":[{\"@type\":\"ReadAction\",\"target\":[\"https:\/\/www.ull.es\/portal\/noticias\/2022\/premiada-en-un-congreso-nacional-una-experiencia-de-innovacion-docente-de-la-ull-sobre-el-volcan-de-la-palma\/\"]}]},{\"@type\":\"BreadcrumbList\",\"@id\":\"https:\/\/www.ull.es\/portal\/noticias\/2022\/premiada-en-un-congreso-nacional-una-experiencia-de-innovacion-docente-de-la-ull-sobre-el-volcan-de-la-palma\/#breadcrumb\",\"itemListElement\":[{\"@type\":\"ListItem\",\"position\":1,\"name\":\"Portada\",\"item\":\"https:\/\/www.ull.es\/portal\/noticias\/\"},{\"@type\":\"ListItem\",\"position\":2,\"name\":\"Premiada en un congreso nacional una experiencia de innovaci\u00f3n docente de la ULL sobre el volc\u00e1n de La Palma\"}]},{\"@type\":\"WebSite\",\"@id\":\"https:\/\/www.ull.es\/portal\/noticias\/#website\",\"url\":\"https:\/\/www.ull.es\/portal\/noticias\/\",\"name\":\"ULL - Noticias\",\"description\":\"\",\"potentialAction\":[{\"@type\":\"SearchAction\",\"target\":{\"@type\":\"EntryPoint\",\"urlTemplate\":\"https:\/\/www.ull.es\/portal\/noticias\/?s={search_term_string}\"},\"query-input\":\"required name=search_term_string\"}],\"inLanguage\":\"es\"},{\"@type\":\"Person\",\"@id\":\"https:\/\/www.ull.es\/portal\/noticias\/#\/schema\/person\/b2b1a89d43ffa609e591f7df8ef3e817\",\"name\":\"gaprsa\",\"image\":{\"@type\":\"ImageObject\",\"inLanguage\":\"es\",\"@id\":\"https:\/\/www.ull.es\/portal\/noticias\/#\/schema\/person\/image\/\",\"url\":\"https:\/\/secure.gravatar.com\/avatar\/443820550921091458b4823867723b3d?s=96&d=mm&r=g\",\"contentUrl\":\"https:\/\/secure.gravatar.com\/avatar\/443820550921091458b4823867723b3d?s=96&d=mm&r=g\",\"caption\":\"gaprsa\"},\"url\":\"https:\/\/www.ull.es\/portal\/noticias\/author\/gaprsa\/\"}]}<\/script>\n<!-- \/ Yoast SEO plugin. -->","yoast_head_json":{"title":"Premiada en un congreso nacional una experiencia de innovaci\u00f3n docente de la ULL sobre el volc\u00e1n de La Palma - ULL - Noticias","robots":{"index":"index","follow":"follow","max-snippet":"max-snippet:-1","max-image-preview":"max-image-preview:large","max-video-preview":"max-video-preview:-1"},"canonical":"https:\/\/www.ull.es\/portal\/noticias\/2022\/premiada-en-un-congreso-nacional-una-experiencia-de-innovacion-docente-de-la-ull-sobre-el-volcan-de-la-palma\/","og_locale":"es_ES","og_type":"article","og_title":"Premiada en un congreso nacional una experiencia de innovaci\u00f3n docente de la ULL sobre el volc\u00e1n de La Palma - ULL - Noticias","og_description":"El Congreso de Innovaci\u00f3n Docente en Ingenier\u00eda Qu\u00edmica (CIDIQ) es un encuentro de car\u00e1cter bianual que pretende impulsar el intercambio...","og_url":"https:\/\/www.ull.es\/portal\/noticias\/2022\/premiada-en-un-congreso-nacional-una-experiencia-de-innovacion-docente-de-la-ull-sobre-el-volcan-de-la-palma\/","og_site_name":"ULL - Noticias","article_publisher":"https:\/\/www.facebook.com\/universidaddelalaguna\/","article_published_time":"2022-07-21T13:50:39+00:00","article_modified_time":"2022-07-21T13:54:40+00:00","og_image":[{"width":1200,"height":800,"url":"https:\/\/www.ull.es\/portal\/noticias\/wp-content\/uploads\/sites\/13\/2022\/07\/grafico-2.jpg","type":"image\/jpeg"}],"author":"gaprsa","twitter_card":"summary_large_image","twitter_creator":"@CanalULL","twitter_site":"@CanalULL","twitter_misc":{"Escrito por":"gaprsa","Tiempo de lectura":"2 minutos"},"schema":{"@context":"https:\/\/schema.org","@graph":[{"@type":"WebPage","@id":"https:\/\/www.ull.es\/portal\/noticias\/2022\/premiada-en-un-congreso-nacional-una-experiencia-de-innovacion-docente-de-la-ull-sobre-el-volcan-de-la-palma\/","url":"https:\/\/www.ull.es\/portal\/noticias\/2022\/premiada-en-un-congreso-nacional-una-experiencia-de-innovacion-docente-de-la-ull-sobre-el-volcan-de-la-palma\/","name":"Premiada en un congreso nacional una experiencia de innovaci\u00f3n docente de la ULL sobre el volc\u00e1n de La Palma - ULL - Noticias","isPartOf":{"@id":"https:\/\/www.ull.es\/portal\/noticias\/#website"},"datePublished":"2022-07-21T13:50:39+00:00","dateModified":"2022-07-21T13:54:40+00:00","author":{"@id":"https:\/\/www.ull.es\/portal\/noticias\/#\/schema\/person\/b2b1a89d43ffa609e591f7df8ef3e817"},"breadcrumb":{"@id":"https:\/\/www.ull.es\/portal\/noticias\/2022\/premiada-en-un-congreso-nacional-una-experiencia-de-innovacion-docente-de-la-ull-sobre-el-volcan-de-la-palma\/#breadcrumb"},"inLanguage":"es","potentialAction":[{"@type":"ReadAction","target":["https:\/\/www.ull.es\/portal\/noticias\/2022\/premiada-en-un-congreso-nacional-una-experiencia-de-innovacion-docente-de-la-ull-sobre-el-volcan-de-la-palma\/"]}]},{"@type":"BreadcrumbList","@id":"https:\/\/www.ull.es\/portal\/noticias\/2022\/premiada-en-un-congreso-nacional-una-experiencia-de-innovacion-docente-de-la-ull-sobre-el-volcan-de-la-palma\/#breadcrumb","itemListElement":[{"@type":"ListItem","position":1,"name":"Portada","item":"https:\/\/www.ull.es\/portal\/noticias\/"},{"@type":"ListItem","position":2,"name":"Premiada en un congreso nacional una experiencia de innovaci\u00f3n docente de la ULL sobre el volc\u00e1n de La Palma"}]},{"@type":"WebSite","@id":"https:\/\/www.ull.es\/portal\/noticias\/#website","url":"https:\/\/www.ull.es\/portal\/noticias\/","name":"ULL - Noticias","description":"","potentialAction":[{"@type":"SearchAction","target":{"@type":"EntryPoint","urlTemplate":"https:\/\/www.ull.es\/portal\/noticias\/?s={search_term_string}"},"query-input":"required name=search_term_string"}],"inLanguage":"es"},{"@type":"Person","@id":"https:\/\/www.ull.es\/portal\/noticias\/#\/schema\/person\/b2b1a89d43ffa609e591f7df8ef3e817","name":"gaprsa","image":{"@type":"ImageObject","inLanguage":"es","@id":"https:\/\/www.ull.es\/portal\/noticias\/#\/schema\/person\/image\/","url":"https:\/\/secure.gravatar.com\/avatar\/443820550921091458b4823867723b3d?s=96&d=mm&r=g","contentUrl":"https:\/\/secure.gravatar.com\/avatar\/443820550921091458b4823867723b3d?s=96&d=mm&r=g","caption":"gaprsa"},"url":"https:\/\/www.ull.es\/portal\/noticias\/author\/gaprsa\/"}]}},"primary_category":{"id":345,"name":"Destacado","slug":"destacado","link":"https:\/\/www.ull.es\/portal\/noticias\/category\/destacado\/"},"featured_image_thumbnail_url":"https:\/\/www.ull.es\/portal\/noticias\/wp-content\/uploads\/sites\/13\/2022\/07\/grafico-2-300x200.jpg","_links":{"self":[{"href":"https:\/\/www.ull.es\/portal\/noticias\/wp-json\/wp\/v2\/posts\/64152"}],"collection":[{"href":"https:\/\/www.ull.es\/portal\/noticias\/wp-json\/wp\/v2\/posts"}],"about":[{"href":"https:\/\/www.ull.es\/portal\/noticias\/wp-json\/wp\/v2\/types\/post"}],"author":[{"embeddable":true,"href":"https:\/\/www.ull.es\/portal\/noticias\/wp-json\/wp\/v2\/users\/23"}],"replies":[{"embeddable":true,"href":"https:\/\/www.ull.es\/portal\/noticias\/wp-json\/wp\/v2\/comments?post=64152"}],"version-history":[{"count":1,"href":"https:\/\/www.ull.es\/portal\/noticias\/wp-json\/wp\/v2\/posts\/64152\/revisions"}],"predecessor-version":[{"id":64153,"href":"https:\/\/www.ull.es\/portal\/noticias\/wp-json\/wp\/v2\/posts\/64152\/revisions\/64153"}],"wp:featuredmedia":[{"embeddable":true,"href":"https:\/\/www.ull.es\/portal\/noticias\/wp-json\/wp\/v2\/media\/64154"}],"wp:attachment":[{"href":"https:\/\/www.ull.es\/portal\/noticias\/wp-json\/wp\/v2\/media?parent=64152"}],"wp:term":[{"taxonomy":"category","embeddable":true,"href":"https:\/\/www.ull.es\/portal\/noticias\/wp-json\/wp\/v2\/categories?post=64152"},{"taxonomy":"post_tag","embeddable":true,"href":"https:\/\/www.ull.es\/portal\/noticias\/wp-json\/wp\/v2\/tags?post=64152"}],"curies":[{"name":"wp","href":"https:\/\/api.w.org\/{rel}","templated":true}]}}