{"id":64168,"date":"2022-07-22T13:21:00","date_gmt":"2022-07-22T13:21:00","guid":{"rendered":"https:\/\/www.ull.es\/portal\/noticias\/?p=64168"},"modified":"2022-07-22T13:22:46","modified_gmt":"2022-07-22T13:22:46","slug":"328-personas-xxix-universidad-verano-adeje","status":"publish","type":"post","link":"https:\/\/www.ull.es\/portal\/noticias\/2022\/328-personas-xxix-universidad-verano-adeje\/","title":{"rendered":"328 personas participan en la XXIX edici\u00f3n de los cursos y talleres de la Universidad de Verano de Adeje"},"content":{"rendered":"<p dir=\"ltr\">La XXIX edici\u00f3n de los cursos y talleres de la Universidad de Verano de Adeje (UVA) se despide con un dato significativo: 328 personas han participado en los los ocho cursos y ocho talleres propuestos en este a\u00f1o, los cuales han contado con sesiones matutinas y vespertinas para posibilitar la conciliaci\u00f3n familiar de las personas participantes. De esas 328, el 90%, es decir 295, fueron mujeres y el 10% (33), hombres. De la totalidad, el 92,98% super\u00f3 el curso o taller satisfactoriamente. Esta edici\u00f3n recuper\u00f3 la presencialidad, si bien hubo algunas ponencias en formato online, dada la localizaci\u00f3n de algunas de las personas que compon\u00edan el panel de ponentes.<\/p>\n<p dir=\"ltr\">La concejala de Cultura y Educaci\u00f3n del Ayuntamiento de Adeje, Mar\u00eda Clavijo Maza, indic\u00f3 que \u201ctanto los cursos como los talleres han alcanzado un alto grado de satisfacci\u00f3n y participaci\u00f3n, han arrojado resultados muy positivos y, sobre todo, han posibilitado que tanto el alumnado universitario como la ciudadan\u00eda en general participe de manera activa\u201d.<\/p>\n<p dir=\"ltr\">Seguidamente, el Vicerrector de Cultura, Participaci\u00f3n Social y Campus de Ofra y La Palma de la Universidad de La Laguna, Juan Albino M\u00e9ndez P\u00e9rez, asegur\u00f3 que se seguir\u00e1 manteniendo el compromiso con Adeje: \u201ctanto el Ayuntamiento como la Universidad entendemos que, para que exista un avance social, es necesario invertir en la econom\u00eda del conocimiento\u201d y para ello, prosigui\u00f3 \u201ces necesaria la universidad, que es una entidad de servicio p\u00fablico comprometida con su territorio\u201d.<\/p>\n<p dir=\"ltr\">Paralelamente a la oferta formativa, la UVA cont\u00f3 con actividades paralelas que se concentraron en la tarde del \u00faltimo d\u00eda, de manera tal que no interrumpiera la actividad lectiva. Tambi\u00e9n participaron radios insulares y locales, las cuales se trasladaron hasta el campus universitario del Sur en el Centro Cultural de Adeje, para conocer de primera mano las propuestas de este a\u00f1o.<\/p>\n<p dir=\"ltr\">Por primera vez, la UVA cont\u00f3 con un aula de conciliaci\u00f3n en la cual los hijos e hijas de las personas participantes pod\u00edan realizar actividades de ocio mientras sus padres y madres realizaban alg\u00fan curso o taller. Este servicio volver\u00e1 a estar activo en las ediciones venideras de la Universidad de Verano de Adeje ya que, seg\u00fan han indicado las personas usuarias de este servicio, \u201csi no lo hubiesen puesto, no hubiese podido asistir a los cursos\u201d.<\/p>\n<p dir=\"ltr\">Tanto Clavijo Maza como M\u00e9ndez P\u00e9rez, destacaron el contenido de los cursos, los cuales han sido uno de los elementos referenciales ya que las ponencias han sido apoyadas por documentaci\u00f3n, bibliograf\u00eda y actividades disponibles en la plataforma de los cursos que permitieron la ampliaci\u00f3n de conocimientos espec\u00edficos.<\/p>\n","protected":false},"excerpt":{"rendered":"<p>La XXIX edici\u00f3n de los cursos y talleres de la Universidad de Verano de Adeje (UVA) se despide con un&#8230;<\/p>\n","protected":false},"author":21,"featured_media":64169,"comment_status":"closed","ping_status":"closed","sticky":false,"template":"","format":"standard","meta":{"inline_featured_image":false,"footnotes":""},"categories":[345,346,2765],"tags":[4594,6549,8927,2574],"acf":[],"yoast_head":"<!-- This site is optimized with the Yoast SEO plugin v21.3 - https:\/\/yoast.com\/wordpress\/plugins\/seo\/ -->\n<title>328 personas participaron en la Universidad de Verano de Adeje<\/title>\n<meta name=\"description\" content=\"Destaca que el 90% del alumnado ha sido femenino, con 295 mujeres frente a \u00fanicamente 33 hombres matriculados en los cursos y talleres.\" \/>\n<meta name=\"robots\" content=\"index, follow, max-snippet:-1, max-image-preview:large, max-video-preview:-1\" \/>\n<link rel=\"canonical\" href=\"https:\/\/www.ull.es\/portal\/noticias\/2022\/328-personas-xxix-universidad-verano-adeje\/\" \/>\n<meta property=\"og:locale\" content=\"es_ES\" \/>\n<meta property=\"og:type\" content=\"article\" \/>\n<meta property=\"og:title\" content=\"328 personas participaron en la Universidad de Verano de Adeje\" \/>\n<meta property=\"og:description\" content=\"Destaca que el 90% del alumnado ha sido femenino, con 295 mujeres frente a \u00fanicamente 33 hombres matriculados en los cursos y talleres.\" \/>\n<meta property=\"og:url\" content=\"https:\/\/www.ull.es\/portal\/noticias\/2022\/328-personas-xxix-universidad-verano-adeje\/\" \/>\n<meta property=\"og:site_name\" content=\"ULL - Noticias\" \/>\n<meta property=\"article:publisher\" content=\"https:\/\/www.facebook.com\/universidaddelalaguna\/\" \/>\n<meta property=\"article:published_time\" content=\"2022-07-22T13:21:00+00:00\" \/>\n<meta property=\"article:modified_time\" content=\"2022-07-22T13:22:46+00:00\" \/>\n<meta property=\"og:image\" content=\"https:\/\/www.ull.es\/portal\/noticias\/wp-content\/uploads\/sites\/13\/2022\/07\/adeje-rueda-prensa-final.jpg\" \/>\n\t<meta property=\"og:image:width\" content=\"1200\" \/>\n\t<meta property=\"og:image:height\" content=\"800\" \/>\n\t<meta property=\"og:image:type\" content=\"image\/jpeg\" \/>\n<meta name=\"author\" content=\"prensa2\" \/>\n<meta name=\"twitter:card\" content=\"summary_large_image\" \/>\n<meta name=\"twitter:creator\" content=\"@CanalULL\" \/>\n<meta name=\"twitter:site\" content=\"@CanalULL\" \/>\n<meta name=\"twitter:label1\" content=\"Escrito por\" \/>\n\t<meta name=\"twitter:data1\" content=\"prensa2\" \/>\n\t<meta name=\"twitter:label2\" content=\"Tiempo de lectura\" \/>\n\t<meta name=\"twitter:data2\" content=\"2 minutos\" \/>\n<script type=\"application\/ld+json\" class=\"yoast-schema-graph\">{\"@context\":\"https:\/\/schema.org\",\"@graph\":[{\"@type\":\"WebPage\",\"@id\":\"https:\/\/www.ull.es\/portal\/noticias\/2022\/328-personas-xxix-universidad-verano-adeje\/\",\"url\":\"https:\/\/www.ull.es\/portal\/noticias\/2022\/328-personas-xxix-universidad-verano-adeje\/\",\"name\":\"328 personas participaron en la Universidad de Verano de Adeje\",\"isPartOf\":{\"@id\":\"https:\/\/www.ull.es\/portal\/noticias\/#website\"},\"datePublished\":\"2022-07-22T13:21:00+00:00\",\"dateModified\":\"2022-07-22T13:22:46+00:00\",\"author\":{\"@id\":\"https:\/\/www.ull.es\/portal\/noticias\/#\/schema\/person\/c3b2aa857797592927a03740d6664376\"},\"description\":\"Destaca que el 90% del alumnado ha sido femenino, con 295 mujeres frente a \u00fanicamente 33 hombres matriculados en los cursos y talleres.\",\"breadcrumb\":{\"@id\":\"https:\/\/www.ull.es\/portal\/noticias\/2022\/328-personas-xxix-universidad-verano-adeje\/#breadcrumb\"},\"inLanguage\":\"es\",\"potentialAction\":[{\"@type\":\"ReadAction\",\"target\":[\"https:\/\/www.ull.es\/portal\/noticias\/2022\/328-personas-xxix-universidad-verano-adeje\/\"]}]},{\"@type\":\"BreadcrumbList\",\"@id\":\"https:\/\/www.ull.es\/portal\/noticias\/2022\/328-personas-xxix-universidad-verano-adeje\/#breadcrumb\",\"itemListElement\":[{\"@type\":\"ListItem\",\"position\":1,\"name\":\"Portada\",\"item\":\"https:\/\/www.ull.es\/portal\/noticias\/\"},{\"@type\":\"ListItem\",\"position\":2,\"name\":\"328 personas participan en la XXIX edici\u00f3n de los cursos y talleres de la Universidad de Verano de Adeje\"}]},{\"@type\":\"WebSite\",\"@id\":\"https:\/\/www.ull.es\/portal\/noticias\/#website\",\"url\":\"https:\/\/www.ull.es\/portal\/noticias\/\",\"name\":\"ULL - Noticias\",\"description\":\"\",\"potentialAction\":[{\"@type\":\"SearchAction\",\"target\":{\"@type\":\"EntryPoint\",\"urlTemplate\":\"https:\/\/www.ull.es\/portal\/noticias\/?s={search_term_string}\"},\"query-input\":\"required name=search_term_string\"}],\"inLanguage\":\"es\"},{\"@type\":\"Person\",\"@id\":\"https:\/\/www.ull.es\/portal\/noticias\/#\/schema\/person\/c3b2aa857797592927a03740d6664376\",\"name\":\"prensa2\",\"image\":{\"@type\":\"ImageObject\",\"inLanguage\":\"es\",\"@id\":\"https:\/\/www.ull.es\/portal\/noticias\/#\/schema\/person\/image\/\",\"url\":\"https:\/\/secure.gravatar.com\/avatar\/b58f310a5de5feb33d1e026d2493f23c?s=96&d=mm&r=g\",\"contentUrl\":\"https:\/\/secure.gravatar.com\/avatar\/b58f310a5de5feb33d1e026d2493f23c?s=96&d=mm&r=g\",\"caption\":\"prensa2\"},\"url\":\"https:\/\/www.ull.es\/portal\/noticias\/author\/prensa2\/\"}]}<\/script>\n<!-- \/ Yoast SEO plugin. -->","yoast_head_json":{"title":"328 personas participaron en la Universidad de Verano de Adeje","description":"Destaca que el 90% del alumnado ha sido femenino, con 295 mujeres frente a \u00fanicamente 33 hombres matriculados en los cursos y talleres.","robots":{"index":"index","follow":"follow","max-snippet":"max-snippet:-1","max-image-preview":"max-image-preview:large","max-video-preview":"max-video-preview:-1"},"canonical":"https:\/\/www.ull.es\/portal\/noticias\/2022\/328-personas-xxix-universidad-verano-adeje\/","og_locale":"es_ES","og_type":"article","og_title":"328 personas participaron en la Universidad de Verano de Adeje","og_description":"Destaca que el 90% del alumnado ha sido femenino, con 295 mujeres frente a \u00fanicamente 33 hombres matriculados en los cursos y talleres.","og_url":"https:\/\/www.ull.es\/portal\/noticias\/2022\/328-personas-xxix-universidad-verano-adeje\/","og_site_name":"ULL - Noticias","article_publisher":"https:\/\/www.facebook.com\/universidaddelalaguna\/","article_published_time":"2022-07-22T13:21:00+00:00","article_modified_time":"2022-07-22T13:22:46+00:00","og_image":[{"width":1200,"height":800,"url":"https:\/\/www.ull.es\/portal\/noticias\/wp-content\/uploads\/sites\/13\/2022\/07\/adeje-rueda-prensa-final.jpg","type":"image\/jpeg"}],"author":"prensa2","twitter_card":"summary_large_image","twitter_creator":"@CanalULL","twitter_site":"@CanalULL","twitter_misc":{"Escrito por":"prensa2","Tiempo de lectura":"2 minutos"},"schema":{"@context":"https:\/\/schema.org","@graph":[{"@type":"WebPage","@id":"https:\/\/www.ull.es\/portal\/noticias\/2022\/328-personas-xxix-universidad-verano-adeje\/","url":"https:\/\/www.ull.es\/portal\/noticias\/2022\/328-personas-xxix-universidad-verano-adeje\/","name":"328 personas participaron en la Universidad de Verano de Adeje","isPartOf":{"@id":"https:\/\/www.ull.es\/portal\/noticias\/#website"},"datePublished":"2022-07-22T13:21:00+00:00","dateModified":"2022-07-22T13:22:46+00:00","author":{"@id":"https:\/\/www.ull.es\/portal\/noticias\/#\/schema\/person\/c3b2aa857797592927a03740d6664376"},"description":"Destaca que el 90% del alumnado ha sido femenino, con 295 mujeres frente a \u00fanicamente 33 hombres matriculados en los cursos y talleres.","breadcrumb":{"@id":"https:\/\/www.ull.es\/portal\/noticias\/2022\/328-personas-xxix-universidad-verano-adeje\/#breadcrumb"},"inLanguage":"es","potentialAction":[{"@type":"ReadAction","target":["https:\/\/www.ull.es\/portal\/noticias\/2022\/328-personas-xxix-universidad-verano-adeje\/"]}]},{"@type":"BreadcrumbList","@id":"https:\/\/www.ull.es\/portal\/noticias\/2022\/328-personas-xxix-universidad-verano-adeje\/#breadcrumb","itemListElement":[{"@type":"ListItem","position":1,"name":"Portada","item":"https:\/\/www.ull.es\/portal\/noticias\/"},{"@type":"ListItem","position":2,"name":"328 personas participan en la XXIX edici\u00f3n de los cursos y talleres de la Universidad de Verano de Adeje"}]},{"@type":"WebSite","@id":"https:\/\/www.ull.es\/portal\/noticias\/#website","url":"https:\/\/www.ull.es\/portal\/noticias\/","name":"ULL - Noticias","description":"","potentialAction":[{"@type":"SearchAction","target":{"@type":"EntryPoint","urlTemplate":"https:\/\/www.ull.es\/portal\/noticias\/?s={search_term_string}"},"query-input":"required name=search_term_string"}],"inLanguage":"es"},{"@type":"Person","@id":"https:\/\/www.ull.es\/portal\/noticias\/#\/schema\/person\/c3b2aa857797592927a03740d6664376","name":"prensa2","image":{"@type":"ImageObject","inLanguage":"es","@id":"https:\/\/www.ull.es\/portal\/noticias\/#\/schema\/person\/image\/","url":"https:\/\/secure.gravatar.com\/avatar\/b58f310a5de5feb33d1e026d2493f23c?s=96&d=mm&r=g","contentUrl":"https:\/\/secure.gravatar.com\/avatar\/b58f310a5de5feb33d1e026d2493f23c?s=96&d=mm&r=g","caption":"prensa2"},"url":"https:\/\/www.ull.es\/portal\/noticias\/author\/prensa2\/"}]}},"primary_category":{"id":2765,"name":"Portada ULL","slug":"portada-ull","link":"https:\/\/www.ull.es\/portal\/noticias\/category\/portada-ull\/"},"featured_image_thumbnail_url":"https:\/\/www.ull.es\/portal\/noticias\/wp-content\/uploads\/sites\/13\/2022\/07\/adeje-rueda-prensa-final-300x200.jpg","_links":{"self":[{"href":"https:\/\/www.ull.es\/portal\/noticias\/wp-json\/wp\/v2\/posts\/64168"}],"collection":[{"href":"https:\/\/www.ull.es\/portal\/noticias\/wp-json\/wp\/v2\/posts"}],"about":[{"href":"https:\/\/www.ull.es\/portal\/noticias\/wp-json\/wp\/v2\/types\/post"}],"author":[{"embeddable":true,"href":"https:\/\/www.ull.es\/portal\/noticias\/wp-json\/wp\/v2\/users\/21"}],"replies":[{"embeddable":true,"href":"https:\/\/www.ull.es\/portal\/noticias\/wp-json\/wp\/v2\/comments?post=64168"}],"version-history":[{"count":1,"href":"https:\/\/www.ull.es\/portal\/noticias\/wp-json\/wp\/v2\/posts\/64168\/revisions"}],"predecessor-version":[{"id":64170,"href":"https:\/\/www.ull.es\/portal\/noticias\/wp-json\/wp\/v2\/posts\/64168\/revisions\/64170"}],"wp:featuredmedia":[{"embeddable":true,"href":"https:\/\/www.ull.es\/portal\/noticias\/wp-json\/wp\/v2\/media\/64169"}],"wp:attachment":[{"href":"https:\/\/www.ull.es\/portal\/noticias\/wp-json\/wp\/v2\/media?parent=64168"}],"wp:term":[{"taxonomy":"category","embeddable":true,"href":"https:\/\/www.ull.es\/portal\/noticias\/wp-json\/wp\/v2\/categories?post=64168"},{"taxonomy":"post_tag","embeddable":true,"href":"https:\/\/www.ull.es\/portal\/noticias\/wp-json\/wp\/v2\/tags?post=64168"}],"curies":[{"name":"wp","href":"https:\/\/api.w.org\/{rel}","templated":true}]}}