{"id":64281,"date":"2022-07-28T12:19:06","date_gmt":"2022-07-28T12:19:06","guid":{"rendered":"https:\/\/www.ull.es\/portal\/noticias\/?p=64281"},"modified":"2022-07-28T12:22:10","modified_gmt":"2022-07-28T12:22:10","slug":"la-universidad-de-la-laguna-suscribe-el-pacto-por-la-ciencia-e-innovacion-de-canarias","status":"publish","type":"post","link":"https:\/\/www.ull.es\/portal\/noticias\/2022\/la-universidad-de-la-laguna-suscribe-el-pacto-por-la-ciencia-e-innovacion-de-canarias\/","title":{"rendered":"La Universidad de La Laguna suscribe el Pacto por la Ciencia e Innovaci\u00f3n de Canarias"},"content":{"rendered":"<p>El presidente de Canarias, \u00c1ngel V\u00edctor Torres, presidi\u00f3 esta ma\u00f1ana la firma del <a href=\"https:\/\/docreader.readspeaker.com\/docreader\/?jsmode=1&amp;cid=buyeo&amp;lang=es_es&amp;url=https%3A%2F%2Fwww.gobiernodecanarias.org%2Fcmsweb%2Fexport%2Fsites%2Fconocimiento%2Fgalerias%2Fdoc%2FPactoCienciaInnovacion.pdf&amp;referer=https%3A%2F%2Fwww.gobiernodecanarias.org%2F\" target=\"_blank\" rel=\"noopener\" target=\"_blank\" rel=\"noopener\">Pacto por la Ciencia e Innovaci\u00f3n de Canarias<\/a>, un documento \u201cque compromete a quienes lo suscriben a trabajar de forma activa para impulsar la investigaci\u00f3n e innovaci\u00f3n en las islas, para su transferencia al tejido productivo y social y para el progreso y la mejora de la competitividad\u201d. En el acto de la firma estuvo presente, entre otras autoridades, la ministra de Ciencia e Innovaci\u00f3n, Diana Morant, as\u00ed como representantes de los distintos partidos pol\u00edticos, de las administraciones p\u00fablicas y de la sociedad civil que se adhieren a esta iniciativa. Por parte de la Universidad de La Laguna firm\u00f3 el vicerrector de Investigaci\u00f3n y Transferencia, Ernesto Pereda, en ausencia de la rectora.<\/p>\n<p>El Pacto por la Ciencia y la Innovaci\u00f3n en Canarias ha sido impulsado desde la Consejer\u00eda de Econom\u00eda, Conocimiento y Empleo con el fin de aglutinar a los agentes pol\u00edticos, econ\u00f3micos, t\u00e9cnicos y sociales mejor situados para hacerlo realidad. Despu\u00e9s de meses de trabajo e intercambio de propuestas y aportaciones, se consensu\u00f3 el documento suscrito hoy, que compromete a las partes firmantes a trabajar para mejorar la financiaci\u00f3n y recursos con el fin de alcanzar las ratios europeas en inversi\u00f3n; potenciar la gobernanza y la participaci\u00f3n en el ecosistema de I+D+i, y apostar por el talento, fomentando la carrera cient\u00edfica, las vocaciones a edades tempranas, el emprendimiento, el cierre de brecha de g\u00e9nero, etc\u00e9tera.<\/p>\n<p>En la rueda de prensa posterior a la firma, Torres resalt\u00f3 que, ante cuestiones clave para el futuro de las islas, \u201cno haya fisuras entre los partidos y los colectivos de la sociedad civil, tal y como ocurri\u00f3 con la pandemia, el volc\u00e1n o el reciente incendio de Los Realejos. Este es un pacto que nos compromete al futuro y es algo muy importante\u201d. El presidente recalc\u00f3 que las islas tienen motivos para acoger el Centro Nacional de Vulcanolog\u00eda y para aspirar a la sede de la Agencia Espacial Espa\u00f1ola, por lo que anunci\u00f3 la candidatura de Canarias en ambos casos. \u201cQueremos competir; sabemos que no va a ser f\u00e1cil, pero se consigue lo que se persigue\u201d, se\u00f1al\u00f3.<\/p>\n<p>El jefe del Ejecutivo considera que el acto de hoy, con el respaldo logrado a este pacto, hace que \u201ccasi sobren las palabras porque no es sencillo un consenso as\u00ed. Estamos en una \u00e9poca dif\u00edcil en la que se ha demostrado la importancia de la ciencia. En el mismo a\u00f1o de la pandemia se consigue una vacuna, algo que nunca hab\u00eda ocurrido antes en el mundo. Lo mismo con el volc\u00e1n de La Palma, pues sin la ciencia no se hubiese sabido por d\u00f3nde saldr\u00eda la erupci\u00f3n y los cient\u00edficos casi pidieron perd\u00f3n por equivocarse por 300 metros, cuando eso salv\u00f3 vidas. Y tambi\u00e9n con el incendio de estos d\u00edas en el norte de Tenerife, donde los drones han permitido saber los puntos calientes. Todo esto es ciencia y se demuestra que es necesario la mayor inversi\u00f3n posible en este campo. Hemos aumentado un 85% el presupuesto en ciencia, pero sigue siendo insuficiente pues debemos aprender del presente\u201d.<\/p>\n<div id=\"attachment_64283\" style=\"width: 310px\" class=\"wp-caption alignleft\"><img aria-describedby=\"caption-attachment-64283\" decoding=\"async\" loading=\"lazy\" class=\"wp-image-64283 size-medium\" src=\"https:\/\/www.ull.es\/portal\/noticias\/wp-content\/uploads\/sites\/13\/2022\/07\/ernesto-pereda-firma-def-300x200.jpg\" alt=\"\" width=\"300\" height=\"200\" srcset=\"https:\/\/www.ull.es\/portal\/noticias\/wp-content\/uploads\/sites\/13\/2022\/07\/ernesto-pereda-firma-def-300x200.jpg 300w, https:\/\/www.ull.es\/portal\/noticias\/wp-content\/uploads\/sites\/13\/2022\/07\/ernesto-pereda-firma-def-1024x684.jpg 1024w, https:\/\/www.ull.es\/portal\/noticias\/wp-content\/uploads\/sites\/13\/2022\/07\/ernesto-pereda-firma-def-768x513.jpg 768w, https:\/\/www.ull.es\/portal\/noticias\/wp-content\/uploads\/sites\/13\/2022\/07\/ernesto-pereda-firma-def-1536x1025.jpg 1536w, https:\/\/www.ull.es\/portal\/noticias\/wp-content\/uploads\/sites\/13\/2022\/07\/ernesto-pereda-firma-def-375x250.jpg 375w, https:\/\/www.ull.es\/portal\/noticias\/wp-content\/uploads\/sites\/13\/2022\/07\/ernesto-pereda-firma-def-750x501.jpg 750w, https:\/\/www.ull.es\/portal\/noticias\/wp-content\/uploads\/sites\/13\/2022\/07\/ernesto-pereda-firma-def-1140x761.jpg 1140w, https:\/\/www.ull.es\/portal\/noticias\/wp-content\/uploads\/sites\/13\/2022\/07\/ernesto-pereda-firma-def.jpg 1600w\" sizes=\"(max-width: 300px) 100vw, 300px\" \/><p id=\"caption-attachment-64283\" class=\"wp-caption-text\">El vicerrector de Investigaci\u00f3n y Transferencia de la ULL, en la firma el documento.<\/p><\/div>\n<p>En esta l\u00ednea, Torres record\u00f3 que, en Jameos del Agua (Lanzarote), el pasado 2 de diciembre se firm\u00f3 la Agenda Canaria 2030, \u201cen la que se apuesta por una ley de ciencia y por otros avances, incluida la parte presupuestaria, algo que tambi\u00e9n est\u00e1 en el pacto de hoy\u201d. Adem\u00e1s, insisti\u00f3 en la necesidad de aprovechar al m\u00e1ximo los fondos europeos.<\/p>\n<p>Por su parte, la ministra de Ciencia e Innovaci\u00f3n asegur\u00f3 que se trata de un d\u00eda muy especial, si bien sus primeras palabras las dirigi\u00f3 a las familia afectadas por el incendio forestal en el norte de Tenerife iniciado el pasado jueves (21 de julio). Morant felicit\u00f3 a las administraciones por reducir la gravedad de las llamas (cuya emergencia ha vuelto al nivel 1, lo que devuelve la gesti\u00f3n al Cabildo) y recalc\u00f3 el papel fundamental que ha jugado la ciencia para ese logro.<\/p>\n<p>A su juicio, la firma de hoy es \u201cun ejercicio de madurez y de altura pol\u00edtica y social. No se ha firmado cualquier cosa, sino un compromiso para el futuro, para la esperanza. Cuando hemos tenido que afrontar la crisis del volc\u00e1n o la pandemia, cuando nuestros ciudadanos estaban en peligro de muerte, todos mir\u00e1bamos a los cient\u00edficos y esper\u00e1bamos de ellos una respuesta. Y han estado a la altura de las circunstancias y, hoy, la pol\u00edtica y la sociedad canaria les devuelve lo dado al comprometerse con la ciencia y la innovaci\u00f3n como palanca de generaci\u00f3n de progreso. Por eso, todo mi reconocimiento a este pacto que han firmado\u201d, que lig\u00f3 al acuerdo nacional suscrito tambi\u00e9n con los partidos y la sociedad civil.<\/p>\n<p>\u201cHacer una mejor Espa\u00f1a se hace desde toda Espa\u00f1a y, por eso, hay que invertir en todos los territorios, pues todos tiene potenciales que hay que saber aprovechar, y apostamos por la descentralizaci\u00f3n de los centros de investigaci\u00f3n como la Agencia Espacial Espa\u00f1ola o el Centro Nacional de Vulcanolog\u00eda\u201d.<\/p>\n<p>Morant recogi\u00f3 el guante de la propuesta de Torres para que Canarias acoja la Agencia Espacial. Adem\u00e1s, detall\u00f3 que, de 2018 a 2021, el Ministerio de Ciencia e Innovaci\u00f3n ha destinado 81 millones de euros a proyectos de investigaci\u00f3n (de universidades y empresas) en las islas, \u201cun 22% m\u00e1s que la media anual anterior al Gobierno de Pedro S\u00e1nchez\u201d. El Instituto de Astrof\u00edsica de Canarias (IAC) tuvo una aportaci\u00f3n extraordinaria de 9 millones en 2021 y de 13 en 2022. Adem\u00e1s, recalc\u00f3 que se pondr\u00e1 en marcha la mayor oferta p\u00fablica de empleo en el sector de la ciencia, \u201ccon 20 plazas m\u00e1s para funcionarios investigadores en el IAC, un 40% m\u00e1s del personal actual\u201d.<\/p>\n<p>La ministra elogi\u00f3 que Canarias casi haya doblado la inversi\u00f3n en ciencia con el Gobierno de \u00c1ngel V\u00edctor Torres (un 85% m\u00e1s), \u201cporque ese es el papel m\u00e1s contundente, el presupuestario, algo que se demuestra con cifras y hechos\u201d. Resalt\u00f3 tambi\u00e9n los proyectos de infraestructuras de ciencia singulares en las islas, \u201ccon centros de excelencia que no s\u00f3lo hacen investigaci\u00f3n de referencia internacional, sino que nos posiciona en el podio mundial, como pasa con el Gran Telescopio de Canarias, la Plataforma Oce\u00e1nica de Canarias, los observatorios del Teide y del Roque de los Muchachos), la RedIris (red de fibra oscura de alta capacidad para 30 a\u00f1os) o el nodo de supercomputaci\u00f3n del IAC de La Palma.<\/p>\n<p>Asimismo, desatac\u00f3 las l\u00edneas de investigaci\u00f3n para las ciencias marinas, la biodiversidad y las energ\u00edas renovables en el Archipi\u00e9lago. Seg\u00fan insisti\u00f3, \u201cqueremos que estas islas sean totalmente sostenibles, con energ\u00edas limpias, protegiendo la biodiversidad a trav\u00e9s del medio marino y usando las tecnolog\u00eda m\u00e1s avanzadas para ese control. \u201cPor tanto, Canarias se vuelve a posicionar en nichos de empleo punteros y de futuro\u201d.<\/p>\n<p>El Pacto por la Ciencia estar\u00e1 disponible en la p\u00e1gina web de la Agencia Canaria de Investigaci\u00f3n, Innovaci\u00f3n y Sociedad de la Informaci\u00f3n, para que pueda ser consultado y, en su caso, firmarlo quien lo desee. Hoy fue suscrito por \u00c1ngel V\u00edctor Torres P\u00e9rez, presidente de Canarias; Nira Fierro D\u00edaz (PSOE); Jos\u00e9 Miguel Barrag\u00e1n Cabrera (CC), Poli Su\u00e1rez Nuez (PP); Luis Alberto Campos Jim\u00e9nez (NC); Mar\u00eda del R\u00edo S\u00e1nchez (S\u00ed Podemos); Jes\u00fas Ram\u00f3n Ramos Chinea (ASG); Ricardo Fern\u00e1ndez de la Puente Armas (Cs); Ernesto Pereda de Pablo, vicerrector de Investigaci\u00f3n y Transferencia de la Universidad de La Laguna; Llu\u00eds Serra Majem, rector de la Universidad de Las Palmas de Gran Canaria; Pedro Alfonso Mart\u00edn, presidente de CEOE-Tenerife; Jos\u00e9 Crist\u00f3bal Garc\u00eda Garc\u00eda, vicepresidente de la Confederaci\u00f3n Canaria de Empresarios; Manuel Navarro Ramos, secretario general UGT-Canarias, e Inocencio Gonz\u00e1lez Tosc\u00f3n, secretario general de Comisiones Obreras en Canarias. Al proyecto tambi\u00e9n se adhiere la Federaci\u00f3n Canaria de Municipios y la Federaci\u00f3n Canaria de Islas, con la firma de la presidenta de la Fecam, Mari Brito, y del presidente del Cabildo de Tenerife, Pedro Mart\u00edn.<\/p>\n<p>Adem\u00e1s, la ministra de Ciencia y el presidente auton\u00f3mico departieron sobre el estado de creaci\u00f3n del consorcio entre ambos gobiernos con el fin de que Canarias acoja el futuro Centro Nacional de Vulcanolog\u00eda. El consorcio tiene como fin gestionar la colaboraci\u00f3n cient\u00edfica, t\u00e9cnica, de innovaci\u00f3n, econ\u00f3mica y administrativa de las entidades que lo integran para la construcci\u00f3n, equipamiento y explotaci\u00f3n de este centro de referencia.<\/p>\n<p>El Centro Nacional de Vulcanolog\u00eda ser\u00e1 una infraestructura dedicada a la gesti\u00f3n integral del fen\u00f3meno volc\u00e1nico en regiones volc\u00e1nicamente activas, promoviendo el intercambio de conocimientos entre grupos de investigaci\u00f3n y la potenciaci\u00f3n de la cooperaci\u00f3n, con el fin de incrementar su visibilidad internacional y contribuir al desarrollo sostenible de las regiones volc\u00e1nicas.<\/p>\n<p>(Nota de prensa y fotos cedidas).<\/p>\n","protected":false},"excerpt":{"rendered":"<p>El presidente de Canarias, \u00c1ngel V\u00edctor Torres, presidi\u00f3 esta ma\u00f1ana la firma del Pacto por la Ciencia e Innovaci\u00f3n de&#8230;<\/p>\n","protected":false},"author":23,"featured_media":64284,"comment_status":"closed","ping_status":"closed","sticky":false,"template":"","format":"standard","meta":{"inline_featured_image":false,"footnotes":""},"categories":[3785,345,350,2765],"tags":[8113,8950],"acf":[],"yoast_head":"<!-- This site is optimized with the Yoast SEO plugin v21.3 - https:\/\/yoast.com\/wordpress\/plugins\/seo\/ -->\n<title>La Universidad de La Laguna suscribe el Pacto por la Ciencia e Innovaci\u00f3n de Canarias - ULL - Noticias<\/title>\n<meta name=\"robots\" content=\"index, follow, max-snippet:-1, max-image-preview:large, max-video-preview:-1\" \/>\n<link rel=\"canonical\" href=\"https:\/\/www.ull.es\/portal\/noticias\/2022\/la-universidad-de-la-laguna-suscribe-el-pacto-por-la-ciencia-e-innovacion-de-canarias\/\" \/>\n<meta property=\"og:locale\" content=\"es_ES\" \/>\n<meta property=\"og:type\" content=\"article\" \/>\n<meta property=\"og:title\" content=\"La Universidad de La Laguna suscribe el Pacto por la Ciencia e Innovaci\u00f3n de Canarias - ULL - Noticias\" \/>\n<meta property=\"og:description\" content=\"El presidente de Canarias, \u00c1ngel V\u00edctor Torres, presidi\u00f3 esta ma\u00f1ana la firma del Pacto por la Ciencia e Innovaci\u00f3n de...\" \/>\n<meta property=\"og:url\" content=\"https:\/\/www.ull.es\/portal\/noticias\/2022\/la-universidad-de-la-laguna-suscribe-el-pacto-por-la-ciencia-e-innovacion-de-canarias\/\" \/>\n<meta property=\"og:site_name\" content=\"ULL - Noticias\" \/>\n<meta property=\"article:publisher\" content=\"https:\/\/www.facebook.com\/universidaddelalaguna\/\" \/>\n<meta property=\"article:published_time\" content=\"2022-07-28T12:19:06+00:00\" \/>\n<meta property=\"article:modified_time\" content=\"2022-07-28T12:22:10+00:00\" \/>\n<meta property=\"og:image\" content=\"https:\/\/www.ull.es\/portal\/noticias\/wp-content\/uploads\/sites\/13\/2022\/07\/foto-familia-pacto.jpg\" \/>\n\t<meta property=\"og:image:width\" content=\"1600\" \/>\n\t<meta property=\"og:image:height\" content=\"1096\" \/>\n\t<meta property=\"og:image:type\" content=\"image\/jpeg\" \/>\n<meta name=\"author\" content=\"gaprsa\" \/>\n<meta name=\"twitter:card\" content=\"summary_large_image\" \/>\n<meta name=\"twitter:creator\" content=\"@CanalULL\" \/>\n<meta name=\"twitter:site\" content=\"@CanalULL\" \/>\n<meta name=\"twitter:label1\" content=\"Escrito por\" \/>\n\t<meta name=\"twitter:data1\" content=\"gaprsa\" \/>\n\t<meta name=\"twitter:label2\" content=\"Tiempo de lectura\" \/>\n\t<meta name=\"twitter:data2\" content=\"7 minutos\" \/>\n<script type=\"application\/ld+json\" class=\"yoast-schema-graph\">{\"@context\":\"https:\/\/schema.org\",\"@graph\":[{\"@type\":\"WebPage\",\"@id\":\"https:\/\/www.ull.es\/portal\/noticias\/2022\/la-universidad-de-la-laguna-suscribe-el-pacto-por-la-ciencia-e-innovacion-de-canarias\/\",\"url\":\"https:\/\/www.ull.es\/portal\/noticias\/2022\/la-universidad-de-la-laguna-suscribe-el-pacto-por-la-ciencia-e-innovacion-de-canarias\/\",\"name\":\"La Universidad de La Laguna suscribe el Pacto por la Ciencia e Innovaci\u00f3n de Canarias - ULL - Noticias\",\"isPartOf\":{\"@id\":\"https:\/\/www.ull.es\/portal\/noticias\/#website\"},\"datePublished\":\"2022-07-28T12:19:06+00:00\",\"dateModified\":\"2022-07-28T12:22:10+00:00\",\"author\":{\"@id\":\"https:\/\/www.ull.es\/portal\/noticias\/#\/schema\/person\/b2b1a89d43ffa609e591f7df8ef3e817\"},\"breadcrumb\":{\"@id\":\"https:\/\/www.ull.es\/portal\/noticias\/2022\/la-universidad-de-la-laguna-suscribe-el-pacto-por-la-ciencia-e-innovacion-de-canarias\/#breadcrumb\"},\"inLanguage\":\"es\",\"potentialAction\":[{\"@type\":\"ReadAction\",\"target\":[\"https:\/\/www.ull.es\/portal\/noticias\/2022\/la-universidad-de-la-laguna-suscribe-el-pacto-por-la-ciencia-e-innovacion-de-canarias\/\"]}]},{\"@type\":\"BreadcrumbList\",\"@id\":\"https:\/\/www.ull.es\/portal\/noticias\/2022\/la-universidad-de-la-laguna-suscribe-el-pacto-por-la-ciencia-e-innovacion-de-canarias\/#breadcrumb\",\"itemListElement\":[{\"@type\":\"ListItem\",\"position\":1,\"name\":\"Portada\",\"item\":\"https:\/\/www.ull.es\/portal\/noticias\/\"},{\"@type\":\"ListItem\",\"position\":2,\"name\":\"La Universidad de La Laguna suscribe el Pacto por la Ciencia e Innovaci\u00f3n de Canarias\"}]},{\"@type\":\"WebSite\",\"@id\":\"https:\/\/www.ull.es\/portal\/noticias\/#website\",\"url\":\"https:\/\/www.ull.es\/portal\/noticias\/\",\"name\":\"ULL - Noticias\",\"description\":\"\",\"potentialAction\":[{\"@type\":\"SearchAction\",\"target\":{\"@type\":\"EntryPoint\",\"urlTemplate\":\"https:\/\/www.ull.es\/portal\/noticias\/?s={search_term_string}\"},\"query-input\":\"required name=search_term_string\"}],\"inLanguage\":\"es\"},{\"@type\":\"Person\",\"@id\":\"https:\/\/www.ull.es\/portal\/noticias\/#\/schema\/person\/b2b1a89d43ffa609e591f7df8ef3e817\",\"name\":\"gaprsa\",\"image\":{\"@type\":\"ImageObject\",\"inLanguage\":\"es\",\"@id\":\"https:\/\/www.ull.es\/portal\/noticias\/#\/schema\/person\/image\/\",\"url\":\"https:\/\/secure.gravatar.com\/avatar\/443820550921091458b4823867723b3d?s=96&d=mm&r=g\",\"contentUrl\":\"https:\/\/secure.gravatar.com\/avatar\/443820550921091458b4823867723b3d?s=96&d=mm&r=g\",\"caption\":\"gaprsa\"},\"url\":\"https:\/\/www.ull.es\/portal\/noticias\/author\/gaprsa\/\"}]}<\/script>\n<!-- \/ Yoast SEO plugin. -->","yoast_head_json":{"title":"La Universidad de La Laguna suscribe el Pacto por la Ciencia e Innovaci\u00f3n de Canarias - ULL - Noticias","robots":{"index":"index","follow":"follow","max-snippet":"max-snippet:-1","max-image-preview":"max-image-preview:large","max-video-preview":"max-video-preview:-1"},"canonical":"https:\/\/www.ull.es\/portal\/noticias\/2022\/la-universidad-de-la-laguna-suscribe-el-pacto-por-la-ciencia-e-innovacion-de-canarias\/","og_locale":"es_ES","og_type":"article","og_title":"La Universidad de La Laguna suscribe el Pacto por la Ciencia e Innovaci\u00f3n de Canarias - ULL - Noticias","og_description":"El presidente de Canarias, \u00c1ngel V\u00edctor Torres, presidi\u00f3 esta ma\u00f1ana la firma del Pacto por la Ciencia e Innovaci\u00f3n de...","og_url":"https:\/\/www.ull.es\/portal\/noticias\/2022\/la-universidad-de-la-laguna-suscribe-el-pacto-por-la-ciencia-e-innovacion-de-canarias\/","og_site_name":"ULL - Noticias","article_publisher":"https:\/\/www.facebook.com\/universidaddelalaguna\/","article_published_time":"2022-07-28T12:19:06+00:00","article_modified_time":"2022-07-28T12:22:10+00:00","og_image":[{"width":1600,"height":1096,"url":"https:\/\/www.ull.es\/portal\/noticias\/wp-content\/uploads\/sites\/13\/2022\/07\/foto-familia-pacto.jpg","type":"image\/jpeg"}],"author":"gaprsa","twitter_card":"summary_large_image","twitter_creator":"@CanalULL","twitter_site":"@CanalULL","twitter_misc":{"Escrito por":"gaprsa","Tiempo de lectura":"7 minutos"},"schema":{"@context":"https:\/\/schema.org","@graph":[{"@type":"WebPage","@id":"https:\/\/www.ull.es\/portal\/noticias\/2022\/la-universidad-de-la-laguna-suscribe-el-pacto-por-la-ciencia-e-innovacion-de-canarias\/","url":"https:\/\/www.ull.es\/portal\/noticias\/2022\/la-universidad-de-la-laguna-suscribe-el-pacto-por-la-ciencia-e-innovacion-de-canarias\/","name":"La Universidad de La Laguna suscribe el Pacto por la Ciencia e Innovaci\u00f3n de Canarias - ULL - Noticias","isPartOf":{"@id":"https:\/\/www.ull.es\/portal\/noticias\/#website"},"datePublished":"2022-07-28T12:19:06+00:00","dateModified":"2022-07-28T12:22:10+00:00","author":{"@id":"https:\/\/www.ull.es\/portal\/noticias\/#\/schema\/person\/b2b1a89d43ffa609e591f7df8ef3e817"},"breadcrumb":{"@id":"https:\/\/www.ull.es\/portal\/noticias\/2022\/la-universidad-de-la-laguna-suscribe-el-pacto-por-la-ciencia-e-innovacion-de-canarias\/#breadcrumb"},"inLanguage":"es","potentialAction":[{"@type":"ReadAction","target":["https:\/\/www.ull.es\/portal\/noticias\/2022\/la-universidad-de-la-laguna-suscribe-el-pacto-por-la-ciencia-e-innovacion-de-canarias\/"]}]},{"@type":"BreadcrumbList","@id":"https:\/\/www.ull.es\/portal\/noticias\/2022\/la-universidad-de-la-laguna-suscribe-el-pacto-por-la-ciencia-e-innovacion-de-canarias\/#breadcrumb","itemListElement":[{"@type":"ListItem","position":1,"name":"Portada","item":"https:\/\/www.ull.es\/portal\/noticias\/"},{"@type":"ListItem","position":2,"name":"La Universidad de La Laguna suscribe el Pacto por la Ciencia e Innovaci\u00f3n de Canarias"}]},{"@type":"WebSite","@id":"https:\/\/www.ull.es\/portal\/noticias\/#website","url":"https:\/\/www.ull.es\/portal\/noticias\/","name":"ULL - Noticias","description":"","potentialAction":[{"@type":"SearchAction","target":{"@type":"EntryPoint","urlTemplate":"https:\/\/www.ull.es\/portal\/noticias\/?s={search_term_string}"},"query-input":"required name=search_term_string"}],"inLanguage":"es"},{"@type":"Person","@id":"https:\/\/www.ull.es\/portal\/noticias\/#\/schema\/person\/b2b1a89d43ffa609e591f7df8ef3e817","name":"gaprsa","image":{"@type":"ImageObject","inLanguage":"es","@id":"https:\/\/www.ull.es\/portal\/noticias\/#\/schema\/person\/image\/","url":"https:\/\/secure.gravatar.com\/avatar\/443820550921091458b4823867723b3d?s=96&d=mm&r=g","contentUrl":"https:\/\/secure.gravatar.com\/avatar\/443820550921091458b4823867723b3d?s=96&d=mm&r=g","caption":"gaprsa"},"url":"https:\/\/www.ull.es\/portal\/noticias\/author\/gaprsa\/"}]}},"primary_category":{"id":2765,"name":"Portada ULL","slug":"portada-ull","link":"https:\/\/www.ull.es\/portal\/noticias\/category\/portada-ull\/"},"featured_image_thumbnail_url":"https:\/\/www.ull.es\/portal\/noticias\/wp-content\/uploads\/sites\/13\/2022\/07\/foto-familia-pacto-300x206.jpg","_links":{"self":[{"href":"https:\/\/www.ull.es\/portal\/noticias\/wp-json\/wp\/v2\/posts\/64281"}],"collection":[{"href":"https:\/\/www.ull.es\/portal\/noticias\/wp-json\/wp\/v2\/posts"}],"about":[{"href":"https:\/\/www.ull.es\/portal\/noticias\/wp-json\/wp\/v2\/types\/post"}],"author":[{"embeddable":true,"href":"https:\/\/www.ull.es\/portal\/noticias\/wp-json\/wp\/v2\/users\/23"}],"replies":[{"embeddable":true,"href":"https:\/\/www.ull.es\/portal\/noticias\/wp-json\/wp\/v2\/comments?post=64281"}],"version-history":[{"count":3,"href":"https:\/\/www.ull.es\/portal\/noticias\/wp-json\/wp\/v2\/posts\/64281\/revisions"}],"predecessor-version":[{"id":64286,"href":"https:\/\/www.ull.es\/portal\/noticias\/wp-json\/wp\/v2\/posts\/64281\/revisions\/64286"}],"wp:featuredmedia":[{"embeddable":true,"href":"https:\/\/www.ull.es\/portal\/noticias\/wp-json\/wp\/v2\/media\/64284"}],"wp:attachment":[{"href":"https:\/\/www.ull.es\/portal\/noticias\/wp-json\/wp\/v2\/media?parent=64281"}],"wp:term":[{"taxonomy":"category","embeddable":true,"href":"https:\/\/www.ull.es\/portal\/noticias\/wp-json\/wp\/v2\/categories?post=64281"},{"taxonomy":"post_tag","embeddable":true,"href":"https:\/\/www.ull.es\/portal\/noticias\/wp-json\/wp\/v2\/tags?post=64281"}],"curies":[{"name":"wp","href":"https:\/\/api.w.org\/{rel}","templated":true}]}}