{"id":64849,"date":"2022-09-27T09:01:47","date_gmt":"2022-09-27T09:01:47","guid":{"rendered":"https:\/\/www.ull.es\/portal\/noticias\/?p=64849"},"modified":"2022-09-27T09:57:40","modified_gmt":"2022-09-27T09:57:40","slug":"dulce-cairos-nueva-decana-de-la-facultad-de-derecho-de-la-universidad-de-la-laguna","status":"publish","type":"post","link":"https:\/\/www.ull.es\/portal\/noticias\/2022\/dulce-cairos-nueva-decana-de-la-facultad-de-derecho-de-la-universidad-de-la-laguna\/","title":{"rendered":"Dulce Cair\u00f3s, nueva decana de la Facultad de Derecho de la Universidad de La Laguna"},"content":{"rendered":"<p>La profesora titular adscrita al Departamento de Derecho P\u00fablico y Privado y Derecho de la Empresa Dulce Cair\u00f3s Barreto es la nueva decana de la Facultad de Derecho, quien ha tomado posesi\u00f3n recientemente. Le acompa\u00f1ar\u00e1n en el cargo Daniel L\u00f3pez como vicedecano de Ordenaci\u00f3n Acad\u00e9mica y Estudiantes; Luis Fajardo, en calidad de vicedecano de Coordinaci\u00f3n, Comunicaci\u00f3n y Servicios Generales; y Claudia Hern\u00e1ndez, como vicedecana de Calidad y Relaciones Institucionales.<\/p>\n<p>Tambi\u00e9n forman parte del nuevo equipo decanal Gregorio Alay\u00f3n como coordinador de Calidad, Irene Navarro como coordinadora de Movilidad Internacional y Larra Meli\u00e1n al frente de Plan de Acci\u00f3n Tutorial. Como secretario del centro actuar\u00e1 Fernando Betancort.<\/p>\n<p>La nueva responsable del centro destac\u00f3 en el acto de toma de posesi\u00f3n su agradecimiento al equipo saliente, encabezado por Ar\u00e1nzazu Calzadilla, por el acompa\u00f1amiento recibido en el momento de la transici\u00f3n de un mandato a otro y la buena gesti\u00f3n realizada. La rectora, Rosa Aguilar, dio la bienvenida al nuevo equipo y les anim\u00f3 a tomar las riendas de un centro de suma importancia para la universidad y que siempre ha ejercido una gran capacidad de liderazgo.<\/p>\n<p>Se trata de un mandato de dos a\u00f1os, que puede ser renovado exclusivamente por periodo id\u00e9ntico. Entre sus principales cometidos estar\u00e1 la puesta en marcha de los planes de mejora de los grados toda vez que se ha superado las dos acreditaciones de los t\u00edtulos \u2013Derecho y Relaciones Laborales- con la implantaci\u00f3n de algunas modificaciones en los planes de estudio a las que tambi\u00e9n se les ha dado el visto bueno. No se trata de cambios en profundidad, explica la decana, sino de una mejor racionalizaci\u00f3n de las materias para hacerlas m\u00e1s coherentes desde el punto de vista acad\u00e9mico y m\u00e1s ajustadas a la realidad del mundo jur\u00eddico.<\/p>\n<p>Otro reto del nuevo equipo decanal es la gesti\u00f3n de las pr\u00e1cticas externas, dado que se trata de un centro que aglutina a m\u00e1s de 300 estudiantes en el \u00faltimo curso de las dos titulaciones. A ello se suma la modificaci\u00f3n del calendario acad\u00e9mico que hace que esta formaci\u00f3n pr\u00e1ctica deba estar culminada a 31 de mayo. La decana asegura que el n\u00famero de empresas y entidades que acogen al alumnado es todav\u00eda insuficiente y de hecho lleva varias semanas trabajando en la b\u00fasqueda de nuevas organizaciones que se comprometan con la Facultad de Derecho.<\/p>\n<p>Adem\u00e1s de las titulaciones de grado en el centro se imparte el M\u00e1ster Oficial de Abogac\u00eda, el M\u00e1ster Oficial en Direcci\u00f3n de Recursos Humanos y el M\u00e1ster Propio en Urbanismo.<\/p>\n","protected":false},"excerpt":{"rendered":"<p>La profesora titular adscrita al Departamento de Derecho P\u00fablico y Privado y Derecho de la Empresa Dulce Cair\u00f3s Barreto es&#8230;<\/p>\n","protected":false},"author":23,"featured_media":64852,"comment_status":"closed","ping_status":"closed","sticky":false,"template":"","format":"standard","meta":{"inline_featured_image":false,"footnotes":""},"categories":[345,3799,348,2765],"tags":[7492],"acf":[],"yoast_head":"<!-- This site is optimized with the Yoast SEO plugin v21.3 - https:\/\/yoast.com\/wordpress\/plugins\/seo\/ -->\n<title>Dulce Cair\u00f3s, nueva decana de la Facultad de Derecho de la Universidad de La Laguna - ULL - Noticias<\/title>\n<meta name=\"robots\" content=\"index, follow, max-snippet:-1, max-image-preview:large, max-video-preview:-1\" \/>\n<link rel=\"canonical\" href=\"https:\/\/www.ull.es\/portal\/noticias\/2022\/dulce-cairos-nueva-decana-de-la-facultad-de-derecho-de-la-universidad-de-la-laguna\/\" \/>\n<meta property=\"og:locale\" content=\"es_ES\" \/>\n<meta property=\"og:type\" content=\"article\" \/>\n<meta property=\"og:title\" content=\"Dulce Cair\u00f3s, nueva decana de la Facultad de Derecho de la Universidad de La Laguna - ULL - Noticias\" \/>\n<meta property=\"og:description\" content=\"La profesora titular adscrita al Departamento de Derecho P\u00fablico y Privado y Derecho de la Empresa Dulce Cair\u00f3s Barreto es...\" \/>\n<meta property=\"og:url\" content=\"https:\/\/www.ull.es\/portal\/noticias\/2022\/dulce-cairos-nueva-decana-de-la-facultad-de-derecho-de-la-universidad-de-la-laguna\/\" \/>\n<meta property=\"og:site_name\" content=\"ULL - Noticias\" \/>\n<meta property=\"article:publisher\" content=\"https:\/\/www.facebook.com\/universidaddelalaguna\/\" \/>\n<meta property=\"article:published_time\" content=\"2022-09-27T09:01:47+00:00\" \/>\n<meta property=\"article:modified_time\" content=\"2022-09-27T09:57:40+00:00\" \/>\n<meta property=\"og:image\" content=\"https:\/\/www.ull.es\/portal\/noticias\/wp-content\/uploads\/sites\/13\/2022\/09\/facultad-de-derecho.jpg\" \/>\n\t<meta property=\"og:image:width\" content=\"1200\" \/>\n\t<meta property=\"og:image:height\" content=\"800\" \/>\n\t<meta property=\"og:image:type\" content=\"image\/jpeg\" \/>\n<meta name=\"author\" content=\"gaprsa\" \/>\n<meta name=\"twitter:card\" content=\"summary_large_image\" \/>\n<meta name=\"twitter:creator\" content=\"@CanalULL\" \/>\n<meta name=\"twitter:site\" content=\"@CanalULL\" \/>\n<meta name=\"twitter:label1\" content=\"Escrito por\" \/>\n\t<meta name=\"twitter:data1\" content=\"gaprsa\" \/>\n\t<meta name=\"twitter:label2\" content=\"Tiempo de lectura\" \/>\n\t<meta name=\"twitter:data2\" content=\"2 minutos\" \/>\n<script type=\"application\/ld+json\" class=\"yoast-schema-graph\">{\"@context\":\"https:\/\/schema.org\",\"@graph\":[{\"@type\":\"WebPage\",\"@id\":\"https:\/\/www.ull.es\/portal\/noticias\/2022\/dulce-cairos-nueva-decana-de-la-facultad-de-derecho-de-la-universidad-de-la-laguna\/\",\"url\":\"https:\/\/www.ull.es\/portal\/noticias\/2022\/dulce-cairos-nueva-decana-de-la-facultad-de-derecho-de-la-universidad-de-la-laguna\/\",\"name\":\"Dulce Cair\u00f3s, nueva decana de la Facultad de Derecho de la Universidad de La Laguna - ULL - Noticias\",\"isPartOf\":{\"@id\":\"https:\/\/www.ull.es\/portal\/noticias\/#website\"},\"datePublished\":\"2022-09-27T09:01:47+00:00\",\"dateModified\":\"2022-09-27T09:57:40+00:00\",\"author\":{\"@id\":\"https:\/\/www.ull.es\/portal\/noticias\/#\/schema\/person\/b2b1a89d43ffa609e591f7df8ef3e817\"},\"breadcrumb\":{\"@id\":\"https:\/\/www.ull.es\/portal\/noticias\/2022\/dulce-cairos-nueva-decana-de-la-facultad-de-derecho-de-la-universidad-de-la-laguna\/#breadcrumb\"},\"inLanguage\":\"es\",\"potentialAction\":[{\"@type\":\"ReadAction\",\"target\":[\"https:\/\/www.ull.es\/portal\/noticias\/2022\/dulce-cairos-nueva-decana-de-la-facultad-de-derecho-de-la-universidad-de-la-laguna\/\"]}]},{\"@type\":\"BreadcrumbList\",\"@id\":\"https:\/\/www.ull.es\/portal\/noticias\/2022\/dulce-cairos-nueva-decana-de-la-facultad-de-derecho-de-la-universidad-de-la-laguna\/#breadcrumb\",\"itemListElement\":[{\"@type\":\"ListItem\",\"position\":1,\"name\":\"Portada\",\"item\":\"https:\/\/www.ull.es\/portal\/noticias\/\"},{\"@type\":\"ListItem\",\"position\":2,\"name\":\"Dulce Cair\u00f3s, nueva decana de la Facultad de Derecho de la Universidad de La Laguna\"}]},{\"@type\":\"WebSite\",\"@id\":\"https:\/\/www.ull.es\/portal\/noticias\/#website\",\"url\":\"https:\/\/www.ull.es\/portal\/noticias\/\",\"name\":\"ULL - Noticias\",\"description\":\"\",\"potentialAction\":[{\"@type\":\"SearchAction\",\"target\":{\"@type\":\"EntryPoint\",\"urlTemplate\":\"https:\/\/www.ull.es\/portal\/noticias\/?s={search_term_string}\"},\"query-input\":\"required name=search_term_string\"}],\"inLanguage\":\"es\"},{\"@type\":\"Person\",\"@id\":\"https:\/\/www.ull.es\/portal\/noticias\/#\/schema\/person\/b2b1a89d43ffa609e591f7df8ef3e817\",\"name\":\"gaprsa\",\"image\":{\"@type\":\"ImageObject\",\"inLanguage\":\"es\",\"@id\":\"https:\/\/www.ull.es\/portal\/noticias\/#\/schema\/person\/image\/\",\"url\":\"https:\/\/secure.gravatar.com\/avatar\/443820550921091458b4823867723b3d?s=96&d=mm&r=g\",\"contentUrl\":\"https:\/\/secure.gravatar.com\/avatar\/443820550921091458b4823867723b3d?s=96&d=mm&r=g\",\"caption\":\"gaprsa\"},\"url\":\"https:\/\/www.ull.es\/portal\/noticias\/author\/gaprsa\/\"}]}<\/script>\n<!-- \/ Yoast SEO plugin. -->","yoast_head_json":{"title":"Dulce Cair\u00f3s, nueva decana de la Facultad de Derecho de la Universidad de La Laguna - ULL - Noticias","robots":{"index":"index","follow":"follow","max-snippet":"max-snippet:-1","max-image-preview":"max-image-preview:large","max-video-preview":"max-video-preview:-1"},"canonical":"https:\/\/www.ull.es\/portal\/noticias\/2022\/dulce-cairos-nueva-decana-de-la-facultad-de-derecho-de-la-universidad-de-la-laguna\/","og_locale":"es_ES","og_type":"article","og_title":"Dulce Cair\u00f3s, nueva decana de la Facultad de Derecho de la Universidad de La Laguna - ULL - Noticias","og_description":"La profesora titular adscrita al Departamento de Derecho P\u00fablico y Privado y Derecho de la Empresa Dulce Cair\u00f3s Barreto es...","og_url":"https:\/\/www.ull.es\/portal\/noticias\/2022\/dulce-cairos-nueva-decana-de-la-facultad-de-derecho-de-la-universidad-de-la-laguna\/","og_site_name":"ULL - Noticias","article_publisher":"https:\/\/www.facebook.com\/universidaddelalaguna\/","article_published_time":"2022-09-27T09:01:47+00:00","article_modified_time":"2022-09-27T09:57:40+00:00","og_image":[{"width":1200,"height":800,"url":"https:\/\/www.ull.es\/portal\/noticias\/wp-content\/uploads\/sites\/13\/2022\/09\/facultad-de-derecho.jpg","type":"image\/jpeg"}],"author":"gaprsa","twitter_card":"summary_large_image","twitter_creator":"@CanalULL","twitter_site":"@CanalULL","twitter_misc":{"Escrito por":"gaprsa","Tiempo de lectura":"2 minutos"},"schema":{"@context":"https:\/\/schema.org","@graph":[{"@type":"WebPage","@id":"https:\/\/www.ull.es\/portal\/noticias\/2022\/dulce-cairos-nueva-decana-de-la-facultad-de-derecho-de-la-universidad-de-la-laguna\/","url":"https:\/\/www.ull.es\/portal\/noticias\/2022\/dulce-cairos-nueva-decana-de-la-facultad-de-derecho-de-la-universidad-de-la-laguna\/","name":"Dulce Cair\u00f3s, nueva decana de la Facultad de Derecho de la Universidad de La Laguna - ULL - Noticias","isPartOf":{"@id":"https:\/\/www.ull.es\/portal\/noticias\/#website"},"datePublished":"2022-09-27T09:01:47+00:00","dateModified":"2022-09-27T09:57:40+00:00","author":{"@id":"https:\/\/www.ull.es\/portal\/noticias\/#\/schema\/person\/b2b1a89d43ffa609e591f7df8ef3e817"},"breadcrumb":{"@id":"https:\/\/www.ull.es\/portal\/noticias\/2022\/dulce-cairos-nueva-decana-de-la-facultad-de-derecho-de-la-universidad-de-la-laguna\/#breadcrumb"},"inLanguage":"es","potentialAction":[{"@type":"ReadAction","target":["https:\/\/www.ull.es\/portal\/noticias\/2022\/dulce-cairos-nueva-decana-de-la-facultad-de-derecho-de-la-universidad-de-la-laguna\/"]}]},{"@type":"BreadcrumbList","@id":"https:\/\/www.ull.es\/portal\/noticias\/2022\/dulce-cairos-nueva-decana-de-la-facultad-de-derecho-de-la-universidad-de-la-laguna\/#breadcrumb","itemListElement":[{"@type":"ListItem","position":1,"name":"Portada","item":"https:\/\/www.ull.es\/portal\/noticias\/"},{"@type":"ListItem","position":2,"name":"Dulce Cair\u00f3s, nueva decana de la Facultad de Derecho de la Universidad de La Laguna"}]},{"@type":"WebSite","@id":"https:\/\/www.ull.es\/portal\/noticias\/#website","url":"https:\/\/www.ull.es\/portal\/noticias\/","name":"ULL - Noticias","description":"","potentialAction":[{"@type":"SearchAction","target":{"@type":"EntryPoint","urlTemplate":"https:\/\/www.ull.es\/portal\/noticias\/?s={search_term_string}"},"query-input":"required name=search_term_string"}],"inLanguage":"es"},{"@type":"Person","@id":"https:\/\/www.ull.es\/portal\/noticias\/#\/schema\/person\/b2b1a89d43ffa609e591f7df8ef3e817","name":"gaprsa","image":{"@type":"ImageObject","inLanguage":"es","@id":"https:\/\/www.ull.es\/portal\/noticias\/#\/schema\/person\/image\/","url":"https:\/\/secure.gravatar.com\/avatar\/443820550921091458b4823867723b3d?s=96&d=mm&r=g","contentUrl":"https:\/\/secure.gravatar.com\/avatar\/443820550921091458b4823867723b3d?s=96&d=mm&r=g","caption":"gaprsa"},"url":"https:\/\/www.ull.es\/portal\/noticias\/author\/gaprsa\/"}]}},"primary_category":{"id":345,"name":"Destacado","slug":"destacado","link":"https:\/\/www.ull.es\/portal\/noticias\/category\/destacado\/"},"featured_image_thumbnail_url":"https:\/\/www.ull.es\/portal\/noticias\/wp-content\/uploads\/sites\/13\/2022\/09\/facultad-de-derecho-300x200.jpg","_links":{"self":[{"href":"https:\/\/www.ull.es\/portal\/noticias\/wp-json\/wp\/v2\/posts\/64849"}],"collection":[{"href":"https:\/\/www.ull.es\/portal\/noticias\/wp-json\/wp\/v2\/posts"}],"about":[{"href":"https:\/\/www.ull.es\/portal\/noticias\/wp-json\/wp\/v2\/types\/post"}],"author":[{"embeddable":true,"href":"https:\/\/www.ull.es\/portal\/noticias\/wp-json\/wp\/v2\/users\/23"}],"replies":[{"embeddable":true,"href":"https:\/\/www.ull.es\/portal\/noticias\/wp-json\/wp\/v2\/comments?post=64849"}],"version-history":[{"count":1,"href":"https:\/\/www.ull.es\/portal\/noticias\/wp-json\/wp\/v2\/posts\/64849\/revisions"}],"predecessor-version":[{"id":64850,"href":"https:\/\/www.ull.es\/portal\/noticias\/wp-json\/wp\/v2\/posts\/64849\/revisions\/64850"}],"wp:featuredmedia":[{"embeddable":true,"href":"https:\/\/www.ull.es\/portal\/noticias\/wp-json\/wp\/v2\/media\/64852"}],"wp:attachment":[{"href":"https:\/\/www.ull.es\/portal\/noticias\/wp-json\/wp\/v2\/media?parent=64849"}],"wp:term":[{"taxonomy":"category","embeddable":true,"href":"https:\/\/www.ull.es\/portal\/noticias\/wp-json\/wp\/v2\/categories?post=64849"},{"taxonomy":"post_tag","embeddable":true,"href":"https:\/\/www.ull.es\/portal\/noticias\/wp-json\/wp\/v2\/tags?post=64849"}],"curies":[{"name":"wp","href":"https:\/\/api.w.org\/{rel}","templated":true}]}}