{"id":64897,"date":"2022-09-29T12:02:34","date_gmt":"2022-09-29T12:02:34","guid":{"rendered":"https:\/\/www.ull.es\/portal\/noticias\/?p=64897"},"modified":"2022-09-29T12:02:34","modified_gmt":"2022-09-29T12:02:34","slug":"la-ull-analiza-en-unas-jornadas-como-estimar-la-desigualdad-de-la-riqueza-en-canarias","status":"publish","type":"post","link":"https:\/\/www.ull.es\/portal\/noticias\/2022\/la-ull-analiza-en-unas-jornadas-como-estimar-la-desigualdad-de-la-riqueza-en-canarias\/","title":{"rendered":"La ULL analiza en unas jornadas c\u00f3mo estimar la desigualdad de la riqueza en Canarias"},"content":{"rendered":"<p><span style=\"font-weight: 400;\">El Centro de Estudios de Desigualdad Social y Gobernanza de la Universidad de la Laguna organiza unas jornadas de investigaci\u00f3n para estudiar los m\u00e9todos para estimar la desigualdad de la riqueza en Canarias, que se celebrar\u00e1n ma\u00f1ana viernes 30 de septiembre a partir de las 9:30 horas en la Sala de Juntas Facultad de Derecho de la citada instituci\u00f3n.\u00a0<\/span><\/p>\n<p><span style=\"font-weight: 400;\">El objetivo de este evento es entender el procedimiento para estimar la desigualdad en riqueza en un pa\u00eds o en una regi\u00f3n, conocer qu\u00e9 fuentes de informaci\u00f3n estad\u00edstica son necesarias para poder aplicar la metodolog\u00eda al caso de Canarias y definir las fuentes de informaci\u00f3n existentes y necesarias para medir la desigualdad de la\u00a0riqueza en Canarias.<\/span><\/p>\n<p><span style=\"font-weight: 400;\">La conferencia plenaria la impartir\u00e1 Clara Mat\u00ednez-Toledano, del Imperial College e Inequality-Lab de Londres, gran experta en la tem\u00e1tica y que ha trabajado en estos temas con el economista Thomas Piketty. En su ponencia se plantear\u00e1 qu\u00e9 se necesita y c\u00f3mo se estima la desigualdad de riqueza en una regi\u00f3n o pa\u00eds. En la mesa redonda se contar\u00e1 tambi\u00e9n con Juan C. Palomino, de la Universidad Complutense de Madrid.<\/span><\/p>\n<p><span style=\"font-weight: 400;\">Durante la jornada est\u00e1 previsto que participen Antonio Olivera, de la Viceconsejer\u00eda de la Presidencia; Ferm\u00edn Delgado Garc\u00eda, de la Viceconsejer\u00eda de Hacienda, Planificaci\u00f3n y Asuntos Europeos; y David Padr\u00f3n, de la Direcci\u00f3n General de Investigaci\u00f3n y Coordinaci\u00f3n del Desarrollo Sostenible. Podr\u00e1n seguir en directo el desarrollo de esta iniciativa pulsando en este <\/span><a href=\"https:\/\/www.ull.es\/portal\/streaming2-ull\/\" target=\"_blank\" rel=\"noopener\"><b>enlace.\u00a0<\/b><\/a><\/p>\n","protected":false},"excerpt":{"rendered":"<p>El Centro de Estudios de Desigualdad Social y Gobernanza de la Universidad de la Laguna organiza unas jornadas de investigaci\u00f3n&#8230;<\/p>\n","protected":false},"author":65,"featured_media":64898,"comment_status":"closed","ping_status":"closed","sticky":false,"template":"","format":"standard","meta":{"inline_featured_image":false,"footnotes":""},"categories":[4274,348,350,2765],"tags":[698,793,2861,9072],"acf":[],"yoast_head":"<!-- This site is optimized with the Yoast SEO plugin v21.3 - https:\/\/yoast.com\/wordpress\/plugins\/seo\/ -->\n<title>La ULL analiza en unas jornadas c\u00f3mo estimar la desigualdad de la riqueza en Canarias - ULL - Noticias<\/title>\n<meta name=\"description\" content=\"El Centro de Estudios de Desigualdad Social y Gobernanza de la Universidad de la Laguna organiza unas jornadas de investigaci\u00f3n para estudiar los m\u00e9todos para estimar la desigualdad de la riqueza en Canarias, que se celebrar\u00e1n ma\u00f1ana viernes 30 de septiembre a partir de las 9:30 horas en la Sala de Juntas Facultad de Derecho de la citada instituci\u00f3n.\u00a0\" \/>\n<meta name=\"robots\" content=\"index, follow, max-snippet:-1, max-image-preview:large, max-video-preview:-1\" \/>\n<link rel=\"canonical\" href=\"https:\/\/www.ull.es\/portal\/noticias\/2022\/la-ull-analiza-en-unas-jornadas-como-estimar-la-desigualdad-de-la-riqueza-en-canarias\/\" \/>\n<meta property=\"og:locale\" content=\"es_ES\" \/>\n<meta property=\"og:type\" content=\"article\" \/>\n<meta property=\"og:title\" content=\"La ULL analiza en unas jornadas c\u00f3mo estimar la desigualdad de la riqueza en Canarias - ULL - Noticias\" \/>\n<meta property=\"og:description\" content=\"El Centro de Estudios de Desigualdad Social y Gobernanza de la Universidad de la Laguna organiza unas jornadas de investigaci\u00f3n para estudiar los m\u00e9todos para estimar la desigualdad de la riqueza en Canarias, que se celebrar\u00e1n ma\u00f1ana viernes 30 de septiembre a partir de las 9:30 horas en la Sala de Juntas Facultad de Derecho de la citada instituci\u00f3n.\u00a0\" \/>\n<meta property=\"og:url\" content=\"https:\/\/www.ull.es\/portal\/noticias\/2022\/la-ull-analiza-en-unas-jornadas-como-estimar-la-desigualdad-de-la-riqueza-en-canarias\/\" \/>\n<meta property=\"og:site_name\" content=\"ULL - Noticias\" \/>\n<meta property=\"article:publisher\" content=\"https:\/\/www.facebook.com\/universidaddelalaguna\/\" \/>\n<meta property=\"article:published_time\" content=\"2022-09-29T12:02:34+00:00\" \/>\n<meta property=\"og:image\" content=\"https:\/\/www.ull.es\/portal\/noticias\/wp-content\/uploads\/sites\/13\/2022\/09\/Jornadas-investigacio\u0301n-desigualdad-de-riqueza-en-Canarias_Banner-eventos.png\" \/>\n\t<meta property=\"og:image:width\" content=\"700\" \/>\n\t<meta property=\"og:image:height\" content=\"350\" \/>\n\t<meta property=\"og:image:type\" content=\"image\/png\" \/>\n<meta name=\"author\" content=\"gcom4\" \/>\n<meta name=\"twitter:card\" content=\"summary_large_image\" \/>\n<meta name=\"twitter:creator\" content=\"@CanalULL\" \/>\n<meta name=\"twitter:site\" content=\"@CanalULL\" \/>\n<meta name=\"twitter:label1\" content=\"Escrito por\" \/>\n\t<meta name=\"twitter:data1\" content=\"gcom4\" \/>\n\t<meta name=\"twitter:label2\" content=\"Tiempo de lectura\" \/>\n\t<meta name=\"twitter:data2\" content=\"2 minutos\" \/>\n<script type=\"application\/ld+json\" class=\"yoast-schema-graph\">{\"@context\":\"https:\/\/schema.org\",\"@graph\":[{\"@type\":\"WebPage\",\"@id\":\"https:\/\/www.ull.es\/portal\/noticias\/2022\/la-ull-analiza-en-unas-jornadas-como-estimar-la-desigualdad-de-la-riqueza-en-canarias\/\",\"url\":\"https:\/\/www.ull.es\/portal\/noticias\/2022\/la-ull-analiza-en-unas-jornadas-como-estimar-la-desigualdad-de-la-riqueza-en-canarias\/\",\"name\":\"La ULL analiza en unas jornadas c\u00f3mo estimar la desigualdad de la riqueza en Canarias - ULL - Noticias\",\"isPartOf\":{\"@id\":\"https:\/\/www.ull.es\/portal\/noticias\/#website\"},\"datePublished\":\"2022-09-29T12:02:34+00:00\",\"dateModified\":\"2022-09-29T12:02:34+00:00\",\"author\":{\"@id\":\"https:\/\/www.ull.es\/portal\/noticias\/#\/schema\/person\/9924518fb1ad37d4428e7b5d6f311773\"},\"description\":\"El Centro de Estudios de Desigualdad Social y Gobernanza de la Universidad de la Laguna organiza unas jornadas de investigaci\u00f3n para estudiar los m\u00e9todos para estimar la desigualdad de la riqueza en Canarias, que se celebrar\u00e1n ma\u00f1ana viernes 30 de septiembre a partir de las 9:30 horas en la Sala de Juntas Facultad de Derecho de la citada instituci\u00f3n.\u00a0\",\"breadcrumb\":{\"@id\":\"https:\/\/www.ull.es\/portal\/noticias\/2022\/la-ull-analiza-en-unas-jornadas-como-estimar-la-desigualdad-de-la-riqueza-en-canarias\/#breadcrumb\"},\"inLanguage\":\"es\",\"potentialAction\":[{\"@type\":\"ReadAction\",\"target\":[\"https:\/\/www.ull.es\/portal\/noticias\/2022\/la-ull-analiza-en-unas-jornadas-como-estimar-la-desigualdad-de-la-riqueza-en-canarias\/\"]}]},{\"@type\":\"BreadcrumbList\",\"@id\":\"https:\/\/www.ull.es\/portal\/noticias\/2022\/la-ull-analiza-en-unas-jornadas-como-estimar-la-desigualdad-de-la-riqueza-en-canarias\/#breadcrumb\",\"itemListElement\":[{\"@type\":\"ListItem\",\"position\":1,\"name\":\"Portada\",\"item\":\"https:\/\/www.ull.es\/portal\/noticias\/\"},{\"@type\":\"ListItem\",\"position\":2,\"name\":\"La ULL analiza en unas jornadas c\u00f3mo estimar la desigualdad de la riqueza en Canarias\"}]},{\"@type\":\"WebSite\",\"@id\":\"https:\/\/www.ull.es\/portal\/noticias\/#website\",\"url\":\"https:\/\/www.ull.es\/portal\/noticias\/\",\"name\":\"ULL - Noticias\",\"description\":\"\",\"potentialAction\":[{\"@type\":\"SearchAction\",\"target\":{\"@type\":\"EntryPoint\",\"urlTemplate\":\"https:\/\/www.ull.es\/portal\/noticias\/?s={search_term_string}\"},\"query-input\":\"required name=search_term_string\"}],\"inLanguage\":\"es\"},{\"@type\":\"Person\",\"@id\":\"https:\/\/www.ull.es\/portal\/noticias\/#\/schema\/person\/9924518fb1ad37d4428e7b5d6f311773\",\"name\":\"gcom4\",\"image\":{\"@type\":\"ImageObject\",\"inLanguage\":\"es\",\"@id\":\"https:\/\/www.ull.es\/portal\/noticias\/#\/schema\/person\/image\/\",\"url\":\"https:\/\/secure.gravatar.com\/avatar\/a5d1f5573f10617ccfcc209aaf6aa7fb?s=96&d=mm&r=g\",\"contentUrl\":\"https:\/\/secure.gravatar.com\/avatar\/a5d1f5573f10617ccfcc209aaf6aa7fb?s=96&d=mm&r=g\",\"caption\":\"gcom4\"},\"url\":\"https:\/\/www.ull.es\/portal\/noticias\/author\/gcom4\/\"}]}<\/script>\n<!-- \/ Yoast SEO plugin. -->","yoast_head_json":{"title":"La ULL analiza en unas jornadas c\u00f3mo estimar la desigualdad de la riqueza en Canarias - ULL - Noticias","description":"El Centro de Estudios de Desigualdad Social y Gobernanza de la Universidad de la Laguna organiza unas jornadas de investigaci\u00f3n para estudiar los m\u00e9todos para estimar la desigualdad de la riqueza en Canarias, que se celebrar\u00e1n ma\u00f1ana viernes 30 de septiembre a partir de las 9:30 horas en la Sala de Juntas Facultad de Derecho de la citada instituci\u00f3n.\u00a0","robots":{"index":"index","follow":"follow","max-snippet":"max-snippet:-1","max-image-preview":"max-image-preview:large","max-video-preview":"max-video-preview:-1"},"canonical":"https:\/\/www.ull.es\/portal\/noticias\/2022\/la-ull-analiza-en-unas-jornadas-como-estimar-la-desigualdad-de-la-riqueza-en-canarias\/","og_locale":"es_ES","og_type":"article","og_title":"La ULL analiza en unas jornadas c\u00f3mo estimar la desigualdad de la riqueza en Canarias - ULL - Noticias","og_description":"El Centro de Estudios de Desigualdad Social y Gobernanza de la Universidad de la Laguna organiza unas jornadas de investigaci\u00f3n para estudiar los m\u00e9todos para estimar la desigualdad de la riqueza en Canarias, que se celebrar\u00e1n ma\u00f1ana viernes 30 de septiembre a partir de las 9:30 horas en la Sala de Juntas Facultad de Derecho de la citada instituci\u00f3n.\u00a0","og_url":"https:\/\/www.ull.es\/portal\/noticias\/2022\/la-ull-analiza-en-unas-jornadas-como-estimar-la-desigualdad-de-la-riqueza-en-canarias\/","og_site_name":"ULL - Noticias","article_publisher":"https:\/\/www.facebook.com\/universidaddelalaguna\/","article_published_time":"2022-09-29T12:02:34+00:00","og_image":[{"width":700,"height":350,"url":"https:\/\/www.ull.es\/portal\/noticias\/wp-content\/uploads\/sites\/13\/2022\/09\/Jornadas-investigacio\u0301n-desigualdad-de-riqueza-en-Canarias_Banner-eventos.png","type":"image\/png"}],"author":"gcom4","twitter_card":"summary_large_image","twitter_creator":"@CanalULL","twitter_site":"@CanalULL","twitter_misc":{"Escrito por":"gcom4","Tiempo de lectura":"2 minutos"},"schema":{"@context":"https:\/\/schema.org","@graph":[{"@type":"WebPage","@id":"https:\/\/www.ull.es\/portal\/noticias\/2022\/la-ull-analiza-en-unas-jornadas-como-estimar-la-desigualdad-de-la-riqueza-en-canarias\/","url":"https:\/\/www.ull.es\/portal\/noticias\/2022\/la-ull-analiza-en-unas-jornadas-como-estimar-la-desigualdad-de-la-riqueza-en-canarias\/","name":"La ULL analiza en unas jornadas c\u00f3mo estimar la desigualdad de la riqueza en Canarias - ULL - Noticias","isPartOf":{"@id":"https:\/\/www.ull.es\/portal\/noticias\/#website"},"datePublished":"2022-09-29T12:02:34+00:00","dateModified":"2022-09-29T12:02:34+00:00","author":{"@id":"https:\/\/www.ull.es\/portal\/noticias\/#\/schema\/person\/9924518fb1ad37d4428e7b5d6f311773"},"description":"El Centro de Estudios de Desigualdad Social y Gobernanza de la Universidad de la Laguna organiza unas jornadas de investigaci\u00f3n para estudiar los m\u00e9todos para estimar la desigualdad de la riqueza en Canarias, que se celebrar\u00e1n ma\u00f1ana viernes 30 de septiembre a partir de las 9:30 horas en la Sala de Juntas Facultad de Derecho de la citada instituci\u00f3n.\u00a0","breadcrumb":{"@id":"https:\/\/www.ull.es\/portal\/noticias\/2022\/la-ull-analiza-en-unas-jornadas-como-estimar-la-desigualdad-de-la-riqueza-en-canarias\/#breadcrumb"},"inLanguage":"es","potentialAction":[{"@type":"ReadAction","target":["https:\/\/www.ull.es\/portal\/noticias\/2022\/la-ull-analiza-en-unas-jornadas-como-estimar-la-desigualdad-de-la-riqueza-en-canarias\/"]}]},{"@type":"BreadcrumbList","@id":"https:\/\/www.ull.es\/portal\/noticias\/2022\/la-ull-analiza-en-unas-jornadas-como-estimar-la-desigualdad-de-la-riqueza-en-canarias\/#breadcrumb","itemListElement":[{"@type":"ListItem","position":1,"name":"Portada","item":"https:\/\/www.ull.es\/portal\/noticias\/"},{"@type":"ListItem","position":2,"name":"La ULL analiza en unas jornadas c\u00f3mo estimar la desigualdad de la riqueza en Canarias"}]},{"@type":"WebSite","@id":"https:\/\/www.ull.es\/portal\/noticias\/#website","url":"https:\/\/www.ull.es\/portal\/noticias\/","name":"ULL - Noticias","description":"","potentialAction":[{"@type":"SearchAction","target":{"@type":"EntryPoint","urlTemplate":"https:\/\/www.ull.es\/portal\/noticias\/?s={search_term_string}"},"query-input":"required name=search_term_string"}],"inLanguage":"es"},{"@type":"Person","@id":"https:\/\/www.ull.es\/portal\/noticias\/#\/schema\/person\/9924518fb1ad37d4428e7b5d6f311773","name":"gcom4","image":{"@type":"ImageObject","inLanguage":"es","@id":"https:\/\/www.ull.es\/portal\/noticias\/#\/schema\/person\/image\/","url":"https:\/\/secure.gravatar.com\/avatar\/a5d1f5573f10617ccfcc209aaf6aa7fb?s=96&d=mm&r=g","contentUrl":"https:\/\/secure.gravatar.com\/avatar\/a5d1f5573f10617ccfcc209aaf6aa7fb?s=96&d=mm&r=g","caption":"gcom4"},"url":"https:\/\/www.ull.es\/portal\/noticias\/author\/gcom4\/"}]}},"primary_category":{"id":2765,"name":"Portada ULL","slug":"portada-ull","link":"https:\/\/www.ull.es\/portal\/noticias\/category\/portada-ull\/"},"featured_image_thumbnail_url":"https:\/\/www.ull.es\/portal\/noticias\/wp-content\/uploads\/sites\/13\/2022\/09\/Jornadas-investigacio\u0301n-desigualdad-de-riqueza-en-Canarias_Banner-eventos-300x150.png","_links":{"self":[{"href":"https:\/\/www.ull.es\/portal\/noticias\/wp-json\/wp\/v2\/posts\/64897"}],"collection":[{"href":"https:\/\/www.ull.es\/portal\/noticias\/wp-json\/wp\/v2\/posts"}],"about":[{"href":"https:\/\/www.ull.es\/portal\/noticias\/wp-json\/wp\/v2\/types\/post"}],"author":[{"embeddable":true,"href":"https:\/\/www.ull.es\/portal\/noticias\/wp-json\/wp\/v2\/users\/65"}],"replies":[{"embeddable":true,"href":"https:\/\/www.ull.es\/portal\/noticias\/wp-json\/wp\/v2\/comments?post=64897"}],"version-history":[{"count":1,"href":"https:\/\/www.ull.es\/portal\/noticias\/wp-json\/wp\/v2\/posts\/64897\/revisions"}],"predecessor-version":[{"id":64899,"href":"https:\/\/www.ull.es\/portal\/noticias\/wp-json\/wp\/v2\/posts\/64897\/revisions\/64899"}],"wp:featuredmedia":[{"embeddable":true,"href":"https:\/\/www.ull.es\/portal\/noticias\/wp-json\/wp\/v2\/media\/64898"}],"wp:attachment":[{"href":"https:\/\/www.ull.es\/portal\/noticias\/wp-json\/wp\/v2\/media?parent=64897"}],"wp:term":[{"taxonomy":"category","embeddable":true,"href":"https:\/\/www.ull.es\/portal\/noticias\/wp-json\/wp\/v2\/categories?post=64897"},{"taxonomy":"post_tag","embeddable":true,"href":"https:\/\/www.ull.es\/portal\/noticias\/wp-json\/wp\/v2\/tags?post=64897"}],"curies":[{"name":"wp","href":"https:\/\/api.w.org\/{rel}","templated":true}]}}