{"id":65021,"date":"2022-10-05T13:32:01","date_gmt":"2022-10-05T13:32:01","guid":{"rendered":"https:\/\/www.ull.es\/portal\/noticias\/?p=65021"},"modified":"2022-10-05T13:32:01","modified_gmt":"2022-10-05T13:32:01","slug":"la-universidad-de-la-laguna-acoge-la-edicion-xii-de-comcired","status":"publish","type":"post","link":"https:\/\/www.ull.es\/portal\/noticias\/2022\/la-universidad-de-la-laguna-acoge-la-edicion-xii-de-comcired\/","title":{"rendered":"La Universidad de La Laguna acoge la edici\u00f3n XII de ComCiRed"},"content":{"rendered":"<p>El 6 y 7 de octubre de 2022, se celebrar\u00e1 en la ciudad de San Crist\u00f3bal de La Laguna la duod\u00e9cima edici\u00f3n del encuentro ComCiRed (Comunicar Ciencia en Red), organizado por la Fundaci\u00f3n Espa\u00f1ola para la Ciencia y la Tecnolog\u00eda (FECYT) del MICINN con la colaboraci\u00f3n de la Universidad de La Laguna.<\/p>\n<p>Esta jornada est\u00e1 dirigida al personal de las Unidades de Cultura Cient\u00edfica y de la Innovaci\u00f3n (UCC+I), asistir\u00e1n m\u00e1s de un centenar de profesionales de la comunicaci\u00f3n y divulgaci\u00f3n cient\u00edfica de toda Espa\u00f1a procedente de universidades, centros de I+D y asociaciones de comunicaci\u00f3n. El principal objetivo de ComCiRed es que, durante dos d\u00edas, los miembros de la Red UCC+I, coordinada por FECYT, tengan la oportunidad de encontrarse, intercambiar experiencias y buenas pr\u00e1cticas, adem\u00e1s de poder disfrutar de talleres y conferencias de inter\u00e9s en su \u00e1rea de trabajo.<\/p>\n<p>La jornada ser\u00e1 abierta por la investigadora y divulgadora Edith Padr\u00f3n del departamento de Geometr\u00eda y Topolog\u00eda de la Universidad de La Laguna, con la conferencia \u201cCarpe Diem. \u00a1Vive la ciencia!\u201d.\u00a0 Seguidamente se presentar\u00e1n el primer turno de proyectos destacable de las UCC+i durante el a\u00f1o 2021.<\/p>\n<p>Por la tarde, la formaci\u00f3n ocupar\u00e1 un lugar importante en ComCiRed. con talleres sobre \u201cComunicaci\u00f3n Ciencia Inclusiva\u201d y \u201cDirectos Streaming\u201d. Para finalizar la primera jornada se realizar\u00e1n tres visitas culturales y divulgativas al: Museo de Historia y Antropolog\u00eda de Tenerife &#8211; La Casa Lercaro, Fundaci\u00f3n Cristino de Vera \u2013 Espacio Cultural Caja Canarias y Museo de la Naturaleza y Arqueolog\u00eda. Y una ruta matem\u00e1tica por La Laguna, impartida por la Sociedad Canaria de Profesores de Matem\u00e1ticas Luis Balbuena.<\/p>\n<p>La siguiente jornada comenzar\u00e1 con la segunda ronda de proyectos destacables del 2021. Continuar\u00e1 con una mesa redonda para hablar sobre lo casos de \u00e9xito en comunicaci\u00f3n y divulgaci\u00f3n alrededor de la erupci\u00f3n volc\u00e1nica de La Palma, que estar\u00e1 moderada por Cintia Refojo Seronero de la FECYT y contar\u00e1 con los siguientes participantes: Itahiza Dom\u00ednguez Cerde\u00f1a, sism\u00f3logo del Instituto Geogr\u00e1fico Nacional; C\u00e1ndida Rosa Gonz\u00e1lez Afonso, jefa del Gabinete de Comunicaci\u00f3n de la Universidad de La Laguna; In\u00e9s P\u00e9rez Mart\u00edn, responsable de Comunicaci\u00f3n y vicedirectora segunda del Instituto de Productores Naturales y Agrobiolog\u00eda (CSIC); David Calvo Fern\u00e1ndez, responsable de Comunicaci\u00f3n del Instituto Volcanol\u00f3gico de Canarias (INVOLCAN) y Nieves S\u00e1nchez Jim\u00e9nez, investigadora del Instituto Geol\u00f3gico y Minero de Espa\u00f1a (IGME).<\/p>\n<p>Para finalizar se contar\u00e1 con Pau Alsina, profesor propio de los Estudios de Artes y Humanidades de la Universitat Oberta de Catalunya, que impartir\u00e1 la conferencia de cierre.<\/p>\n","protected":false},"excerpt":{"rendered":"<p>El 6 y 7 de octubre de 2022, se celebrar\u00e1 en la ciudad de San Crist\u00f3bal de La Laguna la&#8230;<\/p>\n","protected":false},"author":67,"featured_media":65022,"comment_status":"closed","ping_status":"closed","sticky":false,"template":"","format":"standard","meta":{"inline_featured_image":false,"footnotes":""},"categories":[345,350,2765],"tags":[],"acf":[],"yoast_head":"<!-- This site is optimized with the Yoast SEO plugin v21.3 - https:\/\/yoast.com\/wordpress\/plugins\/seo\/ -->\n<title>La Universidad de La Laguna acoge la edici\u00f3n XII de ComCiRed - ULL - Noticias<\/title>\n<meta name=\"description\" content=\"El 6 y 7 de octubre de 2022, se celebrar\u00e1 en la ciudad de San Crist\u00f3bal de La Laguna la duod\u00e9cima edici\u00f3n del encuentro ComCiRed (Comunicar Ciencia en Red), organizado por la Fundaci\u00f3n Espa\u00f1ola para la Ciencia y la Tecnolog\u00eda (FECYT) del MICINN con la colaboraci\u00f3n de la Universidad de La Laguna.\" \/>\n<meta name=\"robots\" content=\"index, follow, max-snippet:-1, max-image-preview:large, max-video-preview:-1\" \/>\n<link rel=\"canonical\" href=\"https:\/\/www.ull.es\/portal\/noticias\/2022\/la-universidad-de-la-laguna-acoge-la-edicion-xii-de-comcired\/\" \/>\n<meta property=\"og:locale\" content=\"es_ES\" \/>\n<meta property=\"og:type\" content=\"article\" \/>\n<meta property=\"og:title\" content=\"La Universidad de La Laguna acoge la edici\u00f3n XII de ComCiRed - ULL - Noticias\" \/>\n<meta property=\"og:description\" content=\"El 6 y 7 de octubre de 2022, se celebrar\u00e1 en la ciudad de San Crist\u00f3bal de La Laguna la duod\u00e9cima edici\u00f3n del encuentro ComCiRed (Comunicar Ciencia en Red), organizado por la Fundaci\u00f3n Espa\u00f1ola para la Ciencia y la Tecnolog\u00eda (FECYT) del MICINN con la colaboraci\u00f3n de la Universidad de La Laguna.\" \/>\n<meta property=\"og:url\" content=\"https:\/\/www.ull.es\/portal\/noticias\/2022\/la-universidad-de-la-laguna-acoge-la-edicion-xii-de-comcired\/\" \/>\n<meta property=\"og:site_name\" content=\"ULL - Noticias\" \/>\n<meta property=\"article:publisher\" content=\"https:\/\/www.facebook.com\/universidaddelalaguna\/\" \/>\n<meta property=\"article:published_time\" content=\"2022-10-05T13:32:01+00:00\" \/>\n<meta property=\"og:image\" content=\"https:\/\/www.ull.es\/portal\/noticias\/wp-content\/uploads\/sites\/13\/2022\/10\/comcired.jpg\" \/>\n\t<meta property=\"og:image:width\" content=\"1200\" \/>\n\t<meta property=\"og:image:height\" content=\"800\" \/>\n\t<meta property=\"og:image:type\" content=\"image\/jpeg\" \/>\n<meta name=\"author\" content=\"gcom5\" \/>\n<meta name=\"twitter:card\" content=\"summary_large_image\" \/>\n<meta name=\"twitter:creator\" content=\"@CanalULL\" \/>\n<meta name=\"twitter:site\" content=\"@CanalULL\" \/>\n<meta name=\"twitter:label1\" content=\"Escrito por\" \/>\n\t<meta name=\"twitter:data1\" content=\"gcom5\" \/>\n\t<meta name=\"twitter:label2\" content=\"Tiempo de lectura\" \/>\n\t<meta name=\"twitter:data2\" content=\"2 minutos\" \/>\n<script type=\"application\/ld+json\" class=\"yoast-schema-graph\">{\"@context\":\"https:\/\/schema.org\",\"@graph\":[{\"@type\":\"WebPage\",\"@id\":\"https:\/\/www.ull.es\/portal\/noticias\/2022\/la-universidad-de-la-laguna-acoge-la-edicion-xii-de-comcired\/\",\"url\":\"https:\/\/www.ull.es\/portal\/noticias\/2022\/la-universidad-de-la-laguna-acoge-la-edicion-xii-de-comcired\/\",\"name\":\"La Universidad de La Laguna acoge la edici\u00f3n XII de ComCiRed - ULL - Noticias\",\"isPartOf\":{\"@id\":\"https:\/\/www.ull.es\/portal\/noticias\/#website\"},\"datePublished\":\"2022-10-05T13:32:01+00:00\",\"dateModified\":\"2022-10-05T13:32:01+00:00\",\"author\":{\"@id\":\"https:\/\/www.ull.es\/portal\/noticias\/#\/schema\/person\/8027c6c4687adc2c90dc1532715d34df\"},\"description\":\"El 6 y 7 de octubre de 2022, se celebrar\u00e1 en la ciudad de San Crist\u00f3bal de La Laguna la duod\u00e9cima edici\u00f3n del encuentro ComCiRed (Comunicar Ciencia en Red), organizado por la Fundaci\u00f3n Espa\u00f1ola para la Ciencia y la Tecnolog\u00eda (FECYT) del MICINN con la colaboraci\u00f3n de la Universidad de La Laguna.\",\"breadcrumb\":{\"@id\":\"https:\/\/www.ull.es\/portal\/noticias\/2022\/la-universidad-de-la-laguna-acoge-la-edicion-xii-de-comcired\/#breadcrumb\"},\"inLanguage\":\"es\",\"potentialAction\":[{\"@type\":\"ReadAction\",\"target\":[\"https:\/\/www.ull.es\/portal\/noticias\/2022\/la-universidad-de-la-laguna-acoge-la-edicion-xii-de-comcired\/\"]}]},{\"@type\":\"BreadcrumbList\",\"@id\":\"https:\/\/www.ull.es\/portal\/noticias\/2022\/la-universidad-de-la-laguna-acoge-la-edicion-xii-de-comcired\/#breadcrumb\",\"itemListElement\":[{\"@type\":\"ListItem\",\"position\":1,\"name\":\"Portada\",\"item\":\"https:\/\/www.ull.es\/portal\/noticias\/\"},{\"@type\":\"ListItem\",\"position\":2,\"name\":\"La Universidad de La Laguna acoge la edici\u00f3n XII de ComCiRed\"}]},{\"@type\":\"WebSite\",\"@id\":\"https:\/\/www.ull.es\/portal\/noticias\/#website\",\"url\":\"https:\/\/www.ull.es\/portal\/noticias\/\",\"name\":\"ULL - Noticias\",\"description\":\"\",\"potentialAction\":[{\"@type\":\"SearchAction\",\"target\":{\"@type\":\"EntryPoint\",\"urlTemplate\":\"https:\/\/www.ull.es\/portal\/noticias\/?s={search_term_string}\"},\"query-input\":\"required name=search_term_string\"}],\"inLanguage\":\"es\"},{\"@type\":\"Person\",\"@id\":\"https:\/\/www.ull.es\/portal\/noticias\/#\/schema\/person\/8027c6c4687adc2c90dc1532715d34df\",\"name\":\"gcom5\",\"image\":{\"@type\":\"ImageObject\",\"inLanguage\":\"es\",\"@id\":\"https:\/\/www.ull.es\/portal\/noticias\/#\/schema\/person\/image\/\",\"url\":\"https:\/\/secure.gravatar.com\/avatar\/8b3777f8048001fa57b88338ce5605b9?s=96&d=mm&r=g\",\"contentUrl\":\"https:\/\/secure.gravatar.com\/avatar\/8b3777f8048001fa57b88338ce5605b9?s=96&d=mm&r=g\",\"caption\":\"gcom5\"},\"url\":\"https:\/\/www.ull.es\/portal\/noticias\/author\/gcom5\/\"}]}<\/script>\n<!-- \/ Yoast SEO plugin. -->","yoast_head_json":{"title":"La Universidad de La Laguna acoge la edici\u00f3n XII de ComCiRed - ULL - Noticias","description":"El 6 y 7 de octubre de 2022, se celebrar\u00e1 en la ciudad de San Crist\u00f3bal de La Laguna la duod\u00e9cima edici\u00f3n del encuentro ComCiRed (Comunicar Ciencia en Red), organizado por la Fundaci\u00f3n Espa\u00f1ola para la Ciencia y la Tecnolog\u00eda (FECYT) del MICINN con la colaboraci\u00f3n de la Universidad de La Laguna.","robots":{"index":"index","follow":"follow","max-snippet":"max-snippet:-1","max-image-preview":"max-image-preview:large","max-video-preview":"max-video-preview:-1"},"canonical":"https:\/\/www.ull.es\/portal\/noticias\/2022\/la-universidad-de-la-laguna-acoge-la-edicion-xii-de-comcired\/","og_locale":"es_ES","og_type":"article","og_title":"La Universidad de La Laguna acoge la edici\u00f3n XII de ComCiRed - ULL - Noticias","og_description":"El 6 y 7 de octubre de 2022, se celebrar\u00e1 en la ciudad de San Crist\u00f3bal de La Laguna la duod\u00e9cima edici\u00f3n del encuentro ComCiRed (Comunicar Ciencia en Red), organizado por la Fundaci\u00f3n Espa\u00f1ola para la Ciencia y la Tecnolog\u00eda (FECYT) del MICINN con la colaboraci\u00f3n de la Universidad de La Laguna.","og_url":"https:\/\/www.ull.es\/portal\/noticias\/2022\/la-universidad-de-la-laguna-acoge-la-edicion-xii-de-comcired\/","og_site_name":"ULL - Noticias","article_publisher":"https:\/\/www.facebook.com\/universidaddelalaguna\/","article_published_time":"2022-10-05T13:32:01+00:00","og_image":[{"width":1200,"height":800,"url":"https:\/\/www.ull.es\/portal\/noticias\/wp-content\/uploads\/sites\/13\/2022\/10\/comcired.jpg","type":"image\/jpeg"}],"author":"gcom5","twitter_card":"summary_large_image","twitter_creator":"@CanalULL","twitter_site":"@CanalULL","twitter_misc":{"Escrito por":"gcom5","Tiempo de lectura":"2 minutos"},"schema":{"@context":"https:\/\/schema.org","@graph":[{"@type":"WebPage","@id":"https:\/\/www.ull.es\/portal\/noticias\/2022\/la-universidad-de-la-laguna-acoge-la-edicion-xii-de-comcired\/","url":"https:\/\/www.ull.es\/portal\/noticias\/2022\/la-universidad-de-la-laguna-acoge-la-edicion-xii-de-comcired\/","name":"La Universidad de La Laguna acoge la edici\u00f3n XII de ComCiRed - ULL - Noticias","isPartOf":{"@id":"https:\/\/www.ull.es\/portal\/noticias\/#website"},"datePublished":"2022-10-05T13:32:01+00:00","dateModified":"2022-10-05T13:32:01+00:00","author":{"@id":"https:\/\/www.ull.es\/portal\/noticias\/#\/schema\/person\/8027c6c4687adc2c90dc1532715d34df"},"description":"El 6 y 7 de octubre de 2022, se celebrar\u00e1 en la ciudad de San Crist\u00f3bal de La Laguna la duod\u00e9cima edici\u00f3n del encuentro ComCiRed (Comunicar Ciencia en Red), organizado por la Fundaci\u00f3n Espa\u00f1ola para la Ciencia y la Tecnolog\u00eda (FECYT) del MICINN con la colaboraci\u00f3n de la Universidad de La Laguna.","breadcrumb":{"@id":"https:\/\/www.ull.es\/portal\/noticias\/2022\/la-universidad-de-la-laguna-acoge-la-edicion-xii-de-comcired\/#breadcrumb"},"inLanguage":"es","potentialAction":[{"@type":"ReadAction","target":["https:\/\/www.ull.es\/portal\/noticias\/2022\/la-universidad-de-la-laguna-acoge-la-edicion-xii-de-comcired\/"]}]},{"@type":"BreadcrumbList","@id":"https:\/\/www.ull.es\/portal\/noticias\/2022\/la-universidad-de-la-laguna-acoge-la-edicion-xii-de-comcired\/#breadcrumb","itemListElement":[{"@type":"ListItem","position":1,"name":"Portada","item":"https:\/\/www.ull.es\/portal\/noticias\/"},{"@type":"ListItem","position":2,"name":"La Universidad de La Laguna acoge la edici\u00f3n XII de ComCiRed"}]},{"@type":"WebSite","@id":"https:\/\/www.ull.es\/portal\/noticias\/#website","url":"https:\/\/www.ull.es\/portal\/noticias\/","name":"ULL - Noticias","description":"","potentialAction":[{"@type":"SearchAction","target":{"@type":"EntryPoint","urlTemplate":"https:\/\/www.ull.es\/portal\/noticias\/?s={search_term_string}"},"query-input":"required name=search_term_string"}],"inLanguage":"es"},{"@type":"Person","@id":"https:\/\/www.ull.es\/portal\/noticias\/#\/schema\/person\/8027c6c4687adc2c90dc1532715d34df","name":"gcom5","image":{"@type":"ImageObject","inLanguage":"es","@id":"https:\/\/www.ull.es\/portal\/noticias\/#\/schema\/person\/image\/","url":"https:\/\/secure.gravatar.com\/avatar\/8b3777f8048001fa57b88338ce5605b9?s=96&d=mm&r=g","contentUrl":"https:\/\/secure.gravatar.com\/avatar\/8b3777f8048001fa57b88338ce5605b9?s=96&d=mm&r=g","caption":"gcom5"},"url":"https:\/\/www.ull.es\/portal\/noticias\/author\/gcom5\/"}]}},"primary_category":{"id":2765,"name":"Portada ULL","slug":"portada-ull","link":"https:\/\/www.ull.es\/portal\/noticias\/category\/portada-ull\/"},"featured_image_thumbnail_url":"https:\/\/www.ull.es\/portal\/noticias\/wp-content\/uploads\/sites\/13\/2022\/10\/comcired-300x200.jpg","_links":{"self":[{"href":"https:\/\/www.ull.es\/portal\/noticias\/wp-json\/wp\/v2\/posts\/65021"}],"collection":[{"href":"https:\/\/www.ull.es\/portal\/noticias\/wp-json\/wp\/v2\/posts"}],"about":[{"href":"https:\/\/www.ull.es\/portal\/noticias\/wp-json\/wp\/v2\/types\/post"}],"author":[{"embeddable":true,"href":"https:\/\/www.ull.es\/portal\/noticias\/wp-json\/wp\/v2\/users\/67"}],"replies":[{"embeddable":true,"href":"https:\/\/www.ull.es\/portal\/noticias\/wp-json\/wp\/v2\/comments?post=65021"}],"version-history":[{"count":1,"href":"https:\/\/www.ull.es\/portal\/noticias\/wp-json\/wp\/v2\/posts\/65021\/revisions"}],"predecessor-version":[{"id":65023,"href":"https:\/\/www.ull.es\/portal\/noticias\/wp-json\/wp\/v2\/posts\/65021\/revisions\/65023"}],"wp:featuredmedia":[{"embeddable":true,"href":"https:\/\/www.ull.es\/portal\/noticias\/wp-json\/wp\/v2\/media\/65022"}],"wp:attachment":[{"href":"https:\/\/www.ull.es\/portal\/noticias\/wp-json\/wp\/v2\/media?parent=65021"}],"wp:term":[{"taxonomy":"category","embeddable":true,"href":"https:\/\/www.ull.es\/portal\/noticias\/wp-json\/wp\/v2\/categories?post=65021"},{"taxonomy":"post_tag","embeddable":true,"href":"https:\/\/www.ull.es\/portal\/noticias\/wp-json\/wp\/v2\/tags?post=65021"}],"curies":[{"name":"wp","href":"https:\/\/api.w.org\/{rel}","templated":true}]}}