{"id":65295,"date":"2022-10-14T12:23:15","date_gmt":"2022-10-14T12:23:15","guid":{"rendered":"https:\/\/www.ull.es\/portal\/noticias\/?p=65295"},"modified":"2022-10-14T12:24:40","modified_gmt":"2022-10-14T12:24:40","slug":"las-claves-para-avanzar-hacia-la-igualdad-de-genero-y-el-empoderamiento-femenino-en-campus-america","status":"publish","type":"post","link":"https:\/\/www.ull.es\/portal\/noticias\/2022\/las-claves-para-avanzar-hacia-la-igualdad-de-genero-y-el-empoderamiento-femenino-en-campus-america\/","title":{"rendered":"Las claves para avanzar hacia la igualdad de g\u00e9nero y el empoderamiento femenino, en Campus Am\u00e9rica"},"content":{"rendered":"<p>El an\u00e1lisis de las l\u00edneas de acci\u00f3n para avanzar hacia la consecuci\u00f3n de la igualdad de g\u00e9nero y el empoderamiento de la mujer fue objeto de an\u00e1lisis en un seminario impartido dentro del programa Campus Am\u00e9rica 2022, en el que participaron las juristas Susana Espada, Fabiola Lathrop y Marisa Herrero.<\/p>\n<p>En el debate, moderado por la profesora titular de Derecho Civil de la Universidad de La Laguna, Mar\u00eda Ar\u00e1nzazu Calzadilla, las expertas en esta materia y Derecho al Honor abordaron la evoluci\u00f3n de la igualdad entre mujeres y hombres, as\u00ed como otras cuestiones relacionadas con la regulaci\u00f3n del sexo no binario o la maternidad y paternidad en casos de parejas del mismo sexo, entre otros asuntos. Asimismo, se analizaron los mecanismos jur\u00eddicos para garantizar la actualizaci\u00f3n de conceptos como la familia de cara a avanzar hacia una igualdad efectiva.<\/p>\n<p>La jurista chilena Susana Espada incidi\u00f3 en la necesidad de que la legislaci\u00f3n se actualice y ampare los nuevos modelos familiares. \u201cEs cierto que el concepto familia ha quedado obsoleto y ha surgido un debate relacionado con determinar qu\u00e9 imagen social tenemos hoy en d\u00eda de esa palabra\u201d, explica.<\/p>\n<p>As\u00ed, Espada apunt\u00f3 que el legislador debe precisar, teniendo en cuenta la realidad social actual, qu\u00e9 conlleva la instituci\u00f3n de la familia para poder legislar sobre esos nuevos modelos. \u201cLa familia es el principal aliado del Estado para el logro de los objetivos del Desarrollo Sostenible, por lo que dudar de su reconocimiento constitucional solo le dejar\u00eda sin un gran poder para llevar a cabo acciones sociales\u201d, recalc\u00f3.<\/p>\n<p>Por su parte, la profesora titular de la Universidad de Chile Fabiola Lathrop incidi\u00f3 en los cambios jurisprudenciales relevantes que se han alcanzado en su pa\u00eds, desde la comaternidad y copaternidad en parejas homosexuales hasta la regulaci\u00f3n del sexo no binario. \u201cEn Chile seguimos trabajando en el principal desaf\u00edo, que es mantener una \u00e9tica pluralista y una legislaci\u00f3n que salvaguarde y fomente los diferentes modos de vida, siempre que sea en pro de los derechos\u201d, explic\u00f3.<\/p>\n<p><img decoding=\"async\" loading=\"lazy\" class=\"alignleft size-medium wp-image-65297\" src=\"https:\/\/www.ull.es\/portal\/noticias\/wp-content\/uploads\/sites\/13\/2022\/10\/Seminario-Igualdad-de-Genero-012-300x200.jpg\" alt=\"\" width=\"300\" height=\"200\" srcset=\"https:\/\/www.ull.es\/portal\/noticias\/wp-content\/uploads\/sites\/13\/2022\/10\/Seminario-Igualdad-de-Genero-012-300x200.jpg 300w, https:\/\/www.ull.es\/portal\/noticias\/wp-content\/uploads\/sites\/13\/2022\/10\/Seminario-Igualdad-de-Genero-012-1024x683.jpg 1024w, https:\/\/www.ull.es\/portal\/noticias\/wp-content\/uploads\/sites\/13\/2022\/10\/Seminario-Igualdad-de-Genero-012-768x512.jpg 768w, https:\/\/www.ull.es\/portal\/noticias\/wp-content\/uploads\/sites\/13\/2022\/10\/Seminario-Igualdad-de-Genero-012-1536x1024.jpg 1536w, https:\/\/www.ull.es\/portal\/noticias\/wp-content\/uploads\/sites\/13\/2022\/10\/Seminario-Igualdad-de-Genero-012-375x250.jpg 375w, https:\/\/www.ull.es\/portal\/noticias\/wp-content\/uploads\/sites\/13\/2022\/10\/Seminario-Igualdad-de-Genero-012-750x500.jpg 750w, https:\/\/www.ull.es\/portal\/noticias\/wp-content\/uploads\/sites\/13\/2022\/10\/Seminario-Igualdad-de-Genero-012-1140x760.jpg 1140w, https:\/\/www.ull.es\/portal\/noticias\/wp-content\/uploads\/sites\/13\/2022\/10\/Seminario-Igualdad-de-Genero-012.jpg 1600w\" sizes=\"(max-width: 300px) 100vw, 300px\" \/>En este punto, Lathrop apunt\u00f3 que algunos de esos desaf\u00edos en su pa\u00eds tienen que ver con la regulaci\u00f3n de la adopci\u00f3n o de la gestaci\u00f3n subrogada, sobre la que actualmente existe silencio legislativo en Chile. \u201cEn el pa\u00eds no existe una prohibici\u00f3n expresa sobre la subrogaci\u00f3n, hay una laguna, y considero que es fundamental que se llegue a una conclusi\u00f3n sobre esta cuesti\u00f3n y que est\u00e9 amparada por derecho, sobre todo por la protecci\u00f3n al menor\u201d.<\/p>\n<p>La abogada argentina Mar\u00eda Herrero afirm\u00f3 que \u201ccualquiera que sea la libertad por la que luchamos, debe basarse en la igualdad\u201d. En esta l\u00ednea asegur\u00f3 que no es preciso hablar de la perspectiva de g\u00e9nero entendiendo que solo hay un punto de vista sino que es necesario trabajar en que haya una conciencia que luche contra la opresi\u00f3n, que implique \u201cuna transformaci\u00f3n revolucionaria de la cultura, de los v\u00ednculos afectivos, la sexualidad e incluso la crianza\u201d.<\/p>\n<p>El freno de la discriminaci\u00f3n y la violencia o la puesta en marcha de acciones relacionadas con la igualdad y la accesibilidad fueron algunos de los conceptos destacados por la jurista Herrero para poner en evidencia el trabajo que es necesario continuar realizando para conseguir llegar al \u201cObjetivo de Desarrollo Sostenible 5 sobre igualdad de g\u00e9nero y empoderamiento de la mujer\u201d.<\/p>\n<p>Durante su ponencia hizo alusi\u00f3n a los grandes avances que se han hecho respecto a las leyes que apoyan las nuevas identidades de g\u00e9nero y el papel de la mujer en el mundo laboral. Sin embargo, reconoci\u00f3 que la desigualdad entre hombres y mujeres sigue existiendo y que \u201cpor esta raz\u00f3n, hay que continuar luchando\u201d.<\/p>\n<p>Para concluir la jornada, Mar\u00eda Ar\u00e1nzazu Calzadilla ahond\u00f3 en los datos de la sociedad espa\u00f1ola, en los \u00faltimos a\u00f1os, respecto al reparto de tareas de casa entre g\u00e9neros. Seg\u00fan el Instituto Nacional de Estad\u00edstica (INE), en 2020, el 77,5% de las mujeres trabajadoras realizaron actividades de cocina y tareas dom\u00e9sticas todos los d\u00edas, frente al 32,9% de los hombres.<\/p>\n<p>A\u00f1adi\u00f3 que, a lo largo de la historia, las mujeres han ocupado siempre un espacio privado sin tener la posibilidad de acercarse al espacio p\u00fablico. \u201cTradicionalmente, se han encargado de la familia, la maternidad, el cuidado del hogar, la realizaci\u00f3n de las tareas dom\u00e9sticas y atenci\u00f3n de su marido\u201d. En este sentido, considera que, aunque es cierto que la mujer se ha adentrado en el mundo laboral paulatinamente, a\u00fan en pleno siglo XXI, la imagen de la mujer como cuidadora y ama de casa no ha cambiado para muchas comunidades y realidades. \u201cA pesar de que las normas hablan sobre corresponsabilidad en el reparto de tareas dom\u00e9sticas, la realidad es que las mujeres siguen sin tener la oportunidad de crecer profesionalmente por falta de tiempo\u201d, aclar\u00f3.<\/p>\n","protected":false},"excerpt":{"rendered":"<p>El an\u00e1lisis de las l\u00edneas de acci\u00f3n para avanzar hacia la consecuci\u00f3n de la igualdad de g\u00e9nero y el empoderamiento&#8230;<\/p>\n","protected":false},"author":23,"featured_media":65298,"comment_status":"closed","ping_status":"closed","sticky":false,"template":"","format":"standard","meta":{"inline_featured_image":false,"footnotes":""},"categories":[8953,345,348,2765],"tags":[7490,1471],"acf":[],"yoast_head":"<!-- This site is optimized with the Yoast SEO plugin v21.3 - https:\/\/yoast.com\/wordpress\/plugins\/seo\/ -->\n<title>Las claves para avanzar hacia la igualdad de g\u00e9nero y el empoderamiento femenino, en Campus Am\u00e9rica - ULL - Noticias<\/title>\n<meta name=\"robots\" content=\"index, follow, max-snippet:-1, max-image-preview:large, max-video-preview:-1\" \/>\n<link rel=\"canonical\" href=\"https:\/\/www.ull.es\/portal\/noticias\/2022\/las-claves-para-avanzar-hacia-la-igualdad-de-genero-y-el-empoderamiento-femenino-en-campus-america\/\" \/>\n<meta property=\"og:locale\" content=\"es_ES\" \/>\n<meta property=\"og:type\" content=\"article\" \/>\n<meta property=\"og:title\" content=\"Las claves para avanzar hacia la igualdad de g\u00e9nero y el empoderamiento femenino, en Campus Am\u00e9rica - ULL - Noticias\" \/>\n<meta property=\"og:description\" content=\"El an\u00e1lisis de las l\u00edneas de acci\u00f3n para avanzar hacia la consecuci\u00f3n de la igualdad de g\u00e9nero y el empoderamiento...\" \/>\n<meta property=\"og:url\" content=\"https:\/\/www.ull.es\/portal\/noticias\/2022\/las-claves-para-avanzar-hacia-la-igualdad-de-genero-y-el-empoderamiento-femenino-en-campus-america\/\" \/>\n<meta property=\"og:site_name\" content=\"ULL - Noticias\" \/>\n<meta property=\"article:publisher\" content=\"https:\/\/www.facebook.com\/universidaddelalaguna\/\" \/>\n<meta property=\"article:published_time\" content=\"2022-10-14T12:23:15+00:00\" \/>\n<meta property=\"article:modified_time\" content=\"2022-10-14T12:24:40+00:00\" \/>\n<meta property=\"og:image\" content=\"https:\/\/www.ull.es\/portal\/noticias\/wp-content\/uploads\/sites\/13\/2022\/10\/Seminario-Igualdad-de-Genero-010.jpg\" \/>\n\t<meta property=\"og:image:width\" content=\"1600\" \/>\n\t<meta property=\"og:image:height\" content=\"1067\" \/>\n\t<meta property=\"og:image:type\" content=\"image\/jpeg\" \/>\n<meta name=\"author\" content=\"gaprsa\" \/>\n<meta name=\"twitter:card\" content=\"summary_large_image\" \/>\n<meta name=\"twitter:creator\" content=\"@CanalULL\" \/>\n<meta name=\"twitter:site\" content=\"@CanalULL\" \/>\n<meta name=\"twitter:label1\" content=\"Escrito por\" \/>\n\t<meta name=\"twitter:data1\" content=\"gaprsa\" \/>\n\t<meta name=\"twitter:label2\" content=\"Tiempo de lectura\" \/>\n\t<meta name=\"twitter:data2\" content=\"4 minutos\" \/>\n<script type=\"application\/ld+json\" class=\"yoast-schema-graph\">{\"@context\":\"https:\/\/schema.org\",\"@graph\":[{\"@type\":\"WebPage\",\"@id\":\"https:\/\/www.ull.es\/portal\/noticias\/2022\/las-claves-para-avanzar-hacia-la-igualdad-de-genero-y-el-empoderamiento-femenino-en-campus-america\/\",\"url\":\"https:\/\/www.ull.es\/portal\/noticias\/2022\/las-claves-para-avanzar-hacia-la-igualdad-de-genero-y-el-empoderamiento-femenino-en-campus-america\/\",\"name\":\"Las claves para avanzar hacia la igualdad de g\u00e9nero y el empoderamiento femenino, en Campus Am\u00e9rica - ULL - Noticias\",\"isPartOf\":{\"@id\":\"https:\/\/www.ull.es\/portal\/noticias\/#website\"},\"datePublished\":\"2022-10-14T12:23:15+00:00\",\"dateModified\":\"2022-10-14T12:24:40+00:00\",\"author\":{\"@id\":\"https:\/\/www.ull.es\/portal\/noticias\/#\/schema\/person\/b2b1a89d43ffa609e591f7df8ef3e817\"},\"breadcrumb\":{\"@id\":\"https:\/\/www.ull.es\/portal\/noticias\/2022\/las-claves-para-avanzar-hacia-la-igualdad-de-genero-y-el-empoderamiento-femenino-en-campus-america\/#breadcrumb\"},\"inLanguage\":\"es\",\"potentialAction\":[{\"@type\":\"ReadAction\",\"target\":[\"https:\/\/www.ull.es\/portal\/noticias\/2022\/las-claves-para-avanzar-hacia-la-igualdad-de-genero-y-el-empoderamiento-femenino-en-campus-america\/\"]}]},{\"@type\":\"BreadcrumbList\",\"@id\":\"https:\/\/www.ull.es\/portal\/noticias\/2022\/las-claves-para-avanzar-hacia-la-igualdad-de-genero-y-el-empoderamiento-femenino-en-campus-america\/#breadcrumb\",\"itemListElement\":[{\"@type\":\"ListItem\",\"position\":1,\"name\":\"Portada\",\"item\":\"https:\/\/www.ull.es\/portal\/noticias\/\"},{\"@type\":\"ListItem\",\"position\":2,\"name\":\"Las claves para avanzar hacia la igualdad de g\u00e9nero y el empoderamiento femenino, en Campus Am\u00e9rica\"}]},{\"@type\":\"WebSite\",\"@id\":\"https:\/\/www.ull.es\/portal\/noticias\/#website\",\"url\":\"https:\/\/www.ull.es\/portal\/noticias\/\",\"name\":\"ULL - Noticias\",\"description\":\"\",\"potentialAction\":[{\"@type\":\"SearchAction\",\"target\":{\"@type\":\"EntryPoint\",\"urlTemplate\":\"https:\/\/www.ull.es\/portal\/noticias\/?s={search_term_string}\"},\"query-input\":\"required name=search_term_string\"}],\"inLanguage\":\"es\"},{\"@type\":\"Person\",\"@id\":\"https:\/\/www.ull.es\/portal\/noticias\/#\/schema\/person\/b2b1a89d43ffa609e591f7df8ef3e817\",\"name\":\"gaprsa\",\"image\":{\"@type\":\"ImageObject\",\"inLanguage\":\"es\",\"@id\":\"https:\/\/www.ull.es\/portal\/noticias\/#\/schema\/person\/image\/\",\"url\":\"https:\/\/secure.gravatar.com\/avatar\/443820550921091458b4823867723b3d?s=96&d=mm&r=g\",\"contentUrl\":\"https:\/\/secure.gravatar.com\/avatar\/443820550921091458b4823867723b3d?s=96&d=mm&r=g\",\"caption\":\"gaprsa\"},\"url\":\"https:\/\/www.ull.es\/portal\/noticias\/author\/gaprsa\/\"}]}<\/script>\n<!-- \/ Yoast SEO plugin. -->","yoast_head_json":{"title":"Las claves para avanzar hacia la igualdad de g\u00e9nero y el empoderamiento femenino, en Campus Am\u00e9rica - ULL - Noticias","robots":{"index":"index","follow":"follow","max-snippet":"max-snippet:-1","max-image-preview":"max-image-preview:large","max-video-preview":"max-video-preview:-1"},"canonical":"https:\/\/www.ull.es\/portal\/noticias\/2022\/las-claves-para-avanzar-hacia-la-igualdad-de-genero-y-el-empoderamiento-femenino-en-campus-america\/","og_locale":"es_ES","og_type":"article","og_title":"Las claves para avanzar hacia la igualdad de g\u00e9nero y el empoderamiento femenino, en Campus Am\u00e9rica - ULL - Noticias","og_description":"El an\u00e1lisis de las l\u00edneas de acci\u00f3n para avanzar hacia la consecuci\u00f3n de la igualdad de g\u00e9nero y el empoderamiento...","og_url":"https:\/\/www.ull.es\/portal\/noticias\/2022\/las-claves-para-avanzar-hacia-la-igualdad-de-genero-y-el-empoderamiento-femenino-en-campus-america\/","og_site_name":"ULL - Noticias","article_publisher":"https:\/\/www.facebook.com\/universidaddelalaguna\/","article_published_time":"2022-10-14T12:23:15+00:00","article_modified_time":"2022-10-14T12:24:40+00:00","og_image":[{"width":1600,"height":1067,"url":"https:\/\/www.ull.es\/portal\/noticias\/wp-content\/uploads\/sites\/13\/2022\/10\/Seminario-Igualdad-de-Genero-010.jpg","type":"image\/jpeg"}],"author":"gaprsa","twitter_card":"summary_large_image","twitter_creator":"@CanalULL","twitter_site":"@CanalULL","twitter_misc":{"Escrito por":"gaprsa","Tiempo de lectura":"4 minutos"},"schema":{"@context":"https:\/\/schema.org","@graph":[{"@type":"WebPage","@id":"https:\/\/www.ull.es\/portal\/noticias\/2022\/las-claves-para-avanzar-hacia-la-igualdad-de-genero-y-el-empoderamiento-femenino-en-campus-america\/","url":"https:\/\/www.ull.es\/portal\/noticias\/2022\/las-claves-para-avanzar-hacia-la-igualdad-de-genero-y-el-empoderamiento-femenino-en-campus-america\/","name":"Las claves para avanzar hacia la igualdad de g\u00e9nero y el empoderamiento femenino, en Campus Am\u00e9rica - ULL - Noticias","isPartOf":{"@id":"https:\/\/www.ull.es\/portal\/noticias\/#website"},"datePublished":"2022-10-14T12:23:15+00:00","dateModified":"2022-10-14T12:24:40+00:00","author":{"@id":"https:\/\/www.ull.es\/portal\/noticias\/#\/schema\/person\/b2b1a89d43ffa609e591f7df8ef3e817"},"breadcrumb":{"@id":"https:\/\/www.ull.es\/portal\/noticias\/2022\/las-claves-para-avanzar-hacia-la-igualdad-de-genero-y-el-empoderamiento-femenino-en-campus-america\/#breadcrumb"},"inLanguage":"es","potentialAction":[{"@type":"ReadAction","target":["https:\/\/www.ull.es\/portal\/noticias\/2022\/las-claves-para-avanzar-hacia-la-igualdad-de-genero-y-el-empoderamiento-femenino-en-campus-america\/"]}]},{"@type":"BreadcrumbList","@id":"https:\/\/www.ull.es\/portal\/noticias\/2022\/las-claves-para-avanzar-hacia-la-igualdad-de-genero-y-el-empoderamiento-femenino-en-campus-america\/#breadcrumb","itemListElement":[{"@type":"ListItem","position":1,"name":"Portada","item":"https:\/\/www.ull.es\/portal\/noticias\/"},{"@type":"ListItem","position":2,"name":"Las claves para avanzar hacia la igualdad de g\u00e9nero y el empoderamiento femenino, en Campus Am\u00e9rica"}]},{"@type":"WebSite","@id":"https:\/\/www.ull.es\/portal\/noticias\/#website","url":"https:\/\/www.ull.es\/portal\/noticias\/","name":"ULL - Noticias","description":"","potentialAction":[{"@type":"SearchAction","target":{"@type":"EntryPoint","urlTemplate":"https:\/\/www.ull.es\/portal\/noticias\/?s={search_term_string}"},"query-input":"required name=search_term_string"}],"inLanguage":"es"},{"@type":"Person","@id":"https:\/\/www.ull.es\/portal\/noticias\/#\/schema\/person\/b2b1a89d43ffa609e591f7df8ef3e817","name":"gaprsa","image":{"@type":"ImageObject","inLanguage":"es","@id":"https:\/\/www.ull.es\/portal\/noticias\/#\/schema\/person\/image\/","url":"https:\/\/secure.gravatar.com\/avatar\/443820550921091458b4823867723b3d?s=96&d=mm&r=g","contentUrl":"https:\/\/secure.gravatar.com\/avatar\/443820550921091458b4823867723b3d?s=96&d=mm&r=g","caption":"gaprsa"},"url":"https:\/\/www.ull.es\/portal\/noticias\/author\/gaprsa\/"}]}},"primary_category":{"id":345,"name":"Destacado","slug":"destacado","link":"https:\/\/www.ull.es\/portal\/noticias\/category\/destacado\/"},"featured_image_thumbnail_url":"https:\/\/www.ull.es\/portal\/noticias\/wp-content\/uploads\/sites\/13\/2022\/10\/Seminario-Igualdad-de-Genero-010-300x200.jpg","_links":{"self":[{"href":"https:\/\/www.ull.es\/portal\/noticias\/wp-json\/wp\/v2\/posts\/65295"}],"collection":[{"href":"https:\/\/www.ull.es\/portal\/noticias\/wp-json\/wp\/v2\/posts"}],"about":[{"href":"https:\/\/www.ull.es\/portal\/noticias\/wp-json\/wp\/v2\/types\/post"}],"author":[{"embeddable":true,"href":"https:\/\/www.ull.es\/portal\/noticias\/wp-json\/wp\/v2\/users\/23"}],"replies":[{"embeddable":true,"href":"https:\/\/www.ull.es\/portal\/noticias\/wp-json\/wp\/v2\/comments?post=65295"}],"version-history":[{"count":4,"href":"https:\/\/www.ull.es\/portal\/noticias\/wp-json\/wp\/v2\/posts\/65295\/revisions"}],"predecessor-version":[{"id":65301,"href":"https:\/\/www.ull.es\/portal\/noticias\/wp-json\/wp\/v2\/posts\/65295\/revisions\/65301"}],"wp:featuredmedia":[{"embeddable":true,"href":"https:\/\/www.ull.es\/portal\/noticias\/wp-json\/wp\/v2\/media\/65298"}],"wp:attachment":[{"href":"https:\/\/www.ull.es\/portal\/noticias\/wp-json\/wp\/v2\/media?parent=65295"}],"wp:term":[{"taxonomy":"category","embeddable":true,"href":"https:\/\/www.ull.es\/portal\/noticias\/wp-json\/wp\/v2\/categories?post=65295"},{"taxonomy":"post_tag","embeddable":true,"href":"https:\/\/www.ull.es\/portal\/noticias\/wp-json\/wp\/v2\/tags?post=65295"}],"curies":[{"name":"wp","href":"https:\/\/api.w.org\/{rel}","templated":true}]}}