{"id":65609,"date":"2022-10-25T07:47:29","date_gmt":"2022-10-25T07:47:29","guid":{"rendered":"https:\/\/www.ull.es\/portal\/noticias\/?p=65609"},"modified":"2022-10-25T07:47:29","modified_gmt":"2022-10-25T07:47:29","slug":"la-literatura-el-camino-que-decidio-jorge-volpi","status":"publish","type":"post","link":"https:\/\/www.ull.es\/portal\/noticias\/2022\/la-literatura-el-camino-que-decidio-jorge-volpi\/","title":{"rendered":"La literatura, el camino que decidi\u00f3 Jorge Volpi"},"content":{"rendered":"<p>M\u00fasica de fondo, un amanecer. Con los primeros rayos de sol Jorge Volpi encuentra la inspiraci\u00f3n para crear nuevas historias sobre el papel. El novelista, ensayista y escritor mexicano explica, durante una entrevista concedida para Campus Am\u00e9rica 2022, que es durante las ma\u00f1anas cuando se siente mejor para escribir y avanzar en sus art\u00edculos y novelas.<\/p>\n<p>Durante su infancia aspiraba a convertirse en cient\u00edfico, pero, con el paso del tiempo, entendi\u00f3 que su verdadera pasi\u00f3n estaba ligada a las palabras, la escritura y los libros. \u201cDe ni\u00f1o me ve\u00eda como f\u00edsico o astrof\u00edsico, alguna profesi\u00f3n de ese tipo, pero antes de la universidad cambi\u00e9 completamente de rumbo y decid\u00ed que quer\u00eda dedicarme a la literatura\u201d. No obstante, admite que no estudi\u00f3 Filolog\u00eda o Literatura, sino que realiz\u00f3 la carrera de Derecho, aunque \u201cconsciente de qu\u00e9 camino quer\u00eda tomar\u201d.<\/p>\n<p>Jorge Volpi admite que ya a los 16 a\u00f1os formaba parte de un grupo literario, en el que participaban grandes amigos suyos que se convirtieron, al mismo tiempo, en fuente de inspiraci\u00f3n para enfocar su carrera como novelista, Eloy Rosa e Ignacio Padilla. \u201cEso fue determinante para tomar la decisi\u00f3n de dedicarme a la escritura\u201d, recuerda.<\/p>\n<p>Cuando habla de sus obras, y pese a haber firmado m\u00e1s de 70 t\u00edtulos, Volpi dialoga desde la humildad al preguntarle si siente orgullo por su bibliograf\u00eda. \u201cIntento consagrar toda mi energ\u00eda a cada uno de los libros que, afortunadamente, van saliendo\u201d. <em>A pesar del oscuro silencio<\/em>, la primera de sus obras, que escribi\u00f3 con 23 a\u00f1os, es para \u00e9l su trabajo m\u00e1s querido. \u201cSiempre hay algunos libros a los que uno tiene m\u00e1s cari\u00f1o y para m\u00ed es el primero, aunque otro libro que, podr\u00eda afirmar que me cambi\u00f3 un poco la vida, me hizo escritor profesional y que adem\u00e1s escrib\u00ed aqu\u00ed en Espa\u00f1a, fue <em>En busca de Klingsor\u201d. Examen a mi padre<\/em> fue otro de los trabajos que significaron mucho para Volpi, seg\u00fan explica el autor.<\/p>\n<p>Ser disciplinado, muy buen lector y tener desarrollada la curiosidad. Tres caracter\u00edsticas que pueden construir el perfil del buen escritor, seg\u00fan Jorge Volpi. \u201cLa \u00fanica manera de que un escritor se haga a s\u00ed mismo s\u00f3lo puede realizarse en di\u00e1logo con la literatura que nos precede y, por supuesto, con la que es nuestra contempor\u00e1nea\u201d, explica.<\/p>\n<p>El escritor mexicano entiende que la curiosidad por lo que significa ser humano, y el trasfondo de los principales temas que nos hacen ser quienes somos es otro punto que permite desarrollar a un buen novelista, ensayista y escritor. \u201cLo m\u00e1s complicado, quiz\u00e1, es la disciplina, ya que es indispensable ser muy constante. Hay que trabajar much\u00edsimo\u201d, a\u00f1ade.<\/p>\n<p><strong><em><img decoding=\"async\" loading=\"lazy\" class=\"alignleft size-medium wp-image-65611\" src=\"https:\/\/www.ull.es\/portal\/noticias\/wp-content\/uploads\/sites\/13\/2022\/10\/Jorge-Volpi-12-300x200.jpg\" alt=\"\" width=\"300\" height=\"200\" srcset=\"https:\/\/www.ull.es\/portal\/noticias\/wp-content\/uploads\/sites\/13\/2022\/10\/Jorge-Volpi-12-300x200.jpg 300w, https:\/\/www.ull.es\/portal\/noticias\/wp-content\/uploads\/sites\/13\/2022\/10\/Jorge-Volpi-12-768x512.jpg 768w, https:\/\/www.ull.es\/portal\/noticias\/wp-content\/uploads\/sites\/13\/2022\/10\/Jorge-Volpi-12-375x250.jpg 375w, https:\/\/www.ull.es\/portal\/noticias\/wp-content\/uploads\/sites\/13\/2022\/10\/Jorge-Volpi-12-750x500.jpg 750w, https:\/\/www.ull.es\/portal\/noticias\/wp-content\/uploads\/sites\/13\/2022\/10\/Jorge-Volpi-12.jpg 1024w\" sizes=\"(max-width: 300px) 100vw, 300px\" \/>Una novela criminal<\/em><\/strong><strong>, serie documental para Netflix<\/strong><\/p>\n<p>Jorge Volpi dedic\u00f3 tres a\u00f1os de su vida a la fase de documentaci\u00f3n de su libro <em>Una novela criminal<\/em>, ganadora del XXI Premio Alfaguara que se convirti\u00f3 en la novela m\u00e1s le\u00edda de M\u00e9xico en 2018 y que hace poco m\u00e1s de un mes se ha adaptado a serie documental para la plataforma Netflix.<\/p>\n<p>Para trasladar la relevancia del caso, que hizo a Volpi adentrarse en los entresijos del poder y la corrupci\u00f3n, el autor explica que su novela trata sobre un caso que fue muy relevante en la historia del M\u00e9xico reciente, \u201cun caso de secuestro y de la manipulaci\u00f3n en el que estuvieron involucradas autoridades como la polic\u00eda y la clase pol\u00edtica y la justicia que, adem\u00e1s, desemboc\u00f3 en un enfrentamiento diplom\u00e1tico entre M\u00e9xico y Francia\u201d.<\/p>\n<p>No hay ficci\u00f3n en sus palabras. Volpi tuvo que comenzar su investigaci\u00f3n y documentaci\u00f3n con la lectura del expediente del caso, que en ese momento recuerda, acumulaba m\u00e1s de 20.000 folios. \u201cFinalmente, mis estudios en Derecho me sirvieron de algo\u201d, bromea. Volpi se sirvi\u00f3 de sus conocimientos como jurista para comprender mejor la historia relacionada con el caso, leer todo lo que se hab\u00eda publicado, ver todo lo que se hab\u00eda pasado en medios electr\u00f3nicos y entrevistar a todos los protagonistas a los que pudo tener acceso. \u201cFue un trabajo de documentaci\u00f3n muy amplio, al que despu\u00e9s se le uni\u00f3 la producci\u00f3n de la serie documental, que dur\u00f3 otros cuatro a\u00f1os y que incluy\u00f3, de nuevo una labor de seguimiento y de documentaci\u00f3n importante\u201d, explica.<\/p>\n<p>Sobre la adaptaci\u00f3n a Netflix de la novela, opina que \u201csiempre fue l\u00f3gico que la historia volviera a la peque\u00f1a pantalla\u201d, ya que el caso nace en televisi\u00f3n. \u201cHace casi ya 17 a\u00f1os, en concreto el 19 de diciembre de 2005, los dos principales noticieros de televisi\u00f3n en M\u00e9xico anuncian que van a transmitir en vivo la captura de unos secuestradores y la liberaci\u00f3n de las v\u00edctimas, un hecho sin duda extra\u00f1o cuando la justicia mexicana no logra resolver ni el 1% de los delitos que se denuncian\u201d, relata.<\/p>\n<p>Lo cierto es que, en los d\u00edas siguientes a la emisi\u00f3n en directo de la detenci\u00f3n, los detenidos sufren torturas, negaci\u00f3n de sus derechos y una gran lista de acusaciones que van aumentando cada d\u00eda. \u201cCuando los abogados defensores captan la inconsistencia entre los partes de detenci\u00f3n, los v\u00eddeos de la emisi\u00f3n televisiva y la versi\u00f3n de sus defendidos, comienza una carrera para sacar a la luz uno de los mayores montajes policiales de la historia de M\u00e9xico, cuyo desarrollo hizo que se tambalearan los cimientos del gobierno de aquel momento y culmin\u00f3 con un incidente diplom\u00e1tico entre M\u00e9xico y Francia\u201d, explica Volpi.<\/p>\n<p>Enfrascarse en este caso le afect\u00f3 personalmente. \u201cHa sido un proceso de decepci\u00f3n, indignaci\u00f3n, de rabia y dolor ver c\u00f3mo la justicia de M\u00e9xico no funciona en absoluto, que una instituci\u00f3n tan relevante opera de forma fallida\u201d, admite. Y es que, a trav\u00e9s de zambullirse en la escritura de <em>Una novela criminal<\/em>, el escritor lleg\u00f3 a una conclusi\u00f3n muy dura: \u201cLa justicia no existe\u201d.<\/p>\n<p>En su opini\u00f3n, la soluci\u00f3n a la situaci\u00f3n de inseguridad jur\u00eddica que se respira en su pa\u00eds pasa por cambiar por completo el sistema. \u201cHay que profesionalizar a las polic\u00edas y a los miembros de las fiscal\u00edas del Ministerio P\u00fablico y a los jueces, evitar la corrupci\u00f3n, desterrar por completo la tortura y hay que hacer procedimientos m\u00e1s transparentes, r\u00e1pidos y eficaces, siempre con independencia del poder pol\u00edtico\u201d.<\/p>\n<p>Con este libro y esta serie documental Jorge Volpi asegura que ha quedado claro que \u201cno hay posibilidad de saber la verdad, ni de que se acabe la impunidad, ni de que se repare el da\u00f1o, ni de que no se vuelvan a repetir injusticias\u201d. Lo cierto es que, seg\u00fan cuenta, en cuanto se public\u00f3 la novela, hubo un gran inter\u00e9s por parte de varias compa\u00f1\u00edas audiovisuales para que la historia pudiera convertirse en serie documental. Finalmente se llev\u00f3 a cabo una coproducci\u00f3n M\u00e9xico-Francia para Netflix, que se estren\u00f3 hace justo mes y medio en M\u00e9xico, donde ha tenido mucho impacto y ya se puede visualizar tambi\u00e9n en Espa\u00f1a.<\/p>\n<p><strong>Crear ciudadanos cr\u00edticos, un objetivo<\/strong><\/p>\n<p>El escritor mexicano Jorge Volpi, adem\u00e1s de haber trabajado en diversas novelas, ensayos y art\u00edculos, ha dedicado su vida a la formaci\u00f3n de nuevos talentos en la Universidad Nacional Aut\u00f3noma de M\u00e9xico (UNAM). Estudi\u00f3 en la UNAM tanto la licenciatura como la maestr\u00eda, ha sido profesor durante muchos a\u00f1os de la Facultad de Filosof\u00eda y Letras y luego se ha incorporado a trabajar en<img decoding=\"async\" loading=\"lazy\" class=\"alignright size-medium wp-image-65612\" src=\"https:\/\/www.ull.es\/portal\/noticias\/wp-content\/uploads\/sites\/13\/2022\/10\/Jorge-Volpi-09-300x200.jpg\" alt=\"\" width=\"300\" height=\"200\" srcset=\"https:\/\/www.ull.es\/portal\/noticias\/wp-content\/uploads\/sites\/13\/2022\/10\/Jorge-Volpi-09-300x200.jpg 300w, https:\/\/www.ull.es\/portal\/noticias\/wp-content\/uploads\/sites\/13\/2022\/10\/Jorge-Volpi-09-768x512.jpg 768w, https:\/\/www.ull.es\/portal\/noticias\/wp-content\/uploads\/sites\/13\/2022\/10\/Jorge-Volpi-09-375x250.jpg 375w, https:\/\/www.ull.es\/portal\/noticias\/wp-content\/uploads\/sites\/13\/2022\/10\/Jorge-Volpi-09-750x500.jpg 750w, https:\/\/www.ull.es\/portal\/noticias\/wp-content\/uploads\/sites\/13\/2022\/10\/Jorge-Volpi-09.jpg 1024w\" sizes=\"(max-width: 300px) 100vw, 300px\" \/> labores de coordinaci\u00f3n.<\/p>\n<p>Para \u00e9l, \u201ccrear\u201d a un buen ciudadano pasa por desarrollar el esp\u00edritu cr\u00edtico de los estudiantes, a la par que por alimentar y fomentar la curiosidad. \u201cSon dos aspectos fundamentales, que la universidad debe tener como objetivo, como misi\u00f3n\u201d.<\/p>\n<p>Otra meta, en la que ya est\u00e1n trabajando en la UNAM, es en el apoyo y fomento de la escritura creativa. \u201cYa hemos lanzado un proyecto sobre esta cuesti\u00f3n, ya que el fomento de la creaci\u00f3n literaria debe tener un espacio en esta instituci\u00f3n\u201d. Como novelista y actual representante de la UNAM en Espa\u00f1a, Volpi aprovecha para lanzar un mensaje a todas las personas j\u00f3venes con dudas sobre si embarcarse o no en el viaje de la escritura: \u201cYo les dir\u00eda que lo hagan, que se atrevan, eso s\u00ed, con mucho tes\u00f3n y disciplina\u201d.<\/p>\n<p><strong>Reforzando lazos de historia, cultura y ciencia<\/strong><\/p>\n<p>Seg\u00fan explica Jorge Volpi, que ha sido, adem\u00e1s, uno de los ponentes invitados a Campus Am\u00e9rica 2022, existe una relaci\u00f3n especial entre Am\u00e9rica, en general, y Canarias. Se trata, considera, de una conexi\u00f3n muy antigua y fluida. \u201cEspa\u00f1a es el segundo pa\u00eds donde estudian m\u00e1s mexicanos despu\u00e9s de los Estados Unidos y, al mismo tiempo, M\u00e9xico tambi\u00e9n recibe muchos estudiantes espa\u00f1oles\u201d.<\/p>\n<p>Seg\u00fan explica, hay muchos intercambios acad\u00e9micos, muchos art\u00edculos escritos en conjunto por investigadores mexicanos y espa\u00f1oles. \u201cSe trata de una relaci\u00f3n muy rica, que ha sido latente los d\u00edas de celebraci\u00f3n del Campus Am\u00e9rica. Justamente ayer estuvimos tratando el gran telescopio que va a acoger Canarias, un proyecto en el que participa tambi\u00e9n la UNAM y que representa una oportunidad de colaboraci\u00f3n trascendental para su puesta en funcionamiento\u201d, recalca.<\/p>\n<p>En este sentido, detalla que desde la UNAM se est\u00e1 trabajando en el dise\u00f1o de instrumentos que albergar\u00e1 el gran telescopio y que permitir\u00e1 aumentar la calidad y nitidez de las im\u00e1genes tomadas por el artefacto. \u201cEs un ejemplo muy claro de la relaci\u00f3n entre M\u00e9xico, Espa\u00f1a y, m\u00e1s concretamente, Canarias\u201d.<\/p>\n<p>\u201cPersonalmente, y con mi papel de representante de la UNAM en Espa\u00f1a, tambi\u00e9n me incluyo en esta importante tarea de reforzar y acentuar los lazos entre ambos pa\u00edses en t\u00e9rminos de cooperaci\u00f3n acad\u00e9mica, cient\u00edfica y cultural\u201d, destaca.<\/p>\n<p>Con el di\u00e1logo con Jorge Volpi culmina la serie de entrevistas con algunos de los ponentes destacados de Campus Am\u00e9rica 2022, a trav\u00e9s de las que #ProtagonistasULL ha tenido la oportunidad de profundizar en el camino profesional y personal que ha construido a relevantes personalidades en distintos \u00e1mbitos de estudio.<\/p>\n<p style=\"text-align: right\"><strong>Gabinete de Comunicaci\u00f3n<\/strong><\/p>\n","protected":false},"excerpt":{"rendered":"<p>M\u00fasica de fondo, un amanecer. Con los primeros rayos de sol Jorge Volpi encuentra la inspiraci\u00f3n para crear nuevas historias&#8230;<\/p>\n","protected":false},"author":23,"featured_media":65613,"comment_status":"closed","ping_status":"closed","sticky":false,"template":"","format":"standard","meta":{"inline_featured_image":false,"footnotes":""},"categories":[8953,2750],"tags":[9223,4494],"acf":[],"yoast_head":"<!-- This site is optimized with the Yoast SEO plugin v21.3 - https:\/\/yoast.com\/wordpress\/plugins\/seo\/ -->\n<title>La literatura, el camino que decidi\u00f3 Jorge Volpi - ULL - Noticias<\/title>\n<meta name=\"robots\" content=\"index, follow, max-snippet:-1, max-image-preview:large, max-video-preview:-1\" \/>\n<link rel=\"canonical\" href=\"https:\/\/www.ull.es\/portal\/noticias\/2022\/la-literatura-el-camino-que-decidio-jorge-volpi\/\" \/>\n<meta property=\"og:locale\" content=\"es_ES\" \/>\n<meta property=\"og:type\" content=\"article\" \/>\n<meta property=\"og:title\" content=\"La literatura, el camino que decidi\u00f3 Jorge Volpi - ULL - Noticias\" \/>\n<meta property=\"og:description\" content=\"M\u00fasica de fondo, un amanecer. Con los primeros rayos de sol Jorge Volpi encuentra la inspiraci\u00f3n para crear nuevas historias...\" \/>\n<meta property=\"og:url\" content=\"https:\/\/www.ull.es\/portal\/noticias\/2022\/la-literatura-el-camino-que-decidio-jorge-volpi\/\" \/>\n<meta property=\"og:site_name\" content=\"ULL - Noticias\" \/>\n<meta property=\"article:publisher\" content=\"https:\/\/www.facebook.com\/universidaddelalaguna\/\" \/>\n<meta property=\"article:published_time\" content=\"2022-10-25T07:47:29+00:00\" \/>\n<meta property=\"og:image\" content=\"https:\/\/www.ull.es\/portal\/noticias\/wp-content\/uploads\/sites\/13\/2022\/10\/Jorge-Volpi-06.jpg\" \/>\n\t<meta property=\"og:image:width\" content=\"1024\" \/>\n\t<meta property=\"og:image:height\" content=\"683\" \/>\n\t<meta property=\"og:image:type\" content=\"image\/jpeg\" \/>\n<meta name=\"author\" content=\"gaprsa\" \/>\n<meta name=\"twitter:card\" content=\"summary_large_image\" \/>\n<meta name=\"twitter:creator\" content=\"@CanalULL\" \/>\n<meta name=\"twitter:site\" content=\"@CanalULL\" \/>\n<meta name=\"twitter:label1\" content=\"Escrito por\" \/>\n\t<meta name=\"twitter:data1\" content=\"gaprsa\" \/>\n\t<meta name=\"twitter:label2\" content=\"Tiempo de lectura\" \/>\n\t<meta name=\"twitter:data2\" content=\"8 minutos\" \/>\n<script type=\"application\/ld+json\" class=\"yoast-schema-graph\">{\"@context\":\"https:\/\/schema.org\",\"@graph\":[{\"@type\":\"WebPage\",\"@id\":\"https:\/\/www.ull.es\/portal\/noticias\/2022\/la-literatura-el-camino-que-decidio-jorge-volpi\/\",\"url\":\"https:\/\/www.ull.es\/portal\/noticias\/2022\/la-literatura-el-camino-que-decidio-jorge-volpi\/\",\"name\":\"La literatura, el camino que decidi\u00f3 Jorge Volpi - ULL - Noticias\",\"isPartOf\":{\"@id\":\"https:\/\/www.ull.es\/portal\/noticias\/#website\"},\"datePublished\":\"2022-10-25T07:47:29+00:00\",\"dateModified\":\"2022-10-25T07:47:29+00:00\",\"author\":{\"@id\":\"https:\/\/www.ull.es\/portal\/noticias\/#\/schema\/person\/b2b1a89d43ffa609e591f7df8ef3e817\"},\"breadcrumb\":{\"@id\":\"https:\/\/www.ull.es\/portal\/noticias\/2022\/la-literatura-el-camino-que-decidio-jorge-volpi\/#breadcrumb\"},\"inLanguage\":\"es\",\"potentialAction\":[{\"@type\":\"ReadAction\",\"target\":[\"https:\/\/www.ull.es\/portal\/noticias\/2022\/la-literatura-el-camino-que-decidio-jorge-volpi\/\"]}]},{\"@type\":\"BreadcrumbList\",\"@id\":\"https:\/\/www.ull.es\/portal\/noticias\/2022\/la-literatura-el-camino-que-decidio-jorge-volpi\/#breadcrumb\",\"itemListElement\":[{\"@type\":\"ListItem\",\"position\":1,\"name\":\"Portada\",\"item\":\"https:\/\/www.ull.es\/portal\/noticias\/\"},{\"@type\":\"ListItem\",\"position\":2,\"name\":\"La literatura, el camino que decidi\u00f3 Jorge Volpi\"}]},{\"@type\":\"WebSite\",\"@id\":\"https:\/\/www.ull.es\/portal\/noticias\/#website\",\"url\":\"https:\/\/www.ull.es\/portal\/noticias\/\",\"name\":\"ULL - Noticias\",\"description\":\"\",\"potentialAction\":[{\"@type\":\"SearchAction\",\"target\":{\"@type\":\"EntryPoint\",\"urlTemplate\":\"https:\/\/www.ull.es\/portal\/noticias\/?s={search_term_string}\"},\"query-input\":\"required name=search_term_string\"}],\"inLanguage\":\"es\"},{\"@type\":\"Person\",\"@id\":\"https:\/\/www.ull.es\/portal\/noticias\/#\/schema\/person\/b2b1a89d43ffa609e591f7df8ef3e817\",\"name\":\"gaprsa\",\"image\":{\"@type\":\"ImageObject\",\"inLanguage\":\"es\",\"@id\":\"https:\/\/www.ull.es\/portal\/noticias\/#\/schema\/person\/image\/\",\"url\":\"https:\/\/secure.gravatar.com\/avatar\/443820550921091458b4823867723b3d?s=96&d=mm&r=g\",\"contentUrl\":\"https:\/\/secure.gravatar.com\/avatar\/443820550921091458b4823867723b3d?s=96&d=mm&r=g\",\"caption\":\"gaprsa\"},\"url\":\"https:\/\/www.ull.es\/portal\/noticias\/author\/gaprsa\/\"}]}<\/script>\n<!-- \/ Yoast SEO plugin. -->","yoast_head_json":{"title":"La literatura, el camino que decidi\u00f3 Jorge Volpi - ULL - Noticias","robots":{"index":"index","follow":"follow","max-snippet":"max-snippet:-1","max-image-preview":"max-image-preview:large","max-video-preview":"max-video-preview:-1"},"canonical":"https:\/\/www.ull.es\/portal\/noticias\/2022\/la-literatura-el-camino-que-decidio-jorge-volpi\/","og_locale":"es_ES","og_type":"article","og_title":"La literatura, el camino que decidi\u00f3 Jorge Volpi - ULL - Noticias","og_description":"M\u00fasica de fondo, un amanecer. Con los primeros rayos de sol Jorge Volpi encuentra la inspiraci\u00f3n para crear nuevas historias...","og_url":"https:\/\/www.ull.es\/portal\/noticias\/2022\/la-literatura-el-camino-que-decidio-jorge-volpi\/","og_site_name":"ULL - Noticias","article_publisher":"https:\/\/www.facebook.com\/universidaddelalaguna\/","article_published_time":"2022-10-25T07:47:29+00:00","og_image":[{"width":1024,"height":683,"url":"https:\/\/www.ull.es\/portal\/noticias\/wp-content\/uploads\/sites\/13\/2022\/10\/Jorge-Volpi-06.jpg","type":"image\/jpeg"}],"author":"gaprsa","twitter_card":"summary_large_image","twitter_creator":"@CanalULL","twitter_site":"@CanalULL","twitter_misc":{"Escrito por":"gaprsa","Tiempo de lectura":"8 minutos"},"schema":{"@context":"https:\/\/schema.org","@graph":[{"@type":"WebPage","@id":"https:\/\/www.ull.es\/portal\/noticias\/2022\/la-literatura-el-camino-que-decidio-jorge-volpi\/","url":"https:\/\/www.ull.es\/portal\/noticias\/2022\/la-literatura-el-camino-que-decidio-jorge-volpi\/","name":"La literatura, el camino que decidi\u00f3 Jorge Volpi - ULL - Noticias","isPartOf":{"@id":"https:\/\/www.ull.es\/portal\/noticias\/#website"},"datePublished":"2022-10-25T07:47:29+00:00","dateModified":"2022-10-25T07:47:29+00:00","author":{"@id":"https:\/\/www.ull.es\/portal\/noticias\/#\/schema\/person\/b2b1a89d43ffa609e591f7df8ef3e817"},"breadcrumb":{"@id":"https:\/\/www.ull.es\/portal\/noticias\/2022\/la-literatura-el-camino-que-decidio-jorge-volpi\/#breadcrumb"},"inLanguage":"es","potentialAction":[{"@type":"ReadAction","target":["https:\/\/www.ull.es\/portal\/noticias\/2022\/la-literatura-el-camino-que-decidio-jorge-volpi\/"]}]},{"@type":"BreadcrumbList","@id":"https:\/\/www.ull.es\/portal\/noticias\/2022\/la-literatura-el-camino-que-decidio-jorge-volpi\/#breadcrumb","itemListElement":[{"@type":"ListItem","position":1,"name":"Portada","item":"https:\/\/www.ull.es\/portal\/noticias\/"},{"@type":"ListItem","position":2,"name":"La literatura, el camino que decidi\u00f3 Jorge Volpi"}]},{"@type":"WebSite","@id":"https:\/\/www.ull.es\/portal\/noticias\/#website","url":"https:\/\/www.ull.es\/portal\/noticias\/","name":"ULL - Noticias","description":"","potentialAction":[{"@type":"SearchAction","target":{"@type":"EntryPoint","urlTemplate":"https:\/\/www.ull.es\/portal\/noticias\/?s={search_term_string}"},"query-input":"required name=search_term_string"}],"inLanguage":"es"},{"@type":"Person","@id":"https:\/\/www.ull.es\/portal\/noticias\/#\/schema\/person\/b2b1a89d43ffa609e591f7df8ef3e817","name":"gaprsa","image":{"@type":"ImageObject","inLanguage":"es","@id":"https:\/\/www.ull.es\/portal\/noticias\/#\/schema\/person\/image\/","url":"https:\/\/secure.gravatar.com\/avatar\/443820550921091458b4823867723b3d?s=96&d=mm&r=g","contentUrl":"https:\/\/secure.gravatar.com\/avatar\/443820550921091458b4823867723b3d?s=96&d=mm&r=g","caption":"gaprsa"},"url":"https:\/\/www.ull.es\/portal\/noticias\/author\/gaprsa\/"}]}},"primary_category":{"id":8953,"name":"Campus Am\u00e9rica 2022","slug":"campus-america-2022","link":"https:\/\/www.ull.es\/portal\/noticias\/category\/campus-america\/campus-america-2022\/"},"featured_image_thumbnail_url":"https:\/\/www.ull.es\/portal\/noticias\/wp-content\/uploads\/sites\/13\/2022\/10\/Jorge-Volpi-06-300x200.jpg","_links":{"self":[{"href":"https:\/\/www.ull.es\/portal\/noticias\/wp-json\/wp\/v2\/posts\/65609"}],"collection":[{"href":"https:\/\/www.ull.es\/portal\/noticias\/wp-json\/wp\/v2\/posts"}],"about":[{"href":"https:\/\/www.ull.es\/portal\/noticias\/wp-json\/wp\/v2\/types\/post"}],"author":[{"embeddable":true,"href":"https:\/\/www.ull.es\/portal\/noticias\/wp-json\/wp\/v2\/users\/23"}],"replies":[{"embeddable":true,"href":"https:\/\/www.ull.es\/portal\/noticias\/wp-json\/wp\/v2\/comments?post=65609"}],"version-history":[{"count":2,"href":"https:\/\/www.ull.es\/portal\/noticias\/wp-json\/wp\/v2\/posts\/65609\/revisions"}],"predecessor-version":[{"id":65614,"href":"https:\/\/www.ull.es\/portal\/noticias\/wp-json\/wp\/v2\/posts\/65609\/revisions\/65614"}],"wp:featuredmedia":[{"embeddable":true,"href":"https:\/\/www.ull.es\/portal\/noticias\/wp-json\/wp\/v2\/media\/65613"}],"wp:attachment":[{"href":"https:\/\/www.ull.es\/portal\/noticias\/wp-json\/wp\/v2\/media?parent=65609"}],"wp:term":[{"taxonomy":"category","embeddable":true,"href":"https:\/\/www.ull.es\/portal\/noticias\/wp-json\/wp\/v2\/categories?post=65609"},{"taxonomy":"post_tag","embeddable":true,"href":"https:\/\/www.ull.es\/portal\/noticias\/wp-json\/wp\/v2\/tags?post=65609"}],"curies":[{"name":"wp","href":"https:\/\/api.w.org\/{rel}","templated":true}]}}