{"id":65661,"date":"2022-10-26T08:58:03","date_gmt":"2022-10-26T08:58:03","guid":{"rendered":"https:\/\/www.ull.es\/portal\/noticias\/?p=65661"},"modified":"2022-10-26T11:06:10","modified_gmt":"2022-10-26T11:06:10","slug":"avistamiento-cetaceos-accion-concienciacion-ambiental","status":"publish","type":"post","link":"https:\/\/www.ull.es\/portal\/noticias\/2022\/avistamiento-cetaceos-accion-concienciacion-ambiental\/","title":{"rendered":"El avistamiento de cet\u00e1ceos desde Santa \u00darsula protagoniz\u00f3 otra acci\u00f3n de concienciaci\u00f3n ambiental de la ULL"},"content":{"rendered":"<p>El Vicerrectorado de Infraestructuras y Sostenibilidad y la Oficina de la Participaci\u00f3n y el Voluntariado Ambientales del \u00c1rea de Sostenibilidad, Medio Ambiente y Seguridad del Cabildo de Tenerife organizan desde hace ya dos cursos un programa de concienciaci\u00f3n ambiental que, a lo largo de diferentes jornadas tem\u00e1ticas, aborda diversas problem\u00e1ticas con el apoyo de alg\u00fan grupo de investigaci\u00f3n de la instituci\u00f3n acad\u00e9mica. El \u00faltimo se ha celebrado este mes de octubre y culmin\u00f3 con una <a href=\"https:\/\/www.ull.es\/portal\/agenda\/evento\/actividad-de-concienciacion-ambiental-sobre-cetaceos-y-metodos-de-estudio-en-la-quinta-santa-ursula\/\" target=\"_blank\" rel=\"noopener\" target=\"_blank\" rel=\"noopener\">sesi\u00f3n de avistamiento de cet\u00e1ceos<\/a> desde La Quinta (Santa \u00darsula).<\/p>\n<p style=\"text-align: center\"><a href=\"https:\/\/drive.google.com\/drive\/folders\/196ARB7Ihe4E0Q9wBgEvdOPuJeLE5Or2k?usp=sharing\" target=\"_blank\" rel=\"noopener\" target=\"_blank\" rel=\"noopener\"><strong>Galer\u00eda de im\u00e1genes<\/strong><\/a><\/p>\n<p>En esta ocasi\u00f3n, se ha contado con el apoyo t\u00e9cnico-cient\u00edfico del Grupo de Investigaci\u00f3n Biodiversidad, Ecolog\u00eda Marina y Conservaci\u00f3n de la Universidad de La Laguna (<a href=\"https:\/\/portalciencia.ull.es\/grupos\/6362\/detalle\" target=\"_blank\" rel=\"noopener\" target=\"_blank\" rel=\"noopener\">BIOECOMAC-ULL Cet\u00e1ceos<\/a>) y la colaboraci\u00f3n del \u00c1rea de Gesti\u00f3n del Medio Natural y Seguridad del Cabildo de Tenerife y del Ayuntamiento de Santa \u00darsula, a trav\u00e9s del proyecto \u00cdcaro. La actividad ha estado coordinada por Daniel Miranda Gonz\u00e1lez, investigador predoctoral del grupo de citado, y Edgar P\u00e9rez Herrero, director de Secretariado de Sostenibilidad y Campus Saludable de la Universidad de La Laguna.<\/p>\n<p><a href=\"https:\/\/www.ull.es\/portal\/noticias\/wp-content\/uploads\/sites\/13\/2022\/10\/Avistamiento-cetaceos-27.jpg\" target=\"_blank\" rel=\"noopener\" target=\"_blank\" rel=\"noopener\"><img decoding=\"async\" loading=\"lazy\" class=\"alignleft wp-image-65667 size-medium\" src=\"https:\/\/www.ull.es\/portal\/noticias\/wp-content\/uploads\/sites\/13\/2022\/10\/Avistamiento-cetaceos-27-300x200.jpg\" alt=\"\" width=\"300\" height=\"200\" srcset=\"https:\/\/www.ull.es\/portal\/noticias\/wp-content\/uploads\/sites\/13\/2022\/10\/Avistamiento-cetaceos-27-300x200.jpg 300w, https:\/\/www.ull.es\/portal\/noticias\/wp-content\/uploads\/sites\/13\/2022\/10\/Avistamiento-cetaceos-27-768x512.jpg 768w, https:\/\/www.ull.es\/portal\/noticias\/wp-content\/uploads\/sites\/13\/2022\/10\/Avistamiento-cetaceos-27-375x250.jpg 375w, https:\/\/www.ull.es\/portal\/noticias\/wp-content\/uploads\/sites\/13\/2022\/10\/Avistamiento-cetaceos-27-750x500.jpg 750w, https:\/\/www.ull.es\/portal\/noticias\/wp-content\/uploads\/sites\/13\/2022\/10\/Avistamiento-cetaceos-27.jpg 1024w\" sizes=\"(max-width: 300px) 100vw, 300px\" \/><\/a>Como es habitual en este programa, el primer d\u00eda estuvo dedicado a un webinar de dos horas para desarrollar algunos conceptos que, al d\u00eda siguiente, ser\u00edan comprobados in situ durante la salida de campo. La primera ponente fue Olivia Mar\u00edn, doctoranda en BIOECOMAC cuya investigaci\u00f3n se centra en ac\u00fastica y el comportamiento de cet\u00e1ceos de buceo profundo como los cachalotes y calderones. Su intervenci\u00f3n se centr\u00f3 en explicar qu\u00e9 son los cet\u00e1ceos y cu\u00e1les es su papel ecol\u00f3gico y cu\u00e1les son las especies m\u00e1s relevantes en Canarias.<\/p>\n<p>Explic\u00f3 que Canarias es un territorio afortunado en presencia de cet\u00e1ceos, porque si en el mundo hay un total de 80 especies, en Canarias se dan 31 de ellas. Esto es debido, entre otros factores, a que el archipi\u00e9lago est\u00e1 compuesto por islas oce\u00e1nicas, es decir, surgidas desde los fondos abisales de la plataforma continental, con aguas de mucha profundidad para lo cerca que est\u00e1n de costa. Esto permite que se den animales capaces de bucear a mucha profundidad y, de hecho, en Canarias vive el animal que ostenta el r\u00e9cord, el zifio de Cuvier, capaz de bucear hasta 2.992 metros durante 3 horas y 42 minutos.<\/p>\n<p>En resumen, se dan 20 especies de cet\u00e1ceos odontocetos (con dientes) como los zifios, varias especies de cachalote, de calderones (tropical, gris), y delfines (mulares. moteados, de diente rugoso,<img decoding=\"async\" loading=\"lazy\" class=\"alignright size-medium wp-image-65680\" src=\"https:\/\/www.ull.es\/portal\/noticias\/wp-content\/uploads\/sites\/13\/2022\/10\/Avistamiento-cetaceos-19-300x200.jpg\" alt=\"\" width=\"300\" height=\"200\" srcset=\"https:\/\/www.ull.es\/portal\/noticias\/wp-content\/uploads\/sites\/13\/2022\/10\/Avistamiento-cetaceos-19-300x200.jpg 300w, https:\/\/www.ull.es\/portal\/noticias\/wp-content\/uploads\/sites\/13\/2022\/10\/Avistamiento-cetaceos-19-768x512.jpg 768w, https:\/\/www.ull.es\/portal\/noticias\/wp-content\/uploads\/sites\/13\/2022\/10\/Avistamiento-cetaceos-19-375x250.jpg 375w, https:\/\/www.ull.es\/portal\/noticias\/wp-content\/uploads\/sites\/13\/2022\/10\/Avistamiento-cetaceos-19-750x500.jpg 750w, https:\/\/www.ull.es\/portal\/noticias\/wp-content\/uploads\/sites\/13\/2022\/10\/Avistamiento-cetaceos-19.jpg 1024w\" sizes=\"(max-width: 300px) 100vw, 300px\" \/> listado). Tambi\u00e9n hay unas 7 especies de cet\u00e1ceos misticetos (con barbas), como los rorcuales y varios tipos de ballenas.<\/p>\n<p><strong>Avistar cet\u00e1ceos<\/strong><\/p>\n<p>El segundo ponente fue Daniel Miranda, tambi\u00e9n investigador predoctoral en el grupo BIOECOMAC, quien explic\u00f3 los aspectos m\u00e1s t\u00e9cnicos sobre c\u00f3mo tomar los datos durante la observaci\u00f3n del d\u00eda siguiente. Explic\u00f3 todas las t\u00e9cnicas que se emplean para investigar y destac\u00f3 que hay muy pocos lugares en el mundo donde sea posible estudiar a estos animales desde tierra, entre ellos Canarias. La metodolog\u00eda usual es contar simult\u00e1neamente con un equipo coordinado de tierra y otro en el mar. Tambi\u00e9n explic\u00f3 que se hab\u00eda elegido La Quinta como enclave para la parte pr\u00e1ctica porque es una zona que se ha estado utilizando para estudios de impacto ambiental.<\/p>\n<p><img decoding=\"async\" loading=\"lazy\" class=\"alignleft size-medium wp-image-65666\" src=\"https:\/\/www.ull.es\/portal\/noticias\/wp-content\/uploads\/sites\/13\/2022\/10\/Avistamiento-cetaceos-29-300x200.jpg\" alt=\"\" width=\"300\" height=\"200\" srcset=\"https:\/\/www.ull.es\/portal\/noticias\/wp-content\/uploads\/sites\/13\/2022\/10\/Avistamiento-cetaceos-29-300x200.jpg 300w, https:\/\/www.ull.es\/portal\/noticias\/wp-content\/uploads\/sites\/13\/2022\/10\/Avistamiento-cetaceos-29-768x512.jpg 768w, https:\/\/www.ull.es\/portal\/noticias\/wp-content\/uploads\/sites\/13\/2022\/10\/Avistamiento-cetaceos-29-375x250.jpg 375w, https:\/\/www.ull.es\/portal\/noticias\/wp-content\/uploads\/sites\/13\/2022\/10\/Avistamiento-cetaceos-29-750x500.jpg 750w, https:\/\/www.ull.es\/portal\/noticias\/wp-content\/uploads\/sites\/13\/2022\/10\/Avistamiento-cetaceos-29.jpg 1024w\" sizes=\"(max-width: 300px) 100vw, 300px\" \/>El taller pr\u00e1ctico tuvo unas cuatro horas de duraci\u00f3n y permiti\u00f3 la observaci\u00f3n desde La Quinta de varios ejemplares de cet\u00e1ceos nadando a nivel de costa. Durante la actividad, quienes asistieron fueron trasladados gratuitamente hasta el punto de observaci\u00f3n y pudieron conocer las principales especies de estos mam\u00edferos marinos que habitan regularmente en Canarias, su biolog\u00eda y amenazas. Tambi\u00e9n se familiarizaron con los m\u00e9todos de estudio de cet\u00e1ceos y con los dise\u00f1os de muestreo para el estudio de estas especies, as\u00ed como conocer herramientas tecnol\u00f3gicas para el estudio de cet\u00e1ceos en Canarias.<\/p>\n","protected":false},"excerpt":{"rendered":"<p>El Vicerrectorado de Infraestructuras y Sostenibilidad y la Oficina de la Participaci\u00f3n y el Voluntariado Ambientales del \u00c1rea de Sostenibilidad,&#8230;<\/p>\n","protected":false},"author":21,"featured_media":65665,"comment_status":"closed","ping_status":"closed","sticky":false,"template":"","format":"standard","meta":{"inline_featured_image":false,"footnotes":""},"categories":[345,348,2765],"tags":[7610,4539,801,9263,8800,9264,7855],"acf":[],"yoast_head":"<!-- This site is optimized with the Yoast SEO plugin v21.3 - https:\/\/yoast.com\/wordpress\/plugins\/seo\/ -->\n<title>La ULL organiz\u00f3 un avistamiento de cet\u00e1ceos desde Santa \u00darsula<\/title>\n<meta name=\"description\" content=\"La actividad forma parte del Programa de Concienciaci\u00f3n Ambiental promovido por la ULL y el Cabildo de Tenerife desde hace dos cursos.\" \/>\n<meta name=\"robots\" content=\"index, follow, max-snippet:-1, max-image-preview:large, max-video-preview:-1\" \/>\n<link rel=\"canonical\" href=\"https:\/\/www.ull.es\/portal\/noticias\/2022\/avistamiento-cetaceos-accion-concienciacion-ambiental\/\" \/>\n<meta property=\"og:locale\" content=\"es_ES\" \/>\n<meta property=\"og:type\" content=\"article\" \/>\n<meta property=\"og:title\" content=\"La ULL organiz\u00f3 un avistamiento de cet\u00e1ceos desde Santa \u00darsula\" \/>\n<meta property=\"og:description\" content=\"La actividad forma parte del Programa de Concienciaci\u00f3n Ambiental promovido por la ULL y el Cabildo de Tenerife desde hace dos cursos.\" \/>\n<meta property=\"og:url\" content=\"https:\/\/www.ull.es\/portal\/noticias\/2022\/avistamiento-cetaceos-accion-concienciacion-ambiental\/\" \/>\n<meta property=\"og:site_name\" content=\"ULL - Noticias\" \/>\n<meta property=\"article:publisher\" content=\"https:\/\/www.facebook.com\/universidaddelalaguna\/\" \/>\n<meta property=\"article:published_time\" content=\"2022-10-26T08:58:03+00:00\" \/>\n<meta property=\"article:modified_time\" content=\"2022-10-26T11:06:10+00:00\" \/>\n<meta property=\"og:image\" content=\"https:\/\/www.ull.es\/portal\/noticias\/wp-content\/uploads\/sites\/13\/2022\/10\/Avistamiento-cetaceos-07.jpg\" \/>\n\t<meta property=\"og:image:width\" content=\"1024\" \/>\n\t<meta property=\"og:image:height\" content=\"682\" \/>\n\t<meta property=\"og:image:type\" content=\"image\/jpeg\" \/>\n<meta name=\"author\" content=\"prensa2\" \/>\n<meta name=\"twitter:card\" content=\"summary_large_image\" \/>\n<meta name=\"twitter:creator\" content=\"@CanalULL\" \/>\n<meta name=\"twitter:site\" content=\"@CanalULL\" \/>\n<meta name=\"twitter:label1\" content=\"Escrito por\" \/>\n\t<meta name=\"twitter:data1\" content=\"prensa2\" \/>\n\t<meta name=\"twitter:label2\" content=\"Tiempo de lectura\" \/>\n\t<meta name=\"twitter:data2\" content=\"4 minutos\" \/>\n<script type=\"application\/ld+json\" class=\"yoast-schema-graph\">{\"@context\":\"https:\/\/schema.org\",\"@graph\":[{\"@type\":\"WebPage\",\"@id\":\"https:\/\/www.ull.es\/portal\/noticias\/2022\/avistamiento-cetaceos-accion-concienciacion-ambiental\/\",\"url\":\"https:\/\/www.ull.es\/portal\/noticias\/2022\/avistamiento-cetaceos-accion-concienciacion-ambiental\/\",\"name\":\"La ULL organiz\u00f3 un avistamiento de cet\u00e1ceos desde Santa \u00darsula\",\"isPartOf\":{\"@id\":\"https:\/\/www.ull.es\/portal\/noticias\/#website\"},\"datePublished\":\"2022-10-26T08:58:03+00:00\",\"dateModified\":\"2022-10-26T11:06:10+00:00\",\"author\":{\"@id\":\"https:\/\/www.ull.es\/portal\/noticias\/#\/schema\/person\/c3b2aa857797592927a03740d6664376\"},\"description\":\"La actividad forma parte del Programa de Concienciaci\u00f3n Ambiental promovido por la ULL y el Cabildo de Tenerife desde hace dos cursos.\",\"breadcrumb\":{\"@id\":\"https:\/\/www.ull.es\/portal\/noticias\/2022\/avistamiento-cetaceos-accion-concienciacion-ambiental\/#breadcrumb\"},\"inLanguage\":\"es\",\"potentialAction\":[{\"@type\":\"ReadAction\",\"target\":[\"https:\/\/www.ull.es\/portal\/noticias\/2022\/avistamiento-cetaceos-accion-concienciacion-ambiental\/\"]}]},{\"@type\":\"BreadcrumbList\",\"@id\":\"https:\/\/www.ull.es\/portal\/noticias\/2022\/avistamiento-cetaceos-accion-concienciacion-ambiental\/#breadcrumb\",\"itemListElement\":[{\"@type\":\"ListItem\",\"position\":1,\"name\":\"Portada\",\"item\":\"https:\/\/www.ull.es\/portal\/noticias\/\"},{\"@type\":\"ListItem\",\"position\":2,\"name\":\"El avistamiento de cet\u00e1ceos desde Santa \u00darsula protagoniz\u00f3 otra acci\u00f3n de concienciaci\u00f3n ambiental de la ULL\"}]},{\"@type\":\"WebSite\",\"@id\":\"https:\/\/www.ull.es\/portal\/noticias\/#website\",\"url\":\"https:\/\/www.ull.es\/portal\/noticias\/\",\"name\":\"ULL - Noticias\",\"description\":\"\",\"potentialAction\":[{\"@type\":\"SearchAction\",\"target\":{\"@type\":\"EntryPoint\",\"urlTemplate\":\"https:\/\/www.ull.es\/portal\/noticias\/?s={search_term_string}\"},\"query-input\":\"required name=search_term_string\"}],\"inLanguage\":\"es\"},{\"@type\":\"Person\",\"@id\":\"https:\/\/www.ull.es\/portal\/noticias\/#\/schema\/person\/c3b2aa857797592927a03740d6664376\",\"name\":\"prensa2\",\"image\":{\"@type\":\"ImageObject\",\"inLanguage\":\"es\",\"@id\":\"https:\/\/www.ull.es\/portal\/noticias\/#\/schema\/person\/image\/\",\"url\":\"https:\/\/secure.gravatar.com\/avatar\/b58f310a5de5feb33d1e026d2493f23c?s=96&d=mm&r=g\",\"contentUrl\":\"https:\/\/secure.gravatar.com\/avatar\/b58f310a5de5feb33d1e026d2493f23c?s=96&d=mm&r=g\",\"caption\":\"prensa2\"},\"url\":\"https:\/\/www.ull.es\/portal\/noticias\/author\/prensa2\/\"}]}<\/script>\n<!-- \/ Yoast SEO plugin. -->","yoast_head_json":{"title":"La ULL organiz\u00f3 un avistamiento de cet\u00e1ceos desde Santa \u00darsula","description":"La actividad forma parte del Programa de Concienciaci\u00f3n Ambiental promovido por la ULL y el Cabildo de Tenerife desde hace dos cursos.","robots":{"index":"index","follow":"follow","max-snippet":"max-snippet:-1","max-image-preview":"max-image-preview:large","max-video-preview":"max-video-preview:-1"},"canonical":"https:\/\/www.ull.es\/portal\/noticias\/2022\/avistamiento-cetaceos-accion-concienciacion-ambiental\/","og_locale":"es_ES","og_type":"article","og_title":"La ULL organiz\u00f3 un avistamiento de cet\u00e1ceos desde Santa \u00darsula","og_description":"La actividad forma parte del Programa de Concienciaci\u00f3n Ambiental promovido por la ULL y el Cabildo de Tenerife desde hace dos cursos.","og_url":"https:\/\/www.ull.es\/portal\/noticias\/2022\/avistamiento-cetaceos-accion-concienciacion-ambiental\/","og_site_name":"ULL - Noticias","article_publisher":"https:\/\/www.facebook.com\/universidaddelalaguna\/","article_published_time":"2022-10-26T08:58:03+00:00","article_modified_time":"2022-10-26T11:06:10+00:00","og_image":[{"width":1024,"height":682,"url":"https:\/\/www.ull.es\/portal\/noticias\/wp-content\/uploads\/sites\/13\/2022\/10\/Avistamiento-cetaceos-07.jpg","type":"image\/jpeg"}],"author":"prensa2","twitter_card":"summary_large_image","twitter_creator":"@CanalULL","twitter_site":"@CanalULL","twitter_misc":{"Escrito por":"prensa2","Tiempo de lectura":"4 minutos"},"schema":{"@context":"https:\/\/schema.org","@graph":[{"@type":"WebPage","@id":"https:\/\/www.ull.es\/portal\/noticias\/2022\/avistamiento-cetaceos-accion-concienciacion-ambiental\/","url":"https:\/\/www.ull.es\/portal\/noticias\/2022\/avistamiento-cetaceos-accion-concienciacion-ambiental\/","name":"La ULL organiz\u00f3 un avistamiento de cet\u00e1ceos desde Santa \u00darsula","isPartOf":{"@id":"https:\/\/www.ull.es\/portal\/noticias\/#website"},"datePublished":"2022-10-26T08:58:03+00:00","dateModified":"2022-10-26T11:06:10+00:00","author":{"@id":"https:\/\/www.ull.es\/portal\/noticias\/#\/schema\/person\/c3b2aa857797592927a03740d6664376"},"description":"La actividad forma parte del Programa de Concienciaci\u00f3n Ambiental promovido por la ULL y el Cabildo de Tenerife desde hace dos cursos.","breadcrumb":{"@id":"https:\/\/www.ull.es\/portal\/noticias\/2022\/avistamiento-cetaceos-accion-concienciacion-ambiental\/#breadcrumb"},"inLanguage":"es","potentialAction":[{"@type":"ReadAction","target":["https:\/\/www.ull.es\/portal\/noticias\/2022\/avistamiento-cetaceos-accion-concienciacion-ambiental\/"]}]},{"@type":"BreadcrumbList","@id":"https:\/\/www.ull.es\/portal\/noticias\/2022\/avistamiento-cetaceos-accion-concienciacion-ambiental\/#breadcrumb","itemListElement":[{"@type":"ListItem","position":1,"name":"Portada","item":"https:\/\/www.ull.es\/portal\/noticias\/"},{"@type":"ListItem","position":2,"name":"El avistamiento de cet\u00e1ceos desde Santa \u00darsula protagoniz\u00f3 otra acci\u00f3n de concienciaci\u00f3n ambiental de la ULL"}]},{"@type":"WebSite","@id":"https:\/\/www.ull.es\/portal\/noticias\/#website","url":"https:\/\/www.ull.es\/portal\/noticias\/","name":"ULL - Noticias","description":"","potentialAction":[{"@type":"SearchAction","target":{"@type":"EntryPoint","urlTemplate":"https:\/\/www.ull.es\/portal\/noticias\/?s={search_term_string}"},"query-input":"required name=search_term_string"}],"inLanguage":"es"},{"@type":"Person","@id":"https:\/\/www.ull.es\/portal\/noticias\/#\/schema\/person\/c3b2aa857797592927a03740d6664376","name":"prensa2","image":{"@type":"ImageObject","inLanguage":"es","@id":"https:\/\/www.ull.es\/portal\/noticias\/#\/schema\/person\/image\/","url":"https:\/\/secure.gravatar.com\/avatar\/b58f310a5de5feb33d1e026d2493f23c?s=96&d=mm&r=g","contentUrl":"https:\/\/secure.gravatar.com\/avatar\/b58f310a5de5feb33d1e026d2493f23c?s=96&d=mm&r=g","caption":"prensa2"},"url":"https:\/\/www.ull.es\/portal\/noticias\/author\/prensa2\/"}]}},"primary_category":{"id":345,"name":"Destacado","slug":"destacado","link":"https:\/\/www.ull.es\/portal\/noticias\/category\/destacado\/"},"featured_image_thumbnail_url":"https:\/\/www.ull.es\/portal\/noticias\/wp-content\/uploads\/sites\/13\/2022\/10\/Avistamiento-cetaceos-07-300x200.jpg","_links":{"self":[{"href":"https:\/\/www.ull.es\/portal\/noticias\/wp-json\/wp\/v2\/posts\/65661"}],"collection":[{"href":"https:\/\/www.ull.es\/portal\/noticias\/wp-json\/wp\/v2\/posts"}],"about":[{"href":"https:\/\/www.ull.es\/portal\/noticias\/wp-json\/wp\/v2\/types\/post"}],"author":[{"embeddable":true,"href":"https:\/\/www.ull.es\/portal\/noticias\/wp-json\/wp\/v2\/users\/21"}],"replies":[{"embeddable":true,"href":"https:\/\/www.ull.es\/portal\/noticias\/wp-json\/wp\/v2\/comments?post=65661"}],"version-history":[{"count":3,"href":"https:\/\/www.ull.es\/portal\/noticias\/wp-json\/wp\/v2\/posts\/65661\/revisions"}],"predecessor-version":[{"id":65682,"href":"https:\/\/www.ull.es\/portal\/noticias\/wp-json\/wp\/v2\/posts\/65661\/revisions\/65682"}],"wp:featuredmedia":[{"embeddable":true,"href":"https:\/\/www.ull.es\/portal\/noticias\/wp-json\/wp\/v2\/media\/65665"}],"wp:attachment":[{"href":"https:\/\/www.ull.es\/portal\/noticias\/wp-json\/wp\/v2\/media?parent=65661"}],"wp:term":[{"taxonomy":"category","embeddable":true,"href":"https:\/\/www.ull.es\/portal\/noticias\/wp-json\/wp\/v2\/categories?post=65661"},{"taxonomy":"post_tag","embeddable":true,"href":"https:\/\/www.ull.es\/portal\/noticias\/wp-json\/wp\/v2\/tags?post=65661"}],"curies":[{"name":"wp","href":"https:\/\/api.w.org\/{rel}","templated":true}]}}