{"id":65751,"date":"2022-10-28T11:23:53","date_gmt":"2022-10-28T11:23:53","guid":{"rendered":"https:\/\/www.ull.es\/portal\/noticias\/?p=65751"},"modified":"2022-10-28T11:32:19","modified_gmt":"2022-10-28T11:32:19","slug":"ull-presenta-proyecto-europeo-ideation","status":"publish","type":"post","link":"https:\/\/www.ull.es\/portal\/noticias\/2022\/ull-presenta-proyecto-europeo-ideation\/","title":{"rendered":"La ULL presenta el proyecto europeo IDEATION sobre innovaci\u00f3n y emprendimiento en la educaci\u00f3n superior"},"content":{"rendered":"<p class=\"p3\">La Universidad de La Laguna es una de las cinco universidades asociadas mediante consorcio para poner en marcha el proyecto Acciones y Formaci\u00f3n en Innovaci\u00f3n y Emprendimiento para la Educaci\u00f3n Superior (<a href=\"https:\/\/eit-hei.eu\/projects\/ideation\/\" target=\"_blank\" rel=\"noopener\" target=\"_blank\" rel=\"noopener\"><span class=\"s1\">IDEATION<\/span><\/a>), financiado por el Instituto Europeo de Innovaci\u00f3n y Tecnolog\u00eda (<a href=\"https:\/\/european-union.europa.eu\/institutions-law-budget\/institutions-and-bodies\/institutions-and-bodies-profiles\/eit_es\" target=\"_blank\" rel=\"noopener\" target=\"_blank\" rel=\"noopener\"><span class=\"s1\">EIT<\/span><\/a>) dentro del programa Europa Horizonte para la investigaci\u00f3n y la innovaci\u00f3n. Su objetivo principal es mejorar la capacidad empresarial e innovadora de la instituci\u00f3n acad\u00e9mica e incrementar su impacto en los ecosistemas circundantes. Fue presentado esta semana por el vicerrector de Investigaci\u00f3n y Transferencia, Ernesto Pereda, y el investigador principal de la iniciativa, el profesor del Departamento de Ingenier\u00eda Industrial Jos\u00e9 Francisco G\u00f3mez Gonz\u00e1lez.<\/p>\n<p class=\"p4\">Adem\u00e1s de la Universidad de La Laguna, participan en el consorcio d<span class=\"s2\">el proyecto IDEATION la Universidad de Ciencia y Tecnolog\u00eda de Wroc\u0142aw (Polonia), el Instituto Tecnol\u00f3gico de Holon (Israel), el Instituto de Gesti\u00f3n Industrial (Alemania) y una organizaci\u00f3n de apoyo a las empresas italiana denominada Centro de Investigaci\u00f3n e Innovaci\u00f3n Tecnol\u00f3gica.<\/span><\/p>\n<p class=\"p5\">El proyecto posee cuatro l\u00edneas de trabajo para lograr su misi\u00f3n y fortalecer su presencia internacional: acceso digital a las infraestructuras, creaci\u00f3n de redes de conocimiento, innovaci\u00f3n colaborativa y formaci\u00f3n en emprendimiento e innovaci\u00f3n en abierto.<span class=\"Apple-converted-space\">\u00a0<\/span><\/p>\n<p class=\"p5\">Estas herramientas acelerar\u00e1n el proceso de innovaci\u00f3n y fomentar\u00e1n el emprendimiento dirigido a la creaci\u00f3n de empresas de base tecnol\u00f3gica (<i>startup<\/i>) generadoras de empleo y riqueza a su alrededor. Adem\u00e1s, dar\u00e1 visibilidad internacional no s\u00f3lo a la Universidad de La Laguna sino tambi\u00e9n a los organismos<span class=\"Apple-converted-space\">\u00a0 <\/span>del ecosistema empresarial e innovador que la rodea, como grupos e institutos de investigaci\u00f3n y empresas, entre otros.<\/p>\n<div id=\"attachment_65752\" style=\"width: 310px\" class=\"wp-caption alignright\"><a href=\"https:\/\/www.ull.es\/portal\/noticias\/wp-content\/uploads\/sites\/13\/2022\/10\/presentacion-ideation-01.jpg\" target=\"_blank\" rel=\"noopener\"><img aria-describedby=\"caption-attachment-65752\" decoding=\"async\" loading=\"lazy\" class=\"size-medium wp-image-65752\" src=\"https:\/\/www.ull.es\/portal\/noticias\/wp-content\/uploads\/sites\/13\/2022\/10\/presentacion-ideation-01-300x226.jpg\" alt=\"El vicerrector de Investigaci\u00f3n y Transferencia, Ernesto Pereda (i), y el investigador principal de IDEATION, Jos\u00e9 Francisco G\u00f3mez (d\" width=\"300\" height=\"226\" srcset=\"https:\/\/www.ull.es\/portal\/noticias\/wp-content\/uploads\/sites\/13\/2022\/10\/presentacion-ideation-01-300x226.jpg 300w, https:\/\/www.ull.es\/portal\/noticias\/wp-content\/uploads\/sites\/13\/2022\/10\/presentacion-ideation-01-1024x770.jpg 1024w, https:\/\/www.ull.es\/portal\/noticias\/wp-content\/uploads\/sites\/13\/2022\/10\/presentacion-ideation-01-768x577.jpg 768w, https:\/\/www.ull.es\/portal\/noticias\/wp-content\/uploads\/sites\/13\/2022\/10\/presentacion-ideation-01-375x282.jpg 375w, https:\/\/www.ull.es\/portal\/noticias\/wp-content\/uploads\/sites\/13\/2022\/10\/presentacion-ideation-01-750x564.jpg 750w, https:\/\/www.ull.es\/portal\/noticias\/wp-content\/uploads\/sites\/13\/2022\/10\/presentacion-ideation-01-1140x857.jpg 1140w, https:\/\/www.ull.es\/portal\/noticias\/wp-content\/uploads\/sites\/13\/2022\/10\/presentacion-ideation-01-108x81.jpg 108w, https:\/\/www.ull.es\/portal\/noticias\/wp-content\/uploads\/sites\/13\/2022\/10\/presentacion-ideation-01.jpg 1200w\" sizes=\"(max-width: 300px) 100vw, 300px\" \/><\/a><p id=\"caption-attachment-65752\" class=\"wp-caption-text\">El vicerrector de Investigaci\u00f3n y Transferencia, Ernesto Pereda (i), y el investigador principal de IDEATION, Jos\u00e9 Francisco G\u00f3mez (d).<\/p><\/div>\n<p class=\"p5\">De manera m\u00e1s precisa, las acciones de IDEATION est\u00e1n dirigidas a lograr, dentro del consorcio, el apoyo a 9 start-up\/scale-up; la formaci\u00f3n de 800 estudiantes y asesoramiento a 66; formar a 170 y asesorar a 16 miembros del personal acad\u00e9mico; formar a 170 y asesorar a 16 miembros del personal no acad\u00e9mico y apoyar 62 infraestructuras compartidas.<\/p>\n<p class=\"p5\">El proyecto comenz\u00f3 en julio de 2022 y finalizar\u00e1 en junio de 2024, y a lo largo de este periodo se realizar\u00e1n programas de formaci\u00f3n y asesoramiento sobre innovaci\u00f3n y emprendimiento para estudiantes y personal tanto acad\u00e9mico como no acad\u00e9mico. En la primera fase, que finaliza en diciembre de 2022, se desarrollar\u00e1n varios programas de formaci\u00f3n que luego se ir\u00e1n replicar\u00e1n a lo largo del resto de fases hasta junio de 2024.<\/p>\n<p class=\"p5\"><b>Programas formativos<\/b><\/p>\n<p class=\"p5\">As\u00ed, El d\u00eda 5 de noviembre IDEATION comenzar\u00e1 con su programa de pre-incubaci\u00f3n (PIP) de startup, donde se formar\u00e1n y mentorizar\u00e1 a PDI, PAS y estudiantes de la Universidad de La Laguna. Constar\u00e1 de cinco talleres dirigidos a formar y capacitar en emprendimiento e innovaci\u00f3n, as\u00ed como ense\u00f1ar metodolog\u00edas y herramientas de aplicaci\u00f3n en el \u00e1mbito de la innovaci\u00f3n abierta y del emprendimiento \u00e1gil.<\/p>\n<p class=\"p5\">Entre noviembre y diciembre de 2002, se impartir\u00e1 un curso de formaci\u00f3n internacional sobre innovaci\u00f3n (IOIT) en abierto, que se realizar\u00e1 de manera as\u00edncrona a trav\u00e9s de un aula virtual. Estar\u00e1 impartido por profesionales de diferentes pa\u00edses y tratar\u00e1 de familiarizar a los estudiantes con el fen\u00f3meno del emprendimiento, con la comprensi\u00f3n moderna del esp\u00edritu empresarial innovador y con los factores de \u00e9xito o factores de fracaso de la empresa. Tambi\u00e9n analizar\u00e1 cr\u00edticamente la formaci\u00f3n de empresas para lograr objetivos econ\u00f3micos, sociales y ambientales; estudiar\u00e1 la fuerza del \u201ccrowdsourcing\u201d y el \u201ccrowfunding\u201d; y facilitar\u00e1<span class=\"Apple-converted-space\">\u00a0 <\/span>habilidades de b\u00fasqueda de productos reales.<\/p>\n<p class=\"p5\">A finales de noviembre se impartir\u00e1 un curso sobre \u201ccrowfunding\u201d, en el que se incluir\u00e1 juegos y simulaciones de campa\u00f1as de este tipo de financiaci\u00f3n colaborativa para probar las oportunidades que ofrece. Adem\u00e1s de contribuir al desarrollo de la mentalidad emprendedora entre quienes lo realicen, proporcionar\u00e1 conocimientos pr\u00e1cticos sobre esta actividad, no solo como una forma de financiar ideas innovadoras, investigaci\u00f3n y negocios, sino tambi\u00e9n como un enfoque para medir la respuesta del mercado.<\/p>\n<p class=\"p4\"><span class=\"s2\">Tanto el curso de formaci\u00f3n internacional IOIT como el programa de \u201ccrowdfuning\u201d se ofertar\u00e1n como cursos de extensi\u00f3n universitaria y cada participante que complete con \u00e9xito la formaci\u00f3n de cada uno de ellos obtendr\u00e1 un certificado reconocido por el EIT. Las personas interesadas en recibir informaci\u00f3n sobre los<span class=\"Apple-converted-space\">\u00a0 <\/span>programas de formaci\u00f3n de IDEATION , pueden rellenar el <a href=\"https:\/\/forms.gle\/7i2MKVmGCHpiRSBT9\" target=\"_blank\" rel=\"noopener\" target=\"_blank\" rel=\"noopener\"><span class=\"s3\">siguiente formulario<\/span><\/a>.<\/span><\/p>\n","protected":false},"excerpt":{"rendered":"<p>La Universidad de La Laguna es una de las cinco universidades asociadas mediante consorcio para poner en marcha el proyecto&#8230;<\/p>\n","protected":false},"author":21,"featured_media":65756,"comment_status":"closed","ping_status":"closed","sticky":false,"template":"","format":"standard","meta":{"inline_featured_image":false,"footnotes":""},"categories":[345,350,2765],"tags":[937,8878,1127,8879,1504,8876,2760],"acf":[],"yoast_head":"<!-- This site is optimized with the Yoast SEO plugin v21.3 - https:\/\/yoast.com\/wordpress\/plugins\/seo\/ -->\n<title>Arranca el proyecto IDEATION sobre innovaci\u00f3n y emprendimiento<\/title>\n<meta name=\"description\" content=\"La ULL es una de las cinco instituciones que participan en este programa europeo eminentemente formativo que finalizar\u00e1 en junio de 2024.\" \/>\n<meta name=\"robots\" content=\"index, follow, max-snippet:-1, max-image-preview:large, max-video-preview:-1\" \/>\n<link rel=\"canonical\" href=\"https:\/\/www.ull.es\/portal\/noticias\/2022\/ull-presenta-proyecto-europeo-ideation\/\" \/>\n<meta property=\"og:locale\" content=\"es_ES\" \/>\n<meta property=\"og:type\" content=\"article\" \/>\n<meta property=\"og:title\" content=\"Arranca el proyecto IDEATION sobre innovaci\u00f3n y emprendimiento\" \/>\n<meta property=\"og:description\" content=\"La ULL es una de las cinco instituciones que participan en este programa europeo eminentemente formativo que finalizar\u00e1 en junio de 2024.\" \/>\n<meta property=\"og:url\" content=\"https:\/\/www.ull.es\/portal\/noticias\/2022\/ull-presenta-proyecto-europeo-ideation\/\" \/>\n<meta property=\"og:site_name\" content=\"ULL - Noticias\" \/>\n<meta property=\"article:publisher\" content=\"https:\/\/www.facebook.com\/universidaddelalaguna\/\" \/>\n<meta property=\"article:published_time\" content=\"2022-10-28T11:23:53+00:00\" \/>\n<meta property=\"article:modified_time\" content=\"2022-10-28T11:32:19+00:00\" \/>\n<meta property=\"og:image\" content=\"https:\/\/www.ull.es\/portal\/noticias\/wp-content\/uploads\/sites\/13\/2022\/10\/pereda-3.jpg\" \/>\n\t<meta property=\"og:image:width\" content=\"1200\" \/>\n\t<meta property=\"og:image:height\" content=\"800\" \/>\n\t<meta property=\"og:image:type\" content=\"image\/jpeg\" \/>\n<meta name=\"author\" content=\"prensa2\" \/>\n<meta name=\"twitter:card\" content=\"summary_large_image\" \/>\n<meta name=\"twitter:creator\" content=\"@CanalULL\" \/>\n<meta name=\"twitter:site\" content=\"@CanalULL\" \/>\n<meta name=\"twitter:label1\" content=\"Escrito por\" \/>\n\t<meta name=\"twitter:data1\" content=\"prensa2\" \/>\n\t<meta name=\"twitter:label2\" content=\"Tiempo de lectura\" \/>\n\t<meta name=\"twitter:data2\" content=\"4 minutos\" \/>\n<script type=\"application\/ld+json\" class=\"yoast-schema-graph\">{\"@context\":\"https:\/\/schema.org\",\"@graph\":[{\"@type\":\"WebPage\",\"@id\":\"https:\/\/www.ull.es\/portal\/noticias\/2022\/ull-presenta-proyecto-europeo-ideation\/\",\"url\":\"https:\/\/www.ull.es\/portal\/noticias\/2022\/ull-presenta-proyecto-europeo-ideation\/\",\"name\":\"Arranca el proyecto IDEATION sobre innovaci\u00f3n y emprendimiento\",\"isPartOf\":{\"@id\":\"https:\/\/www.ull.es\/portal\/noticias\/#website\"},\"datePublished\":\"2022-10-28T11:23:53+00:00\",\"dateModified\":\"2022-10-28T11:32:19+00:00\",\"author\":{\"@id\":\"https:\/\/www.ull.es\/portal\/noticias\/#\/schema\/person\/c3b2aa857797592927a03740d6664376\"},\"description\":\"La ULL es una de las cinco instituciones que participan en este programa europeo eminentemente formativo que finalizar\u00e1 en junio de 2024.\",\"breadcrumb\":{\"@id\":\"https:\/\/www.ull.es\/portal\/noticias\/2022\/ull-presenta-proyecto-europeo-ideation\/#breadcrumb\"},\"inLanguage\":\"es\",\"potentialAction\":[{\"@type\":\"ReadAction\",\"target\":[\"https:\/\/www.ull.es\/portal\/noticias\/2022\/ull-presenta-proyecto-europeo-ideation\/\"]}]},{\"@type\":\"BreadcrumbList\",\"@id\":\"https:\/\/www.ull.es\/portal\/noticias\/2022\/ull-presenta-proyecto-europeo-ideation\/#breadcrumb\",\"itemListElement\":[{\"@type\":\"ListItem\",\"position\":1,\"name\":\"Portada\",\"item\":\"https:\/\/www.ull.es\/portal\/noticias\/\"},{\"@type\":\"ListItem\",\"position\":2,\"name\":\"La ULL presenta el proyecto europeo IDEATION sobre innovaci\u00f3n y emprendimiento en la educaci\u00f3n superior\"}]},{\"@type\":\"WebSite\",\"@id\":\"https:\/\/www.ull.es\/portal\/noticias\/#website\",\"url\":\"https:\/\/www.ull.es\/portal\/noticias\/\",\"name\":\"ULL - Noticias\",\"description\":\"\",\"potentialAction\":[{\"@type\":\"SearchAction\",\"target\":{\"@type\":\"EntryPoint\",\"urlTemplate\":\"https:\/\/www.ull.es\/portal\/noticias\/?s={search_term_string}\"},\"query-input\":\"required name=search_term_string\"}],\"inLanguage\":\"es\"},{\"@type\":\"Person\",\"@id\":\"https:\/\/www.ull.es\/portal\/noticias\/#\/schema\/person\/c3b2aa857797592927a03740d6664376\",\"name\":\"prensa2\",\"image\":{\"@type\":\"ImageObject\",\"inLanguage\":\"es\",\"@id\":\"https:\/\/www.ull.es\/portal\/noticias\/#\/schema\/person\/image\/\",\"url\":\"https:\/\/secure.gravatar.com\/avatar\/b58f310a5de5feb33d1e026d2493f23c?s=96&d=mm&r=g\",\"contentUrl\":\"https:\/\/secure.gravatar.com\/avatar\/b58f310a5de5feb33d1e026d2493f23c?s=96&d=mm&r=g\",\"caption\":\"prensa2\"},\"url\":\"https:\/\/www.ull.es\/portal\/noticias\/author\/prensa2\/\"}]}<\/script>\n<!-- \/ Yoast SEO plugin. -->","yoast_head_json":{"title":"Arranca el proyecto IDEATION sobre innovaci\u00f3n y emprendimiento","description":"La ULL es una de las cinco instituciones que participan en este programa europeo eminentemente formativo que finalizar\u00e1 en junio de 2024.","robots":{"index":"index","follow":"follow","max-snippet":"max-snippet:-1","max-image-preview":"max-image-preview:large","max-video-preview":"max-video-preview:-1"},"canonical":"https:\/\/www.ull.es\/portal\/noticias\/2022\/ull-presenta-proyecto-europeo-ideation\/","og_locale":"es_ES","og_type":"article","og_title":"Arranca el proyecto IDEATION sobre innovaci\u00f3n y emprendimiento","og_description":"La ULL es una de las cinco instituciones que participan en este programa europeo eminentemente formativo que finalizar\u00e1 en junio de 2024.","og_url":"https:\/\/www.ull.es\/portal\/noticias\/2022\/ull-presenta-proyecto-europeo-ideation\/","og_site_name":"ULL - Noticias","article_publisher":"https:\/\/www.facebook.com\/universidaddelalaguna\/","article_published_time":"2022-10-28T11:23:53+00:00","article_modified_time":"2022-10-28T11:32:19+00:00","og_image":[{"width":1200,"height":800,"url":"https:\/\/www.ull.es\/portal\/noticias\/wp-content\/uploads\/sites\/13\/2022\/10\/pereda-3.jpg","type":"image\/jpeg"}],"author":"prensa2","twitter_card":"summary_large_image","twitter_creator":"@CanalULL","twitter_site":"@CanalULL","twitter_misc":{"Escrito por":"prensa2","Tiempo de lectura":"4 minutos"},"schema":{"@context":"https:\/\/schema.org","@graph":[{"@type":"WebPage","@id":"https:\/\/www.ull.es\/portal\/noticias\/2022\/ull-presenta-proyecto-europeo-ideation\/","url":"https:\/\/www.ull.es\/portal\/noticias\/2022\/ull-presenta-proyecto-europeo-ideation\/","name":"Arranca el proyecto IDEATION sobre innovaci\u00f3n y emprendimiento","isPartOf":{"@id":"https:\/\/www.ull.es\/portal\/noticias\/#website"},"datePublished":"2022-10-28T11:23:53+00:00","dateModified":"2022-10-28T11:32:19+00:00","author":{"@id":"https:\/\/www.ull.es\/portal\/noticias\/#\/schema\/person\/c3b2aa857797592927a03740d6664376"},"description":"La ULL es una de las cinco instituciones que participan en este programa europeo eminentemente formativo que finalizar\u00e1 en junio de 2024.","breadcrumb":{"@id":"https:\/\/www.ull.es\/portal\/noticias\/2022\/ull-presenta-proyecto-europeo-ideation\/#breadcrumb"},"inLanguage":"es","potentialAction":[{"@type":"ReadAction","target":["https:\/\/www.ull.es\/portal\/noticias\/2022\/ull-presenta-proyecto-europeo-ideation\/"]}]},{"@type":"BreadcrumbList","@id":"https:\/\/www.ull.es\/portal\/noticias\/2022\/ull-presenta-proyecto-europeo-ideation\/#breadcrumb","itemListElement":[{"@type":"ListItem","position":1,"name":"Portada","item":"https:\/\/www.ull.es\/portal\/noticias\/"},{"@type":"ListItem","position":2,"name":"La ULL presenta el proyecto europeo IDEATION sobre innovaci\u00f3n y emprendimiento en la educaci\u00f3n superior"}]},{"@type":"WebSite","@id":"https:\/\/www.ull.es\/portal\/noticias\/#website","url":"https:\/\/www.ull.es\/portal\/noticias\/","name":"ULL - Noticias","description":"","potentialAction":[{"@type":"SearchAction","target":{"@type":"EntryPoint","urlTemplate":"https:\/\/www.ull.es\/portal\/noticias\/?s={search_term_string}"},"query-input":"required name=search_term_string"}],"inLanguage":"es"},{"@type":"Person","@id":"https:\/\/www.ull.es\/portal\/noticias\/#\/schema\/person\/c3b2aa857797592927a03740d6664376","name":"prensa2","image":{"@type":"ImageObject","inLanguage":"es","@id":"https:\/\/www.ull.es\/portal\/noticias\/#\/schema\/person\/image\/","url":"https:\/\/secure.gravatar.com\/avatar\/b58f310a5de5feb33d1e026d2493f23c?s=96&d=mm&r=g","contentUrl":"https:\/\/secure.gravatar.com\/avatar\/b58f310a5de5feb33d1e026d2493f23c?s=96&d=mm&r=g","caption":"prensa2"},"url":"https:\/\/www.ull.es\/portal\/noticias\/author\/prensa2\/"}]}},"primary_category":{"id":345,"name":"Destacado","slug":"destacado","link":"https:\/\/www.ull.es\/portal\/noticias\/category\/destacado\/"},"featured_image_thumbnail_url":"https:\/\/www.ull.es\/portal\/noticias\/wp-content\/uploads\/sites\/13\/2022\/10\/pereda-3-300x200.jpg","_links":{"self":[{"href":"https:\/\/www.ull.es\/portal\/noticias\/wp-json\/wp\/v2\/posts\/65751"}],"collection":[{"href":"https:\/\/www.ull.es\/portal\/noticias\/wp-json\/wp\/v2\/posts"}],"about":[{"href":"https:\/\/www.ull.es\/portal\/noticias\/wp-json\/wp\/v2\/types\/post"}],"author":[{"embeddable":true,"href":"https:\/\/www.ull.es\/portal\/noticias\/wp-json\/wp\/v2\/users\/21"}],"replies":[{"embeddable":true,"href":"https:\/\/www.ull.es\/portal\/noticias\/wp-json\/wp\/v2\/comments?post=65751"}],"version-history":[{"count":4,"href":"https:\/\/www.ull.es\/portal\/noticias\/wp-json\/wp\/v2\/posts\/65751\/revisions"}],"predecessor-version":[{"id":65758,"href":"https:\/\/www.ull.es\/portal\/noticias\/wp-json\/wp\/v2\/posts\/65751\/revisions\/65758"}],"wp:featuredmedia":[{"embeddable":true,"href":"https:\/\/www.ull.es\/portal\/noticias\/wp-json\/wp\/v2\/media\/65756"}],"wp:attachment":[{"href":"https:\/\/www.ull.es\/portal\/noticias\/wp-json\/wp\/v2\/media?parent=65751"}],"wp:term":[{"taxonomy":"category","embeddable":true,"href":"https:\/\/www.ull.es\/portal\/noticias\/wp-json\/wp\/v2\/categories?post=65751"},{"taxonomy":"post_tag","embeddable":true,"href":"https:\/\/www.ull.es\/portal\/noticias\/wp-json\/wp\/v2\/tags?post=65751"}],"curies":[{"name":"wp","href":"https:\/\/api.w.org\/{rel}","templated":true}]}}