{"id":65755,"date":"2022-10-28T11:35:03","date_gmt":"2022-10-28T11:35:03","guid":{"rendered":"https:\/\/www.ull.es\/portal\/noticias\/?p=65755"},"modified":"2022-10-28T11:35:03","modified_gmt":"2022-10-28T11:35:03","slug":"la-ull-celebra-sus-jornadas-de-orientacion-universitaria-apelando-a-la-autorregulacion-del-aprendizaje-del-alumnado","status":"publish","type":"post","link":"https:\/\/www.ull.es\/portal\/noticias\/2022\/la-ull-celebra-sus-jornadas-de-orientacion-universitaria-apelando-a-la-autorregulacion-del-aprendizaje-del-alumnado\/","title":{"rendered":"La ULL celebra sus jornadas de orientaci\u00f3n universitaria apelando a la autorregulaci\u00f3n del aprendizaje del alumnado"},"content":{"rendered":"<p>La Universidad de La Laguna ha dedicado todo su d\u00eda de hoy 28 de octubre a valorar distintas modalidades de orientaci\u00f3n universitaria, en unas jornadas celebradas en Guajara y en las que tambi\u00e9n ha habido participaci\u00f3n de la Universidad de Las Palmas de Gran Canaria. Si bien todos los expertos convinieron en la importancia de esta herramienta en el \u00e1mbito universitario, se apel\u00f3 a la autorregulaci\u00f3n de aprendizaje del alumnado, en el sentido de lograr una formaci\u00f3n m\u00e1s aut\u00f3noma y madura por parte de los estudiantes.<\/p>\n<p>David S\u00e1nchez, vicerrector de la ULPGC, particip\u00f3 en el acto de inauguraci\u00f3n de esta iniciativa, organizada por el profesor Pedro \u00c1lvarez y auspiciada por el Vicerrectorado de Calidad Docente e Innovaci\u00f3n. Abund\u00f3 en la relevancia de la acci\u00f3n tutorial para facilitar el acceso a la universidad, el apoyo que supone en el proceso de ense\u00f1anza aprendizaje y tambi\u00e9n en la orientaci\u00f3n del alumnado en su perfil profesional y laboral. \u00a0La acogida a estudiantes de nuevo ingreso, los programas de mentor\u00eda entre estudiantes y hasta la formaci\u00f3n en emprendimiento pueden verse enriquecidos haciendo uso de la tutor\u00eda y de la orientaci\u00f3n.<\/p>\n<p>Pedro \u00c1lvarez, organizador y responsable de los programas de tutorizaci\u00f3n en la Universidad de La Laguna, se\u00f1al\u00f3 que se ha doblado el n\u00famero de inscritos en estas jornadas, a las que adem\u00e1s se ha presentado una veintena de experiencias pr\u00e1cticas, \u201clo que da a entender que se trata de un instrumento visible y que sigue creciendo\u201d.<\/p>\n<p>El vicerrector N\u00e9stor Torres resalt\u00f3 la importancia de la acci\u00f3n tutorial en los proyectos formativos de la Universidad de La Laguna. Defendi\u00f3 que el alumnado sea el aut\u00e9ntico protagonista del proceso de aprendizaje, y para ello indic\u00f3 que su acompa\u00f1amiento \u201ces clave para que construya un proyecto de vida con la formaci\u00f3n como parte esencial\u201d. Torres indici\u00f3 en que el profesorado debe acercarse a la acci\u00f3n tutorial desde una perspectiva profesional, conociendo los recursos que se necesitan.<\/p>\n<p><img decoding=\"async\" loading=\"lazy\" class=\"alignleft size-medium wp-image-65759\" src=\"https:\/\/www.ull.es\/portal\/noticias\/wp-content\/uploads\/sites\/13\/2022\/10\/tutorias-1-300x200.jpg\" alt=\"\" width=\"300\" height=\"200\" srcset=\"https:\/\/www.ull.es\/portal\/noticias\/wp-content\/uploads\/sites\/13\/2022\/10\/tutorias-1-300x200.jpg 300w, https:\/\/www.ull.es\/portal\/noticias\/wp-content\/uploads\/sites\/13\/2022\/10\/tutorias-1-1024x683.jpg 1024w, https:\/\/www.ull.es\/portal\/noticias\/wp-content\/uploads\/sites\/13\/2022\/10\/tutorias-1-768x512.jpg 768w, https:\/\/www.ull.es\/portal\/noticias\/wp-content\/uploads\/sites\/13\/2022\/10\/tutorias-1-375x250.jpg 375w, https:\/\/www.ull.es\/portal\/noticias\/wp-content\/uploads\/sites\/13\/2022\/10\/tutorias-1-750x500.jpg 750w, https:\/\/www.ull.es\/portal\/noticias\/wp-content\/uploads\/sites\/13\/2022\/10\/tutorias-1-1140x760.jpg 1140w, https:\/\/www.ull.es\/portal\/noticias\/wp-content\/uploads\/sites\/13\/2022\/10\/tutorias-1.jpg 1200w\" sizes=\"(max-width: 300px) 100vw, 300px\" \/>Juan Jos\u00e9 Sosa, profesor del Departamento de Did\u00e1ctica e Investigaci\u00f3n Educativa, fue el primer ponente de la ma\u00f1ana. Declar\u00f3 en su intervenci\u00f3n que la educaci\u00f3n orientada a la tutor\u00eda no tiene como objetivo estandarizar el comportamiento del alumnado, sino ayudarle a buscar su propio camino. \u201cAbre la posibilidad de distanciar al alumnado de sus deseos y lograr transformarlo. La relaci\u00f3n educativa tutorial es inherente a cualquier relaci\u00f3n educativa que pretenda ser completa\u201d.<\/p>\n<p>Las universidades est\u00e1n llamadas a adecuar sus estructuras a un contexto social cambiante, prosigui\u00f3 Sosa, y para ello hay que transformar el paradigma de forma que los egresados sean m\u00e1s aut\u00f3nomos para adaptarse a situaciones futuras imprevisibles. Las instituciones de educaci\u00f3n deben as\u00ed adaptase para favorecer un aprendizaje m\u00e1s aut\u00f3nomo, sostuvo.<\/p>\n<p>El experto se mostr\u00f3 firme defensor de la autorregulaci\u00f3n del aprendizaje, un constructo que ha crecido en el contexto acad\u00e9mico y que se ve insertado en el papel protagonista del alumnado para guiar su propio proceso de aprendizaje. \u201cSolo es posible cuando los procesos de autocontrol han situado al alumnado en una situaci\u00f3n de aprendizaje\u201d, y no est\u00e1 pensado para tareas conocidas y automatizadas, explic\u00f3 el ponente, sino para tareas nuevas.<\/p>\n<p>La motivaci\u00f3n es un predictor clave de la calidad y del compromiso en el proceso de aprendizaje, a\u00f1adi\u00f3. El alumnado necesita est\u00e1ndares para conocer si la autorregulaci\u00f3n de aprendizaje se est\u00e1 llevando a cabo correctamente, y estos est\u00e1ndares son especialmente interesantes en los primeros a\u00f1os de estudio en la universidad, a\u00f1adi\u00f3. La sensaci\u00f3n de fluidez y comprensi\u00f3n permiten saber al alumno si est\u00e1 en el camino correcto, o por el contrario necesita disponer de recursos m\u00e1s espec\u00edficos.<\/p>\n","protected":false},"excerpt":{"rendered":"<p>La Universidad de La Laguna ha dedicado todo su d\u00eda de hoy 28 de octubre a valorar distintas modalidades de&#8230;<\/p>\n","protected":false},"author":23,"featured_media":65760,"comment_status":"closed","ping_status":"closed","sticky":false,"template":"","format":"standard","meta":{"inline_featured_image":false,"footnotes":""},"categories":[345,348,2765],"tags":[9275],"acf":[],"yoast_head":"<!-- This site is optimized with the Yoast SEO plugin v21.3 - https:\/\/yoast.com\/wordpress\/plugins\/seo\/ -->\n<title>La ULL celebra sus jornadas de orientaci\u00f3n universitaria apelando a la autorregulaci\u00f3n del aprendizaje del alumnado - ULL - Noticias<\/title>\n<meta name=\"robots\" content=\"index, follow, max-snippet:-1, max-image-preview:large, max-video-preview:-1\" \/>\n<link rel=\"canonical\" href=\"https:\/\/www.ull.es\/portal\/noticias\/2022\/la-ull-celebra-sus-jornadas-de-orientacion-universitaria-apelando-a-la-autorregulacion-del-aprendizaje-del-alumnado\/\" \/>\n<meta property=\"og:locale\" content=\"es_ES\" \/>\n<meta property=\"og:type\" content=\"article\" \/>\n<meta property=\"og:title\" content=\"La ULL celebra sus jornadas de orientaci\u00f3n universitaria apelando a la autorregulaci\u00f3n del aprendizaje del alumnado - ULL - Noticias\" \/>\n<meta property=\"og:description\" content=\"La Universidad de La Laguna ha dedicado todo su d\u00eda de hoy 28 de octubre a valorar distintas modalidades de...\" \/>\n<meta property=\"og:url\" content=\"https:\/\/www.ull.es\/portal\/noticias\/2022\/la-ull-celebra-sus-jornadas-de-orientacion-universitaria-apelando-a-la-autorregulacion-del-aprendizaje-del-alumnado\/\" \/>\n<meta property=\"og:site_name\" content=\"ULL - Noticias\" \/>\n<meta property=\"article:publisher\" content=\"https:\/\/www.facebook.com\/universidaddelalaguna\/\" \/>\n<meta property=\"article:published_time\" content=\"2022-10-28T11:35:03+00:00\" \/>\n<meta property=\"og:image\" content=\"https:\/\/www.ull.es\/portal\/noticias\/wp-content\/uploads\/sites\/13\/2022\/10\/tutorias-mesa.jpg\" \/>\n\t<meta property=\"og:image:width\" content=\"1200\" \/>\n\t<meta property=\"og:image:height\" content=\"800\" \/>\n\t<meta property=\"og:image:type\" content=\"image\/jpeg\" \/>\n<meta name=\"author\" content=\"gaprsa\" \/>\n<meta name=\"twitter:card\" content=\"summary_large_image\" \/>\n<meta name=\"twitter:creator\" content=\"@CanalULL\" \/>\n<meta name=\"twitter:site\" content=\"@CanalULL\" \/>\n<meta name=\"twitter:label1\" content=\"Escrito por\" \/>\n\t<meta name=\"twitter:data1\" content=\"gaprsa\" \/>\n\t<meta name=\"twitter:label2\" content=\"Tiempo de lectura\" \/>\n\t<meta name=\"twitter:data2\" content=\"3 minutos\" \/>\n<script type=\"application\/ld+json\" class=\"yoast-schema-graph\">{\"@context\":\"https:\/\/schema.org\",\"@graph\":[{\"@type\":\"WebPage\",\"@id\":\"https:\/\/www.ull.es\/portal\/noticias\/2022\/la-ull-celebra-sus-jornadas-de-orientacion-universitaria-apelando-a-la-autorregulacion-del-aprendizaje-del-alumnado\/\",\"url\":\"https:\/\/www.ull.es\/portal\/noticias\/2022\/la-ull-celebra-sus-jornadas-de-orientacion-universitaria-apelando-a-la-autorregulacion-del-aprendizaje-del-alumnado\/\",\"name\":\"La ULL celebra sus jornadas de orientaci\u00f3n universitaria apelando a la autorregulaci\u00f3n del aprendizaje del alumnado - ULL - Noticias\",\"isPartOf\":{\"@id\":\"https:\/\/www.ull.es\/portal\/noticias\/#website\"},\"datePublished\":\"2022-10-28T11:35:03+00:00\",\"dateModified\":\"2022-10-28T11:35:03+00:00\",\"author\":{\"@id\":\"https:\/\/www.ull.es\/portal\/noticias\/#\/schema\/person\/b2b1a89d43ffa609e591f7df8ef3e817\"},\"breadcrumb\":{\"@id\":\"https:\/\/www.ull.es\/portal\/noticias\/2022\/la-ull-celebra-sus-jornadas-de-orientacion-universitaria-apelando-a-la-autorregulacion-del-aprendizaje-del-alumnado\/#breadcrumb\"},\"inLanguage\":\"es\",\"potentialAction\":[{\"@type\":\"ReadAction\",\"target\":[\"https:\/\/www.ull.es\/portal\/noticias\/2022\/la-ull-celebra-sus-jornadas-de-orientacion-universitaria-apelando-a-la-autorregulacion-del-aprendizaje-del-alumnado\/\"]}]},{\"@type\":\"BreadcrumbList\",\"@id\":\"https:\/\/www.ull.es\/portal\/noticias\/2022\/la-ull-celebra-sus-jornadas-de-orientacion-universitaria-apelando-a-la-autorregulacion-del-aprendizaje-del-alumnado\/#breadcrumb\",\"itemListElement\":[{\"@type\":\"ListItem\",\"position\":1,\"name\":\"Portada\",\"item\":\"https:\/\/www.ull.es\/portal\/noticias\/\"},{\"@type\":\"ListItem\",\"position\":2,\"name\":\"La ULL celebra sus jornadas de orientaci\u00f3n universitaria apelando a la autorregulaci\u00f3n del aprendizaje del alumnado\"}]},{\"@type\":\"WebSite\",\"@id\":\"https:\/\/www.ull.es\/portal\/noticias\/#website\",\"url\":\"https:\/\/www.ull.es\/portal\/noticias\/\",\"name\":\"ULL - Noticias\",\"description\":\"\",\"potentialAction\":[{\"@type\":\"SearchAction\",\"target\":{\"@type\":\"EntryPoint\",\"urlTemplate\":\"https:\/\/www.ull.es\/portal\/noticias\/?s={search_term_string}\"},\"query-input\":\"required name=search_term_string\"}],\"inLanguage\":\"es\"},{\"@type\":\"Person\",\"@id\":\"https:\/\/www.ull.es\/portal\/noticias\/#\/schema\/person\/b2b1a89d43ffa609e591f7df8ef3e817\",\"name\":\"gaprsa\",\"image\":{\"@type\":\"ImageObject\",\"inLanguage\":\"es\",\"@id\":\"https:\/\/www.ull.es\/portal\/noticias\/#\/schema\/person\/image\/\",\"url\":\"https:\/\/secure.gravatar.com\/avatar\/443820550921091458b4823867723b3d?s=96&d=mm&r=g\",\"contentUrl\":\"https:\/\/secure.gravatar.com\/avatar\/443820550921091458b4823867723b3d?s=96&d=mm&r=g\",\"caption\":\"gaprsa\"},\"url\":\"https:\/\/www.ull.es\/portal\/noticias\/author\/gaprsa\/\"}]}<\/script>\n<!-- \/ Yoast SEO plugin. -->","yoast_head_json":{"title":"La ULL celebra sus jornadas de orientaci\u00f3n universitaria apelando a la autorregulaci\u00f3n del aprendizaje del alumnado - ULL - Noticias","robots":{"index":"index","follow":"follow","max-snippet":"max-snippet:-1","max-image-preview":"max-image-preview:large","max-video-preview":"max-video-preview:-1"},"canonical":"https:\/\/www.ull.es\/portal\/noticias\/2022\/la-ull-celebra-sus-jornadas-de-orientacion-universitaria-apelando-a-la-autorregulacion-del-aprendizaje-del-alumnado\/","og_locale":"es_ES","og_type":"article","og_title":"La ULL celebra sus jornadas de orientaci\u00f3n universitaria apelando a la autorregulaci\u00f3n del aprendizaje del alumnado - ULL - Noticias","og_description":"La Universidad de La Laguna ha dedicado todo su d\u00eda de hoy 28 de octubre a valorar distintas modalidades de...","og_url":"https:\/\/www.ull.es\/portal\/noticias\/2022\/la-ull-celebra-sus-jornadas-de-orientacion-universitaria-apelando-a-la-autorregulacion-del-aprendizaje-del-alumnado\/","og_site_name":"ULL - Noticias","article_publisher":"https:\/\/www.facebook.com\/universidaddelalaguna\/","article_published_time":"2022-10-28T11:35:03+00:00","og_image":[{"width":1200,"height":800,"url":"https:\/\/www.ull.es\/portal\/noticias\/wp-content\/uploads\/sites\/13\/2022\/10\/tutorias-mesa.jpg","type":"image\/jpeg"}],"author":"gaprsa","twitter_card":"summary_large_image","twitter_creator":"@CanalULL","twitter_site":"@CanalULL","twitter_misc":{"Escrito por":"gaprsa","Tiempo de lectura":"3 minutos"},"schema":{"@context":"https:\/\/schema.org","@graph":[{"@type":"WebPage","@id":"https:\/\/www.ull.es\/portal\/noticias\/2022\/la-ull-celebra-sus-jornadas-de-orientacion-universitaria-apelando-a-la-autorregulacion-del-aprendizaje-del-alumnado\/","url":"https:\/\/www.ull.es\/portal\/noticias\/2022\/la-ull-celebra-sus-jornadas-de-orientacion-universitaria-apelando-a-la-autorregulacion-del-aprendizaje-del-alumnado\/","name":"La ULL celebra sus jornadas de orientaci\u00f3n universitaria apelando a la autorregulaci\u00f3n del aprendizaje del alumnado - ULL - Noticias","isPartOf":{"@id":"https:\/\/www.ull.es\/portal\/noticias\/#website"},"datePublished":"2022-10-28T11:35:03+00:00","dateModified":"2022-10-28T11:35:03+00:00","author":{"@id":"https:\/\/www.ull.es\/portal\/noticias\/#\/schema\/person\/b2b1a89d43ffa609e591f7df8ef3e817"},"breadcrumb":{"@id":"https:\/\/www.ull.es\/portal\/noticias\/2022\/la-ull-celebra-sus-jornadas-de-orientacion-universitaria-apelando-a-la-autorregulacion-del-aprendizaje-del-alumnado\/#breadcrumb"},"inLanguage":"es","potentialAction":[{"@type":"ReadAction","target":["https:\/\/www.ull.es\/portal\/noticias\/2022\/la-ull-celebra-sus-jornadas-de-orientacion-universitaria-apelando-a-la-autorregulacion-del-aprendizaje-del-alumnado\/"]}]},{"@type":"BreadcrumbList","@id":"https:\/\/www.ull.es\/portal\/noticias\/2022\/la-ull-celebra-sus-jornadas-de-orientacion-universitaria-apelando-a-la-autorregulacion-del-aprendizaje-del-alumnado\/#breadcrumb","itemListElement":[{"@type":"ListItem","position":1,"name":"Portada","item":"https:\/\/www.ull.es\/portal\/noticias\/"},{"@type":"ListItem","position":2,"name":"La ULL celebra sus jornadas de orientaci\u00f3n universitaria apelando a la autorregulaci\u00f3n del aprendizaje del alumnado"}]},{"@type":"WebSite","@id":"https:\/\/www.ull.es\/portal\/noticias\/#website","url":"https:\/\/www.ull.es\/portal\/noticias\/","name":"ULL - Noticias","description":"","potentialAction":[{"@type":"SearchAction","target":{"@type":"EntryPoint","urlTemplate":"https:\/\/www.ull.es\/portal\/noticias\/?s={search_term_string}"},"query-input":"required name=search_term_string"}],"inLanguage":"es"},{"@type":"Person","@id":"https:\/\/www.ull.es\/portal\/noticias\/#\/schema\/person\/b2b1a89d43ffa609e591f7df8ef3e817","name":"gaprsa","image":{"@type":"ImageObject","inLanguage":"es","@id":"https:\/\/www.ull.es\/portal\/noticias\/#\/schema\/person\/image\/","url":"https:\/\/secure.gravatar.com\/avatar\/443820550921091458b4823867723b3d?s=96&d=mm&r=g","contentUrl":"https:\/\/secure.gravatar.com\/avatar\/443820550921091458b4823867723b3d?s=96&d=mm&r=g","caption":"gaprsa"},"url":"https:\/\/www.ull.es\/portal\/noticias\/author\/gaprsa\/"}]}},"primary_category":{"id":345,"name":"Destacado","slug":"destacado","link":"https:\/\/www.ull.es\/portal\/noticias\/category\/destacado\/"},"featured_image_thumbnail_url":"https:\/\/www.ull.es\/portal\/noticias\/wp-content\/uploads\/sites\/13\/2022\/10\/tutorias-mesa-300x200.jpg","_links":{"self":[{"href":"https:\/\/www.ull.es\/portal\/noticias\/wp-json\/wp\/v2\/posts\/65755"}],"collection":[{"href":"https:\/\/www.ull.es\/portal\/noticias\/wp-json\/wp\/v2\/posts"}],"about":[{"href":"https:\/\/www.ull.es\/portal\/noticias\/wp-json\/wp\/v2\/types\/post"}],"author":[{"embeddable":true,"href":"https:\/\/www.ull.es\/portal\/noticias\/wp-json\/wp\/v2\/users\/23"}],"replies":[{"embeddable":true,"href":"https:\/\/www.ull.es\/portal\/noticias\/wp-json\/wp\/v2\/comments?post=65755"}],"version-history":[{"count":1,"href":"https:\/\/www.ull.es\/portal\/noticias\/wp-json\/wp\/v2\/posts\/65755\/revisions"}],"predecessor-version":[{"id":65761,"href":"https:\/\/www.ull.es\/portal\/noticias\/wp-json\/wp\/v2\/posts\/65755\/revisions\/65761"}],"wp:featuredmedia":[{"embeddable":true,"href":"https:\/\/www.ull.es\/portal\/noticias\/wp-json\/wp\/v2\/media\/65760"}],"wp:attachment":[{"href":"https:\/\/www.ull.es\/portal\/noticias\/wp-json\/wp\/v2\/media?parent=65755"}],"wp:term":[{"taxonomy":"category","embeddable":true,"href":"https:\/\/www.ull.es\/portal\/noticias\/wp-json\/wp\/v2\/categories?post=65755"},{"taxonomy":"post_tag","embeddable":true,"href":"https:\/\/www.ull.es\/portal\/noticias\/wp-json\/wp\/v2\/tags?post=65755"}],"curies":[{"name":"wp","href":"https:\/\/api.w.org\/{rel}","templated":true}]}}