{"id":65798,"date":"2022-10-31T13:30:52","date_gmt":"2022-10-31T13:30:52","guid":{"rendered":"https:\/\/www.ull.es\/portal\/noticias\/?p=65798"},"modified":"2022-10-31T13:32:21","modified_gmt":"2022-10-31T13:32:21","slug":"la-ull-participa-en-la-celebracion-del-dia-de-los-muertos-en-la-laguna-con-un-altar-de-tradicion-mexicana","status":"publish","type":"post","link":"https:\/\/www.ull.es\/portal\/noticias\/2022\/la-ull-participa-en-la-celebracion-del-dia-de-los-muertos-en-la-laguna-con-un-altar-de-tradicion-mexicana\/","title":{"rendered":"La ULL participa en la celebraci\u00f3n del D\u00eda de los Muertos en La Laguna con un altar de tradici\u00f3n mexicana"},"content":{"rendered":"<p>La Universidad de La Laguna, a trav\u00e9s de del Vicerrectorado de Cultura y Participaci\u00f3n Social, ha colaborado con el Consulado Honor\u00edfico de M\u00e9xico en Tenerife y el Ayuntamiento de La Laguna para mostrar la cultura y tradiciones mexicanas de la festividad del d\u00eda de difuntos. \u00a0Un altar de difuntos en la calle Viana 54 est\u00e1 dedicado a dos personajes fallecidos de la cultura y las artes, la pintora Frida Khalo y el cantante, compositor, m\u00fasico y actor Armando Manzanero.<\/p>\n<p>El altar es un elemento que forma parte del conjunto de tradiciones mexicanas del D\u00eda de Muertos, que consiste en montar un altar dom\u00e9stico en honor de los difuntos de la familia donde se ofrece como ofrenda alimentos, velas, flores y objetos de uso cotidiano del fallecido.<\/p>\n<p>La construcci\u00f3n del altar est\u00e1 llena de s\u00edmbolos, resultado del sincretismo de las ideolog\u00edas prehisp\u00e1nicas, las culturas mesoamericanas y las creencias religiosas europeas tra\u00eddas por los conquistadores y misioneros espa\u00f1oles encomendados a la colonizaci\u00f3n y conversi\u00f3n de los pueblos nativos del actual territorio mexicano.<\/p>\n<p><strong><img decoding=\"async\" loading=\"lazy\" class=\"alignleft size-medium wp-image-65800\" src=\"https:\/\/www.ull.es\/portal\/noticias\/wp-content\/uploads\/sites\/13\/2022\/10\/altares4def-169x300.jpg\" alt=\"\" width=\"169\" height=\"300\" srcset=\"https:\/\/www.ull.es\/portal\/noticias\/wp-content\/uploads\/sites\/13\/2022\/10\/altares4def-169x300.jpg 169w, https:\/\/www.ull.es\/portal\/noticias\/wp-content\/uploads\/sites\/13\/2022\/10\/altares4def-576x1024.jpg 576w, https:\/\/www.ull.es\/portal\/noticias\/wp-content\/uploads\/sites\/13\/2022\/10\/altares4def-768x1365.jpg 768w, https:\/\/www.ull.es\/portal\/noticias\/wp-content\/uploads\/sites\/13\/2022\/10\/altares4def-864x1536.jpg 864w, https:\/\/www.ull.es\/portal\/noticias\/wp-content\/uploads\/sites\/13\/2022\/10\/altares4def-375x667.jpg 375w, https:\/\/www.ull.es\/portal\/noticias\/wp-content\/uploads\/sites\/13\/2022\/10\/altares4def-750x1333.jpg 750w, https:\/\/www.ull.es\/portal\/noticias\/wp-content\/uploads\/sites\/13\/2022\/10\/altares4def.jpg 900w\" sizes=\"(max-width: 169px) 100vw, 169px\" \/>El altar de muertos<\/strong><\/p>\n<p>Los or\u00edgenes de la tradici\u00f3n del D\u00eda de Muertos son anteriores a la llegada de los espa\u00f1oles. La representaci\u00f3n de los altares de muertos ha cambiado a trav\u00e9s de los siglos desde la introducci\u00f3n de la religi\u00f3n cat\u00f3lica en el M\u00e9xico prehisp\u00e1nico, debido a que se han incluido elementos simb\u00f3licos que no pertenecen a las culturas mesoamericanas, como im\u00e1genes religiosas cat\u00f3licas (rosarios, crucifijos e iconos sacros).<\/p>\n<p>La estipulaci\u00f3n de la festividad religiosa del D\u00eda de Todos los Santos se conjuga con el D\u00eda de Muertos. En tiempos de la conquista de M\u00e9xico, se intent\u00f3 convertir al catolicismo a los pobladores de Mesoam\u00e9rica. La tradici\u00f3n se resisti\u00f3 a morir, y poco a poco se le fueron incluyendo elementos de las culturas europeas.<\/p>\n<p>La construcci\u00f3n y representaci\u00f3n del altar de muertos var\u00eda seg\u00fan la idiosincrasia y los elementos disponibles en una determinada regi\u00f3n, as\u00ed como de la cosmovisi\u00f3n de las diferentes culturas y etnias. Uno de los elementos m\u00e1s destacados son los aromas, ya que en su forma m\u00e1s tradicional se incluyen diversos elementos arom\u00e1ticos que simbolizan la purificaci\u00f3n del alma, as\u00ed como especies de hierbas de olor, las cuales tambi\u00e9n representan los frutos de la tierra.<\/p>\n<p>En la parte superior del altar se suele colocar un arco, hecho de carrizo, palmilla o fierro, flores que simbolizan ser la puerta de entrada al mundo de los muertos. Los aztecas utilizaban papel amate, un tipo de fibra hecha de la corteza de \u00e1rboles, para representar el viento en los altares; posteriormente tras el mestizaje esta fibra fue reemplazada con el papel actual. En aquellos papeles amate se pintaban diferentes deidades y debido a su versatilidad pod\u00eda ser te\u00f1ido de diferentes colores disponibles para la \u00e9poca.<\/p>\n<p>La representaci\u00f3n del fuego ocupa tambi\u00e9n un papel destacado en los altares mexicanos. Por eso suelen a\u00f1adirse velas, veladoras y cirios por su f\u00e1cil manejo y su relaci\u00f3n con los s\u00edmbolos religiosos. En su versi\u00f3n menos frecuente pueden a\u00f1adirse antorchas y fogatas controladas.\u00a0El agua tiene m\u00faltiples significados en los altares, el principal, se utiliza para calmar la sed del esp\u00edritu. Por eso se colocan diferentes objetos que representan el agua como un vaso lleno, el cual el difunto utilizar\u00e1 para aliviar su sed en su camino. Tambi\u00e9n debe haber espacio para la representaci\u00f3n de la tierra y se incluyen semillas, frutos, especias y otras bondades de la naturaleza.<\/p>\n<p>Las flores son otro elemento principal de estos altares mexicanos. La flor de cempas\u00fachil, la nube, la flor de terciopelo y el amaranto o moco de pavo son las especies m\u00e1s utilizadas para el adorno<img decoding=\"async\" loading=\"lazy\" class=\"alignright size-medium wp-image-65803\" src=\"https:\/\/www.ull.es\/portal\/noticias\/wp-content\/uploads\/sites\/13\/2022\/10\/altares2def-300x169.jpg\" alt=\"\" width=\"300\" height=\"169\" srcset=\"https:\/\/www.ull.es\/portal\/noticias\/wp-content\/uploads\/sites\/13\/2022\/10\/altares2def-300x169.jpg 300w, https:\/\/www.ull.es\/portal\/noticias\/wp-content\/uploads\/sites\/13\/2022\/10\/altares2def-1024x576.jpg 1024w, https:\/\/www.ull.es\/portal\/noticias\/wp-content\/uploads\/sites\/13\/2022\/10\/altares2def-768x432.jpg 768w, https:\/\/www.ull.es\/portal\/noticias\/wp-content\/uploads\/sites\/13\/2022\/10\/altares2def-1536x864.jpg 1536w, https:\/\/www.ull.es\/portal\/noticias\/wp-content\/uploads\/sites\/13\/2022\/10\/altares2def-375x211.jpg 375w, https:\/\/www.ull.es\/portal\/noticias\/wp-content\/uploads\/sites\/13\/2022\/10\/altares2def-750x422.jpg 750w, https:\/\/www.ull.es\/portal\/noticias\/wp-content\/uploads\/sites\/13\/2022\/10\/altares2def-1140x641.jpg 1140w, https:\/\/www.ull.es\/portal\/noticias\/wp-content\/uploads\/sites\/13\/2022\/10\/altares2def.jpg 1600w\" sizes=\"(max-width: 300px) 100vw, 300px\" \/> de un altar, como s\u00edmbolo para dar la bienvenida a los difuntos. Lo mismo sucede con las calaveras, que son dulces que representan alusiones a la muerte y pueden ser de az\u00facar, chocolate o amaranto y m\u00e1s recientemente tamarindo. En este punto, la imagen de <em>La Calavera Garbancera<\/em> (conocida como <em>La Catrina<\/em>), creada por Jos\u00e9 Guadalupe Posada, no se relaciona con una funci\u00f3n espec\u00edfica del d\u00eda de muertos, ni con alg\u00fan atributo espec\u00edfico para honrar a los muertos, ya que se trata de una caricatura de una <em>dandizette<\/em> de la \u00e9poca porfiriana, es decir, una mujer de clase social alta caracterizada por su aparente intelecto y su sobrerrefinamiento que conform\u00f3 la sociedad alta en el periodo presidencial de Porfirio D\u00edaz. La caricatura fue dise\u00f1ada como una burla hacia las mujeres que escond\u00edan su origen mexicano.<\/p>\n<p>La comida, seg\u00fan la tradici\u00f3n, debe ser del agrado del fallecido y con lo que m\u00e1s le gustaba comer. Debido a la dieta del mexicano promedio, es frecuente ver la cocina criolla nacional como mole, pozole, tacos, tamales etc., presente en muchos altares. Tambi\u00e9n es habitual que se coloque en los altares de muertos la escultura de un perro o un perro real de la raza <a href=\"https:\/\/es.wikipedia.org\/wiki\/Xoloitzcuintle\" target=\"_blank\" rel=\"noopener\">Xoloitzcuintle<\/a>, representando al dios X\u00f3lotl, ya que se dice que el perro ayudar\u00e1 a cruzar a las almas el r\u00edo Itzcuintl\u00e1n.<\/p>\n","protected":false},"excerpt":{"rendered":"<p>La Universidad de La Laguna, a trav\u00e9s de del Vicerrectorado de Cultura y Participaci\u00f3n Social, ha colaborado con el Consulado&#8230;<\/p>\n","protected":false},"author":23,"featured_media":65799,"comment_status":"closed","ping_status":"closed","sticky":false,"template":"","format":"standard","meta":{"inline_featured_image":false,"footnotes":""},"categories":[344,345,2765],"tags":[9286,9287],"acf":[],"yoast_head":"<!-- This site is optimized with the Yoast SEO plugin v21.3 - https:\/\/yoast.com\/wordpress\/plugins\/seo\/ -->\n<title>La ULL participa en la celebraci\u00f3n del D\u00eda de los Muertos en La Laguna con un altar de tradici\u00f3n mexicana - ULL - Noticias<\/title>\n<meta name=\"robots\" content=\"index, follow, max-snippet:-1, max-image-preview:large, max-video-preview:-1\" \/>\n<link rel=\"canonical\" href=\"https:\/\/www.ull.es\/portal\/noticias\/2022\/la-ull-participa-en-la-celebracion-del-dia-de-los-muertos-en-la-laguna-con-un-altar-de-tradicion-mexicana\/\" \/>\n<meta property=\"og:locale\" content=\"es_ES\" \/>\n<meta property=\"og:type\" content=\"article\" \/>\n<meta property=\"og:title\" content=\"La ULL participa en la celebraci\u00f3n del D\u00eda de los Muertos en La Laguna con un altar de tradici\u00f3n mexicana - ULL - Noticias\" \/>\n<meta property=\"og:description\" content=\"La Universidad de La Laguna, a trav\u00e9s de del Vicerrectorado de Cultura y Participaci\u00f3n Social, ha colaborado con el Consulado...\" \/>\n<meta property=\"og:url\" content=\"https:\/\/www.ull.es\/portal\/noticias\/2022\/la-ull-participa-en-la-celebracion-del-dia-de-los-muertos-en-la-laguna-con-un-altar-de-tradicion-mexicana\/\" \/>\n<meta property=\"og:site_name\" content=\"ULL - Noticias\" \/>\n<meta property=\"article:publisher\" content=\"https:\/\/www.facebook.com\/universidaddelalaguna\/\" \/>\n<meta property=\"article:published_time\" content=\"2022-10-31T13:30:52+00:00\" \/>\n<meta property=\"article:modified_time\" content=\"2022-10-31T13:32:21+00:00\" \/>\n<meta property=\"og:image\" content=\"https:\/\/www.ull.es\/portal\/noticias\/wp-content\/uploads\/sites\/13\/2022\/10\/altares1def.jpg\" \/>\n\t<meta property=\"og:image:width\" content=\"1600\" \/>\n\t<meta property=\"og:image:height\" content=\"1200\" \/>\n\t<meta property=\"og:image:type\" content=\"image\/jpeg\" \/>\n<meta name=\"author\" content=\"gaprsa\" \/>\n<meta name=\"twitter:card\" content=\"summary_large_image\" \/>\n<meta name=\"twitter:creator\" content=\"@CanalULL\" \/>\n<meta name=\"twitter:site\" content=\"@CanalULL\" \/>\n<meta name=\"twitter:label1\" content=\"Escrito por\" \/>\n\t<meta name=\"twitter:data1\" content=\"gaprsa\" \/>\n\t<meta name=\"twitter:label2\" content=\"Tiempo de lectura\" \/>\n\t<meta name=\"twitter:data2\" content=\"5 minutos\" \/>\n<script type=\"application\/ld+json\" class=\"yoast-schema-graph\">{\"@context\":\"https:\/\/schema.org\",\"@graph\":[{\"@type\":\"WebPage\",\"@id\":\"https:\/\/www.ull.es\/portal\/noticias\/2022\/la-ull-participa-en-la-celebracion-del-dia-de-los-muertos-en-la-laguna-con-un-altar-de-tradicion-mexicana\/\",\"url\":\"https:\/\/www.ull.es\/portal\/noticias\/2022\/la-ull-participa-en-la-celebracion-del-dia-de-los-muertos-en-la-laguna-con-un-altar-de-tradicion-mexicana\/\",\"name\":\"La ULL participa en la celebraci\u00f3n del D\u00eda de los Muertos en La Laguna con un altar de tradici\u00f3n mexicana - ULL - Noticias\",\"isPartOf\":{\"@id\":\"https:\/\/www.ull.es\/portal\/noticias\/#website\"},\"datePublished\":\"2022-10-31T13:30:52+00:00\",\"dateModified\":\"2022-10-31T13:32:21+00:00\",\"author\":{\"@id\":\"https:\/\/www.ull.es\/portal\/noticias\/#\/schema\/person\/b2b1a89d43ffa609e591f7df8ef3e817\"},\"breadcrumb\":{\"@id\":\"https:\/\/www.ull.es\/portal\/noticias\/2022\/la-ull-participa-en-la-celebracion-del-dia-de-los-muertos-en-la-laguna-con-un-altar-de-tradicion-mexicana\/#breadcrumb\"},\"inLanguage\":\"es\",\"potentialAction\":[{\"@type\":\"ReadAction\",\"target\":[\"https:\/\/www.ull.es\/portal\/noticias\/2022\/la-ull-participa-en-la-celebracion-del-dia-de-los-muertos-en-la-laguna-con-un-altar-de-tradicion-mexicana\/\"]}]},{\"@type\":\"BreadcrumbList\",\"@id\":\"https:\/\/www.ull.es\/portal\/noticias\/2022\/la-ull-participa-en-la-celebracion-del-dia-de-los-muertos-en-la-laguna-con-un-altar-de-tradicion-mexicana\/#breadcrumb\",\"itemListElement\":[{\"@type\":\"ListItem\",\"position\":1,\"name\":\"Portada\",\"item\":\"https:\/\/www.ull.es\/portal\/noticias\/\"},{\"@type\":\"ListItem\",\"position\":2,\"name\":\"La ULL participa en la celebraci\u00f3n del D\u00eda de los Muertos en La Laguna con un altar de tradici\u00f3n mexicana\"}]},{\"@type\":\"WebSite\",\"@id\":\"https:\/\/www.ull.es\/portal\/noticias\/#website\",\"url\":\"https:\/\/www.ull.es\/portal\/noticias\/\",\"name\":\"ULL - Noticias\",\"description\":\"\",\"potentialAction\":[{\"@type\":\"SearchAction\",\"target\":{\"@type\":\"EntryPoint\",\"urlTemplate\":\"https:\/\/www.ull.es\/portal\/noticias\/?s={search_term_string}\"},\"query-input\":\"required name=search_term_string\"}],\"inLanguage\":\"es\"},{\"@type\":\"Person\",\"@id\":\"https:\/\/www.ull.es\/portal\/noticias\/#\/schema\/person\/b2b1a89d43ffa609e591f7df8ef3e817\",\"name\":\"gaprsa\",\"image\":{\"@type\":\"ImageObject\",\"inLanguage\":\"es\",\"@id\":\"https:\/\/www.ull.es\/portal\/noticias\/#\/schema\/person\/image\/\",\"url\":\"https:\/\/secure.gravatar.com\/avatar\/443820550921091458b4823867723b3d?s=96&d=mm&r=g\",\"contentUrl\":\"https:\/\/secure.gravatar.com\/avatar\/443820550921091458b4823867723b3d?s=96&d=mm&r=g\",\"caption\":\"gaprsa\"},\"url\":\"https:\/\/www.ull.es\/portal\/noticias\/author\/gaprsa\/\"}]}<\/script>\n<!-- \/ Yoast SEO plugin. -->","yoast_head_json":{"title":"La ULL participa en la celebraci\u00f3n del D\u00eda de los Muertos en La Laguna con un altar de tradici\u00f3n mexicana - ULL - Noticias","robots":{"index":"index","follow":"follow","max-snippet":"max-snippet:-1","max-image-preview":"max-image-preview:large","max-video-preview":"max-video-preview:-1"},"canonical":"https:\/\/www.ull.es\/portal\/noticias\/2022\/la-ull-participa-en-la-celebracion-del-dia-de-los-muertos-en-la-laguna-con-un-altar-de-tradicion-mexicana\/","og_locale":"es_ES","og_type":"article","og_title":"La ULL participa en la celebraci\u00f3n del D\u00eda de los Muertos en La Laguna con un altar de tradici\u00f3n mexicana - ULL - Noticias","og_description":"La Universidad de La Laguna, a trav\u00e9s de del Vicerrectorado de Cultura y Participaci\u00f3n Social, ha colaborado con el Consulado...","og_url":"https:\/\/www.ull.es\/portal\/noticias\/2022\/la-ull-participa-en-la-celebracion-del-dia-de-los-muertos-en-la-laguna-con-un-altar-de-tradicion-mexicana\/","og_site_name":"ULL - Noticias","article_publisher":"https:\/\/www.facebook.com\/universidaddelalaguna\/","article_published_time":"2022-10-31T13:30:52+00:00","article_modified_time":"2022-10-31T13:32:21+00:00","og_image":[{"width":1600,"height":1200,"url":"https:\/\/www.ull.es\/portal\/noticias\/wp-content\/uploads\/sites\/13\/2022\/10\/altares1def.jpg","type":"image\/jpeg"}],"author":"gaprsa","twitter_card":"summary_large_image","twitter_creator":"@CanalULL","twitter_site":"@CanalULL","twitter_misc":{"Escrito por":"gaprsa","Tiempo de lectura":"5 minutos"},"schema":{"@context":"https:\/\/schema.org","@graph":[{"@type":"WebPage","@id":"https:\/\/www.ull.es\/portal\/noticias\/2022\/la-ull-participa-en-la-celebracion-del-dia-de-los-muertos-en-la-laguna-con-un-altar-de-tradicion-mexicana\/","url":"https:\/\/www.ull.es\/portal\/noticias\/2022\/la-ull-participa-en-la-celebracion-del-dia-de-los-muertos-en-la-laguna-con-un-altar-de-tradicion-mexicana\/","name":"La ULL participa en la celebraci\u00f3n del D\u00eda de los Muertos en La Laguna con un altar de tradici\u00f3n mexicana - ULL - Noticias","isPartOf":{"@id":"https:\/\/www.ull.es\/portal\/noticias\/#website"},"datePublished":"2022-10-31T13:30:52+00:00","dateModified":"2022-10-31T13:32:21+00:00","author":{"@id":"https:\/\/www.ull.es\/portal\/noticias\/#\/schema\/person\/b2b1a89d43ffa609e591f7df8ef3e817"},"breadcrumb":{"@id":"https:\/\/www.ull.es\/portal\/noticias\/2022\/la-ull-participa-en-la-celebracion-del-dia-de-los-muertos-en-la-laguna-con-un-altar-de-tradicion-mexicana\/#breadcrumb"},"inLanguage":"es","potentialAction":[{"@type":"ReadAction","target":["https:\/\/www.ull.es\/portal\/noticias\/2022\/la-ull-participa-en-la-celebracion-del-dia-de-los-muertos-en-la-laguna-con-un-altar-de-tradicion-mexicana\/"]}]},{"@type":"BreadcrumbList","@id":"https:\/\/www.ull.es\/portal\/noticias\/2022\/la-ull-participa-en-la-celebracion-del-dia-de-los-muertos-en-la-laguna-con-un-altar-de-tradicion-mexicana\/#breadcrumb","itemListElement":[{"@type":"ListItem","position":1,"name":"Portada","item":"https:\/\/www.ull.es\/portal\/noticias\/"},{"@type":"ListItem","position":2,"name":"La ULL participa en la celebraci\u00f3n del D\u00eda de los Muertos en La Laguna con un altar de tradici\u00f3n mexicana"}]},{"@type":"WebSite","@id":"https:\/\/www.ull.es\/portal\/noticias\/#website","url":"https:\/\/www.ull.es\/portal\/noticias\/","name":"ULL - Noticias","description":"","potentialAction":[{"@type":"SearchAction","target":{"@type":"EntryPoint","urlTemplate":"https:\/\/www.ull.es\/portal\/noticias\/?s={search_term_string}"},"query-input":"required name=search_term_string"}],"inLanguage":"es"},{"@type":"Person","@id":"https:\/\/www.ull.es\/portal\/noticias\/#\/schema\/person\/b2b1a89d43ffa609e591f7df8ef3e817","name":"gaprsa","image":{"@type":"ImageObject","inLanguage":"es","@id":"https:\/\/www.ull.es\/portal\/noticias\/#\/schema\/person\/image\/","url":"https:\/\/secure.gravatar.com\/avatar\/443820550921091458b4823867723b3d?s=96&d=mm&r=g","contentUrl":"https:\/\/secure.gravatar.com\/avatar\/443820550921091458b4823867723b3d?s=96&d=mm&r=g","caption":"gaprsa"},"url":"https:\/\/www.ull.es\/portal\/noticias\/author\/gaprsa\/"}]}},"primary_category":{"id":2765,"name":"Portada ULL","slug":"portada-ull","link":"https:\/\/www.ull.es\/portal\/noticias\/category\/portada-ull\/"},"featured_image_thumbnail_url":"https:\/\/www.ull.es\/portal\/noticias\/wp-content\/uploads\/sites\/13\/2022\/10\/altares1def-300x225.jpg","_links":{"self":[{"href":"https:\/\/www.ull.es\/portal\/noticias\/wp-json\/wp\/v2\/posts\/65798"}],"collection":[{"href":"https:\/\/www.ull.es\/portal\/noticias\/wp-json\/wp\/v2\/posts"}],"about":[{"href":"https:\/\/www.ull.es\/portal\/noticias\/wp-json\/wp\/v2\/types\/post"}],"author":[{"embeddable":true,"href":"https:\/\/www.ull.es\/portal\/noticias\/wp-json\/wp\/v2\/users\/23"}],"replies":[{"embeddable":true,"href":"https:\/\/www.ull.es\/portal\/noticias\/wp-json\/wp\/v2\/comments?post=65798"}],"version-history":[{"count":3,"href":"https:\/\/www.ull.es\/portal\/noticias\/wp-json\/wp\/v2\/posts\/65798\/revisions"}],"predecessor-version":[{"id":65806,"href":"https:\/\/www.ull.es\/portal\/noticias\/wp-json\/wp\/v2\/posts\/65798\/revisions\/65806"}],"wp:featuredmedia":[{"embeddable":true,"href":"https:\/\/www.ull.es\/portal\/noticias\/wp-json\/wp\/v2\/media\/65799"}],"wp:attachment":[{"href":"https:\/\/www.ull.es\/portal\/noticias\/wp-json\/wp\/v2\/media?parent=65798"}],"wp:term":[{"taxonomy":"category","embeddable":true,"href":"https:\/\/www.ull.es\/portal\/noticias\/wp-json\/wp\/v2\/categories?post=65798"},{"taxonomy":"post_tag","embeddable":true,"href":"https:\/\/www.ull.es\/portal\/noticias\/wp-json\/wp\/v2\/tags?post=65798"}],"curies":[{"name":"wp","href":"https:\/\/api.w.org\/{rel}","templated":true}]}}