{"id":65815,"date":"2022-11-02T09:36:17","date_gmt":"2022-11-02T09:36:17","guid":{"rendered":"https:\/\/www.ull.es\/portal\/noticias\/?p=65815"},"modified":"2022-11-02T09:38:45","modified_gmt":"2022-11-02T09:38:45","slug":"un-estudio-sobre-infancia-transgenero-realizado-en-la-escuela-adscrita-de-enfermeria-finalista-en-los-premios-fuden","status":"publish","type":"post","link":"https:\/\/www.ull.es\/portal\/noticias\/2022\/un-estudio-sobre-infancia-transgenero-realizado-en-la-escuela-adscrita-de-enfermeria-finalista-en-los-premios-fuden\/","title":{"rendered":"Un estudio sobre la infancia transg\u00e9nero de la Escuela Adscrita de Enfermer\u00eda, finalista en los premios de Fuden"},"content":{"rendered":"<p>Un estudio sobre infancia transg\u00e9nero de la Escuela Universitaria de Enfermer\u00eda Nuestra Se\u00f1ora de Candelaria, centro adscrito a la Consejer\u00eda de Sanidad y a la Universidad de La Laguna, ha sido nominado a los premios de la Fundaci\u00f3n para el Desarrollo de la Enfermer\u00eda (Fuden) en su categor\u00eda \u2018Promoci\u00f3n del Autocuidado\u2019. El proyecto investiga la transici\u00f3n de los menores cuando reciben el acompa\u00f1amiento social de sus familiares.<\/p>\n<p>El grupo de investigaci\u00f3n, compuesto por un equipo multidisciplinar del SCS y de la instituci\u00f3n acad\u00e9mica, formado por m\u00e9dicos, enfermeras, psic\u00f3logos y antrop\u00f3logos, trabajaron con familias que ya hab\u00edan decidido favorecer que sus hijos realizaran la transici\u00f3n de g\u00e9nero. El objetivo consisti\u00f3 en explorar las experiencias y las necesidades de estas familias.<\/p>\n<p>Los resultados mostraron que todos los ni\u00f1os y ni\u00f1as del estudio mostraban una concordancia absoluta con el g\u00e9nero sentido cuando se proyectaban a s\u00ed mismos en su edad adulta. Tanto del trabajo con los ni\u00f1os como con las familias se concluy\u00f3 que la transici\u00f3n temprana con el apoyo familiar fomentaba beneficios inmediatos en el desarrollo del ni\u00f1o, una mejora en sus niveles de ansiedad, su humor general, autoestima y las relaciones sociales desarrolladas.<\/p>\n<p>El trabajo se realiz\u00f3 en consonancia con el Servicio de Acompa\u00f1amiento a Personas Trans del Servicio Canario de Salud (TRANSCAN), puesto en marcha por el Servicio Canario de la Salud con el desarrollo del\u00a0 Protocolo de Atenci\u00f3n Sanitaria a las personas Trans*, un documento fruto del trabajo conjunto entre la Direcci\u00f3n General de Programas Asistenciales del SCS y los diferentes colectivos con el objetivo de homogeneizar la atenci\u00f3n\u00a0 sanitaria a personas trans*. Tambi\u00e9n se cont\u00f3 con la colaboraci\u00f3n de la Asociaci\u00f3n de familias de Infancia y Juventud Trans*, Chrysallis.<\/p>\n<p>El proyecto ha sido presentado en la XII Jornadas sobre Innovaciones en Enfermer\u00eda y IX Congreso Canaria de Enfermer\u00eda, donde gan\u00f3 el primer premio en la modalidad p\u00f3ster, as\u00ed como en el I Seminario Caleidoscopia: una mirada completa a la experiencia de g\u00e9nero en la infancia y adolescencia trans, organizado por la Consejer\u00eda de Derechos Sociales del Gobierno de Canarias.<\/p>\n<p>Nota de prensa y fotograf\u00edas cedidas.<\/p>\n","protected":false},"excerpt":{"rendered":"<p>Un estudio sobre infancia transg\u00e9nero de la Escuela Universitaria de Enfermer\u00eda Nuestra Se\u00f1ora de Candelaria, centro adscrito a la Consejer\u00eda&#8230;<\/p>\n","protected":false},"author":67,"featured_media":65818,"comment_status":"closed","ping_status":"closed","sticky":false,"template":"","format":"standard","meta":{"inline_featured_image":false,"footnotes":""},"categories":[345,350,2765],"tags":[],"acf":[],"yoast_head":"<!-- This site is optimized with the Yoast SEO plugin v21.3 - https:\/\/yoast.com\/wordpress\/plugins\/seo\/ -->\n<title>Un estudio sobre la infancia transg\u00e9nero de la Escuela Adscrita de Enfermer\u00eda, finalista en los premios de Fuden - ULL - Noticias %<\/title>\n<meta name=\"description\" content=\"El grupo de investigaci\u00f3n, compuesto por un equipo multidisciplinar del SCS y de la instituci\u00f3n acad\u00e9mica, formado por m\u00e9dicos, enfermeras, psic\u00f3logos y antrop\u00f3logos, trabajaron con familias que ya hab\u00edan decidido favorecer que sus hijos realizaran la transici\u00f3n de g\u00e9nero. El objetivo consisti\u00f3 en explorar las experiencias y las necesidades de estas familias.\" \/>\n<meta name=\"robots\" content=\"index, follow, max-snippet:-1, max-image-preview:large, max-video-preview:-1\" \/>\n<link rel=\"canonical\" href=\"https:\/\/www.ull.es\/portal\/noticias\/2022\/un-estudio-sobre-infancia-transgenero-realizado-en-la-escuela-adscrita-de-enfermeria-finalista-en-los-premios-fuden\/\" \/>\n<meta property=\"og:locale\" content=\"es_ES\" \/>\n<meta property=\"og:type\" content=\"article\" \/>\n<meta property=\"og:title\" content=\"Un estudio sobre la infancia transg\u00e9nero de la Escuela Adscrita de Enfermer\u00eda, finalista en los premios de Fuden - ULL - Noticias %\" \/>\n<meta property=\"og:description\" content=\"El grupo de investigaci\u00f3n, compuesto por un equipo multidisciplinar del SCS y de la instituci\u00f3n acad\u00e9mica, formado por m\u00e9dicos, enfermeras, psic\u00f3logos y antrop\u00f3logos, trabajaron con familias que ya hab\u00edan decidido favorecer que sus hijos realizaran la transici\u00f3n de g\u00e9nero. El objetivo consisti\u00f3 en explorar las experiencias y las necesidades de estas familias.\" \/>\n<meta property=\"og:url\" content=\"https:\/\/www.ull.es\/portal\/noticias\/2022\/un-estudio-sobre-infancia-transgenero-realizado-en-la-escuela-adscrita-de-enfermeria-finalista-en-los-premios-fuden\/\" \/>\n<meta property=\"og:site_name\" content=\"ULL - Noticias\" \/>\n<meta property=\"article:publisher\" content=\"https:\/\/www.facebook.com\/universidaddelalaguna\/\" \/>\n<meta property=\"article:published_time\" content=\"2022-11-02T09:36:17+00:00\" \/>\n<meta property=\"article:modified_time\" content=\"2022-11-02T09:38:45+00:00\" \/>\n<meta property=\"og:image\" content=\"https:\/\/www.ull.es\/portal\/noticias\/wp-content\/uploads\/sites\/13\/2022\/11\/investigacion.jpg\" \/>\n\t<meta property=\"og:image:width\" content=\"1200\" \/>\n\t<meta property=\"og:image:height\" content=\"800\" \/>\n\t<meta property=\"og:image:type\" content=\"image\/jpeg\" \/>\n<meta name=\"author\" content=\"gcom5\" \/>\n<meta name=\"twitter:card\" content=\"summary_large_image\" \/>\n<meta name=\"twitter:creator\" content=\"@CanalULL\" \/>\n<meta name=\"twitter:site\" content=\"@CanalULL\" \/>\n<meta name=\"twitter:label1\" content=\"Escrito por\" \/>\n\t<meta name=\"twitter:data1\" content=\"gcom5\" \/>\n\t<meta name=\"twitter:label2\" content=\"Tiempo de lectura\" \/>\n\t<meta name=\"twitter:data2\" content=\"2 minutos\" \/>\n<script type=\"application\/ld+json\" class=\"yoast-schema-graph\">{\"@context\":\"https:\/\/schema.org\",\"@graph\":[{\"@type\":\"WebPage\",\"@id\":\"https:\/\/www.ull.es\/portal\/noticias\/2022\/un-estudio-sobre-infancia-transgenero-realizado-en-la-escuela-adscrita-de-enfermeria-finalista-en-los-premios-fuden\/\",\"url\":\"https:\/\/www.ull.es\/portal\/noticias\/2022\/un-estudio-sobre-infancia-transgenero-realizado-en-la-escuela-adscrita-de-enfermeria-finalista-en-los-premios-fuden\/\",\"name\":\"Un estudio sobre la infancia transg\u00e9nero de la Escuela Adscrita de Enfermer\u00eda, finalista en los premios de Fuden - ULL - Noticias %\",\"isPartOf\":{\"@id\":\"https:\/\/www.ull.es\/portal\/noticias\/#website\"},\"datePublished\":\"2022-11-02T09:36:17+00:00\",\"dateModified\":\"2022-11-02T09:38:45+00:00\",\"author\":{\"@id\":\"https:\/\/www.ull.es\/portal\/noticias\/#\/schema\/person\/8027c6c4687adc2c90dc1532715d34df\"},\"description\":\"El grupo de investigaci\u00f3n, compuesto por un equipo multidisciplinar del SCS y de la instituci\u00f3n acad\u00e9mica, formado por m\u00e9dicos, enfermeras, psic\u00f3logos y antrop\u00f3logos, trabajaron con familias que ya hab\u00edan decidido favorecer que sus hijos realizaran la transici\u00f3n de g\u00e9nero. El objetivo consisti\u00f3 en explorar las experiencias y las necesidades de estas familias.\",\"breadcrumb\":{\"@id\":\"https:\/\/www.ull.es\/portal\/noticias\/2022\/un-estudio-sobre-infancia-transgenero-realizado-en-la-escuela-adscrita-de-enfermeria-finalista-en-los-premios-fuden\/#breadcrumb\"},\"inLanguage\":\"es\",\"potentialAction\":[{\"@type\":\"ReadAction\",\"target\":[\"https:\/\/www.ull.es\/portal\/noticias\/2022\/un-estudio-sobre-infancia-transgenero-realizado-en-la-escuela-adscrita-de-enfermeria-finalista-en-los-premios-fuden\/\"]}]},{\"@type\":\"BreadcrumbList\",\"@id\":\"https:\/\/www.ull.es\/portal\/noticias\/2022\/un-estudio-sobre-infancia-transgenero-realizado-en-la-escuela-adscrita-de-enfermeria-finalista-en-los-premios-fuden\/#breadcrumb\",\"itemListElement\":[{\"@type\":\"ListItem\",\"position\":1,\"name\":\"Portada\",\"item\":\"https:\/\/www.ull.es\/portal\/noticias\/\"},{\"@type\":\"ListItem\",\"position\":2,\"name\":\"Un estudio sobre la infancia transg\u00e9nero de la Escuela Adscrita de Enfermer\u00eda, finalista en los premios de Fuden\"}]},{\"@type\":\"WebSite\",\"@id\":\"https:\/\/www.ull.es\/portal\/noticias\/#website\",\"url\":\"https:\/\/www.ull.es\/portal\/noticias\/\",\"name\":\"ULL - Noticias\",\"description\":\"\",\"potentialAction\":[{\"@type\":\"SearchAction\",\"target\":{\"@type\":\"EntryPoint\",\"urlTemplate\":\"https:\/\/www.ull.es\/portal\/noticias\/?s={search_term_string}\"},\"query-input\":\"required name=search_term_string\"}],\"inLanguage\":\"es\"},{\"@type\":\"Person\",\"@id\":\"https:\/\/www.ull.es\/portal\/noticias\/#\/schema\/person\/8027c6c4687adc2c90dc1532715d34df\",\"name\":\"gcom5\",\"image\":{\"@type\":\"ImageObject\",\"inLanguage\":\"es\",\"@id\":\"https:\/\/www.ull.es\/portal\/noticias\/#\/schema\/person\/image\/\",\"url\":\"https:\/\/secure.gravatar.com\/avatar\/8b3777f8048001fa57b88338ce5605b9?s=96&d=mm&r=g\",\"contentUrl\":\"https:\/\/secure.gravatar.com\/avatar\/8b3777f8048001fa57b88338ce5605b9?s=96&d=mm&r=g\",\"caption\":\"gcom5\"},\"url\":\"https:\/\/www.ull.es\/portal\/noticias\/author\/gcom5\/\"}]}<\/script>\n<!-- \/ Yoast SEO plugin. -->","yoast_head_json":{"title":"Un estudio sobre la infancia transg\u00e9nero de la Escuela Adscrita de Enfermer\u00eda, finalista en los premios de Fuden - ULL - Noticias %","description":"El grupo de investigaci\u00f3n, compuesto por un equipo multidisciplinar del SCS y de la instituci\u00f3n acad\u00e9mica, formado por m\u00e9dicos, enfermeras, psic\u00f3logos y antrop\u00f3logos, trabajaron con familias que ya hab\u00edan decidido favorecer que sus hijos realizaran la transici\u00f3n de g\u00e9nero. El objetivo consisti\u00f3 en explorar las experiencias y las necesidades de estas familias.","robots":{"index":"index","follow":"follow","max-snippet":"max-snippet:-1","max-image-preview":"max-image-preview:large","max-video-preview":"max-video-preview:-1"},"canonical":"https:\/\/www.ull.es\/portal\/noticias\/2022\/un-estudio-sobre-infancia-transgenero-realizado-en-la-escuela-adscrita-de-enfermeria-finalista-en-los-premios-fuden\/","og_locale":"es_ES","og_type":"article","og_title":"Un estudio sobre la infancia transg\u00e9nero de la Escuela Adscrita de Enfermer\u00eda, finalista en los premios de Fuden - ULL - Noticias %","og_description":"El grupo de investigaci\u00f3n, compuesto por un equipo multidisciplinar del SCS y de la instituci\u00f3n acad\u00e9mica, formado por m\u00e9dicos, enfermeras, psic\u00f3logos y antrop\u00f3logos, trabajaron con familias que ya hab\u00edan decidido favorecer que sus hijos realizaran la transici\u00f3n de g\u00e9nero. El objetivo consisti\u00f3 en explorar las experiencias y las necesidades de estas familias.","og_url":"https:\/\/www.ull.es\/portal\/noticias\/2022\/un-estudio-sobre-infancia-transgenero-realizado-en-la-escuela-adscrita-de-enfermeria-finalista-en-los-premios-fuden\/","og_site_name":"ULL - Noticias","article_publisher":"https:\/\/www.facebook.com\/universidaddelalaguna\/","article_published_time":"2022-11-02T09:36:17+00:00","article_modified_time":"2022-11-02T09:38:45+00:00","og_image":[{"width":1200,"height":800,"url":"https:\/\/www.ull.es\/portal\/noticias\/wp-content\/uploads\/sites\/13\/2022\/11\/investigacion.jpg","type":"image\/jpeg"}],"author":"gcom5","twitter_card":"summary_large_image","twitter_creator":"@CanalULL","twitter_site":"@CanalULL","twitter_misc":{"Escrito por":"gcom5","Tiempo de lectura":"2 minutos"},"schema":{"@context":"https:\/\/schema.org","@graph":[{"@type":"WebPage","@id":"https:\/\/www.ull.es\/portal\/noticias\/2022\/un-estudio-sobre-infancia-transgenero-realizado-en-la-escuela-adscrita-de-enfermeria-finalista-en-los-premios-fuden\/","url":"https:\/\/www.ull.es\/portal\/noticias\/2022\/un-estudio-sobre-infancia-transgenero-realizado-en-la-escuela-adscrita-de-enfermeria-finalista-en-los-premios-fuden\/","name":"Un estudio sobre la infancia transg\u00e9nero de la Escuela Adscrita de Enfermer\u00eda, finalista en los premios de Fuden - ULL - Noticias %","isPartOf":{"@id":"https:\/\/www.ull.es\/portal\/noticias\/#website"},"datePublished":"2022-11-02T09:36:17+00:00","dateModified":"2022-11-02T09:38:45+00:00","author":{"@id":"https:\/\/www.ull.es\/portal\/noticias\/#\/schema\/person\/8027c6c4687adc2c90dc1532715d34df"},"description":"El grupo de investigaci\u00f3n, compuesto por un equipo multidisciplinar del SCS y de la instituci\u00f3n acad\u00e9mica, formado por m\u00e9dicos, enfermeras, psic\u00f3logos y antrop\u00f3logos, trabajaron con familias que ya hab\u00edan decidido favorecer que sus hijos realizaran la transici\u00f3n de g\u00e9nero. El objetivo consisti\u00f3 en explorar las experiencias y las necesidades de estas familias.","breadcrumb":{"@id":"https:\/\/www.ull.es\/portal\/noticias\/2022\/un-estudio-sobre-infancia-transgenero-realizado-en-la-escuela-adscrita-de-enfermeria-finalista-en-los-premios-fuden\/#breadcrumb"},"inLanguage":"es","potentialAction":[{"@type":"ReadAction","target":["https:\/\/www.ull.es\/portal\/noticias\/2022\/un-estudio-sobre-infancia-transgenero-realizado-en-la-escuela-adscrita-de-enfermeria-finalista-en-los-premios-fuden\/"]}]},{"@type":"BreadcrumbList","@id":"https:\/\/www.ull.es\/portal\/noticias\/2022\/un-estudio-sobre-infancia-transgenero-realizado-en-la-escuela-adscrita-de-enfermeria-finalista-en-los-premios-fuden\/#breadcrumb","itemListElement":[{"@type":"ListItem","position":1,"name":"Portada","item":"https:\/\/www.ull.es\/portal\/noticias\/"},{"@type":"ListItem","position":2,"name":"Un estudio sobre la infancia transg\u00e9nero de la Escuela Adscrita de Enfermer\u00eda, finalista en los premios de Fuden"}]},{"@type":"WebSite","@id":"https:\/\/www.ull.es\/portal\/noticias\/#website","url":"https:\/\/www.ull.es\/portal\/noticias\/","name":"ULL - Noticias","description":"","potentialAction":[{"@type":"SearchAction","target":{"@type":"EntryPoint","urlTemplate":"https:\/\/www.ull.es\/portal\/noticias\/?s={search_term_string}"},"query-input":"required name=search_term_string"}],"inLanguage":"es"},{"@type":"Person","@id":"https:\/\/www.ull.es\/portal\/noticias\/#\/schema\/person\/8027c6c4687adc2c90dc1532715d34df","name":"gcom5","image":{"@type":"ImageObject","inLanguage":"es","@id":"https:\/\/www.ull.es\/portal\/noticias\/#\/schema\/person\/image\/","url":"https:\/\/secure.gravatar.com\/avatar\/8b3777f8048001fa57b88338ce5605b9?s=96&d=mm&r=g","contentUrl":"https:\/\/secure.gravatar.com\/avatar\/8b3777f8048001fa57b88338ce5605b9?s=96&d=mm&r=g","caption":"gcom5"},"url":"https:\/\/www.ull.es\/portal\/noticias\/author\/gcom5\/"}]}},"primary_category":{"id":345,"name":"Destacado","slug":"destacado","link":"https:\/\/www.ull.es\/portal\/noticias\/category\/destacado\/"},"featured_image_thumbnail_url":"https:\/\/www.ull.es\/portal\/noticias\/wp-content\/uploads\/sites\/13\/2022\/11\/investigacion-300x200.jpg","_links":{"self":[{"href":"https:\/\/www.ull.es\/portal\/noticias\/wp-json\/wp\/v2\/posts\/65815"}],"collection":[{"href":"https:\/\/www.ull.es\/portal\/noticias\/wp-json\/wp\/v2\/posts"}],"about":[{"href":"https:\/\/www.ull.es\/portal\/noticias\/wp-json\/wp\/v2\/types\/post"}],"author":[{"embeddable":true,"href":"https:\/\/www.ull.es\/portal\/noticias\/wp-json\/wp\/v2\/users\/67"}],"replies":[{"embeddable":true,"href":"https:\/\/www.ull.es\/portal\/noticias\/wp-json\/wp\/v2\/comments?post=65815"}],"version-history":[{"count":5,"href":"https:\/\/www.ull.es\/portal\/noticias\/wp-json\/wp\/v2\/posts\/65815\/revisions"}],"predecessor-version":[{"id":65823,"href":"https:\/\/www.ull.es\/portal\/noticias\/wp-json\/wp\/v2\/posts\/65815\/revisions\/65823"}],"wp:featuredmedia":[{"embeddable":true,"href":"https:\/\/www.ull.es\/portal\/noticias\/wp-json\/wp\/v2\/media\/65818"}],"wp:attachment":[{"href":"https:\/\/www.ull.es\/portal\/noticias\/wp-json\/wp\/v2\/media?parent=65815"}],"wp:term":[{"taxonomy":"category","embeddable":true,"href":"https:\/\/www.ull.es\/portal\/noticias\/wp-json\/wp\/v2\/categories?post=65815"},{"taxonomy":"post_tag","embeddable":true,"href":"https:\/\/www.ull.es\/portal\/noticias\/wp-json\/wp\/v2\/tags?post=65815"}],"curies":[{"name":"wp","href":"https:\/\/api.w.org\/{rel}","templated":true}]}}