{"id":65840,"date":"2022-11-02T13:03:29","date_gmt":"2022-11-02T13:03:29","guid":{"rendered":"https:\/\/www.ull.es\/portal\/noticias\/?p=65840"},"modified":"2022-11-02T13:03:29","modified_gmt":"2022-11-02T13:03:29","slug":"seminario-derechos-infancia-adolescencia-proteccion-juridica-violencia-deportiva","status":"publish","type":"post","link":"https:\/\/www.ull.es\/portal\/noticias\/2022\/seminario-derechos-infancia-adolescencia-proteccion-juridica-violencia-deportiva\/","title":{"rendered":"Un seminario sobre derechos de la infancia y adolescencia aborda la protecci\u00f3n jur\u00eddica frente a la violencia deportiva"},"content":{"rendered":"<p class=\"p2\">El Grupo de investigaci\u00f3n \u201c<a href=\"https:\/\/portalciencia.ull.es\/grupos\/6566\/detalle\" target=\"_blank\" rel=\"noopener\" target=\"_blank\" rel=\"noopener\"><span class=\"s1\">Derecho, persona y familia<\/span><\/a>\u201d y el <a href=\"https:\/\/www.ull.es\/oucu\/cde\/\" target=\"_blank\" rel=\"noopener\" target=\"_blank\" rel=\"noopener\"><span class=\"s1\">Centro de Documentaci\u00f3n Europea<\/span><\/a> de la Universidad de La Laguna han organizado el <a href=\"https:\/\/www.ull.es\/portal\/agenda\/evento\/ii-seminario-internacional-sobre-los-derechos-de-la-infancia-y-la-adolescencia-la-proteccion-juridica-frente-a-la-violencia-en-el-deporte\/\" target=\"_blank\" rel=\"noopener\" target=\"_blank\" rel=\"noopener\"><span class=\"s1\">II Seminario Internacional sobre los Derechos de la Infancia y la Adolescencia<\/span><\/a> que, en esta edici\u00f3n, abordar\u00e1 la protecci\u00f3n jur\u00eddica frente a la violencia en el deporte. El encuentro se celebrar\u00e1 los d\u00edas 4 y 11 de noviembre de manera online. Ser\u00e1 necesario <a href=\"https:\/\/sede.fg.ull.es\/es\/curso\/detalle\/a22020274\/ii-seminario-internacional-sobre-los-derechos-de-la-infancia-y-la-adolescencia-la-proteccion-juridica-frente-a-la-violencia-en-el-deporte-modalidad-on\" target=\"_blank\" rel=\"noopener\" target=\"_blank\" rel=\"noopener\"><span class=\"s1\">inscribirse gratuitamente<\/span><\/a> a trav\u00e9s de la p\u00e1gina web institucional para recibir el enlace de conexi\u00f3n, y est\u00e1 dirigido especialmente a profesorado y estudiantes de tercer ciclo, as\u00ed como a cualquier persona con inter\u00e9s en la tem\u00e1tica.<\/p>\n<p class=\"p3\">El seminario persigue dos objetivos principales: el primero, exponer el estado actual de la protecci\u00f3n jur\u00eddica de la infancia y la adolescencia frente a la violencia en el \u00e1mbito deportivo, tras las \u00faltimas reformas normativas introducidas en el ordenamiento jur\u00eddico espa\u00f1ol por la Ley Org\u00e1nica 8\/2021, de protecci\u00f3n integral a estos colectivos frente a la violencia, planteando distintas situaciones y su tratamiento jur\u00eddico. Y el segundo, poner de manifiesto problemas reales que se dan en la actualidad en este \u00e1mbito.<\/p>\n<p class=\"p3\">As\u00ed, durante los dos d\u00edas de duraci\u00f3n del seminario, se abordar\u00e1n asuntos como la violencia contras las ni\u00f1as y las adolescentes en el deporte; la perspectiva penal de la violencia contra la infancia y adolescencia en el deporte; deportes digitales y violencia; y la violencia en el deporte desde la perspectiva LGTBIQ+, entre otros. Como ponentes participar\u00e1n docentes de universidades de M\u00e9xico y Chile, adem\u00e1s de la propia universidad de La Laguna, y los defensores de menores de las fundaciones del Club Deportivo Tenerife y la Uni\u00f3n Deportiva Las Palmas,<\/p>\n<p class=\"p3\">Previamente a la inauguraci\u00f3n de este seminario, el viernes 4 a las 9:10 horas, servir\u00e1 como marco para presentar la Red Nacional de Universidades por la Infancia y la Adolescencia (RUIA), a la que la Universidad de La Laguna se adhiri\u00f3 en mayo de 2021. Contar\u00e1 con la presencia de la rectora de la instituci\u00f3n, Rosa Aguilar; Vicente Cabedo Mallol, presidente de la RUIA; y Beatriz Triana P\u00e9rez, representante de la RUIA, adscrita al Departamento de Psicolog\u00eda Evolutiva y de la Educaci\u00f3n del centro tinerfe\u00f1o.<\/p>\n<p class=\"p3\">La inauguraci\u00f3n propiamente dicha del seminario ser\u00e1 ese mismo d\u00eda a las 9:30, con una mesa compuesta por el vicerrector de Investigaci\u00f3n y Transferencia, Ernesto Pereda; la directora general de Protecci\u00f3n a la Infancia y la Familia de la Consejer\u00eda de Derechos Sociales, Igualdad, Diversidad y Juventud del Gobierno de Canarias, Yolanda Iratxe Serrano \u00c1vila; y la directora del seminario, la profesora del Departamento de Disciplinas Jur\u00eddicas B\u00e1sicas M\u00aa Ar\u00e1nzazu Calzadilla Medina.<\/p>\n","protected":false},"excerpt":{"rendered":"<p>El Grupo de investigaci\u00f3n \u201cDerecho, persona y familia\u201d y el Centro de Documentaci\u00f3n Europea de la Universidad de La Laguna&#8230;<\/p>\n","protected":false},"author":21,"featured_media":65841,"comment_status":"closed","ping_status":"closed","sticky":false,"template":"","format":"standard","meta":{"inline_featured_image":false,"footnotes":""},"categories":[345,3799,350,2765],"tags":[530,9299,9295,9297,9298,2367,9296],"acf":[],"yoast_head":"<!-- This site is optimized with the Yoast SEO plugin v21.3 - https:\/\/yoast.com\/wordpress\/plugins\/seo\/ -->\n<title>La ULL aborda la protecci\u00f3n infantil frente a la violencia deportiva<\/title>\n<meta name=\"description\" content=\"El II Seminario sobre los Derechos de la Infancia y la Adolescencia tratar\u00e1 la protecci\u00f3n jur\u00eddica frente a la violencia deportiva.\" \/>\n<meta name=\"robots\" content=\"index, follow, max-snippet:-1, max-image-preview:large, max-video-preview:-1\" \/>\n<link rel=\"canonical\" href=\"https:\/\/www.ull.es\/portal\/noticias\/2022\/seminario-derechos-infancia-adolescencia-proteccion-juridica-violencia-deportiva\/\" \/>\n<meta property=\"og:locale\" content=\"es_ES\" \/>\n<meta property=\"og:type\" content=\"article\" \/>\n<meta property=\"og:title\" content=\"La ULL aborda la protecci\u00f3n infantil frente a la violencia deportiva\" \/>\n<meta property=\"og:description\" content=\"El II Seminario sobre los Derechos de la Infancia y la Adolescencia tratar\u00e1 la protecci\u00f3n jur\u00eddica frente a la violencia deportiva.\" \/>\n<meta property=\"og:url\" content=\"https:\/\/www.ull.es\/portal\/noticias\/2022\/seminario-derechos-infancia-adolescencia-proteccion-juridica-violencia-deportiva\/\" \/>\n<meta property=\"og:site_name\" content=\"ULL - Noticias\" \/>\n<meta property=\"article:publisher\" content=\"https:\/\/www.facebook.com\/universidaddelalaguna\/\" \/>\n<meta property=\"article:published_time\" content=\"2022-11-02T13:03:29+00:00\" \/>\n<meta property=\"og:image\" content=\"https:\/\/www.ull.es\/portal\/noticias\/wp-content\/uploads\/sites\/13\/2022\/11\/Bannerviolenciadeporte.png\" \/>\n\t<meta property=\"og:image:width\" content=\"700\" \/>\n\t<meta property=\"og:image:height\" content=\"350\" \/>\n\t<meta property=\"og:image:type\" content=\"image\/png\" \/>\n<meta name=\"author\" content=\"prensa2\" \/>\n<meta name=\"twitter:card\" content=\"summary_large_image\" \/>\n<meta name=\"twitter:creator\" content=\"@CanalULL\" \/>\n<meta name=\"twitter:site\" content=\"@CanalULL\" \/>\n<meta name=\"twitter:label1\" content=\"Escrito por\" \/>\n\t<meta name=\"twitter:data1\" content=\"prensa2\" \/>\n\t<meta name=\"twitter:label2\" content=\"Tiempo de lectura\" \/>\n\t<meta name=\"twitter:data2\" content=\"2 minutos\" \/>\n<script type=\"application\/ld+json\" class=\"yoast-schema-graph\">{\"@context\":\"https:\/\/schema.org\",\"@graph\":[{\"@type\":\"WebPage\",\"@id\":\"https:\/\/www.ull.es\/portal\/noticias\/2022\/seminario-derechos-infancia-adolescencia-proteccion-juridica-violencia-deportiva\/\",\"url\":\"https:\/\/www.ull.es\/portal\/noticias\/2022\/seminario-derechos-infancia-adolescencia-proteccion-juridica-violencia-deportiva\/\",\"name\":\"La ULL aborda la protecci\u00f3n infantil frente a la violencia deportiva\",\"isPartOf\":{\"@id\":\"https:\/\/www.ull.es\/portal\/noticias\/#website\"},\"datePublished\":\"2022-11-02T13:03:29+00:00\",\"dateModified\":\"2022-11-02T13:03:29+00:00\",\"author\":{\"@id\":\"https:\/\/www.ull.es\/portal\/noticias\/#\/schema\/person\/c3b2aa857797592927a03740d6664376\"},\"description\":\"El II Seminario sobre los Derechos de la Infancia y la Adolescencia tratar\u00e1 la protecci\u00f3n jur\u00eddica frente a la violencia deportiva.\",\"breadcrumb\":{\"@id\":\"https:\/\/www.ull.es\/portal\/noticias\/2022\/seminario-derechos-infancia-adolescencia-proteccion-juridica-violencia-deportiva\/#breadcrumb\"},\"inLanguage\":\"es\",\"potentialAction\":[{\"@type\":\"ReadAction\",\"target\":[\"https:\/\/www.ull.es\/portal\/noticias\/2022\/seminario-derechos-infancia-adolescencia-proteccion-juridica-violencia-deportiva\/\"]}]},{\"@type\":\"BreadcrumbList\",\"@id\":\"https:\/\/www.ull.es\/portal\/noticias\/2022\/seminario-derechos-infancia-adolescencia-proteccion-juridica-violencia-deportiva\/#breadcrumb\",\"itemListElement\":[{\"@type\":\"ListItem\",\"position\":1,\"name\":\"Portada\",\"item\":\"https:\/\/www.ull.es\/portal\/noticias\/\"},{\"@type\":\"ListItem\",\"position\":2,\"name\":\"Un seminario sobre derechos de la infancia y adolescencia aborda la protecci\u00f3n jur\u00eddica frente a la violencia deportiva\"}]},{\"@type\":\"WebSite\",\"@id\":\"https:\/\/www.ull.es\/portal\/noticias\/#website\",\"url\":\"https:\/\/www.ull.es\/portal\/noticias\/\",\"name\":\"ULL - Noticias\",\"description\":\"\",\"potentialAction\":[{\"@type\":\"SearchAction\",\"target\":{\"@type\":\"EntryPoint\",\"urlTemplate\":\"https:\/\/www.ull.es\/portal\/noticias\/?s={search_term_string}\"},\"query-input\":\"required name=search_term_string\"}],\"inLanguage\":\"es\"},{\"@type\":\"Person\",\"@id\":\"https:\/\/www.ull.es\/portal\/noticias\/#\/schema\/person\/c3b2aa857797592927a03740d6664376\",\"name\":\"prensa2\",\"image\":{\"@type\":\"ImageObject\",\"inLanguage\":\"es\",\"@id\":\"https:\/\/www.ull.es\/portal\/noticias\/#\/schema\/person\/image\/\",\"url\":\"https:\/\/secure.gravatar.com\/avatar\/b58f310a5de5feb33d1e026d2493f23c?s=96&d=mm&r=g\",\"contentUrl\":\"https:\/\/secure.gravatar.com\/avatar\/b58f310a5de5feb33d1e026d2493f23c?s=96&d=mm&r=g\",\"caption\":\"prensa2\"},\"url\":\"https:\/\/www.ull.es\/portal\/noticias\/author\/prensa2\/\"}]}<\/script>\n<!-- \/ Yoast SEO plugin. -->","yoast_head_json":{"title":"La ULL aborda la protecci\u00f3n infantil frente a la violencia deportiva","description":"El II Seminario sobre los Derechos de la Infancia y la Adolescencia tratar\u00e1 la protecci\u00f3n jur\u00eddica frente a la violencia deportiva.","robots":{"index":"index","follow":"follow","max-snippet":"max-snippet:-1","max-image-preview":"max-image-preview:large","max-video-preview":"max-video-preview:-1"},"canonical":"https:\/\/www.ull.es\/portal\/noticias\/2022\/seminario-derechos-infancia-adolescencia-proteccion-juridica-violencia-deportiva\/","og_locale":"es_ES","og_type":"article","og_title":"La ULL aborda la protecci\u00f3n infantil frente a la violencia deportiva","og_description":"El II Seminario sobre los Derechos de la Infancia y la Adolescencia tratar\u00e1 la protecci\u00f3n jur\u00eddica frente a la violencia deportiva.","og_url":"https:\/\/www.ull.es\/portal\/noticias\/2022\/seminario-derechos-infancia-adolescencia-proteccion-juridica-violencia-deportiva\/","og_site_name":"ULL - Noticias","article_publisher":"https:\/\/www.facebook.com\/universidaddelalaguna\/","article_published_time":"2022-11-02T13:03:29+00:00","og_image":[{"width":700,"height":350,"url":"https:\/\/www.ull.es\/portal\/noticias\/wp-content\/uploads\/sites\/13\/2022\/11\/Bannerviolenciadeporte.png","type":"image\/png"}],"author":"prensa2","twitter_card":"summary_large_image","twitter_creator":"@CanalULL","twitter_site":"@CanalULL","twitter_misc":{"Escrito por":"prensa2","Tiempo de lectura":"2 minutos"},"schema":{"@context":"https:\/\/schema.org","@graph":[{"@type":"WebPage","@id":"https:\/\/www.ull.es\/portal\/noticias\/2022\/seminario-derechos-infancia-adolescencia-proteccion-juridica-violencia-deportiva\/","url":"https:\/\/www.ull.es\/portal\/noticias\/2022\/seminario-derechos-infancia-adolescencia-proteccion-juridica-violencia-deportiva\/","name":"La ULL aborda la protecci\u00f3n infantil frente a la violencia deportiva","isPartOf":{"@id":"https:\/\/www.ull.es\/portal\/noticias\/#website"},"datePublished":"2022-11-02T13:03:29+00:00","dateModified":"2022-11-02T13:03:29+00:00","author":{"@id":"https:\/\/www.ull.es\/portal\/noticias\/#\/schema\/person\/c3b2aa857797592927a03740d6664376"},"description":"El II Seminario sobre los Derechos de la Infancia y la Adolescencia tratar\u00e1 la protecci\u00f3n jur\u00eddica frente a la violencia deportiva.","breadcrumb":{"@id":"https:\/\/www.ull.es\/portal\/noticias\/2022\/seminario-derechos-infancia-adolescencia-proteccion-juridica-violencia-deportiva\/#breadcrumb"},"inLanguage":"es","potentialAction":[{"@type":"ReadAction","target":["https:\/\/www.ull.es\/portal\/noticias\/2022\/seminario-derechos-infancia-adolescencia-proteccion-juridica-violencia-deportiva\/"]}]},{"@type":"BreadcrumbList","@id":"https:\/\/www.ull.es\/portal\/noticias\/2022\/seminario-derechos-infancia-adolescencia-proteccion-juridica-violencia-deportiva\/#breadcrumb","itemListElement":[{"@type":"ListItem","position":1,"name":"Portada","item":"https:\/\/www.ull.es\/portal\/noticias\/"},{"@type":"ListItem","position":2,"name":"Un seminario sobre derechos de la infancia y adolescencia aborda la protecci\u00f3n jur\u00eddica frente a la violencia deportiva"}]},{"@type":"WebSite","@id":"https:\/\/www.ull.es\/portal\/noticias\/#website","url":"https:\/\/www.ull.es\/portal\/noticias\/","name":"ULL - Noticias","description":"","potentialAction":[{"@type":"SearchAction","target":{"@type":"EntryPoint","urlTemplate":"https:\/\/www.ull.es\/portal\/noticias\/?s={search_term_string}"},"query-input":"required name=search_term_string"}],"inLanguage":"es"},{"@type":"Person","@id":"https:\/\/www.ull.es\/portal\/noticias\/#\/schema\/person\/c3b2aa857797592927a03740d6664376","name":"prensa2","image":{"@type":"ImageObject","inLanguage":"es","@id":"https:\/\/www.ull.es\/portal\/noticias\/#\/schema\/person\/image\/","url":"https:\/\/secure.gravatar.com\/avatar\/b58f310a5de5feb33d1e026d2493f23c?s=96&d=mm&r=g","contentUrl":"https:\/\/secure.gravatar.com\/avatar\/b58f310a5de5feb33d1e026d2493f23c?s=96&d=mm&r=g","caption":"prensa2"},"url":"https:\/\/www.ull.es\/portal\/noticias\/author\/prensa2\/"}]}},"primary_category":{"id":345,"name":"Destacado","slug":"destacado","link":"https:\/\/www.ull.es\/portal\/noticias\/category\/destacado\/"},"featured_image_thumbnail_url":"https:\/\/www.ull.es\/portal\/noticias\/wp-content\/uploads\/sites\/13\/2022\/11\/Bannerviolenciadeporte-300x150.png","_links":{"self":[{"href":"https:\/\/www.ull.es\/portal\/noticias\/wp-json\/wp\/v2\/posts\/65840"}],"collection":[{"href":"https:\/\/www.ull.es\/portal\/noticias\/wp-json\/wp\/v2\/posts"}],"about":[{"href":"https:\/\/www.ull.es\/portal\/noticias\/wp-json\/wp\/v2\/types\/post"}],"author":[{"embeddable":true,"href":"https:\/\/www.ull.es\/portal\/noticias\/wp-json\/wp\/v2\/users\/21"}],"replies":[{"embeddable":true,"href":"https:\/\/www.ull.es\/portal\/noticias\/wp-json\/wp\/v2\/comments?post=65840"}],"version-history":[{"count":1,"href":"https:\/\/www.ull.es\/portal\/noticias\/wp-json\/wp\/v2\/posts\/65840\/revisions"}],"predecessor-version":[{"id":65842,"href":"https:\/\/www.ull.es\/portal\/noticias\/wp-json\/wp\/v2\/posts\/65840\/revisions\/65842"}],"wp:featuredmedia":[{"embeddable":true,"href":"https:\/\/www.ull.es\/portal\/noticias\/wp-json\/wp\/v2\/media\/65841"}],"wp:attachment":[{"href":"https:\/\/www.ull.es\/portal\/noticias\/wp-json\/wp\/v2\/media?parent=65840"}],"wp:term":[{"taxonomy":"category","embeddable":true,"href":"https:\/\/www.ull.es\/portal\/noticias\/wp-json\/wp\/v2\/categories?post=65840"},{"taxonomy":"post_tag","embeddable":true,"href":"https:\/\/www.ull.es\/portal\/noticias\/wp-json\/wp\/v2\/tags?post=65840"}],"curies":[{"name":"wp","href":"https:\/\/api.w.org\/{rel}","templated":true}]}}