{"id":65861,"date":"2022-11-03T11:58:02","date_gmt":"2022-11-03T11:58:02","guid":{"rendered":"https:\/\/www.ull.es\/portal\/noticias\/?p=65861"},"modified":"2022-11-03T11:58:02","modified_gmt":"2022-11-03T11:58:02","slug":"congreso-estudios-genero-teoria-queer","status":"publish","type":"post","link":"https:\/\/www.ull.es\/portal\/noticias\/2022\/congreso-estudios-genero-teoria-queer\/","title":{"rendered":"La ULL coorganiza un congreso internacional sobre Estudios de G\u00e9nero y Teor\u00eda Queer"},"content":{"rendered":"<p class=\"p3\">El Departamento de Filolog\u00eda Espa\u00f1ola de la Universidad de La Laguna y la Facultad de Letras Espa\u00f1olas de la Universidad Veracruzana de M\u00e9xico han organizado conjuntamente el <a href=\"https:\/\/www.ull.es\/portal\/agenda\/evento\/iv-congreso-internacional-de-estudios-de-genero-y-teoria-queer-genero-subjetividades-disidencias-memorias-y-presentes\/\" target=\"_blank\" rel=\"noopener\" target=\"_blank\" rel=\"noopener\"><span class=\"s3\">IV Congreso Internacional de Estudios de G\u00e9nero y Teor\u00eda Queer<\/span><\/a>, que este a\u00f1o se celebrar\u00e1, bajo el lema \u201cG\u00e9nero, subjetividades, disidencias: memorias y presentes\u201d, del 8 al 11 de noviembre en el Campus de Guajara. El horario ser\u00e1 de tarde, para facilitar la asistencia telem\u00e1tica de congresistas americanos.<\/p>\n<p class=\"p3\">Este congreso persigue, por un lado, articular las aportaciones que desde los estudios de g\u00e9nero y las teor\u00edas queer\/cuir se est\u00e1n desarrollando en el nuevo paradigma inaugurado por la COVID, un virus no solo biol\u00f3gico, sino tambi\u00e9n atravesado por las discusiones sobre el g\u00e9nero, la raza, la colonialidad o la clase. A su vez, el congreso tiene como objetivo reivindicar la necesidad de articular un puente entre esta nueva realidad global y las luchas, discusiones y proyectos que la pandemia disloc\u00f3.<span class=\"Apple-converted-space\">\u00a0<\/span><\/p>\n<p class=\"p3\">As\u00ed, de manera espec\u00edfica, el congreso tiene como objetivos, adem\u00e1s de esa reflexi\u00f3n tras la COVID, reivindicar la necesidad de articular un puente entre esta nueva realidad global y las luchas, discusiones y proyectos que la pandemia disloc\u00f3; entender los archivos, la memoria, las narrativas personales y colectivas de las experiencias de las mujeres y de las disidencias sexogen\u00e9ricas como herramientas para comprender pol\u00edticas pr\u00e1cticas de opresi\u00f3n; y estudiar las aportaciones desde el activismo tanto art\u00edstico como de los colectivos feministas y transfeministas, los de disidencia sexogen\u00e9rica o de reivindicaci\u00f3n de la memoria de las personas diversas y las pol\u00edticas de reparaci\u00f3n.<span class=\"Apple-converted-space\">\u00a0<\/span><\/p>\n<p class=\"p3\">La conferencia inaugural correr\u00e1 a cargo de la activista Carla Antonelli, titulada \u201cCr\u00f3nica de una lucha necesaria: Ley para la igualdad real y efectiva de las personas trans y para la garant\u00eda de los derechos de las personas LGTBI\u201d. A lo largo de los cuatro d\u00edas de duraci\u00f3n del congreso, se alternar\u00e1n las sesiones de comunicaciones con las conferencias plenarias, mesas redondas, presentaciones de libros y alguna representaci\u00f3n esc\u00e9nica a cargo de la Agrupaci\u00f3n de Teatro de Filolog\u00eda.<span class=\"Apple-converted-space\">\u00a0<\/span><\/p>\n<p class=\"p3\">El congreso tambi\u00e9n ser\u00e1 el marco para la presentaci\u00f3n del Archivo Digital de la Memoria Hist\u00f3rica de las Disidencias Sexuales y de G\u00e9nero de Canarias, a cargo del equipo de la Direcci\u00f3n General de Diversidad de la Consejer\u00eda de Derechos Sociales, Igualdad, Diversidad y Juventud del Gobierno de Canarias.<\/p>\n<p class=\"p3\">El congreso est\u00e1 dirigido por Jos\u00e9 Antonio Ramos Arteaga, del Departamento de Filolog\u00eda Espa\u00f1ola de la Universidad de La Laguna; y Mar\u00eda Guadalupe Flores Grajales y V\u00edctor Sa\u00fal Villegas Mart\u00ednez, ambos de la Facultad de Letras Espa\u00f1olas, Universidad Veracruzana de M\u00e9xico. La asistencia e inscripci\u00f3n a las ponencias son<span class=\"Apple-converted-space\">\u00a0 <\/span>gratuita, pero ser\u00e1 necesario cumplimentar la <a href=\"https:\/\/sede.fg.ull.es\/es\/curso\/detalle\/a22020277\/iv-congreso-internacional-de-estudios-de-genero-y-teoria-queer-genero-subjetividades-disidencias-memorias-y-presentes\" target=\"_blank\" rel=\"noopener\" target=\"_blank\" rel=\"noopener\"><span class=\"s3\">inscripci\u00f3n<\/span><\/a>. El certificado de asistencia se entregar\u00e1 a quienes est\u00e9n presentes en un m\u00ednimo del 80% de las horas lectivas presenciales, y tambi\u00e9n ser\u00e1 posible recibir un certificado de aprovechamiento convalidable por un cr\u00e9dito ECTS realizando un trabajo aut\u00f3nomo que defina la organizaci\u00f3n.<\/p>\n","protected":false},"excerpt":{"rendered":"<p>El Departamento de Filolog\u00eda Espa\u00f1ola de la Universidad de La Laguna y la Facultad de Letras Espa\u00f1olas de la Universidad&#8230;<\/p>\n","protected":false},"author":21,"featured_media":65862,"comment_status":"closed","ping_status":"closed","sticky":false,"template":"","format":"standard","meta":{"inline_featured_image":false,"footnotes":""},"categories":[345,3408,350,2765],"tags":[891,6956,9305,9304],"acf":[],"yoast_head":"<!-- This site is optimized with the Yoast SEO plugin v21.3 - https:\/\/yoast.com\/wordpress\/plugins\/seo\/ -->\n<title>La ULL acoge un congreso de Estudios de G\u00e9nero y Teor\u00eda Queer<\/title>\n<meta name=\"description\" content=\"Se celebrar\u00e1 en el Campus de Guajara del 8 al 11 de noviembre, coorganizado la ULL y la Universidad Veracruzana de M\u00e9xico.\" \/>\n<meta name=\"robots\" content=\"index, follow, max-snippet:-1, max-image-preview:large, max-video-preview:-1\" \/>\n<link rel=\"canonical\" href=\"https:\/\/www.ull.es\/portal\/noticias\/2022\/congreso-estudios-genero-teoria-queer\/\" \/>\n<meta property=\"og:locale\" content=\"es_ES\" \/>\n<meta property=\"og:type\" content=\"article\" \/>\n<meta property=\"og:title\" content=\"La ULL acoge un congreso de Estudios de G\u00e9nero y Teor\u00eda Queer\" \/>\n<meta property=\"og:description\" content=\"Se celebrar\u00e1 en el Campus de Guajara del 8 al 11 de noviembre, coorganizado la ULL y la Universidad Veracruzana de M\u00e9xico.\" \/>\n<meta property=\"og:url\" content=\"https:\/\/www.ull.es\/portal\/noticias\/2022\/congreso-estudios-genero-teoria-queer\/\" \/>\n<meta property=\"og:site_name\" content=\"ULL - Noticias\" \/>\n<meta property=\"article:publisher\" content=\"https:\/\/www.facebook.com\/universidaddelalaguna\/\" \/>\n<meta property=\"article:published_time\" content=\"2022-11-03T11:58:02+00:00\" \/>\n<meta property=\"og:image\" content=\"https:\/\/www.ull.es\/portal\/noticias\/wp-content\/uploads\/sites\/13\/2022\/11\/BannerQueer.png\" \/>\n\t<meta property=\"og:image:width\" content=\"700\" \/>\n\t<meta property=\"og:image:height\" content=\"350\" \/>\n\t<meta property=\"og:image:type\" content=\"image\/png\" \/>\n<meta name=\"author\" content=\"prensa2\" \/>\n<meta name=\"twitter:card\" content=\"summary_large_image\" \/>\n<meta name=\"twitter:creator\" content=\"@CanalULL\" \/>\n<meta name=\"twitter:site\" content=\"@CanalULL\" \/>\n<meta name=\"twitter:label1\" content=\"Escrito por\" \/>\n\t<meta name=\"twitter:data1\" content=\"prensa2\" \/>\n\t<meta name=\"twitter:label2\" content=\"Tiempo de lectura\" \/>\n\t<meta name=\"twitter:data2\" content=\"3 minutos\" \/>\n<script type=\"application\/ld+json\" class=\"yoast-schema-graph\">{\"@context\":\"https:\/\/schema.org\",\"@graph\":[{\"@type\":\"WebPage\",\"@id\":\"https:\/\/www.ull.es\/portal\/noticias\/2022\/congreso-estudios-genero-teoria-queer\/\",\"url\":\"https:\/\/www.ull.es\/portal\/noticias\/2022\/congreso-estudios-genero-teoria-queer\/\",\"name\":\"La ULL acoge un congreso de Estudios de G\u00e9nero y Teor\u00eda Queer\",\"isPartOf\":{\"@id\":\"https:\/\/www.ull.es\/portal\/noticias\/#website\"},\"datePublished\":\"2022-11-03T11:58:02+00:00\",\"dateModified\":\"2022-11-03T11:58:02+00:00\",\"author\":{\"@id\":\"https:\/\/www.ull.es\/portal\/noticias\/#\/schema\/person\/c3b2aa857797592927a03740d6664376\"},\"description\":\"Se celebrar\u00e1 en el Campus de Guajara del 8 al 11 de noviembre, coorganizado la ULL y la Universidad Veracruzana de M\u00e9xico.\",\"breadcrumb\":{\"@id\":\"https:\/\/www.ull.es\/portal\/noticias\/2022\/congreso-estudios-genero-teoria-queer\/#breadcrumb\"},\"inLanguage\":\"es\",\"potentialAction\":[{\"@type\":\"ReadAction\",\"target\":[\"https:\/\/www.ull.es\/portal\/noticias\/2022\/congreso-estudios-genero-teoria-queer\/\"]}]},{\"@type\":\"BreadcrumbList\",\"@id\":\"https:\/\/www.ull.es\/portal\/noticias\/2022\/congreso-estudios-genero-teoria-queer\/#breadcrumb\",\"itemListElement\":[{\"@type\":\"ListItem\",\"position\":1,\"name\":\"Portada\",\"item\":\"https:\/\/www.ull.es\/portal\/noticias\/\"},{\"@type\":\"ListItem\",\"position\":2,\"name\":\"La ULL coorganiza un congreso internacional sobre Estudios de G\u00e9nero y Teor\u00eda Queer\"}]},{\"@type\":\"WebSite\",\"@id\":\"https:\/\/www.ull.es\/portal\/noticias\/#website\",\"url\":\"https:\/\/www.ull.es\/portal\/noticias\/\",\"name\":\"ULL - Noticias\",\"description\":\"\",\"potentialAction\":[{\"@type\":\"SearchAction\",\"target\":{\"@type\":\"EntryPoint\",\"urlTemplate\":\"https:\/\/www.ull.es\/portal\/noticias\/?s={search_term_string}\"},\"query-input\":\"required name=search_term_string\"}],\"inLanguage\":\"es\"},{\"@type\":\"Person\",\"@id\":\"https:\/\/www.ull.es\/portal\/noticias\/#\/schema\/person\/c3b2aa857797592927a03740d6664376\",\"name\":\"prensa2\",\"image\":{\"@type\":\"ImageObject\",\"inLanguage\":\"es\",\"@id\":\"https:\/\/www.ull.es\/portal\/noticias\/#\/schema\/person\/image\/\",\"url\":\"https:\/\/secure.gravatar.com\/avatar\/b58f310a5de5feb33d1e026d2493f23c?s=96&d=mm&r=g\",\"contentUrl\":\"https:\/\/secure.gravatar.com\/avatar\/b58f310a5de5feb33d1e026d2493f23c?s=96&d=mm&r=g\",\"caption\":\"prensa2\"},\"url\":\"https:\/\/www.ull.es\/portal\/noticias\/author\/prensa2\/\"}]}<\/script>\n<!-- \/ Yoast SEO plugin. -->","yoast_head_json":{"title":"La ULL acoge un congreso de Estudios de G\u00e9nero y Teor\u00eda Queer","description":"Se celebrar\u00e1 en el Campus de Guajara del 8 al 11 de noviembre, coorganizado la ULL y la Universidad Veracruzana de M\u00e9xico.","robots":{"index":"index","follow":"follow","max-snippet":"max-snippet:-1","max-image-preview":"max-image-preview:large","max-video-preview":"max-video-preview:-1"},"canonical":"https:\/\/www.ull.es\/portal\/noticias\/2022\/congreso-estudios-genero-teoria-queer\/","og_locale":"es_ES","og_type":"article","og_title":"La ULL acoge un congreso de Estudios de G\u00e9nero y Teor\u00eda Queer","og_description":"Se celebrar\u00e1 en el Campus de Guajara del 8 al 11 de noviembre, coorganizado la ULL y la Universidad Veracruzana de M\u00e9xico.","og_url":"https:\/\/www.ull.es\/portal\/noticias\/2022\/congreso-estudios-genero-teoria-queer\/","og_site_name":"ULL - Noticias","article_publisher":"https:\/\/www.facebook.com\/universidaddelalaguna\/","article_published_time":"2022-11-03T11:58:02+00:00","og_image":[{"width":700,"height":350,"url":"https:\/\/www.ull.es\/portal\/noticias\/wp-content\/uploads\/sites\/13\/2022\/11\/BannerQueer.png","type":"image\/png"}],"author":"prensa2","twitter_card":"summary_large_image","twitter_creator":"@CanalULL","twitter_site":"@CanalULL","twitter_misc":{"Escrito por":"prensa2","Tiempo de lectura":"3 minutos"},"schema":{"@context":"https:\/\/schema.org","@graph":[{"@type":"WebPage","@id":"https:\/\/www.ull.es\/portal\/noticias\/2022\/congreso-estudios-genero-teoria-queer\/","url":"https:\/\/www.ull.es\/portal\/noticias\/2022\/congreso-estudios-genero-teoria-queer\/","name":"La ULL acoge un congreso de Estudios de G\u00e9nero y Teor\u00eda Queer","isPartOf":{"@id":"https:\/\/www.ull.es\/portal\/noticias\/#website"},"datePublished":"2022-11-03T11:58:02+00:00","dateModified":"2022-11-03T11:58:02+00:00","author":{"@id":"https:\/\/www.ull.es\/portal\/noticias\/#\/schema\/person\/c3b2aa857797592927a03740d6664376"},"description":"Se celebrar\u00e1 en el Campus de Guajara del 8 al 11 de noviembre, coorganizado la ULL y la Universidad Veracruzana de M\u00e9xico.","breadcrumb":{"@id":"https:\/\/www.ull.es\/portal\/noticias\/2022\/congreso-estudios-genero-teoria-queer\/#breadcrumb"},"inLanguage":"es","potentialAction":[{"@type":"ReadAction","target":["https:\/\/www.ull.es\/portal\/noticias\/2022\/congreso-estudios-genero-teoria-queer\/"]}]},{"@type":"BreadcrumbList","@id":"https:\/\/www.ull.es\/portal\/noticias\/2022\/congreso-estudios-genero-teoria-queer\/#breadcrumb","itemListElement":[{"@type":"ListItem","position":1,"name":"Portada","item":"https:\/\/www.ull.es\/portal\/noticias\/"},{"@type":"ListItem","position":2,"name":"La ULL coorganiza un congreso internacional sobre Estudios de G\u00e9nero y Teor\u00eda Queer"}]},{"@type":"WebSite","@id":"https:\/\/www.ull.es\/portal\/noticias\/#website","url":"https:\/\/www.ull.es\/portal\/noticias\/","name":"ULL - Noticias","description":"","potentialAction":[{"@type":"SearchAction","target":{"@type":"EntryPoint","urlTemplate":"https:\/\/www.ull.es\/portal\/noticias\/?s={search_term_string}"},"query-input":"required name=search_term_string"}],"inLanguage":"es"},{"@type":"Person","@id":"https:\/\/www.ull.es\/portal\/noticias\/#\/schema\/person\/c3b2aa857797592927a03740d6664376","name":"prensa2","image":{"@type":"ImageObject","inLanguage":"es","@id":"https:\/\/www.ull.es\/portal\/noticias\/#\/schema\/person\/image\/","url":"https:\/\/secure.gravatar.com\/avatar\/b58f310a5de5feb33d1e026d2493f23c?s=96&d=mm&r=g","contentUrl":"https:\/\/secure.gravatar.com\/avatar\/b58f310a5de5feb33d1e026d2493f23c?s=96&d=mm&r=g","caption":"prensa2"},"url":"https:\/\/www.ull.es\/portal\/noticias\/author\/prensa2\/"}]}},"primary_category":{"id":345,"name":"Destacado","slug":"destacado","link":"https:\/\/www.ull.es\/portal\/noticias\/category\/destacado\/"},"featured_image_thumbnail_url":"https:\/\/www.ull.es\/portal\/noticias\/wp-content\/uploads\/sites\/13\/2022\/11\/BannerQueer-300x150.png","_links":{"self":[{"href":"https:\/\/www.ull.es\/portal\/noticias\/wp-json\/wp\/v2\/posts\/65861"}],"collection":[{"href":"https:\/\/www.ull.es\/portal\/noticias\/wp-json\/wp\/v2\/posts"}],"about":[{"href":"https:\/\/www.ull.es\/portal\/noticias\/wp-json\/wp\/v2\/types\/post"}],"author":[{"embeddable":true,"href":"https:\/\/www.ull.es\/portal\/noticias\/wp-json\/wp\/v2\/users\/21"}],"replies":[{"embeddable":true,"href":"https:\/\/www.ull.es\/portal\/noticias\/wp-json\/wp\/v2\/comments?post=65861"}],"version-history":[{"count":1,"href":"https:\/\/www.ull.es\/portal\/noticias\/wp-json\/wp\/v2\/posts\/65861\/revisions"}],"predecessor-version":[{"id":65863,"href":"https:\/\/www.ull.es\/portal\/noticias\/wp-json\/wp\/v2\/posts\/65861\/revisions\/65863"}],"wp:featuredmedia":[{"embeddable":true,"href":"https:\/\/www.ull.es\/portal\/noticias\/wp-json\/wp\/v2\/media\/65862"}],"wp:attachment":[{"href":"https:\/\/www.ull.es\/portal\/noticias\/wp-json\/wp\/v2\/media?parent=65861"}],"wp:term":[{"taxonomy":"category","embeddable":true,"href":"https:\/\/www.ull.es\/portal\/noticias\/wp-json\/wp\/v2\/categories?post=65861"},{"taxonomy":"post_tag","embeddable":true,"href":"https:\/\/www.ull.es\/portal\/noticias\/wp-json\/wp\/v2\/tags?post=65861"}],"curies":[{"name":"wp","href":"https:\/\/api.w.org\/{rel}","templated":true}]}}