{"id":65912,"date":"2022-11-07T14:49:51","date_gmt":"2022-11-07T14:49:51","guid":{"rendered":"https:\/\/www.ull.es\/portal\/noticias\/?p=65912"},"modified":"2022-11-07T14:49:51","modified_gmt":"2022-11-07T14:49:51","slug":"arla-antonelli-congreso-estudios-genero-teoria-queer-ull","status":"publish","type":"post","link":"https:\/\/www.ull.es\/portal\/noticias\/2022\/arla-antonelli-congreso-estudios-genero-teoria-queer-ull\/","title":{"rendered":"La activista Carla Antonelli abre ma\u00f1ana el congreso sobre estudios de g\u00e9nero y teor\u00eda queer de la ULL"},"content":{"rendered":"<p class=\"p2\">El Aulario de Guajara acoge a partir de ma\u00f1ana, martes 8 de noviembre, y hasta el d\u00eda 11 del mismo mes, el <a href=\"https:\/\/www.ull.es\/portal\/agenda\/evento\/iv-congreso-internacional-de-estudios-de-genero-y-teoria-queer-genero-subjetividades-disidencias-memorias-y-presentes\/\" target=\"_blank\" rel=\"noopener\" target=\"_blank\" rel=\"noopener\"><span class=\"s2\">IV Congreso Internacional de Estudios de G\u00e9nero y Teor\u00eda Queer<\/span><\/a>, cuyo lema de este a\u00f1o es \u201cG\u00e9nero, subjetividades, disidencias: memorias y presentes\u201d. La inauguraci\u00f3n formal, con presencia de la rectora de la Universidad de La Laguna, Rosa Aguilar, ser\u00e1 a las 15:30 horas, y la seguir\u00e1 a las 16:00 la activista Carla Antonelli, ponente inaugural con la conferencia \u201cCr\u00f3nica de una lucha necesaria: Ley para la igualdad real y efectiva de las personas trans y para la garant\u00eda de los derechos de las personas LGTBI\u201d.<\/p>\n<p class=\"p2\">El congreso est\u00e1 organizado conjuntamente por el Departamento de Filolog\u00eda Espa\u00f1ola de la Universidad de La Laguna y la Facultad de Letras Espa\u00f1olas de la Universidad Veracruzana de M\u00e9xico y por ello se han organizado todas las sesiones de tarde, para facilitar la asistencia telem\u00e1tica de congresistas americanos. Est\u00e1 dirigido por Jos\u00e9 Antonio Ramos Arteaga, por parte de la instituci\u00f3n tinerfe\u00f1a, y Mar\u00eda Guadalupe Flores Grajales y V\u00edctor Sa\u00fal Villegas Mart\u00ednez, por parte de la mexicana.<span class=\"Apple-converted-space\">\u00a0<\/span><\/p>\n<p class=\"p2\">El congreso abordar\u00e1 muchos asuntos, en especial la situaci\u00f3n de los estudios de g\u00e9nero y la teor\u00eda queer tras la Covid-19, una enfermedad que cobr\u00f3 tanto protagonismo que ha eliminado cualquier otro asunto del debate p\u00fablico y, por ello, es necesario replantearlos tras la pandemia. Tambi\u00e9n se hablar\u00e1 de la memoria, las narrativas personales y colectivas de las experiencias de las mujeres y de las disidencias sexogen\u00e9ricas como herramientas para comprender pol\u00edticas pr\u00e1cticas de opresi\u00f3n; y de las aportaciones desde el activismo tanto art\u00edstico como de los colectivos feministas y transfeministas, los de disidencia sexogen\u00e9rica o de reivindicaci\u00f3n de la memoria de las personas diversas y las pol\u00edticas de reparaci\u00f3n.<span class=\"Apple-converted-space\">\u00a0<\/span><\/p>\n<p class=\"p2\">El congreso tambi\u00e9n ser\u00e1 el marco para la presentaci\u00f3n del Archivo Digital de la Memoria Hist\u00f3rica de las Disidencias Sexuales y de G\u00e9nero de Canarias, a cargo del equipo de la Direcci\u00f3n General de Diversidad de la Consejer\u00eda de Derechos Sociales, Igualdad, Diversidad y Juventud del Gobierno de Canarias<\/p>\n","protected":false},"excerpt":{"rendered":"<p>El Aulario de Guajara acoge a partir de ma\u00f1ana, martes 8 de noviembre, y hasta el d\u00eda 11 del mismo&#8230;<\/p>\n","protected":false},"author":21,"featured_media":65913,"comment_status":"closed","ping_status":"closed","sticky":false,"template":"","format":"standard","meta":{"inline_featured_image":false,"footnotes":""},"categories":[345,3994,3408,350,2765],"tags":[9315,6956,9305,9304],"acf":[],"yoast_head":"<!-- This site is optimized with the Yoast SEO plugin v21.3 - https:\/\/yoast.com\/wordpress\/plugins\/seo\/ -->\n<title>Carla Antonelli abre el congreso sobre estudios de g\u00e9nero y queer<\/title>\n<meta name=\"description\" content=\"El IV Congreso Internacional de Estudios de G\u00e9nero y Teor\u00eda Queer se celebrar\u00e1 en el Campus de Guajara del 8 al 11 de noviembre.\" \/>\n<meta name=\"robots\" content=\"index, follow, max-snippet:-1, max-image-preview:large, max-video-preview:-1\" \/>\n<link rel=\"canonical\" href=\"https:\/\/www.ull.es\/portal\/noticias\/2022\/arla-antonelli-congreso-estudios-genero-teoria-queer-ull\/\" \/>\n<meta property=\"og:locale\" content=\"es_ES\" \/>\n<meta property=\"og:type\" content=\"article\" \/>\n<meta property=\"og:title\" content=\"Carla Antonelli abre el congreso sobre estudios de g\u00e9nero y queer\" \/>\n<meta property=\"og:description\" content=\"El IV Congreso Internacional de Estudios de G\u00e9nero y Teor\u00eda Queer se celebrar\u00e1 en el Campus de Guajara del 8 al 11 de noviembre.\" \/>\n<meta property=\"og:url\" content=\"https:\/\/www.ull.es\/portal\/noticias\/2022\/arla-antonelli-congreso-estudios-genero-teoria-queer-ull\/\" \/>\n<meta property=\"og:site_name\" content=\"ULL - Noticias\" \/>\n<meta property=\"article:publisher\" content=\"https:\/\/www.facebook.com\/universidaddelalaguna\/\" \/>\n<meta property=\"article:published_time\" content=\"2022-11-07T14:49:51+00:00\" \/>\n<meta property=\"og:image\" content=\"https:\/\/www.ull.es\/portal\/noticias\/wp-content\/uploads\/sites\/13\/2022\/11\/carla-antonellli.jpeg\" \/>\n\t<meta property=\"og:image:width\" content=\"1024\" \/>\n\t<meta property=\"og:image:height\" content=\"683\" \/>\n\t<meta property=\"og:image:type\" content=\"image\/jpeg\" \/>\n<meta name=\"author\" content=\"prensa2\" \/>\n<meta name=\"twitter:card\" content=\"summary_large_image\" \/>\n<meta name=\"twitter:creator\" content=\"@CanalULL\" \/>\n<meta name=\"twitter:site\" content=\"@CanalULL\" \/>\n<meta name=\"twitter:label1\" content=\"Escrito por\" \/>\n\t<meta name=\"twitter:data1\" content=\"prensa2\" \/>\n\t<meta name=\"twitter:label2\" content=\"Tiempo de lectura\" \/>\n\t<meta name=\"twitter:data2\" content=\"2 minutos\" \/>\n<script type=\"application\/ld+json\" class=\"yoast-schema-graph\">{\"@context\":\"https:\/\/schema.org\",\"@graph\":[{\"@type\":\"WebPage\",\"@id\":\"https:\/\/www.ull.es\/portal\/noticias\/2022\/arla-antonelli-congreso-estudios-genero-teoria-queer-ull\/\",\"url\":\"https:\/\/www.ull.es\/portal\/noticias\/2022\/arla-antonelli-congreso-estudios-genero-teoria-queer-ull\/\",\"name\":\"Carla Antonelli abre el congreso sobre estudios de g\u00e9nero y queer\",\"isPartOf\":{\"@id\":\"https:\/\/www.ull.es\/portal\/noticias\/#website\"},\"datePublished\":\"2022-11-07T14:49:51+00:00\",\"dateModified\":\"2022-11-07T14:49:51+00:00\",\"author\":{\"@id\":\"https:\/\/www.ull.es\/portal\/noticias\/#\/schema\/person\/c3b2aa857797592927a03740d6664376\"},\"description\":\"El IV Congreso Internacional de Estudios de G\u00e9nero y Teor\u00eda Queer se celebrar\u00e1 en el Campus de Guajara del 8 al 11 de noviembre.\",\"breadcrumb\":{\"@id\":\"https:\/\/www.ull.es\/portal\/noticias\/2022\/arla-antonelli-congreso-estudios-genero-teoria-queer-ull\/#breadcrumb\"},\"inLanguage\":\"es\",\"potentialAction\":[{\"@type\":\"ReadAction\",\"target\":[\"https:\/\/www.ull.es\/portal\/noticias\/2022\/arla-antonelli-congreso-estudios-genero-teoria-queer-ull\/\"]}]},{\"@type\":\"BreadcrumbList\",\"@id\":\"https:\/\/www.ull.es\/portal\/noticias\/2022\/arla-antonelli-congreso-estudios-genero-teoria-queer-ull\/#breadcrumb\",\"itemListElement\":[{\"@type\":\"ListItem\",\"position\":1,\"name\":\"Portada\",\"item\":\"https:\/\/www.ull.es\/portal\/noticias\/\"},{\"@type\":\"ListItem\",\"position\":2,\"name\":\"La activista Carla Antonelli abre ma\u00f1ana el congreso sobre estudios de g\u00e9nero y teor\u00eda queer de la ULL\"}]},{\"@type\":\"WebSite\",\"@id\":\"https:\/\/www.ull.es\/portal\/noticias\/#website\",\"url\":\"https:\/\/www.ull.es\/portal\/noticias\/\",\"name\":\"ULL - Noticias\",\"description\":\"\",\"potentialAction\":[{\"@type\":\"SearchAction\",\"target\":{\"@type\":\"EntryPoint\",\"urlTemplate\":\"https:\/\/www.ull.es\/portal\/noticias\/?s={search_term_string}\"},\"query-input\":\"required name=search_term_string\"}],\"inLanguage\":\"es\"},{\"@type\":\"Person\",\"@id\":\"https:\/\/www.ull.es\/portal\/noticias\/#\/schema\/person\/c3b2aa857797592927a03740d6664376\",\"name\":\"prensa2\",\"image\":{\"@type\":\"ImageObject\",\"inLanguage\":\"es\",\"@id\":\"https:\/\/www.ull.es\/portal\/noticias\/#\/schema\/person\/image\/\",\"url\":\"https:\/\/secure.gravatar.com\/avatar\/b58f310a5de5feb33d1e026d2493f23c?s=96&d=mm&r=g\",\"contentUrl\":\"https:\/\/secure.gravatar.com\/avatar\/b58f310a5de5feb33d1e026d2493f23c?s=96&d=mm&r=g\",\"caption\":\"prensa2\"},\"url\":\"https:\/\/www.ull.es\/portal\/noticias\/author\/prensa2\/\"}]}<\/script>\n<!-- \/ Yoast SEO plugin. -->","yoast_head_json":{"title":"Carla Antonelli abre el congreso sobre estudios de g\u00e9nero y queer","description":"El IV Congreso Internacional de Estudios de G\u00e9nero y Teor\u00eda Queer se celebrar\u00e1 en el Campus de Guajara del 8 al 11 de noviembre.","robots":{"index":"index","follow":"follow","max-snippet":"max-snippet:-1","max-image-preview":"max-image-preview:large","max-video-preview":"max-video-preview:-1"},"canonical":"https:\/\/www.ull.es\/portal\/noticias\/2022\/arla-antonelli-congreso-estudios-genero-teoria-queer-ull\/","og_locale":"es_ES","og_type":"article","og_title":"Carla Antonelli abre el congreso sobre estudios de g\u00e9nero y queer","og_description":"El IV Congreso Internacional de Estudios de G\u00e9nero y Teor\u00eda Queer se celebrar\u00e1 en el Campus de Guajara del 8 al 11 de noviembre.","og_url":"https:\/\/www.ull.es\/portal\/noticias\/2022\/arla-antonelli-congreso-estudios-genero-teoria-queer-ull\/","og_site_name":"ULL - Noticias","article_publisher":"https:\/\/www.facebook.com\/universidaddelalaguna\/","article_published_time":"2022-11-07T14:49:51+00:00","og_image":[{"width":1024,"height":683,"url":"https:\/\/www.ull.es\/portal\/noticias\/wp-content\/uploads\/sites\/13\/2022\/11\/carla-antonellli.jpeg","type":"image\/jpeg"}],"author":"prensa2","twitter_card":"summary_large_image","twitter_creator":"@CanalULL","twitter_site":"@CanalULL","twitter_misc":{"Escrito por":"prensa2","Tiempo de lectura":"2 minutos"},"schema":{"@context":"https:\/\/schema.org","@graph":[{"@type":"WebPage","@id":"https:\/\/www.ull.es\/portal\/noticias\/2022\/arla-antonelli-congreso-estudios-genero-teoria-queer-ull\/","url":"https:\/\/www.ull.es\/portal\/noticias\/2022\/arla-antonelli-congreso-estudios-genero-teoria-queer-ull\/","name":"Carla Antonelli abre el congreso sobre estudios de g\u00e9nero y queer","isPartOf":{"@id":"https:\/\/www.ull.es\/portal\/noticias\/#website"},"datePublished":"2022-11-07T14:49:51+00:00","dateModified":"2022-11-07T14:49:51+00:00","author":{"@id":"https:\/\/www.ull.es\/portal\/noticias\/#\/schema\/person\/c3b2aa857797592927a03740d6664376"},"description":"El IV Congreso Internacional de Estudios de G\u00e9nero y Teor\u00eda Queer se celebrar\u00e1 en el Campus de Guajara del 8 al 11 de noviembre.","breadcrumb":{"@id":"https:\/\/www.ull.es\/portal\/noticias\/2022\/arla-antonelli-congreso-estudios-genero-teoria-queer-ull\/#breadcrumb"},"inLanguage":"es","potentialAction":[{"@type":"ReadAction","target":["https:\/\/www.ull.es\/portal\/noticias\/2022\/arla-antonelli-congreso-estudios-genero-teoria-queer-ull\/"]}]},{"@type":"BreadcrumbList","@id":"https:\/\/www.ull.es\/portal\/noticias\/2022\/arla-antonelli-congreso-estudios-genero-teoria-queer-ull\/#breadcrumb","itemListElement":[{"@type":"ListItem","position":1,"name":"Portada","item":"https:\/\/www.ull.es\/portal\/noticias\/"},{"@type":"ListItem","position":2,"name":"La activista Carla Antonelli abre ma\u00f1ana el congreso sobre estudios de g\u00e9nero y teor\u00eda queer de la ULL"}]},{"@type":"WebSite","@id":"https:\/\/www.ull.es\/portal\/noticias\/#website","url":"https:\/\/www.ull.es\/portal\/noticias\/","name":"ULL - Noticias","description":"","potentialAction":[{"@type":"SearchAction","target":{"@type":"EntryPoint","urlTemplate":"https:\/\/www.ull.es\/portal\/noticias\/?s={search_term_string}"},"query-input":"required name=search_term_string"}],"inLanguage":"es"},{"@type":"Person","@id":"https:\/\/www.ull.es\/portal\/noticias\/#\/schema\/person\/c3b2aa857797592927a03740d6664376","name":"prensa2","image":{"@type":"ImageObject","inLanguage":"es","@id":"https:\/\/www.ull.es\/portal\/noticias\/#\/schema\/person\/image\/","url":"https:\/\/secure.gravatar.com\/avatar\/b58f310a5de5feb33d1e026d2493f23c?s=96&d=mm&r=g","contentUrl":"https:\/\/secure.gravatar.com\/avatar\/b58f310a5de5feb33d1e026d2493f23c?s=96&d=mm&r=g","caption":"prensa2"},"url":"https:\/\/www.ull.es\/portal\/noticias\/author\/prensa2\/"}]}},"primary_category":{"id":345,"name":"Destacado","slug":"destacado","link":"https:\/\/www.ull.es\/portal\/noticias\/category\/destacado\/"},"featured_image_thumbnail_url":"https:\/\/www.ull.es\/portal\/noticias\/wp-content\/uploads\/sites\/13\/2022\/11\/carla-antonellli-300x200.jpeg","_links":{"self":[{"href":"https:\/\/www.ull.es\/portal\/noticias\/wp-json\/wp\/v2\/posts\/65912"}],"collection":[{"href":"https:\/\/www.ull.es\/portal\/noticias\/wp-json\/wp\/v2\/posts"}],"about":[{"href":"https:\/\/www.ull.es\/portal\/noticias\/wp-json\/wp\/v2\/types\/post"}],"author":[{"embeddable":true,"href":"https:\/\/www.ull.es\/portal\/noticias\/wp-json\/wp\/v2\/users\/21"}],"replies":[{"embeddable":true,"href":"https:\/\/www.ull.es\/portal\/noticias\/wp-json\/wp\/v2\/comments?post=65912"}],"version-history":[{"count":1,"href":"https:\/\/www.ull.es\/portal\/noticias\/wp-json\/wp\/v2\/posts\/65912\/revisions"}],"predecessor-version":[{"id":65914,"href":"https:\/\/www.ull.es\/portal\/noticias\/wp-json\/wp\/v2\/posts\/65912\/revisions\/65914"}],"wp:featuredmedia":[{"embeddable":true,"href":"https:\/\/www.ull.es\/portal\/noticias\/wp-json\/wp\/v2\/media\/65913"}],"wp:attachment":[{"href":"https:\/\/www.ull.es\/portal\/noticias\/wp-json\/wp\/v2\/media?parent=65912"}],"wp:term":[{"taxonomy":"category","embeddable":true,"href":"https:\/\/www.ull.es\/portal\/noticias\/wp-json\/wp\/v2\/categories?post=65912"},{"taxonomy":"post_tag","embeddable":true,"href":"https:\/\/www.ull.es\/portal\/noticias\/wp-json\/wp\/v2\/tags?post=65912"}],"curies":[{"name":"wp","href":"https:\/\/api.w.org\/{rel}","templated":true}]}}