{"id":66224,"date":"2022-11-21T13:49:21","date_gmt":"2022-11-21T13:49:21","guid":{"rendered":"https:\/\/www.ull.es\/portal\/noticias\/?p=66224"},"modified":"2022-11-21T13:49:53","modified_gmt":"2022-11-21T13:49:53","slug":"catedra-enfermeria-apoya-asociacion-canaria-enfermeria-pediatrica","status":"publish","type":"post","link":"https:\/\/www.ull.es\/portal\/noticias\/2022\/catedra-enfermeria-apoya-asociacion-canaria-enfermeria-pediatrica\/","title":{"rendered":"La C\u00e1tedra de Enfermer\u00eda de la ULL apoya la creaci\u00f3n de la Asociaci\u00f3n Canaria de Enfermer\u00eda Pedi\u00e1trica"},"content":{"rendered":"<p>La <a href=\"https:\/\/www.ull.es\/la-universidad\/catedras-institucionales-empresa\/#1599559637077-4ff146ce-2c0d\" target=\"_blank\" rel=\"noopener\" target=\"_blank\" rel=\"noopener\">C\u00e1tedra de Enfermer\u00eda<\/a> de la Universidad de La Laguna y la Organizaci\u00f3n Colegial de Enfermer\u00eda Canaria coorganizaron el acto de presentaci\u00f3n de la Asociaci\u00f3n Canaria de Enfermer\u00eda Pedi\u00e1trica (ACANEP ), que se celebr\u00f3 el pasado jueves 17 de noviembre en el sal\u00f3n de actos de la Facultad de Ciencias de la Salud de la instituci\u00f3n acad\u00e9mica, ubicado en la Secci\u00f3n Enfermer\u00eda.<\/p>\n<p>Al acto acudieron m\u00e1s de 120 personas para apoyar la creaci\u00f3n de esta nueva entidad, incluyendo representaciones del Consejo General de Enfermer\u00eda, el Consejo Canario de Enfermer\u00eda, la Organizaci\u00f3n Colegial de Enfermer\u00eda de Tenerife y Las Palmas, la C\u00e1tedra de Enfermer\u00eda de la Universidad de La Laguna, el Departamento de Enfermer\u00eda de la misma instituci\u00f3n acad\u00e9mica, gerentes y directores de Enfermer\u00eda de diversos centros sanitarios de Canarias, delegados Sindicales de SATSE y CCOO, otras asociaciones de profesionales y pacientes, estudiantes EIR y profesionales de la Enfermer\u00eda bajo colegiaci\u00f3n.<\/p>\n<p>ACANEP es una asociaci\u00f3n de car\u00e1cter cient\u00edfico y sin \u00e1nimo de lucro cuyo objetivo es mejorar el cuidado de la infancia y la adolescencia. Esta presentaci\u00f3n ha servido para dar a conocer los objetivos de la asociaci\u00f3n, debatir sobre el futuro de las especialidades de Enfermer\u00eda y para hacer un reconocimiento a la I Promoci\u00f3n de Enfermeras Especialistas en Pediatr\u00eda de Canarias que finalizaron su formaci\u00f3n recientemente.<\/p>\n<p>Durante el acto, Jos\u00e9 \u00c1ngel Rodr\u00edguez, presidente del Consejo Canario de Enfermer\u00eda, expuso la situaci\u00f3n actual y el futuro de las especialidades de Enfermer\u00eda y, concretamente, de Pediatr\u00eda y su importancia en la sociedad. A continuaci\u00f3n, ACANEP fue propiamente presentada a cargo de Mar\u00eda Pino Marrero y Liliana Quintero, presidenta y vicepresidenta de la nueva entidad, respectivamente. Finalmente, se hizo un reconocimiento a la I Promoci\u00f3n de Enfermeras Especialistas en Pediatr\u00eda de Canarias, que cursaron su especialidad entre 2020 y 2022.<\/p>\n","protected":false},"excerpt":{"rendered":"<p>La C\u00e1tedra de Enfermer\u00eda de la Universidad de La Laguna y la Organizaci\u00f3n Colegial de Enfermer\u00eda Canaria coorganizaron el acto&#8230;<\/p>\n","protected":false},"author":21,"featured_media":66225,"comment_status":"closed","ping_status":"closed","sticky":false,"template":"","format":"standard","meta":{"inline_featured_image":false,"footnotes":""},"categories":[345,3380,4040,348,2765],"tags":[9375,9376,2712,1139,9374],"acf":[],"yoast_head":"<!-- This site is optimized with the Yoast SEO plugin v21.3 - https:\/\/yoast.com\/wordpress\/plugins\/seo\/ -->\n<title>La ULL apoya la Asociaci\u00f3n Canaria de Enfermer\u00eda Pedi\u00e1trica<\/title>\n<meta name=\"description\" content=\"La C\u00e1tedra de Enfermer\u00eda de la ULL y la Organizaci\u00f3n Colegial de Enfermer\u00eda coorganizaron el 17 de noviembre la presentaci\u00f3n de esta entidad.\" \/>\n<meta name=\"robots\" content=\"index, follow, max-snippet:-1, max-image-preview:large, max-video-preview:-1\" \/>\n<link rel=\"canonical\" href=\"https:\/\/www.ull.es\/portal\/noticias\/2022\/catedra-enfermeria-apoya-asociacion-canaria-enfermeria-pediatrica\/\" \/>\n<meta property=\"og:locale\" content=\"es_ES\" \/>\n<meta property=\"og:type\" content=\"article\" \/>\n<meta property=\"og:title\" content=\"La ULL apoya la Asociaci\u00f3n Canaria de Enfermer\u00eda Pedi\u00e1trica\" \/>\n<meta property=\"og:description\" content=\"La C\u00e1tedra de Enfermer\u00eda de la ULL y la Organizaci\u00f3n Colegial de Enfermer\u00eda coorganizaron el 17 de noviembre la presentaci\u00f3n de esta entidad.\" \/>\n<meta property=\"og:url\" content=\"https:\/\/www.ull.es\/portal\/noticias\/2022\/catedra-enfermeria-apoya-asociacion-canaria-enfermeria-pediatrica\/\" \/>\n<meta property=\"og:site_name\" content=\"ULL - Noticias\" \/>\n<meta property=\"article:publisher\" content=\"https:\/\/www.facebook.com\/universidaddelalaguna\/\" \/>\n<meta property=\"article:published_time\" content=\"2022-11-21T13:49:21+00:00\" \/>\n<meta property=\"article:modified_time\" content=\"2022-11-21T13:49:53+00:00\" \/>\n<meta property=\"og:image\" content=\"https:\/\/www.ull.es\/portal\/noticias\/wp-content\/uploads\/sites\/13\/2022\/11\/presentacion-acanep.jpg\" \/>\n\t<meta property=\"og:image:width\" content=\"1200\" \/>\n\t<meta property=\"og:image:height\" content=\"900\" \/>\n\t<meta property=\"og:image:type\" content=\"image\/jpeg\" \/>\n<meta name=\"author\" content=\"prensa2\" \/>\n<meta name=\"twitter:card\" content=\"summary_large_image\" \/>\n<meta name=\"twitter:creator\" content=\"@CanalULL\" \/>\n<meta name=\"twitter:site\" content=\"@CanalULL\" \/>\n<meta name=\"twitter:label1\" content=\"Escrito por\" \/>\n\t<meta name=\"twitter:data1\" content=\"prensa2\" \/>\n\t<meta name=\"twitter:label2\" content=\"Tiempo de lectura\" \/>\n\t<meta name=\"twitter:data2\" content=\"2 minutos\" \/>\n<script type=\"application\/ld+json\" class=\"yoast-schema-graph\">{\"@context\":\"https:\/\/schema.org\",\"@graph\":[{\"@type\":\"WebPage\",\"@id\":\"https:\/\/www.ull.es\/portal\/noticias\/2022\/catedra-enfermeria-apoya-asociacion-canaria-enfermeria-pediatrica\/\",\"url\":\"https:\/\/www.ull.es\/portal\/noticias\/2022\/catedra-enfermeria-apoya-asociacion-canaria-enfermeria-pediatrica\/\",\"name\":\"La ULL apoya la Asociaci\u00f3n Canaria de Enfermer\u00eda Pedi\u00e1trica\",\"isPartOf\":{\"@id\":\"https:\/\/www.ull.es\/portal\/noticias\/#website\"},\"datePublished\":\"2022-11-21T13:49:21+00:00\",\"dateModified\":\"2022-11-21T13:49:53+00:00\",\"author\":{\"@id\":\"https:\/\/www.ull.es\/portal\/noticias\/#\/schema\/person\/c3b2aa857797592927a03740d6664376\"},\"description\":\"La C\u00e1tedra de Enfermer\u00eda de la ULL y la Organizaci\u00f3n Colegial de Enfermer\u00eda coorganizaron el 17 de noviembre la presentaci\u00f3n de esta entidad.\",\"breadcrumb\":{\"@id\":\"https:\/\/www.ull.es\/portal\/noticias\/2022\/catedra-enfermeria-apoya-asociacion-canaria-enfermeria-pediatrica\/#breadcrumb\"},\"inLanguage\":\"es\",\"potentialAction\":[{\"@type\":\"ReadAction\",\"target\":[\"https:\/\/www.ull.es\/portal\/noticias\/2022\/catedra-enfermeria-apoya-asociacion-canaria-enfermeria-pediatrica\/\"]}]},{\"@type\":\"BreadcrumbList\",\"@id\":\"https:\/\/www.ull.es\/portal\/noticias\/2022\/catedra-enfermeria-apoya-asociacion-canaria-enfermeria-pediatrica\/#breadcrumb\",\"itemListElement\":[{\"@type\":\"ListItem\",\"position\":1,\"name\":\"Portada\",\"item\":\"https:\/\/www.ull.es\/portal\/noticias\/\"},{\"@type\":\"ListItem\",\"position\":2,\"name\":\"La C\u00e1tedra de Enfermer\u00eda de la ULL apoya la creaci\u00f3n de la Asociaci\u00f3n Canaria de Enfermer\u00eda Pedi\u00e1trica\"}]},{\"@type\":\"WebSite\",\"@id\":\"https:\/\/www.ull.es\/portal\/noticias\/#website\",\"url\":\"https:\/\/www.ull.es\/portal\/noticias\/\",\"name\":\"ULL - Noticias\",\"description\":\"\",\"potentialAction\":[{\"@type\":\"SearchAction\",\"target\":{\"@type\":\"EntryPoint\",\"urlTemplate\":\"https:\/\/www.ull.es\/portal\/noticias\/?s={search_term_string}\"},\"query-input\":\"required name=search_term_string\"}],\"inLanguage\":\"es\"},{\"@type\":\"Person\",\"@id\":\"https:\/\/www.ull.es\/portal\/noticias\/#\/schema\/person\/c3b2aa857797592927a03740d6664376\",\"name\":\"prensa2\",\"image\":{\"@type\":\"ImageObject\",\"inLanguage\":\"es\",\"@id\":\"https:\/\/www.ull.es\/portal\/noticias\/#\/schema\/person\/image\/\",\"url\":\"https:\/\/secure.gravatar.com\/avatar\/b58f310a5de5feb33d1e026d2493f23c?s=96&d=mm&r=g\",\"contentUrl\":\"https:\/\/secure.gravatar.com\/avatar\/b58f310a5de5feb33d1e026d2493f23c?s=96&d=mm&r=g\",\"caption\":\"prensa2\"},\"url\":\"https:\/\/www.ull.es\/portal\/noticias\/author\/prensa2\/\"}]}<\/script>\n<!-- \/ Yoast SEO plugin. -->","yoast_head_json":{"title":"La ULL apoya la Asociaci\u00f3n Canaria de Enfermer\u00eda Pedi\u00e1trica","description":"La C\u00e1tedra de Enfermer\u00eda de la ULL y la Organizaci\u00f3n Colegial de Enfermer\u00eda coorganizaron el 17 de noviembre la presentaci\u00f3n de esta entidad.","robots":{"index":"index","follow":"follow","max-snippet":"max-snippet:-1","max-image-preview":"max-image-preview:large","max-video-preview":"max-video-preview:-1"},"canonical":"https:\/\/www.ull.es\/portal\/noticias\/2022\/catedra-enfermeria-apoya-asociacion-canaria-enfermeria-pediatrica\/","og_locale":"es_ES","og_type":"article","og_title":"La ULL apoya la Asociaci\u00f3n Canaria de Enfermer\u00eda Pedi\u00e1trica","og_description":"La C\u00e1tedra de Enfermer\u00eda de la ULL y la Organizaci\u00f3n Colegial de Enfermer\u00eda coorganizaron el 17 de noviembre la presentaci\u00f3n de esta entidad.","og_url":"https:\/\/www.ull.es\/portal\/noticias\/2022\/catedra-enfermeria-apoya-asociacion-canaria-enfermeria-pediatrica\/","og_site_name":"ULL - Noticias","article_publisher":"https:\/\/www.facebook.com\/universidaddelalaguna\/","article_published_time":"2022-11-21T13:49:21+00:00","article_modified_time":"2022-11-21T13:49:53+00:00","og_image":[{"width":1200,"height":900,"url":"https:\/\/www.ull.es\/portal\/noticias\/wp-content\/uploads\/sites\/13\/2022\/11\/presentacion-acanep.jpg","type":"image\/jpeg"}],"author":"prensa2","twitter_card":"summary_large_image","twitter_creator":"@CanalULL","twitter_site":"@CanalULL","twitter_misc":{"Escrito por":"prensa2","Tiempo de lectura":"2 minutos"},"schema":{"@context":"https:\/\/schema.org","@graph":[{"@type":"WebPage","@id":"https:\/\/www.ull.es\/portal\/noticias\/2022\/catedra-enfermeria-apoya-asociacion-canaria-enfermeria-pediatrica\/","url":"https:\/\/www.ull.es\/portal\/noticias\/2022\/catedra-enfermeria-apoya-asociacion-canaria-enfermeria-pediatrica\/","name":"La ULL apoya la Asociaci\u00f3n Canaria de Enfermer\u00eda Pedi\u00e1trica","isPartOf":{"@id":"https:\/\/www.ull.es\/portal\/noticias\/#website"},"datePublished":"2022-11-21T13:49:21+00:00","dateModified":"2022-11-21T13:49:53+00:00","author":{"@id":"https:\/\/www.ull.es\/portal\/noticias\/#\/schema\/person\/c3b2aa857797592927a03740d6664376"},"description":"La C\u00e1tedra de Enfermer\u00eda de la ULL y la Organizaci\u00f3n Colegial de Enfermer\u00eda coorganizaron el 17 de noviembre la presentaci\u00f3n de esta entidad.","breadcrumb":{"@id":"https:\/\/www.ull.es\/portal\/noticias\/2022\/catedra-enfermeria-apoya-asociacion-canaria-enfermeria-pediatrica\/#breadcrumb"},"inLanguage":"es","potentialAction":[{"@type":"ReadAction","target":["https:\/\/www.ull.es\/portal\/noticias\/2022\/catedra-enfermeria-apoya-asociacion-canaria-enfermeria-pediatrica\/"]}]},{"@type":"BreadcrumbList","@id":"https:\/\/www.ull.es\/portal\/noticias\/2022\/catedra-enfermeria-apoya-asociacion-canaria-enfermeria-pediatrica\/#breadcrumb","itemListElement":[{"@type":"ListItem","position":1,"name":"Portada","item":"https:\/\/www.ull.es\/portal\/noticias\/"},{"@type":"ListItem","position":2,"name":"La C\u00e1tedra de Enfermer\u00eda de la ULL apoya la creaci\u00f3n de la Asociaci\u00f3n Canaria de Enfermer\u00eda Pedi\u00e1trica"}]},{"@type":"WebSite","@id":"https:\/\/www.ull.es\/portal\/noticias\/#website","url":"https:\/\/www.ull.es\/portal\/noticias\/","name":"ULL - Noticias","description":"","potentialAction":[{"@type":"SearchAction","target":{"@type":"EntryPoint","urlTemplate":"https:\/\/www.ull.es\/portal\/noticias\/?s={search_term_string}"},"query-input":"required name=search_term_string"}],"inLanguage":"es"},{"@type":"Person","@id":"https:\/\/www.ull.es\/portal\/noticias\/#\/schema\/person\/c3b2aa857797592927a03740d6664376","name":"prensa2","image":{"@type":"ImageObject","inLanguage":"es","@id":"https:\/\/www.ull.es\/portal\/noticias\/#\/schema\/person\/image\/","url":"https:\/\/secure.gravatar.com\/avatar\/b58f310a5de5feb33d1e026d2493f23c?s=96&d=mm&r=g","contentUrl":"https:\/\/secure.gravatar.com\/avatar\/b58f310a5de5feb33d1e026d2493f23c?s=96&d=mm&r=g","caption":"prensa2"},"url":"https:\/\/www.ull.es\/portal\/noticias\/author\/prensa2\/"}]}},"primary_category":{"id":345,"name":"Destacado","slug":"destacado","link":"https:\/\/www.ull.es\/portal\/noticias\/category\/destacado\/"},"featured_image_thumbnail_url":"https:\/\/www.ull.es\/portal\/noticias\/wp-content\/uploads\/sites\/13\/2022\/11\/presentacion-acanep-300x225.jpg","_links":{"self":[{"href":"https:\/\/www.ull.es\/portal\/noticias\/wp-json\/wp\/v2\/posts\/66224"}],"collection":[{"href":"https:\/\/www.ull.es\/portal\/noticias\/wp-json\/wp\/v2\/posts"}],"about":[{"href":"https:\/\/www.ull.es\/portal\/noticias\/wp-json\/wp\/v2\/types\/post"}],"author":[{"embeddable":true,"href":"https:\/\/www.ull.es\/portal\/noticias\/wp-json\/wp\/v2\/users\/21"}],"replies":[{"embeddable":true,"href":"https:\/\/www.ull.es\/portal\/noticias\/wp-json\/wp\/v2\/comments?post=66224"}],"version-history":[{"count":1,"href":"https:\/\/www.ull.es\/portal\/noticias\/wp-json\/wp\/v2\/posts\/66224\/revisions"}],"predecessor-version":[{"id":66226,"href":"https:\/\/www.ull.es\/portal\/noticias\/wp-json\/wp\/v2\/posts\/66224\/revisions\/66226"}],"wp:featuredmedia":[{"embeddable":true,"href":"https:\/\/www.ull.es\/portal\/noticias\/wp-json\/wp\/v2\/media\/66225"}],"wp:attachment":[{"href":"https:\/\/www.ull.es\/portal\/noticias\/wp-json\/wp\/v2\/media?parent=66224"}],"wp:term":[{"taxonomy":"category","embeddable":true,"href":"https:\/\/www.ull.es\/portal\/noticias\/wp-json\/wp\/v2\/categories?post=66224"},{"taxonomy":"post_tag","embeddable":true,"href":"https:\/\/www.ull.es\/portal\/noticias\/wp-json\/wp\/v2\/tags?post=66224"}],"curies":[{"name":"wp","href":"https:\/\/api.w.org\/{rel}","templated":true}]}}