{"id":66234,"date":"2022-11-22T10:58:24","date_gmt":"2022-11-22T10:58:24","guid":{"rendered":"https:\/\/www.ull.es\/portal\/noticias\/?p=66234"},"modified":"2022-11-22T11:45:28","modified_gmt":"2022-11-22T11:45:28","slug":"jose-farrujia-premio-fotografia-arqueologica","status":"publish","type":"post","link":"https:\/\/www.ull.es\/portal\/noticias\/2022\/jose-farrujia-premio-fotografia-arqueologica\/","title":{"rendered":"El profesor de la ULL Jos\u00e9 Farrujia gana un premio internacional a la mejor fotograf\u00eda arqueol\u00f3gica"},"content":{"rendered":"<div id=\"attachment_66236\" style=\"width: 235px\" class=\"wp-caption alignleft\"><a href=\"https:\/\/www.ull.es\/portal\/noticias\/wp-content\/uploads\/sites\/13\/2022\/11\/El-Verde-17.6.22-Foto-Farrujia.jpg\" target=\"_blank\" rel=\"noopener\" target=\"_blank\" rel=\"noopener\"><img aria-describedby=\"caption-attachment-66236\" decoding=\"async\" loading=\"lazy\" class=\"wp-image-66236 size-medium\" src=\"https:\/\/www.ull.es\/portal\/noticias\/wp-content\/uploads\/sites\/13\/2022\/11\/El-Verde-17.6.22-Foto-Farrujia-225x300.jpg\" alt=\"Imagen galardonada, tomada por Jos\u00e9 Farrujia en La Palma.\" width=\"225\" height=\"300\" srcset=\"https:\/\/www.ull.es\/portal\/noticias\/wp-content\/uploads\/sites\/13\/2022\/11\/El-Verde-17.6.22-Foto-Farrujia-225x300.jpg 225w, https:\/\/www.ull.es\/portal\/noticias\/wp-content\/uploads\/sites\/13\/2022\/11\/El-Verde-17.6.22-Foto-Farrujia-768x1024.jpg 768w, https:\/\/www.ull.es\/portal\/noticias\/wp-content\/uploads\/sites\/13\/2022\/11\/El-Verde-17.6.22-Foto-Farrujia-375x500.jpg 375w, https:\/\/www.ull.es\/portal\/noticias\/wp-content\/uploads\/sites\/13\/2022\/11\/El-Verde-17.6.22-Foto-Farrujia-750x1000.jpg 750w, https:\/\/www.ull.es\/portal\/noticias\/wp-content\/uploads\/sites\/13\/2022\/11\/El-Verde-17.6.22-Foto-Farrujia.jpg 900w\" sizes=\"(max-width: 225px) 100vw, 225px\" \/><\/a><p id=\"caption-attachment-66236\" class=\"wp-caption-text\">Imagen galardonada, tomada por Jos\u00e9 Farrujia en La Palma.<\/p><\/div>\n<p>El galard\u00f3n <a href=\"https:\/\/www.e-a-a.org\/EAA\/Navigation_News\/photocompetition_2022.aspx\" target=\"_blank\" rel=\"noopener\" target=\"_blank\" rel=\"noopener\">The European Archaeologist Photojournalist of the Year<\/a> 2022 ha sido concedido a <a href=\"https:\/\/portalciencia.ull.es\/investigadores\/81539\/detalle\" target=\"_blank\" rel=\"noopener\" target=\"_blank\" rel=\"noopener\">Jos\u00e9 Farrujia de la Rosa<\/a>, profesor del <a href=\"https:\/\/www.ull.es\/departamentos\/didacticas-especificas\/\" target=\"_blank\" rel=\"noopener\" target=\"_blank\" rel=\"noopener\">Departamento de Did\u00e1cticas Espec\u00edficas<\/a> de la Universidad de La Laguna, por haber tomado una imagen en el yacimiento rupestre de El Verde en el municipio de El Paso (La Palma) que recoge un fen\u00f3meno clave para los antiguos canarios: el comienzo del verano, cuya llegada quedaba registrada al incidir la luz solar, durante los d\u00edas en que se manifiesta el solsticio, en el panel grabado con una espiral<\/p>\n<p>La imagen fue tomada por Farrujia en el marco de un proyecto de innovaci\u00f3n y transferencia educativa desarrollado desde el \u00c1rea de Did\u00e1ctica de las Ciencias Sociales de la Universidad de La Laguna, titulado \u201cAprendizaje activo y patrimonio cultural desde la Did\u00e1ctica de las Ciencias Sociales\u201d.<\/p>\n<p>Este proyecto est\u00e1 centrado en la educaci\u00f3n patrimonial del alumnado que cursa el Grado de Maestro en Educaci\u00f3n Primaria de la Facultad de Educaci\u00f3n y aboga, precisamente, por el aprendizaje contextual y por los itinerarios patrimoniales como estrategias did\u00e1cticas claves en la formaci\u00f3n inicial del alumnado del referido grado. \u201cUna buena imagen\u201d, puntualiza Farrujia, \u201cpuede ayudar a complementar la explicaci\u00f3n did\u00e1ctica de un yacimiento y a facilitar su comprensi\u00f3n por parte del alumnado, especialmente cuando lo que se explica durante la visita es un fen\u00f3meno puntual que solo se registra en determinados momentos del a\u00f1o\u201d.<\/p>\n<p><strong>La espiral bajo el solsticio<\/strong><\/p>\n<p>La Asociaci\u00f3n Europea de Arque\u00f3logos, que anualmente concede tres premios sin distinci\u00f3n dentro de este certamen, propuso como lema de la edici\u00f3n \u201c\u00bfCu\u00e1l es el esp\u00edritu de la arqueolog\u00eda en el a\u00f1o 2022?\u201d y la elaboraci\u00f3n de un texto explicativo que acompa\u00f1ara la fotograf\u00eda. La imagen galardonada capta el atardecer del 17 de junio de 2022 y la proyecci\u00f3n de la luz del sol durante el solsticio sobre un panel rupestre grabado con una espiral.<\/p>\n<div id=\"attachment_66237\" style=\"width: 310px\" class=\"wp-caption alignright\"><a href=\"https:\/\/www.ull.es\/portal\/noticias\/wp-content\/uploads\/sites\/13\/2022\/11\/Jose-Farrujia.jpg\" target=\"_blank\" rel=\"noopener\" target=\"_blank\" rel=\"noopener\"><img aria-describedby=\"caption-attachment-66237\" decoding=\"async\" loading=\"lazy\" class=\"wp-image-66237 size-medium\" src=\"https:\/\/www.ull.es\/portal\/noticias\/wp-content\/uploads\/sites\/13\/2022\/11\/Jose-Farrujia-300x200.jpg\" alt=\"Jos\u00e9 Farrujia (Foto cedida).\" width=\"300\" height=\"200\" srcset=\"https:\/\/www.ull.es\/portal\/noticias\/wp-content\/uploads\/sites\/13\/2022\/11\/Jose-Farrujia-300x200.jpg 300w, https:\/\/www.ull.es\/portal\/noticias\/wp-content\/uploads\/sites\/13\/2022\/11\/Jose-Farrujia-1024x683.jpg 1024w, https:\/\/www.ull.es\/portal\/noticias\/wp-content\/uploads\/sites\/13\/2022\/11\/Jose-Farrujia-768x512.jpg 768w, https:\/\/www.ull.es\/portal\/noticias\/wp-content\/uploads\/sites\/13\/2022\/11\/Jose-Farrujia-375x250.jpg 375w, https:\/\/www.ull.es\/portal\/noticias\/wp-content\/uploads\/sites\/13\/2022\/11\/Jose-Farrujia-750x500.jpg 750w, https:\/\/www.ull.es\/portal\/noticias\/wp-content\/uploads\/sites\/13\/2022\/11\/Jose-Farrujia-1140x760.jpg 1140w, https:\/\/www.ull.es\/portal\/noticias\/wp-content\/uploads\/sites\/13\/2022\/11\/Jose-Farrujia.jpg 1200w\" sizes=\"(max-width: 300px) 100vw, 300px\" \/><\/a><p id=\"caption-attachment-66237\" class=\"wp-caption-text\">Jos\u00e9 Farrujia (Foto cedida).<\/p><\/div>\n<p>El profesor explica en su texto que las culturas ancestrales basadas en la ganader\u00eda y la agricultura, como es el caso de los ind\u00edgenas de las Islas Canarias, llevaban a cabo sus principales celebraciones durante el verano. En el momento del solsticio, es decir, cuando el sol alcanzaba su \u00f3rbita m\u00e1s alta, comenzaba el a\u00f1o para los antiguos canarios. A partir de entonces, recog\u00edan sus cosechas y un\u00edan a las cabras con los machos para garantizar la cr\u00eda.<\/p>\n<p>Durante el solsticio y al atardecer, tal y como se aprecia en la foto, el sol al descender proyecta su luz por el hueco que se ve en la silueta de la monta\u00f1a e ilumina la roca grabada con la espiral. Por eso, los antiguos palmeros eligieron estas rocas del barranco, y no otras, para dejar su huella, porque justo all\u00ed \u00abMagec\u00bb, el sol, proyectaba y sigue proyectando su luz al atardecer y sigue anunciando la llegada del verano.<\/p>\n<p>El premio concedido implica, entre otros aspectos, la reproducci\u00f3n de la foto en la portada del bolet\u00edn insignia de la arqueolog\u00eda europea, The European Archaeologist, que se difunde entre los m\u00e1s de 11.000 miembros de la asociaci\u00f3n, procedentes de m\u00e1s de sesenta pa\u00edses de todo el mundo. Asimismo, la imagen se difunde como parte de las actividades promocionales de la entidad y en sus redes sociales, con lo que ello implica para la divulgaci\u00f3n de los valores del patrimonio arqueol\u00f3gico canario en el \u00e1mbito internacional.<\/p>\n<p>\u201cLa arqueolog\u00eda y la educaci\u00f3n patrimonial pueden mantener vivo el eco del pasado y, al hacerlo, nos ayudan a comprender mejor nuestro entorno y su valor\u201d, concluye Farrujia en el texto que acompa\u00f1a a la imagen galardonada.<\/p>\n","protected":false},"excerpt":{"rendered":"<p>El galard\u00f3n The European Archaeologist Photojournalist of the Year 2022 ha sido concedido a Jos\u00e9 Farrujia de la Rosa, profesor&#8230;<\/p>\n","protected":false},"author":21,"featured_media":66235,"comment_status":"closed","ping_status":"closed","sticky":false,"template":"","format":"image","meta":{"inline_featured_image":false,"footnotes":""},"categories":[345,3323,3725,348,2765],"tags":[539,9380,9379,9377,8695,1729,9381,2142,9382,9378],"acf":[],"yoast_head":"<!-- This site is optimized with the Yoast SEO plugin v21.3 - https:\/\/yoast.com\/wordpress\/plugins\/seo\/ -->\n<title>Un profesor de la ULL, premio a la mejor fotograf\u00eda arqueol\u00f3gica<\/title>\n<meta name=\"description\" content=\"Jos\u00e9 Farrujia es designado The European Archaeologist Photojournalist of the Year por una imagen del yacimiento de El Verde (La Palma).\" \/>\n<meta name=\"robots\" content=\"index, follow, max-snippet:-1, max-image-preview:large, max-video-preview:-1\" \/>\n<link rel=\"canonical\" href=\"https:\/\/www.ull.es\/portal\/noticias\/2022\/jose-farrujia-premio-fotografia-arqueologica\/\" \/>\n<meta property=\"og:locale\" content=\"es_ES\" \/>\n<meta property=\"og:type\" content=\"article\" \/>\n<meta property=\"og:title\" content=\"Un profesor de la ULL, premio a la mejor fotograf\u00eda arqueol\u00f3gica\" \/>\n<meta property=\"og:description\" content=\"Jos\u00e9 Farrujia es designado The European Archaeologist Photojournalist of the Year por una imagen del yacimiento de El Verde (La Palma).\" \/>\n<meta property=\"og:url\" content=\"https:\/\/www.ull.es\/portal\/noticias\/2022\/jose-farrujia-premio-fotografia-arqueologica\/\" \/>\n<meta property=\"og:site_name\" content=\"ULL - Noticias\" \/>\n<meta property=\"article:publisher\" content=\"https:\/\/www.facebook.com\/universidaddelalaguna\/\" \/>\n<meta property=\"article:published_time\" content=\"2022-11-22T10:58:24+00:00\" \/>\n<meta property=\"article:modified_time\" content=\"2022-11-22T11:45:28+00:00\" \/>\n<meta property=\"og:image\" content=\"https:\/\/www.ull.es\/portal\/noticias\/wp-content\/uploads\/sites\/13\/2022\/11\/El-Verde-recorte.jpg\" \/>\n\t<meta property=\"og:image:width\" content=\"900\" \/>\n\t<meta property=\"og:image:height\" content=\"662\" \/>\n\t<meta property=\"og:image:type\" content=\"image\/jpeg\" \/>\n<meta name=\"author\" content=\"prensa2\" \/>\n<meta name=\"twitter:card\" content=\"summary_large_image\" \/>\n<meta name=\"twitter:creator\" content=\"@CanalULL\" \/>\n<meta name=\"twitter:site\" content=\"@CanalULL\" \/>\n<meta name=\"twitter:label1\" content=\"Escrito por\" \/>\n\t<meta name=\"twitter:data1\" content=\"prensa2\" \/>\n\t<meta name=\"twitter:label2\" content=\"Tiempo de lectura\" \/>\n\t<meta name=\"twitter:data2\" content=\"4 minutos\" \/>\n<script type=\"application\/ld+json\" class=\"yoast-schema-graph\">{\"@context\":\"https:\/\/schema.org\",\"@graph\":[{\"@type\":\"WebPage\",\"@id\":\"https:\/\/www.ull.es\/portal\/noticias\/2022\/jose-farrujia-premio-fotografia-arqueologica\/\",\"url\":\"https:\/\/www.ull.es\/portal\/noticias\/2022\/jose-farrujia-premio-fotografia-arqueologica\/\",\"name\":\"Un profesor de la ULL, premio a la mejor fotograf\u00eda arqueol\u00f3gica\",\"isPartOf\":{\"@id\":\"https:\/\/www.ull.es\/portal\/noticias\/#website\"},\"datePublished\":\"2022-11-22T10:58:24+00:00\",\"dateModified\":\"2022-11-22T11:45:28+00:00\",\"author\":{\"@id\":\"https:\/\/www.ull.es\/portal\/noticias\/#\/schema\/person\/c3b2aa857797592927a03740d6664376\"},\"description\":\"Jos\u00e9 Farrujia es designado The European Archaeologist Photojournalist of the Year por una imagen del yacimiento de El Verde (La Palma).\",\"breadcrumb\":{\"@id\":\"https:\/\/www.ull.es\/portal\/noticias\/2022\/jose-farrujia-premio-fotografia-arqueologica\/#breadcrumb\"},\"inLanguage\":\"es\",\"potentialAction\":[{\"@type\":\"ReadAction\",\"target\":[\"https:\/\/www.ull.es\/portal\/noticias\/2022\/jose-farrujia-premio-fotografia-arqueologica\/\"]}]},{\"@type\":\"BreadcrumbList\",\"@id\":\"https:\/\/www.ull.es\/portal\/noticias\/2022\/jose-farrujia-premio-fotografia-arqueologica\/#breadcrumb\",\"itemListElement\":[{\"@type\":\"ListItem\",\"position\":1,\"name\":\"Portada\",\"item\":\"https:\/\/www.ull.es\/portal\/noticias\/\"},{\"@type\":\"ListItem\",\"position\":2,\"name\":\"El profesor de la ULL Jos\u00e9 Farrujia gana un premio internacional a la mejor fotograf\u00eda arqueol\u00f3gica\"}]},{\"@type\":\"WebSite\",\"@id\":\"https:\/\/www.ull.es\/portal\/noticias\/#website\",\"url\":\"https:\/\/www.ull.es\/portal\/noticias\/\",\"name\":\"ULL - Noticias\",\"description\":\"\",\"potentialAction\":[{\"@type\":\"SearchAction\",\"target\":{\"@type\":\"EntryPoint\",\"urlTemplate\":\"https:\/\/www.ull.es\/portal\/noticias\/?s={search_term_string}\"},\"query-input\":\"required name=search_term_string\"}],\"inLanguage\":\"es\"},{\"@type\":\"Person\",\"@id\":\"https:\/\/www.ull.es\/portal\/noticias\/#\/schema\/person\/c3b2aa857797592927a03740d6664376\",\"name\":\"prensa2\",\"image\":{\"@type\":\"ImageObject\",\"inLanguage\":\"es\",\"@id\":\"https:\/\/www.ull.es\/portal\/noticias\/#\/schema\/person\/image\/\",\"url\":\"https:\/\/secure.gravatar.com\/avatar\/b58f310a5de5feb33d1e026d2493f23c?s=96&d=mm&r=g\",\"contentUrl\":\"https:\/\/secure.gravatar.com\/avatar\/b58f310a5de5feb33d1e026d2493f23c?s=96&d=mm&r=g\",\"caption\":\"prensa2\"},\"url\":\"https:\/\/www.ull.es\/portal\/noticias\/author\/prensa2\/\"}]}<\/script>\n<!-- \/ Yoast SEO plugin. -->","yoast_head_json":{"title":"Un profesor de la ULL, premio a la mejor fotograf\u00eda arqueol\u00f3gica","description":"Jos\u00e9 Farrujia es designado The European Archaeologist Photojournalist of the Year por una imagen del yacimiento de El Verde (La Palma).","robots":{"index":"index","follow":"follow","max-snippet":"max-snippet:-1","max-image-preview":"max-image-preview:large","max-video-preview":"max-video-preview:-1"},"canonical":"https:\/\/www.ull.es\/portal\/noticias\/2022\/jose-farrujia-premio-fotografia-arqueologica\/","og_locale":"es_ES","og_type":"article","og_title":"Un profesor de la ULL, premio a la mejor fotograf\u00eda arqueol\u00f3gica","og_description":"Jos\u00e9 Farrujia es designado The European Archaeologist Photojournalist of the Year por una imagen del yacimiento de El Verde (La Palma).","og_url":"https:\/\/www.ull.es\/portal\/noticias\/2022\/jose-farrujia-premio-fotografia-arqueologica\/","og_site_name":"ULL - Noticias","article_publisher":"https:\/\/www.facebook.com\/universidaddelalaguna\/","article_published_time":"2022-11-22T10:58:24+00:00","article_modified_time":"2022-11-22T11:45:28+00:00","og_image":[{"width":900,"height":662,"url":"https:\/\/www.ull.es\/portal\/noticias\/wp-content\/uploads\/sites\/13\/2022\/11\/El-Verde-recorte.jpg","type":"image\/jpeg"}],"author":"prensa2","twitter_card":"summary_large_image","twitter_creator":"@CanalULL","twitter_site":"@CanalULL","twitter_misc":{"Escrito por":"prensa2","Tiempo de lectura":"4 minutos"},"schema":{"@context":"https:\/\/schema.org","@graph":[{"@type":"WebPage","@id":"https:\/\/www.ull.es\/portal\/noticias\/2022\/jose-farrujia-premio-fotografia-arqueologica\/","url":"https:\/\/www.ull.es\/portal\/noticias\/2022\/jose-farrujia-premio-fotografia-arqueologica\/","name":"Un profesor de la ULL, premio a la mejor fotograf\u00eda arqueol\u00f3gica","isPartOf":{"@id":"https:\/\/www.ull.es\/portal\/noticias\/#website"},"datePublished":"2022-11-22T10:58:24+00:00","dateModified":"2022-11-22T11:45:28+00:00","author":{"@id":"https:\/\/www.ull.es\/portal\/noticias\/#\/schema\/person\/c3b2aa857797592927a03740d6664376"},"description":"Jos\u00e9 Farrujia es designado The European Archaeologist Photojournalist of the Year por una imagen del yacimiento de El Verde (La Palma).","breadcrumb":{"@id":"https:\/\/www.ull.es\/portal\/noticias\/2022\/jose-farrujia-premio-fotografia-arqueologica\/#breadcrumb"},"inLanguage":"es","potentialAction":[{"@type":"ReadAction","target":["https:\/\/www.ull.es\/portal\/noticias\/2022\/jose-farrujia-premio-fotografia-arqueologica\/"]}]},{"@type":"BreadcrumbList","@id":"https:\/\/www.ull.es\/portal\/noticias\/2022\/jose-farrujia-premio-fotografia-arqueologica\/#breadcrumb","itemListElement":[{"@type":"ListItem","position":1,"name":"Portada","item":"https:\/\/www.ull.es\/portal\/noticias\/"},{"@type":"ListItem","position":2,"name":"El profesor de la ULL Jos\u00e9 Farrujia gana un premio internacional a la mejor fotograf\u00eda arqueol\u00f3gica"}]},{"@type":"WebSite","@id":"https:\/\/www.ull.es\/portal\/noticias\/#website","url":"https:\/\/www.ull.es\/portal\/noticias\/","name":"ULL - Noticias","description":"","potentialAction":[{"@type":"SearchAction","target":{"@type":"EntryPoint","urlTemplate":"https:\/\/www.ull.es\/portal\/noticias\/?s={search_term_string}"},"query-input":"required name=search_term_string"}],"inLanguage":"es"},{"@type":"Person","@id":"https:\/\/www.ull.es\/portal\/noticias\/#\/schema\/person\/c3b2aa857797592927a03740d6664376","name":"prensa2","image":{"@type":"ImageObject","inLanguage":"es","@id":"https:\/\/www.ull.es\/portal\/noticias\/#\/schema\/person\/image\/","url":"https:\/\/secure.gravatar.com\/avatar\/b58f310a5de5feb33d1e026d2493f23c?s=96&d=mm&r=g","contentUrl":"https:\/\/secure.gravatar.com\/avatar\/b58f310a5de5feb33d1e026d2493f23c?s=96&d=mm&r=g","caption":"prensa2"},"url":"https:\/\/www.ull.es\/portal\/noticias\/author\/prensa2\/"}]}},"primary_category":{"id":345,"name":"Destacado","slug":"destacado","link":"https:\/\/www.ull.es\/portal\/noticias\/category\/destacado\/"},"featured_image_thumbnail_url":"https:\/\/www.ull.es\/portal\/noticias\/wp-content\/uploads\/sites\/13\/2022\/11\/El-Verde-recorte-300x221.jpg","_links":{"self":[{"href":"https:\/\/www.ull.es\/portal\/noticias\/wp-json\/wp\/v2\/posts\/66234"}],"collection":[{"href":"https:\/\/www.ull.es\/portal\/noticias\/wp-json\/wp\/v2\/posts"}],"about":[{"href":"https:\/\/www.ull.es\/portal\/noticias\/wp-json\/wp\/v2\/types\/post"}],"author":[{"embeddable":true,"href":"https:\/\/www.ull.es\/portal\/noticias\/wp-json\/wp\/v2\/users\/21"}],"replies":[{"embeddable":true,"href":"https:\/\/www.ull.es\/portal\/noticias\/wp-json\/wp\/v2\/comments?post=66234"}],"version-history":[{"count":1,"href":"https:\/\/www.ull.es\/portal\/noticias\/wp-json\/wp\/v2\/posts\/66234\/revisions"}],"predecessor-version":[{"id":66238,"href":"https:\/\/www.ull.es\/portal\/noticias\/wp-json\/wp\/v2\/posts\/66234\/revisions\/66238"}],"wp:featuredmedia":[{"embeddable":true,"href":"https:\/\/www.ull.es\/portal\/noticias\/wp-json\/wp\/v2\/media\/66235"}],"wp:attachment":[{"href":"https:\/\/www.ull.es\/portal\/noticias\/wp-json\/wp\/v2\/media?parent=66234"}],"wp:term":[{"taxonomy":"category","embeddable":true,"href":"https:\/\/www.ull.es\/portal\/noticias\/wp-json\/wp\/v2\/categories?post=66234"},{"taxonomy":"post_tag","embeddable":true,"href":"https:\/\/www.ull.es\/portal\/noticias\/wp-json\/wp\/v2\/tags?post=66234"}],"curies":[{"name":"wp","href":"https:\/\/api.w.org\/{rel}","templated":true}]}}