{"id":66345,"date":"2022-11-25T11:06:51","date_gmt":"2022-11-25T11:06:51","guid":{"rendered":"https:\/\/www.ull.es\/portal\/noticias\/?p=66345"},"modified":"2022-11-25T11:06:51","modified_gmt":"2022-11-25T11:06:51","slug":"la-universidad-de-la-laguna-invita-a-pedagogos-finlandeses-a-conocer-el-sistema-de-gobernanza-educativa-canario","status":"publish","type":"post","link":"https:\/\/www.ull.es\/portal\/noticias\/2022\/la-universidad-de-la-laguna-invita-a-pedagogos-finlandeses-a-conocer-el-sistema-de-gobernanza-educativa-canario\/","title":{"rendered":"La Universidad de La Laguna invita a pedagogos finlandeses a conocer el sistema de gobernanza educativa canario"},"content":{"rendered":"<p>Los profesores <a href=\"https:\/\/www.abo.fi\/en\/contact\/michael-uljens\/\" target=\"_blank\" rel=\"noopener\">Michael Uljens<\/a> y <a href=\"https:\/\/www.abo.fi\/kontakt\/janne-elo\/\" target=\"_blank\" rel=\"noopener\">Janne Elo<\/a>, de la Facultad de Educaci\u00f3n de la <a href=\"https:\/\/www.abo.fi\/en\/\" target=\"_blank\" rel=\"noopener\">\u00c5bo Akademi University<\/a> (Finlandia), han visitado esta semana la Universidad de La Laguna como parte de su investigaci\u00f3n sobre los diferentes sistemas de gobernanza y liderazgo educativo de diferentes pa\u00edses europeos. Durante su visita, se han entrevistados con varias autoridades del \u00e1mbito de la educaci\u00f3n en Canarias y han visitado algunas infraestructuras formativas.<\/p>\n<p>Esta visita forma parte del proyecto de investigaci\u00f3n que lidera el profesor Uljens, en el cual tambi\u00e9n participan los investigadores de la Facultad de Educaci\u00f3n de la Universidad de La Laguna <a href=\"https:\/\/portalciencia.ull.es\/investigadores\/81269\/detalle\" target=\"_blank\" rel=\"noopener\">Juan Jos\u00e9 Sosa Alonso<\/a> y <a href=\"https:\/\/portalciencia.ull.es\/investigadores\/81514\/detalle\" target=\"_blank\" rel=\"noopener\">Antonio Sosa Alonso<\/a>, quienes han invitado a sus hom\u00f3logos finlandeses a esta visita tras haber ellos mismos realizado otra a Finlandia en el contexto de este proyecto. El objetivo de la investigaci\u00f3n es difundir el concepto de \u201ceducaci\u00f3n no afirmativa\u201d y analizar c\u00f3mo adaptarlo y reinterpretarlo en la sociedad actual.<\/p>\n<p>Hablar de \u201ceducaci\u00f3n no afirmativa\u201d, como explica Uljens, es equivalente a hacerlo de \u201ceducaci\u00f3n cr\u00edtica\u201d, porque cuestiona todo inter\u00e9s pol\u00edtico u orientaci\u00f3n ideol\u00f3gica. \u201cLa educaci\u00f3n afirmativa o positiva es educar al alumnado en formas de compresi\u00f3n predefinidas, mientras que en una democracia es importante educar de manera que el alumnado pueda formar sus propias ideas sobre cu\u00e1l es su identidad, su rol en la sociedad y c\u00f3mo le gustar\u00eda desarrollar dicha sociedad\u201d.<\/p>\n<p>Durante su estancia en Tenerife, los investigadores fineses han visitado el Centro de Profesorado de La Laguna, el IES La Laboral, el CEIP Camino de la Villa, la Agencia Canaria de Calidad Universitaria y Evaluaci\u00f3n Educativa y las direcciones generales de Ordenaci\u00f3n, Innovaci\u00f3n y Calidad Educativa y de Centros, Infraestructura y Promoci\u00f3n Educativa, manteniendo entrevistas con sus responsables.<\/p>\n<p>Como explica el profesor Elo, estas visitas responden a la necesidad de comprender el hecho formativo en toda su complejidad: \u201cHasta ahora, se ha enfocado la educaci\u00f3n en el profesorado, y queremos hacerlo tambi\u00e9n en el liderazgo y gobernanza educativos, porque la educaci\u00f3n es un fen\u00f3meno mucho m\u00e1s grade que lo que sucede en el aula. Estos d\u00edas hemos tratado de comprender el sistema de gobernanza y liderazgo educativo espa\u00f1ol para tener una perspectiva y aplicarla a nuestro propio sistema en Finlandia\u201d.<\/p>\n<p>Michael Uljens reflexiona que la educaci\u00f3n no afirmativa forma parte de la tradici\u00f3n europea desde hace doscientos a\u00f1os para tratar de fomentar el esp\u00edritu cr\u00edtico de la poblaci\u00f3n, algo fundamental para el buen funcionamiento de una democracia. \u201cCuando abandonamos la idea de que Dios hab\u00eda creado el mundo y aceptamos que el futuro no est\u00e1 determinado, de repente surgi\u00f3 un nuevo problema en la manera de pensar europea: \u00bfc\u00f3mo educar cuando no sabemos realmente c\u00f3mo es o va a ser el ser humano?\u201d.<\/p>\n<p>Tras el colapso de la URSS, creci\u00f3 el pensamiento neoliberal, dando alas al estado-mercado en boga en la actualidad, el cual ha propiciado cierto movimiento conservador dentro de la educaci\u00f3n, que quiere volver a modelos afirmativos que ense\u00f1en a los estudiantes c\u00f3mo deben ser las cosas dentro de un modelo muy concreto. \u201cVivimos en este paradigma durante treinta a\u00f1os y cuando miramos los problemas del mundo en cuanto a la democracia, la comunicaci\u00f3n, los medios sociales, la sostenibilidad, etc\u2026 las pol\u00edticas que hemos desarrollado, la manera de pensar y la b\u00fasqueda de soluciones parece que no son las mejores para resolverlos\u201d, explica Uljens.<\/p>\n<p>Por ello, el experto considera necesario \u201crepensar y reinventar la tradici\u00f3n moderna de la educaci\u00f3n no afirmativa\u201d porque, en su opini\u00f3n, es la \u201cmejor oportunidad para el futuro\u201d. En ese sentido, considera que el papel de las universidades va a ser fundamental para producir terminolog\u00eda, lenguaje y conceptualizaciones que puedan hacer esta concepci\u00f3n pedag\u00f3gica m\u00e1s visibles y, as\u00ed favorecer que florezca como alternativa.<\/p>\n<p>\u201cLos pol\u00edticos tienen tendencia a imponer ciertas maneras de pensar y de ense\u00f1ar c\u00f3mo deben ser las cosas pero, por otro lado, al estar en democracia, deben dejar cierta libertad al profesorado para impartir ese pensamiento cr\u00edtico. El problema de la pol\u00edtica educativa neoliberal positiva es que explica de manera tajante lo que el profesorado debe hacer. Y eso puede ser contraproducente para la propia democracia, por lo que, para salvarla, como pol\u00edticos deben aceptar esta pedagog\u00eda no afirmativa\u201d, concluye.<\/p>\n","protected":false},"excerpt":{"rendered":"<p>Los profesores Michael Uljens y Janne Elo, de la Facultad de Educaci\u00f3n de la \u00c5bo Akademi University (Finlandia), han visitado&#8230;<\/p>\n","protected":false},"author":23,"featured_media":66347,"comment_status":"closed","ping_status":"closed","sticky":false,"template":"","format":"standard","meta":{"inline_featured_image":false,"footnotes":""},"categories":[345,3725,348,2765],"tags":[9398],"acf":[],"yoast_head":"<!-- This site is optimized with the Yoast SEO plugin v21.3 - https:\/\/yoast.com\/wordpress\/plugins\/seo\/ -->\n<title>La Universidad de La Laguna invita a pedagogos finlandeses a conocer el sistema de gobernanza educativa canario - ULL - Noticias<\/title>\n<meta name=\"robots\" content=\"index, follow, max-snippet:-1, max-image-preview:large, max-video-preview:-1\" \/>\n<link rel=\"canonical\" href=\"https:\/\/www.ull.es\/portal\/noticias\/2022\/la-universidad-de-la-laguna-invita-a-pedagogos-finlandeses-a-conocer-el-sistema-de-gobernanza-educativa-canario\/\" \/>\n<meta property=\"og:locale\" content=\"es_ES\" \/>\n<meta property=\"og:type\" content=\"article\" \/>\n<meta property=\"og:title\" content=\"La Universidad de La Laguna invita a pedagogos finlandeses a conocer el sistema de gobernanza educativa canario - ULL - Noticias\" \/>\n<meta property=\"og:description\" content=\"Los profesores Michael Uljens y Janne Elo, de la Facultad de Educaci\u00f3n de la \u00c5bo Akademi University (Finlandia), han visitado...\" \/>\n<meta property=\"og:url\" content=\"https:\/\/www.ull.es\/portal\/noticias\/2022\/la-universidad-de-la-laguna-invita-a-pedagogos-finlandeses-a-conocer-el-sistema-de-gobernanza-educativa-canario\/\" \/>\n<meta property=\"og:site_name\" content=\"ULL - Noticias\" \/>\n<meta property=\"article:publisher\" content=\"https:\/\/www.facebook.com\/universidaddelalaguna\/\" \/>\n<meta property=\"article:published_time\" content=\"2022-11-25T11:06:51+00:00\" \/>\n<meta property=\"og:image\" content=\"https:\/\/www.ull.es\/portal\/noticias\/wp-content\/uploads\/sites\/13\/2022\/11\/Juan-Jose-Sosa-y-Antonio-Sosa-en-los-extremos-con-Michael-Uljens-y-Janne-Elo-gobernanza-educativa.jpg\" \/>\n\t<meta property=\"og:image:width\" content=\"1024\" \/>\n\t<meta property=\"og:image:height\" content=\"683\" \/>\n\t<meta property=\"og:image:type\" content=\"image\/jpeg\" \/>\n<meta name=\"author\" content=\"gaprsa\" \/>\n<meta name=\"twitter:card\" content=\"summary_large_image\" \/>\n<meta name=\"twitter:creator\" content=\"@CanalULL\" \/>\n<meta name=\"twitter:site\" content=\"@CanalULL\" \/>\n<meta name=\"twitter:label1\" content=\"Escrito por\" \/>\n\t<meta name=\"twitter:data1\" content=\"gaprsa\" \/>\n\t<meta name=\"twitter:label2\" content=\"Tiempo de lectura\" \/>\n\t<meta name=\"twitter:data2\" content=\"4 minutos\" \/>\n<script type=\"application\/ld+json\" class=\"yoast-schema-graph\">{\"@context\":\"https:\/\/schema.org\",\"@graph\":[{\"@type\":\"WebPage\",\"@id\":\"https:\/\/www.ull.es\/portal\/noticias\/2022\/la-universidad-de-la-laguna-invita-a-pedagogos-finlandeses-a-conocer-el-sistema-de-gobernanza-educativa-canario\/\",\"url\":\"https:\/\/www.ull.es\/portal\/noticias\/2022\/la-universidad-de-la-laguna-invita-a-pedagogos-finlandeses-a-conocer-el-sistema-de-gobernanza-educativa-canario\/\",\"name\":\"La Universidad de La Laguna invita a pedagogos finlandeses a conocer el sistema de gobernanza educativa canario - ULL - Noticias\",\"isPartOf\":{\"@id\":\"https:\/\/www.ull.es\/portal\/noticias\/#website\"},\"datePublished\":\"2022-11-25T11:06:51+00:00\",\"dateModified\":\"2022-11-25T11:06:51+00:00\",\"author\":{\"@id\":\"https:\/\/www.ull.es\/portal\/noticias\/#\/schema\/person\/b2b1a89d43ffa609e591f7df8ef3e817\"},\"breadcrumb\":{\"@id\":\"https:\/\/www.ull.es\/portal\/noticias\/2022\/la-universidad-de-la-laguna-invita-a-pedagogos-finlandeses-a-conocer-el-sistema-de-gobernanza-educativa-canario\/#breadcrumb\"},\"inLanguage\":\"es\",\"potentialAction\":[{\"@type\":\"ReadAction\",\"target\":[\"https:\/\/www.ull.es\/portal\/noticias\/2022\/la-universidad-de-la-laguna-invita-a-pedagogos-finlandeses-a-conocer-el-sistema-de-gobernanza-educativa-canario\/\"]}]},{\"@type\":\"BreadcrumbList\",\"@id\":\"https:\/\/www.ull.es\/portal\/noticias\/2022\/la-universidad-de-la-laguna-invita-a-pedagogos-finlandeses-a-conocer-el-sistema-de-gobernanza-educativa-canario\/#breadcrumb\",\"itemListElement\":[{\"@type\":\"ListItem\",\"position\":1,\"name\":\"Portada\",\"item\":\"https:\/\/www.ull.es\/portal\/noticias\/\"},{\"@type\":\"ListItem\",\"position\":2,\"name\":\"La Universidad de La Laguna invita a pedagogos finlandeses a conocer el sistema de gobernanza educativa canario\"}]},{\"@type\":\"WebSite\",\"@id\":\"https:\/\/www.ull.es\/portal\/noticias\/#website\",\"url\":\"https:\/\/www.ull.es\/portal\/noticias\/\",\"name\":\"ULL - Noticias\",\"description\":\"\",\"potentialAction\":[{\"@type\":\"SearchAction\",\"target\":{\"@type\":\"EntryPoint\",\"urlTemplate\":\"https:\/\/www.ull.es\/portal\/noticias\/?s={search_term_string}\"},\"query-input\":\"required name=search_term_string\"}],\"inLanguage\":\"es\"},{\"@type\":\"Person\",\"@id\":\"https:\/\/www.ull.es\/portal\/noticias\/#\/schema\/person\/b2b1a89d43ffa609e591f7df8ef3e817\",\"name\":\"gaprsa\",\"image\":{\"@type\":\"ImageObject\",\"inLanguage\":\"es\",\"@id\":\"https:\/\/www.ull.es\/portal\/noticias\/#\/schema\/person\/image\/\",\"url\":\"https:\/\/secure.gravatar.com\/avatar\/443820550921091458b4823867723b3d?s=96&d=mm&r=g\",\"contentUrl\":\"https:\/\/secure.gravatar.com\/avatar\/443820550921091458b4823867723b3d?s=96&d=mm&r=g\",\"caption\":\"gaprsa\"},\"url\":\"https:\/\/www.ull.es\/portal\/noticias\/author\/gaprsa\/\"}]}<\/script>\n<!-- \/ Yoast SEO plugin. -->","yoast_head_json":{"title":"La Universidad de La Laguna invita a pedagogos finlandeses a conocer el sistema de gobernanza educativa canario - ULL - Noticias","robots":{"index":"index","follow":"follow","max-snippet":"max-snippet:-1","max-image-preview":"max-image-preview:large","max-video-preview":"max-video-preview:-1"},"canonical":"https:\/\/www.ull.es\/portal\/noticias\/2022\/la-universidad-de-la-laguna-invita-a-pedagogos-finlandeses-a-conocer-el-sistema-de-gobernanza-educativa-canario\/","og_locale":"es_ES","og_type":"article","og_title":"La Universidad de La Laguna invita a pedagogos finlandeses a conocer el sistema de gobernanza educativa canario - ULL - Noticias","og_description":"Los profesores Michael Uljens y Janne Elo, de la Facultad de Educaci\u00f3n de la \u00c5bo Akademi University (Finlandia), han visitado...","og_url":"https:\/\/www.ull.es\/portal\/noticias\/2022\/la-universidad-de-la-laguna-invita-a-pedagogos-finlandeses-a-conocer-el-sistema-de-gobernanza-educativa-canario\/","og_site_name":"ULL - Noticias","article_publisher":"https:\/\/www.facebook.com\/universidaddelalaguna\/","article_published_time":"2022-11-25T11:06:51+00:00","og_image":[{"width":1024,"height":683,"url":"https:\/\/www.ull.es\/portal\/noticias\/wp-content\/uploads\/sites\/13\/2022\/11\/Juan-Jose-Sosa-y-Antonio-Sosa-en-los-extremos-con-Michael-Uljens-y-Janne-Elo-gobernanza-educativa.jpg","type":"image\/jpeg"}],"author":"gaprsa","twitter_card":"summary_large_image","twitter_creator":"@CanalULL","twitter_site":"@CanalULL","twitter_misc":{"Escrito por":"gaprsa","Tiempo de lectura":"4 minutos"},"schema":{"@context":"https:\/\/schema.org","@graph":[{"@type":"WebPage","@id":"https:\/\/www.ull.es\/portal\/noticias\/2022\/la-universidad-de-la-laguna-invita-a-pedagogos-finlandeses-a-conocer-el-sistema-de-gobernanza-educativa-canario\/","url":"https:\/\/www.ull.es\/portal\/noticias\/2022\/la-universidad-de-la-laguna-invita-a-pedagogos-finlandeses-a-conocer-el-sistema-de-gobernanza-educativa-canario\/","name":"La Universidad de La Laguna invita a pedagogos finlandeses a conocer el sistema de gobernanza educativa canario - ULL - Noticias","isPartOf":{"@id":"https:\/\/www.ull.es\/portal\/noticias\/#website"},"datePublished":"2022-11-25T11:06:51+00:00","dateModified":"2022-11-25T11:06:51+00:00","author":{"@id":"https:\/\/www.ull.es\/portal\/noticias\/#\/schema\/person\/b2b1a89d43ffa609e591f7df8ef3e817"},"breadcrumb":{"@id":"https:\/\/www.ull.es\/portal\/noticias\/2022\/la-universidad-de-la-laguna-invita-a-pedagogos-finlandeses-a-conocer-el-sistema-de-gobernanza-educativa-canario\/#breadcrumb"},"inLanguage":"es","potentialAction":[{"@type":"ReadAction","target":["https:\/\/www.ull.es\/portal\/noticias\/2022\/la-universidad-de-la-laguna-invita-a-pedagogos-finlandeses-a-conocer-el-sistema-de-gobernanza-educativa-canario\/"]}]},{"@type":"BreadcrumbList","@id":"https:\/\/www.ull.es\/portal\/noticias\/2022\/la-universidad-de-la-laguna-invita-a-pedagogos-finlandeses-a-conocer-el-sistema-de-gobernanza-educativa-canario\/#breadcrumb","itemListElement":[{"@type":"ListItem","position":1,"name":"Portada","item":"https:\/\/www.ull.es\/portal\/noticias\/"},{"@type":"ListItem","position":2,"name":"La Universidad de La Laguna invita a pedagogos finlandeses a conocer el sistema de gobernanza educativa canario"}]},{"@type":"WebSite","@id":"https:\/\/www.ull.es\/portal\/noticias\/#website","url":"https:\/\/www.ull.es\/portal\/noticias\/","name":"ULL - Noticias","description":"","potentialAction":[{"@type":"SearchAction","target":{"@type":"EntryPoint","urlTemplate":"https:\/\/www.ull.es\/portal\/noticias\/?s={search_term_string}"},"query-input":"required name=search_term_string"}],"inLanguage":"es"},{"@type":"Person","@id":"https:\/\/www.ull.es\/portal\/noticias\/#\/schema\/person\/b2b1a89d43ffa609e591f7df8ef3e817","name":"gaprsa","image":{"@type":"ImageObject","inLanguage":"es","@id":"https:\/\/www.ull.es\/portal\/noticias\/#\/schema\/person\/image\/","url":"https:\/\/secure.gravatar.com\/avatar\/443820550921091458b4823867723b3d?s=96&d=mm&r=g","contentUrl":"https:\/\/secure.gravatar.com\/avatar\/443820550921091458b4823867723b3d?s=96&d=mm&r=g","caption":"gaprsa"},"url":"https:\/\/www.ull.es\/portal\/noticias\/author\/gaprsa\/"}]}},"primary_category":{"id":345,"name":"Destacado","slug":"destacado","link":"https:\/\/www.ull.es\/portal\/noticias\/category\/destacado\/"},"featured_image_thumbnail_url":"https:\/\/www.ull.es\/portal\/noticias\/wp-content\/uploads\/sites\/13\/2022\/11\/Juan-Jose-Sosa-y-Antonio-Sosa-en-los-extremos-con-Michael-Uljens-y-Janne-Elo-gobernanza-educativa-300x200.jpg","_links":{"self":[{"href":"https:\/\/www.ull.es\/portal\/noticias\/wp-json\/wp\/v2\/posts\/66345"}],"collection":[{"href":"https:\/\/www.ull.es\/portal\/noticias\/wp-json\/wp\/v2\/posts"}],"about":[{"href":"https:\/\/www.ull.es\/portal\/noticias\/wp-json\/wp\/v2\/types\/post"}],"author":[{"embeddable":true,"href":"https:\/\/www.ull.es\/portal\/noticias\/wp-json\/wp\/v2\/users\/23"}],"replies":[{"embeddable":true,"href":"https:\/\/www.ull.es\/portal\/noticias\/wp-json\/wp\/v2\/comments?post=66345"}],"version-history":[{"count":2,"href":"https:\/\/www.ull.es\/portal\/noticias\/wp-json\/wp\/v2\/posts\/66345\/revisions"}],"predecessor-version":[{"id":66348,"href":"https:\/\/www.ull.es\/portal\/noticias\/wp-json\/wp\/v2\/posts\/66345\/revisions\/66348"}],"wp:featuredmedia":[{"embeddable":true,"href":"https:\/\/www.ull.es\/portal\/noticias\/wp-json\/wp\/v2\/media\/66347"}],"wp:attachment":[{"href":"https:\/\/www.ull.es\/portal\/noticias\/wp-json\/wp\/v2\/media?parent=66345"}],"wp:term":[{"taxonomy":"category","embeddable":true,"href":"https:\/\/www.ull.es\/portal\/noticias\/wp-json\/wp\/v2\/categories?post=66345"},{"taxonomy":"post_tag","embeddable":true,"href":"https:\/\/www.ull.es\/portal\/noticias\/wp-json\/wp\/v2\/tags?post=66345"}],"curies":[{"name":"wp","href":"https:\/\/api.w.org\/{rel}","templated":true}]}}