{"id":66841,"date":"2022-12-19T09:32:57","date_gmt":"2022-12-19T09:32:57","guid":{"rendered":"https:\/\/www.ull.es\/portal\/noticias\/?p=66841"},"modified":"2025-02-24T13:26:05","modified_gmt":"2025-02-24T13:26:05","slug":"hacedores-cambio-premia-laboratorio-innovacion-social","status":"publish","type":"post","link":"https:\/\/www.ull.es\/portal\/noticias\/2022\/hacedores-cambio-premia-laboratorio-innovacion-social\/","title":{"rendered":"La Asociaci\u00f3n Hacedores de Cambio premia al Laboratorio de Innovaci\u00f3n Social de la Universidad de La Laguna"},"content":{"rendered":"<p>El Laboratorio de Innovaci\u00f3n Social de la Universidad de La Laguna (<a href=\"https:\/\/fg.ull.es\/innovacion\/labins\/\" target=\"_blank\" rel=\"noopener\" target=\"_blank\" rel=\"noopener\">LabINS ULL<\/a>) ha sido galardonado en los premios de la <a href=\"https:\/\/www.hacedoresdelcambio.com\/\" target=\"_blank\" rel=\"noopener\" target=\"_blank\" rel=\"noopener\">Asociaci\u00f3n Hacedores de Cambio<\/a> en su primera edici\u00f3n en Tenerife. La entrega se celebr\u00f3 recientemente en el Sal\u00f3n de Actos de la sede en San Crist\u00f3bal de La Laguna de la UNED. Estas distinciones reconocen a entidades y personas que est\u00e1n cambiando la sociedad mediante la puesta en marcha de iniciativas con impacto social. Durante la velada, tambi\u00e9n fue reconocida la labor del Grupo Fedola, la Fundaci\u00f3n Fyde Caja Canarias, y la Asociaci\u00f3n Mayores Valores.<\/p>\n<p>El Laboratorio de Innovaci\u00f3n Social de la Universidad de La Laguna es un espacio de experimentaci\u00f3n e investigaci\u00f3n aplicada en el que se trabaja la innovaci\u00f3n social y p\u00fablica como medio para construir y avanzar hacia una sociedad m\u00e1s justa e igualitaria. Los sellos de identidad del Laboratorio son el enfoque integrado de g\u00e9nero, la perspectiva interseccional y la inteligencia colectiva, ya que las iniciativas se dise\u00f1an y generan de manera colaborativa entre la ciudadan\u00eda y diversidad de agentes sociales como administraciones p\u00fablicas, empresas y colectivos sociales. De esta manera, se pone el foco en la transferencia y democratizaci\u00f3n de conocimientos, entendi\u00e9ndose como investigaci\u00f3n abierta y como camino hacia el avance colectivo por el bien com\u00fan.<\/p>\n<p>Las iniciativas desarrolladas desde el Laboratorio de Innovaci\u00f3n Social de la Universidad de La Laguna, en alianza con entidades privadas y organismos p\u00fablicos, abarcan \u00e1mbitos diversos como la igualdad, la diversidad, la educaci\u00f3n, el patrimonio cultural, los Objetivos de Desarrollo Sostenible, el estudio y evaluaci\u00f3n de pol\u00edticas p\u00fablicas, la promoci\u00f3n de valores \u00e9ticos en el deporte base, los laboratorios ciudadanos intergeneracionales y laboratorios de innovaci\u00f3n p\u00fablica, entre otras, generando siempre espacios colaborativos y dial\u00f3gicos.<\/p>\n<p>La directora e investigadora del Laboratorio de Innovaci\u00f3n Social de la Universidad de La Laguna, M\u00f3nica Dios Rodr\u00edguez, as\u00ed como todo el equipo de trabajo de la entidad, ha asumido el galard\u00f3n con honor y responsabilidad. El Laboratorio agradece a Hacedores de Cambio la distinci\u00f3n, ha felicitado a las otras entidades premiadas y agradecido a todas las personas y colectivos que conf\u00edan y trabajan d\u00eda a d\u00eda por el cambio social. Tambi\u00e9n hace extensible este reconocimiento al resto de personal de la Universidad de La Laguna y su Fundaci\u00f3n General.<\/p>\n<p>Hacedores del Cambio es una Asociaci\u00f3n con sede en Las Palmas de Gran Canaria que trabaja para promover el crecimiento econ\u00f3mico y social a su alrededor, mediante la ejecuci\u00f3n de acciones de formaci\u00f3n, informaci\u00f3n y apoyo a personas y colectivos que est\u00e1n ayudando a mejorar la sociedad.<\/p>\n","protected":false},"excerpt":{"rendered":"<p>El Laboratorio de Innovaci\u00f3n Social de la Universidad de La Laguna (LabINS ULL) ha sido galardonado en los premios de&#8230;<\/p>\n","protected":false},"author":21,"featured_media":66842,"comment_status":"closed","ping_status":"closed","sticky":false,"template":"","format":"standard","meta":{"inline_featured_image":false,"footnotes":""},"categories":[345,348,2765],"tags":[9494,9510,9495,2142],"acf":[],"yoast_head":"<!-- This site is optimized with the Yoast SEO plugin v21.3 - https:\/\/yoast.com\/wordpress\/plugins\/seo\/ -->\n<title>La Asociaci\u00f3n Hacedores de Cambio premia al Laboratorio de Innovaci\u00f3n Social de la Universidad de La Laguna - ULL - Noticias<\/title>\n<meta name=\"description\" content=\"La entidad ha sido distinguida por su apuesta por la innovaci\u00f3n social y p\u00fablica colaborativa como medio para construir una sociedad justa.\" \/>\n<meta name=\"robots\" content=\"index, follow, max-snippet:-1, max-image-preview:large, max-video-preview:-1\" \/>\n<link rel=\"canonical\" href=\"https:\/\/www.ull.es\/portal\/noticias\/2022\/hacedores-cambio-premia-laboratorio-innovacion-social\/\" \/>\n<meta property=\"og:locale\" content=\"es_ES\" \/>\n<meta property=\"og:type\" content=\"article\" \/>\n<meta property=\"og:title\" content=\"La Asociaci\u00f3n Hacedores de Cambio premia al Laboratorio de Innovaci\u00f3n Social de la Universidad de La Laguna - ULL - Noticias\" \/>\n<meta property=\"og:description\" content=\"La entidad ha sido distinguida por su apuesta por la innovaci\u00f3n social y p\u00fablica colaborativa como medio para construir una sociedad justa.\" \/>\n<meta property=\"og:url\" content=\"https:\/\/www.ull.es\/portal\/noticias\/2022\/hacedores-cambio-premia-laboratorio-innovacion-social\/\" \/>\n<meta property=\"og:site_name\" content=\"ULL - Noticias\" \/>\n<meta property=\"article:publisher\" content=\"https:\/\/www.facebook.com\/universidaddelalaguna\/\" \/>\n<meta property=\"article:published_time\" content=\"2022-12-19T09:32:57+00:00\" \/>\n<meta property=\"article:modified_time\" content=\"2025-02-24T13:26:05+00:00\" \/>\n<meta property=\"og:image\" content=\"https:\/\/www.ull.es\/portal\/noticias\/wp-content\/uploads\/sites\/13\/2022\/12\/premio-labins-ull.jpg\" \/>\n\t<meta property=\"og:image:width\" content=\"1200\" \/>\n\t<meta property=\"og:image:height\" content=\"800\" \/>\n\t<meta property=\"og:image:type\" content=\"image\/jpeg\" \/>\n<meta name=\"author\" content=\"prensa2\" \/>\n<meta name=\"twitter:card\" content=\"summary_large_image\" \/>\n<meta name=\"twitter:creator\" content=\"@CanalULL\" \/>\n<meta name=\"twitter:site\" content=\"@CanalULL\" \/>\n<meta name=\"twitter:label1\" content=\"Escrito por\" \/>\n\t<meta name=\"twitter:data1\" content=\"prensa2\" \/>\n\t<meta name=\"twitter:label2\" content=\"Tiempo de lectura\" \/>\n\t<meta name=\"twitter:data2\" content=\"2 minutos\" \/>\n<script type=\"application\/ld+json\" class=\"yoast-schema-graph\">{\"@context\":\"https:\/\/schema.org\",\"@graph\":[{\"@type\":\"WebPage\",\"@id\":\"https:\/\/www.ull.es\/portal\/noticias\/2022\/hacedores-cambio-premia-laboratorio-innovacion-social\/\",\"url\":\"https:\/\/www.ull.es\/portal\/noticias\/2022\/hacedores-cambio-premia-laboratorio-innovacion-social\/\",\"name\":\"La Asociaci\u00f3n Hacedores de Cambio premia al Laboratorio de Innovaci\u00f3n Social de la Universidad de La Laguna - ULL - Noticias\",\"isPartOf\":{\"@id\":\"https:\/\/www.ull.es\/portal\/noticias\/#website\"},\"datePublished\":\"2022-12-19T09:32:57+00:00\",\"dateModified\":\"2025-02-24T13:26:05+00:00\",\"author\":{\"@id\":\"https:\/\/www.ull.es\/portal\/noticias\/#\/schema\/person\/c3b2aa857797592927a03740d6664376\"},\"description\":\"La entidad ha sido distinguida por su apuesta por la innovaci\u00f3n social y p\u00fablica colaborativa como medio para construir una sociedad justa.\",\"breadcrumb\":{\"@id\":\"https:\/\/www.ull.es\/portal\/noticias\/2022\/hacedores-cambio-premia-laboratorio-innovacion-social\/#breadcrumb\"},\"inLanguage\":\"es\",\"potentialAction\":[{\"@type\":\"ReadAction\",\"target\":[\"https:\/\/www.ull.es\/portal\/noticias\/2022\/hacedores-cambio-premia-laboratorio-innovacion-social\/\"]}]},{\"@type\":\"BreadcrumbList\",\"@id\":\"https:\/\/www.ull.es\/portal\/noticias\/2022\/hacedores-cambio-premia-laboratorio-innovacion-social\/#breadcrumb\",\"itemListElement\":[{\"@type\":\"ListItem\",\"position\":1,\"name\":\"Portada\",\"item\":\"https:\/\/www.ull.es\/portal\/noticias\/\"},{\"@type\":\"ListItem\",\"position\":2,\"name\":\"La Asociaci\u00f3n Hacedores de Cambio premia al Laboratorio de Innovaci\u00f3n Social de la Universidad de La Laguna\"}]},{\"@type\":\"WebSite\",\"@id\":\"https:\/\/www.ull.es\/portal\/noticias\/#website\",\"url\":\"https:\/\/www.ull.es\/portal\/noticias\/\",\"name\":\"ULL - Noticias\",\"description\":\"\",\"potentialAction\":[{\"@type\":\"SearchAction\",\"target\":{\"@type\":\"EntryPoint\",\"urlTemplate\":\"https:\/\/www.ull.es\/portal\/noticias\/?s={search_term_string}\"},\"query-input\":\"required name=search_term_string\"}],\"inLanguage\":\"es\"},{\"@type\":\"Person\",\"@id\":\"https:\/\/www.ull.es\/portal\/noticias\/#\/schema\/person\/c3b2aa857797592927a03740d6664376\",\"name\":\"prensa2\",\"image\":{\"@type\":\"ImageObject\",\"inLanguage\":\"es\",\"@id\":\"https:\/\/www.ull.es\/portal\/noticias\/#\/schema\/person\/image\/\",\"url\":\"https:\/\/secure.gravatar.com\/avatar\/b58f310a5de5feb33d1e026d2493f23c?s=96&d=mm&r=g\",\"contentUrl\":\"https:\/\/secure.gravatar.com\/avatar\/b58f310a5de5feb33d1e026d2493f23c?s=96&d=mm&r=g\",\"caption\":\"prensa2\"},\"url\":\"https:\/\/www.ull.es\/portal\/noticias\/author\/prensa2\/\"}]}<\/script>\n<!-- \/ Yoast SEO plugin. -->","yoast_head_json":{"title":"La Asociaci\u00f3n Hacedores de Cambio premia al Laboratorio de Innovaci\u00f3n Social de la Universidad de La Laguna - ULL - Noticias","description":"La entidad ha sido distinguida por su apuesta por la innovaci\u00f3n social y p\u00fablica colaborativa como medio para construir una sociedad justa.","robots":{"index":"index","follow":"follow","max-snippet":"max-snippet:-1","max-image-preview":"max-image-preview:large","max-video-preview":"max-video-preview:-1"},"canonical":"https:\/\/www.ull.es\/portal\/noticias\/2022\/hacedores-cambio-premia-laboratorio-innovacion-social\/","og_locale":"es_ES","og_type":"article","og_title":"La Asociaci\u00f3n Hacedores de Cambio premia al Laboratorio de Innovaci\u00f3n Social de la Universidad de La Laguna - ULL - Noticias","og_description":"La entidad ha sido distinguida por su apuesta por la innovaci\u00f3n social y p\u00fablica colaborativa como medio para construir una sociedad justa.","og_url":"https:\/\/www.ull.es\/portal\/noticias\/2022\/hacedores-cambio-premia-laboratorio-innovacion-social\/","og_site_name":"ULL - Noticias","article_publisher":"https:\/\/www.facebook.com\/universidaddelalaguna\/","article_published_time":"2022-12-19T09:32:57+00:00","article_modified_time":"2025-02-24T13:26:05+00:00","og_image":[{"width":1200,"height":800,"url":"https:\/\/www.ull.es\/portal\/noticias\/wp-content\/uploads\/sites\/13\/2022\/12\/premio-labins-ull.jpg","type":"image\/jpeg"}],"author":"prensa2","twitter_card":"summary_large_image","twitter_creator":"@CanalULL","twitter_site":"@CanalULL","twitter_misc":{"Escrito por":"prensa2","Tiempo de lectura":"2 minutos"},"schema":{"@context":"https:\/\/schema.org","@graph":[{"@type":"WebPage","@id":"https:\/\/www.ull.es\/portal\/noticias\/2022\/hacedores-cambio-premia-laboratorio-innovacion-social\/","url":"https:\/\/www.ull.es\/portal\/noticias\/2022\/hacedores-cambio-premia-laboratorio-innovacion-social\/","name":"La Asociaci\u00f3n Hacedores de Cambio premia al Laboratorio de Innovaci\u00f3n Social de la Universidad de La Laguna - ULL - Noticias","isPartOf":{"@id":"https:\/\/www.ull.es\/portal\/noticias\/#website"},"datePublished":"2022-12-19T09:32:57+00:00","dateModified":"2025-02-24T13:26:05+00:00","author":{"@id":"https:\/\/www.ull.es\/portal\/noticias\/#\/schema\/person\/c3b2aa857797592927a03740d6664376"},"description":"La entidad ha sido distinguida por su apuesta por la innovaci\u00f3n social y p\u00fablica colaborativa como medio para construir una sociedad justa.","breadcrumb":{"@id":"https:\/\/www.ull.es\/portal\/noticias\/2022\/hacedores-cambio-premia-laboratorio-innovacion-social\/#breadcrumb"},"inLanguage":"es","potentialAction":[{"@type":"ReadAction","target":["https:\/\/www.ull.es\/portal\/noticias\/2022\/hacedores-cambio-premia-laboratorio-innovacion-social\/"]}]},{"@type":"BreadcrumbList","@id":"https:\/\/www.ull.es\/portal\/noticias\/2022\/hacedores-cambio-premia-laboratorio-innovacion-social\/#breadcrumb","itemListElement":[{"@type":"ListItem","position":1,"name":"Portada","item":"https:\/\/www.ull.es\/portal\/noticias\/"},{"@type":"ListItem","position":2,"name":"La Asociaci\u00f3n Hacedores de Cambio premia al Laboratorio de Innovaci\u00f3n Social de la Universidad de La Laguna"}]},{"@type":"WebSite","@id":"https:\/\/www.ull.es\/portal\/noticias\/#website","url":"https:\/\/www.ull.es\/portal\/noticias\/","name":"ULL - Noticias","description":"","potentialAction":[{"@type":"SearchAction","target":{"@type":"EntryPoint","urlTemplate":"https:\/\/www.ull.es\/portal\/noticias\/?s={search_term_string}"},"query-input":"required name=search_term_string"}],"inLanguage":"es"},{"@type":"Person","@id":"https:\/\/www.ull.es\/portal\/noticias\/#\/schema\/person\/c3b2aa857797592927a03740d6664376","name":"prensa2","image":{"@type":"ImageObject","inLanguage":"es","@id":"https:\/\/www.ull.es\/portal\/noticias\/#\/schema\/person\/image\/","url":"https:\/\/secure.gravatar.com\/avatar\/b58f310a5de5feb33d1e026d2493f23c?s=96&d=mm&r=g","contentUrl":"https:\/\/secure.gravatar.com\/avatar\/b58f310a5de5feb33d1e026d2493f23c?s=96&d=mm&r=g","caption":"prensa2"},"url":"https:\/\/www.ull.es\/portal\/noticias\/author\/prensa2\/"}]}},"primary_category":{"id":345,"name":"Destacado","slug":"destacado","link":"https:\/\/www.ull.es\/portal\/noticias\/category\/destacado\/"},"featured_image_thumbnail_url":"https:\/\/www.ull.es\/portal\/noticias\/wp-content\/uploads\/sites\/13\/2022\/12\/premio-labins-ull-300x200.jpg","_links":{"self":[{"href":"https:\/\/www.ull.es\/portal\/noticias\/wp-json\/wp\/v2\/posts\/66841"}],"collection":[{"href":"https:\/\/www.ull.es\/portal\/noticias\/wp-json\/wp\/v2\/posts"}],"about":[{"href":"https:\/\/www.ull.es\/portal\/noticias\/wp-json\/wp\/v2\/types\/post"}],"author":[{"embeddable":true,"href":"https:\/\/www.ull.es\/portal\/noticias\/wp-json\/wp\/v2\/users\/21"}],"replies":[{"embeddable":true,"href":"https:\/\/www.ull.es\/portal\/noticias\/wp-json\/wp\/v2\/comments?post=66841"}],"version-history":[{"count":1,"href":"https:\/\/www.ull.es\/portal\/noticias\/wp-json\/wp\/v2\/posts\/66841\/revisions"}],"predecessor-version":[{"id":66843,"href":"https:\/\/www.ull.es\/portal\/noticias\/wp-json\/wp\/v2\/posts\/66841\/revisions\/66843"}],"wp:featuredmedia":[{"embeddable":true,"href":"https:\/\/www.ull.es\/portal\/noticias\/wp-json\/wp\/v2\/media\/66842"}],"wp:attachment":[{"href":"https:\/\/www.ull.es\/portal\/noticias\/wp-json\/wp\/v2\/media?parent=66841"}],"wp:term":[{"taxonomy":"category","embeddable":true,"href":"https:\/\/www.ull.es\/portal\/noticias\/wp-json\/wp\/v2\/categories?post=66841"},{"taxonomy":"post_tag","embeddable":true,"href":"https:\/\/www.ull.es\/portal\/noticias\/wp-json\/wp\/v2\/tags?post=66841"}],"curies":[{"name":"wp","href":"https:\/\/api.w.org\/{rel}","templated":true}]}}