{"id":67247,"date":"2023-01-20T13:57:37","date_gmt":"2023-01-20T13:57:37","guid":{"rendered":"https:\/\/www.ull.es\/portal\/noticias\/?p=67247"},"modified":"2023-01-20T13:57:37","modified_gmt":"2023-01-20T13:57:37","slug":"stars-ue-ultima-propuesta-european-university","status":"publish","type":"post","link":"https:\/\/www.ull.es\/portal\/noticias\/2023\/stars-ue-ultima-propuesta-european-university\/","title":{"rendered":"La alianza STARS UE ultima en Cracovia su propuesta para ser distinguida como \u2018European University\u2019"},"content":{"rendered":"<p>A falta de diez d\u00edas para que finalice el plazo para concurrir a la convocatoria Erasmus+ 2023 European Universities, las entidades asociadas en la alianza <a href=\"https:\/\/starseu.org\/\" target=\"_blank\" rel=\"noopener\" target=\"_blank\" rel=\"noopener\">STARS EU<\/a>, entre ellos la Universidad de La Laguna, se han reunido los d\u00edas 19 y 20 de enero en la <a href=\"https:\/\/www.pk.edu.pl\/index.php?option=com_content&amp;view=article&amp;id=65&amp;Itemid=121&amp;lang=en\" target=\"_blank\" rel=\"noopener\" target=\"_blank\" rel=\"noopener\">Universidad Tecnol\u00f3gica de Cracovia<\/a> (Polonia) para ultimar el trabajo iniciado hace varios meses para dise\u00f1ar esta solicitud de financiaci\u00f3n. La delegaci\u00f3n del centro canario ha estado presidida por el vicerrector de Investigaci\u00f3n y Transferencia, Ernesto Pereda, acompa\u00f1ado del profesor Rodrigo Trujillo, del Departamento de An\u00e1lisis Matem\u00e1tico.<\/p>\n<p>STARS EU es una alianza de nueve universidades europeas que va a concurrir a esta convocatoria de la Comisi\u00f3n Europea, la cual pretende crear redes de universidades trasnacionales que implique a estudiantes, investigadores y trabajadores de centros de diferentes pa\u00edses, poniendo \u00e9nfasis en la aportaci\u00f3n que estas instituciones pueden hacer al desarrollo regional. En caso de ser aceptada, no solo conseguir\u00eda 10 millones de euros para cuatro a\u00f1os, sino que las universidades adheridas gozar\u00edan de un estatus de calidad dentro de los centros europeos de educaci\u00f3n superior.<\/p>\n<p>Por primera vez, la convocatoria Erasmus+ 2023 European Universities est\u00e1 abierta a la participaci\u00f3n como socios de pleno derecho en las alianzas a instituciones de educaci\u00f3n superior de pa\u00edses de los Balcanes Occidentales, y STARS EU cuenta con una de ellas, la Universidad Aleksand\u00ebr Moisiu de Durr\u00ebs (Albania). Adem\u00e1s, es la primera vez que el socio franc\u00e9s, la Universidad de Franche Comt\u00e9 (Francia), participa como socio plenamente integrado.<\/p>\n<p><a href=\"https:\/\/www.ull.es\/portal\/noticias\/wp-content\/uploads\/sites\/13\/2023\/01\/SC-cracow-meeting-january-2023-002.jpg\" target=\"_blank\" rel=\"noopener\" target=\"_blank\" rel=\"noopener\"><img decoding=\"async\" loading=\"lazy\" class=\"alignleft wp-image-67249 size-medium\" src=\"https:\/\/www.ull.es\/portal\/noticias\/wp-content\/uploads\/sites\/13\/2023\/01\/SC-cracow-meeting-january-2023-002-300x200.jpg\" alt=\"\" width=\"300\" height=\"200\" srcset=\"https:\/\/www.ull.es\/portal\/noticias\/wp-content\/uploads\/sites\/13\/2023\/01\/SC-cracow-meeting-january-2023-002-300x200.jpg 300w, https:\/\/www.ull.es\/portal\/noticias\/wp-content\/uploads\/sites\/13\/2023\/01\/SC-cracow-meeting-january-2023-002-1024x683.jpg 1024w, https:\/\/www.ull.es\/portal\/noticias\/wp-content\/uploads\/sites\/13\/2023\/01\/SC-cracow-meeting-january-2023-002-768x512.jpg 768w, https:\/\/www.ull.es\/portal\/noticias\/wp-content\/uploads\/sites\/13\/2023\/01\/SC-cracow-meeting-january-2023-002-375x250.jpg 375w, https:\/\/www.ull.es\/portal\/noticias\/wp-content\/uploads\/sites\/13\/2023\/01\/SC-cracow-meeting-january-2023-002-750x500.jpg 750w, https:\/\/www.ull.es\/portal\/noticias\/wp-content\/uploads\/sites\/13\/2023\/01\/SC-cracow-meeting-january-2023-002-1140x760.jpg 1140w, https:\/\/www.ull.es\/portal\/noticias\/wp-content\/uploads\/sites\/13\/2023\/01\/SC-cracow-meeting-january-2023-002.jpg 1200w\" sizes=\"(max-width: 300px) 100vw, 300px\" \/><\/a>El comit\u00e9 directivo de STARS EU ha dedicado estas dos intensas jornadas de trabajo a revisar las acciones llevadas a cabo durante estos a\u00f1os de la alianza; ajustar a los objetivos de la Comisi\u00f3n Europea las acciones previstas para el nuevo cuatrienio; y actualizar las tareas en curso.<\/p>\n<p>Durante esta reuni\u00f3n, el profesor Valeriy Yaschuk, del departamento de F\u00edsica General de la Universidad Taras Shevchenko de Kyiv, colaboradora asociada de STARS EU, present\u00f3 las cifras clave de su universidad resultados de sus recientes investigaciones sobre f\u00edsica biol\u00f3gica. La alianza expres\u00f3 su preocupaci\u00f3n a su colega ucraniano por la situaci\u00f3n actual en su pa\u00eds y le transmiti\u00f3 su deseo de una pronta finalizaci\u00f3n de la guerra.<\/p>\n<p>El esp\u00edritu de la alianza STARS EU es fuertemente europe\u00edsta, de servicio p\u00fablico, con vistas a acelerar la transici\u00f3n hacia un modelo verde y digital para hacer sostenible el futuro, siguiendo la Agenda 2030 y teniendo siempre a la ciudadan\u00eda en el centro de sus acciones.<\/p>\n","protected":false},"excerpt":{"rendered":"<p>A falta de diez d\u00edas para que finalice el plazo para concurrir a la convocatoria Erasmus+ 2023 European Universities, las&#8230;<\/p>\n","protected":false},"author":21,"featured_media":67248,"comment_status":"closed","ping_status":"closed","sticky":false,"template":"","format":"standard","meta":{"inline_featured_image":false,"footnotes":""},"categories":[345,349,350,2765],"tags":[2759,9540,2286,8684],"acf":[],"yoast_head":"<!-- This site is optimized with the Yoast SEO plugin v21.3 - https:\/\/yoast.com\/wordpress\/plugins\/seo\/ -->\n<title>STARS UE ultima su propuesta para ser \u2018European University\u2019<\/title>\n<meta name=\"description\" content=\"La alianza a la que pertenece la ULL se reuni\u00f3 en Polonia para perfilar la propuesta que presentar\u00e1 a finales de enero a la Comisi\u00f3n Europea.\" \/>\n<meta name=\"robots\" content=\"index, follow, max-snippet:-1, max-image-preview:large, max-video-preview:-1\" \/>\n<link rel=\"canonical\" href=\"https:\/\/www.ull.es\/portal\/noticias\/2023\/stars-ue-ultima-propuesta-european-university\/\" \/>\n<meta property=\"og:locale\" content=\"es_ES\" \/>\n<meta property=\"og:type\" content=\"article\" \/>\n<meta property=\"og:title\" content=\"STARS UE ultima su propuesta para ser \u2018European University\u2019\" \/>\n<meta property=\"og:description\" content=\"La alianza a la que pertenece la ULL se reuni\u00f3 en Polonia para perfilar la propuesta que presentar\u00e1 a finales de enero a la Comisi\u00f3n Europea.\" \/>\n<meta property=\"og:url\" content=\"https:\/\/www.ull.es\/portal\/noticias\/2023\/stars-ue-ultima-propuesta-european-university\/\" \/>\n<meta property=\"og:site_name\" content=\"ULL - Noticias\" \/>\n<meta property=\"article:publisher\" content=\"https:\/\/www.facebook.com\/universidaddelalaguna\/\" \/>\n<meta property=\"article:published_time\" content=\"2023-01-20T13:57:37+00:00\" \/>\n<meta property=\"og:image\" content=\"https:\/\/www.ull.es\/portal\/noticias\/wp-content\/uploads\/sites\/13\/2023\/01\/SC-cracow-meeting-january-2023-001.jpg\" \/>\n\t<meta property=\"og:image:width\" content=\"1200\" \/>\n\t<meta property=\"og:image:height\" content=\"800\" \/>\n\t<meta property=\"og:image:type\" content=\"image\/jpeg\" \/>\n<meta name=\"author\" content=\"prensa2\" \/>\n<meta name=\"twitter:card\" content=\"summary_large_image\" \/>\n<meta name=\"twitter:creator\" content=\"@CanalULL\" \/>\n<meta name=\"twitter:site\" content=\"@CanalULL\" \/>\n<meta name=\"twitter:label1\" content=\"Escrito por\" \/>\n\t<meta name=\"twitter:data1\" content=\"prensa2\" \/>\n\t<meta name=\"twitter:label2\" content=\"Tiempo de lectura\" \/>\n\t<meta name=\"twitter:data2\" content=\"3 minutos\" \/>\n<script type=\"application\/ld+json\" class=\"yoast-schema-graph\">{\"@context\":\"https:\/\/schema.org\",\"@graph\":[{\"@type\":\"WebPage\",\"@id\":\"https:\/\/www.ull.es\/portal\/noticias\/2023\/stars-ue-ultima-propuesta-european-university\/\",\"url\":\"https:\/\/www.ull.es\/portal\/noticias\/2023\/stars-ue-ultima-propuesta-european-university\/\",\"name\":\"STARS UE ultima su propuesta para ser \u2018European University\u2019\",\"isPartOf\":{\"@id\":\"https:\/\/www.ull.es\/portal\/noticias\/#website\"},\"datePublished\":\"2023-01-20T13:57:37+00:00\",\"dateModified\":\"2023-01-20T13:57:37+00:00\",\"author\":{\"@id\":\"https:\/\/www.ull.es\/portal\/noticias\/#\/schema\/person\/c3b2aa857797592927a03740d6664376\"},\"description\":\"La alianza a la que pertenece la ULL se reuni\u00f3 en Polonia para perfilar la propuesta que presentar\u00e1 a finales de enero a la Comisi\u00f3n Europea.\",\"breadcrumb\":{\"@id\":\"https:\/\/www.ull.es\/portal\/noticias\/2023\/stars-ue-ultima-propuesta-european-university\/#breadcrumb\"},\"inLanguage\":\"es\",\"potentialAction\":[{\"@type\":\"ReadAction\",\"target\":[\"https:\/\/www.ull.es\/portal\/noticias\/2023\/stars-ue-ultima-propuesta-european-university\/\"]}]},{\"@type\":\"BreadcrumbList\",\"@id\":\"https:\/\/www.ull.es\/portal\/noticias\/2023\/stars-ue-ultima-propuesta-european-university\/#breadcrumb\",\"itemListElement\":[{\"@type\":\"ListItem\",\"position\":1,\"name\":\"Portada\",\"item\":\"https:\/\/www.ull.es\/portal\/noticias\/\"},{\"@type\":\"ListItem\",\"position\":2,\"name\":\"La alianza STARS UE ultima en Cracovia su propuesta para ser distinguida como \u2018European University\u2019\"}]},{\"@type\":\"WebSite\",\"@id\":\"https:\/\/www.ull.es\/portal\/noticias\/#website\",\"url\":\"https:\/\/www.ull.es\/portal\/noticias\/\",\"name\":\"ULL - Noticias\",\"description\":\"\",\"potentialAction\":[{\"@type\":\"SearchAction\",\"target\":{\"@type\":\"EntryPoint\",\"urlTemplate\":\"https:\/\/www.ull.es\/portal\/noticias\/?s={search_term_string}\"},\"query-input\":\"required name=search_term_string\"}],\"inLanguage\":\"es\"},{\"@type\":\"Person\",\"@id\":\"https:\/\/www.ull.es\/portal\/noticias\/#\/schema\/person\/c3b2aa857797592927a03740d6664376\",\"name\":\"prensa2\",\"image\":{\"@type\":\"ImageObject\",\"inLanguage\":\"es\",\"@id\":\"https:\/\/www.ull.es\/portal\/noticias\/#\/schema\/person\/image\/\",\"url\":\"https:\/\/secure.gravatar.com\/avatar\/b58f310a5de5feb33d1e026d2493f23c?s=96&d=mm&r=g\",\"contentUrl\":\"https:\/\/secure.gravatar.com\/avatar\/b58f310a5de5feb33d1e026d2493f23c?s=96&d=mm&r=g\",\"caption\":\"prensa2\"},\"url\":\"https:\/\/www.ull.es\/portal\/noticias\/author\/prensa2\/\"}]}<\/script>\n<!-- \/ Yoast SEO plugin. -->","yoast_head_json":{"title":"STARS UE ultima su propuesta para ser \u2018European University\u2019","description":"La alianza a la que pertenece la ULL se reuni\u00f3 en Polonia para perfilar la propuesta que presentar\u00e1 a finales de enero a la Comisi\u00f3n Europea.","robots":{"index":"index","follow":"follow","max-snippet":"max-snippet:-1","max-image-preview":"max-image-preview:large","max-video-preview":"max-video-preview:-1"},"canonical":"https:\/\/www.ull.es\/portal\/noticias\/2023\/stars-ue-ultima-propuesta-european-university\/","og_locale":"es_ES","og_type":"article","og_title":"STARS UE ultima su propuesta para ser \u2018European University\u2019","og_description":"La alianza a la que pertenece la ULL se reuni\u00f3 en Polonia para perfilar la propuesta que presentar\u00e1 a finales de enero a la Comisi\u00f3n Europea.","og_url":"https:\/\/www.ull.es\/portal\/noticias\/2023\/stars-ue-ultima-propuesta-european-university\/","og_site_name":"ULL - Noticias","article_publisher":"https:\/\/www.facebook.com\/universidaddelalaguna\/","article_published_time":"2023-01-20T13:57:37+00:00","og_image":[{"width":1200,"height":800,"url":"https:\/\/www.ull.es\/portal\/noticias\/wp-content\/uploads\/sites\/13\/2023\/01\/SC-cracow-meeting-january-2023-001.jpg","type":"image\/jpeg"}],"author":"prensa2","twitter_card":"summary_large_image","twitter_creator":"@CanalULL","twitter_site":"@CanalULL","twitter_misc":{"Escrito por":"prensa2","Tiempo de lectura":"3 minutos"},"schema":{"@context":"https:\/\/schema.org","@graph":[{"@type":"WebPage","@id":"https:\/\/www.ull.es\/portal\/noticias\/2023\/stars-ue-ultima-propuesta-european-university\/","url":"https:\/\/www.ull.es\/portal\/noticias\/2023\/stars-ue-ultima-propuesta-european-university\/","name":"STARS UE ultima su propuesta para ser \u2018European University\u2019","isPartOf":{"@id":"https:\/\/www.ull.es\/portal\/noticias\/#website"},"datePublished":"2023-01-20T13:57:37+00:00","dateModified":"2023-01-20T13:57:37+00:00","author":{"@id":"https:\/\/www.ull.es\/portal\/noticias\/#\/schema\/person\/c3b2aa857797592927a03740d6664376"},"description":"La alianza a la que pertenece la ULL se reuni\u00f3 en Polonia para perfilar la propuesta que presentar\u00e1 a finales de enero a la Comisi\u00f3n Europea.","breadcrumb":{"@id":"https:\/\/www.ull.es\/portal\/noticias\/2023\/stars-ue-ultima-propuesta-european-university\/#breadcrumb"},"inLanguage":"es","potentialAction":[{"@type":"ReadAction","target":["https:\/\/www.ull.es\/portal\/noticias\/2023\/stars-ue-ultima-propuesta-european-university\/"]}]},{"@type":"BreadcrumbList","@id":"https:\/\/www.ull.es\/portal\/noticias\/2023\/stars-ue-ultima-propuesta-european-university\/#breadcrumb","itemListElement":[{"@type":"ListItem","position":1,"name":"Portada","item":"https:\/\/www.ull.es\/portal\/noticias\/"},{"@type":"ListItem","position":2,"name":"La alianza STARS UE ultima en Cracovia su propuesta para ser distinguida como \u2018European University\u2019"}]},{"@type":"WebSite","@id":"https:\/\/www.ull.es\/portal\/noticias\/#website","url":"https:\/\/www.ull.es\/portal\/noticias\/","name":"ULL - Noticias","description":"","potentialAction":[{"@type":"SearchAction","target":{"@type":"EntryPoint","urlTemplate":"https:\/\/www.ull.es\/portal\/noticias\/?s={search_term_string}"},"query-input":"required name=search_term_string"}],"inLanguage":"es"},{"@type":"Person","@id":"https:\/\/www.ull.es\/portal\/noticias\/#\/schema\/person\/c3b2aa857797592927a03740d6664376","name":"prensa2","image":{"@type":"ImageObject","inLanguage":"es","@id":"https:\/\/www.ull.es\/portal\/noticias\/#\/schema\/person\/image\/","url":"https:\/\/secure.gravatar.com\/avatar\/b58f310a5de5feb33d1e026d2493f23c?s=96&d=mm&r=g","contentUrl":"https:\/\/secure.gravatar.com\/avatar\/b58f310a5de5feb33d1e026d2493f23c?s=96&d=mm&r=g","caption":"prensa2"},"url":"https:\/\/www.ull.es\/portal\/noticias\/author\/prensa2\/"}]}},"primary_category":{"id":345,"name":"Destacado","slug":"destacado","link":"https:\/\/www.ull.es\/portal\/noticias\/category\/destacado\/"},"featured_image_thumbnail_url":"https:\/\/www.ull.es\/portal\/noticias\/wp-content\/uploads\/sites\/13\/2023\/01\/SC-cracow-meeting-january-2023-001-300x200.jpg","_links":{"self":[{"href":"https:\/\/www.ull.es\/portal\/noticias\/wp-json\/wp\/v2\/posts\/67247"}],"collection":[{"href":"https:\/\/www.ull.es\/portal\/noticias\/wp-json\/wp\/v2\/posts"}],"about":[{"href":"https:\/\/www.ull.es\/portal\/noticias\/wp-json\/wp\/v2\/types\/post"}],"author":[{"embeddable":true,"href":"https:\/\/www.ull.es\/portal\/noticias\/wp-json\/wp\/v2\/users\/21"}],"replies":[{"embeddable":true,"href":"https:\/\/www.ull.es\/portal\/noticias\/wp-json\/wp\/v2\/comments?post=67247"}],"version-history":[{"count":1,"href":"https:\/\/www.ull.es\/portal\/noticias\/wp-json\/wp\/v2\/posts\/67247\/revisions"}],"predecessor-version":[{"id":67250,"href":"https:\/\/www.ull.es\/portal\/noticias\/wp-json\/wp\/v2\/posts\/67247\/revisions\/67250"}],"wp:featuredmedia":[{"embeddable":true,"href":"https:\/\/www.ull.es\/portal\/noticias\/wp-json\/wp\/v2\/media\/67248"}],"wp:attachment":[{"href":"https:\/\/www.ull.es\/portal\/noticias\/wp-json\/wp\/v2\/media?parent=67247"}],"wp:term":[{"taxonomy":"category","embeddable":true,"href":"https:\/\/www.ull.es\/portal\/noticias\/wp-json\/wp\/v2\/categories?post=67247"},{"taxonomy":"post_tag","embeddable":true,"href":"https:\/\/www.ull.es\/portal\/noticias\/wp-json\/wp\/v2\/tags?post=67247"}],"curies":[{"name":"wp","href":"https:\/\/api.w.org\/{rel}","templated":true}]}}