{"id":67265,"date":"2023-01-23T08:58:07","date_gmt":"2023-01-23T08:58:07","guid":{"rendered":"https:\/\/www.ull.es\/portal\/noticias\/?p=67265"},"modified":"2023-01-23T08:58:07","modified_gmt":"2023-01-23T08:58:07","slug":"la-universidad-de-la-laguna-y-el-cabildo-promueven-los-ods-con-el-proyecto-ingenia","status":"publish","type":"post","link":"https:\/\/www.ull.es\/portal\/noticias\/2023\/la-universidad-de-la-laguna-y-el-cabildo-promueven-los-ods-con-el-proyecto-ingenia\/","title":{"rendered":"La Universidad de La Laguna y el Cabildo promueven los ODS con el proyecto Ingenia"},"content":{"rendered":"<p class=\"buttons cabtfe-noticias-buttons\">El Cabildo de Tenerife, a trav\u00e9s del \u00e1rea de Educaci\u00f3n y Juventud, financia la tercera edici\u00f3n de <a href=\"http:\/\/www.ull.es\/portal\/ingenia\/\" target=\"_blank\" rel=\"noopener\">Ingenia<\/a>, un proyecto de innovaci\u00f3n y emprendimiento que permite obtener hasta 2.000 euros de financiaci\u00f3n para ejecutar iniciativas que solucionen problemas sociales y medioambientales en Canarias. Este programa, que es desarrollado por el Vicerrectorado de Estudiantes de la Universidad de La Laguna, tendr\u00e1 la convocatoria abierta hasta el viernes 27 de enero.<\/p>\n<div class=\"description group\">\n<p>Ingenia proporciona asesoramiento y subvenci\u00f3n a aquellas personas que tienen ideas para hacer frente a los retos de las islas en relaci\u00f3n a los Objetivos de Desarrollo Sostenible. La consejera insular de Educaci\u00f3n y Juventud, Concepci\u00f3n Rivero, destaca que \u00abgracias a este programa, se han impulsado 24 proyectos que hacen frente a problemas locales tales como la p\u00e9rdida de la biodiversidad, las dificultades de acceso a asistencia jur\u00eddica, o la falta de h\u00e1bitos de vida saludable entre la poblaci\u00f3n infantil\u00bb.<\/p>\n<p>Para la rectora de la Universidad de La Laguna, Rosa Aguilar, llegar a una tercera edici\u00f3n de Ingenia expresa el compromiso que tanto su instituci\u00f3n como la corporaci\u00f3n insular muestran con los ODS. \u00abEste programa contribuye de manera activa a tener una juventud no s\u00f3lo din\u00e1mica, productiva y capaz de desarrollar proyectos complejos, sino concienciada con la sostenibilidad en todas sus vertientes. El futuro es complejo, pero estamos dotando a las nuevas generaciones con herramientas para afrontarlo\u00bb.<\/p>\n<p>Ingenia est\u00e1 dirigido a toda persona que proponga proyectos en cualquier rama del conocimiento con un impacto positivo para la sociedad canaria. Durante su desarrollo, los participantes pasar\u00e1n por distintas etapas que les permitir\u00e1 mejorar y materializar sus ideas de la mano de profesionales.\u00a0En concreto, durante las diferentes fases el equipo t\u00e9cnico de Ingenia les ayudar\u00e1 a revisar los objetivos del proyecto, establecer planificaciones realistas con sus correspondientes planes de gasto, ejecutar la idea por pasos y evaluar el impacto final para luego darlo a conocer. Todo esto se llevar\u00e1 a cabo durante del segundo cuatrimestre del curso 2022-23, una vez se hayan evaluado las propuestas presentadas y seleccionado aquellas que reciban mayor puntuaci\u00f3n.<\/p>\n<p>Podr\u00e1 participar en este proyecto cualquier persona menor de 31 a\u00f1os, as\u00ed como el profesorado de centros de Tenerife que tenga intenci\u00f3n de promover proyectos en Ingenia con estudiantes de 4\u00ba de ESO, 1\u00ba de Bachillerato o de Ciclo Superior.\u00a0Adem\u00e1s, se participar\u00e1 en equipos compuestos por entre dos y cinco personas que deber\u00e1n ajustarse a alguna de las siguientes categor\u00edas: equipos de estudiantes de educaci\u00f3n preuniversitaria, equipos de estudiantes de grado universitario, equipos de estudiantes de m\u00e1ster o doctorado o p\u00fablico general menor de 31 a\u00f1os.<\/p>\n<p>En cuanto a las propuestas presentadas, deber\u00e1n ser iniciativas sociales, tecnol\u00f3gicas o medioambientales, vinculadas al desarrollo sostenible en Canarias. Las distintas ideas se evaluar\u00e1n en base a unos criterios recogidos en las bases entre los que se valorar\u00e1 la relevancia del problema planteado o la viabilidad de la soluci\u00f3n, entre otros.\u00a0Pasar\u00e1n a la segunda fase de selecci\u00f3n aquellos proyectos que alcancen un puntuaci\u00f3n m\u00ednima de un 50% y, llegados a este punto, los participantes tendr\u00e1n una entrevista con el equipo de Ingenia en la que defender\u00e1n su idea y recibir\u00e1n una nueva puntuaci\u00f3n.<\/p>\n<p>Para poder optar a financiaci\u00f3n, la suma de la puntuaci\u00f3n obtenida en las dos fases de evaluaci\u00f3n ser\u00e1 de al menos del 60%, por lo que todas las propuestas que superen esta puntuaci\u00f3n m\u00ednima se ordenar\u00e1n en una lista de mayor a menor puntuaci\u00f3n que guiar\u00e1 la asignaci\u00f3n de cr\u00e9dito.<\/p>\n<p>Aquellas personas interesadas en el programa podr\u00e1n acceder a las bases de la convocatoria as\u00ed como al formulario de solicitud en la web: www.ull.es\/portal\/ingenia\/.<\/p>\n<\/div>\n","protected":false},"excerpt":{"rendered":"<p>El Cabildo de Tenerife, a trav\u00e9s del \u00e1rea de Educaci\u00f3n y Juventud, financia la tercera edici\u00f3n de Ingenia, un proyecto&#8230;<\/p>\n","protected":false},"author":23,"featured_media":67267,"comment_status":"closed","ping_status":"closed","sticky":false,"template":"","format":"standard","meta":{"inline_featured_image":false,"footnotes":""},"categories":[343,345,2765],"tags":[1493,4150],"acf":[],"yoast_head":"<!-- This site is optimized with the Yoast SEO plugin v21.3 - https:\/\/yoast.com\/wordpress\/plugins\/seo\/ -->\n<title>La Universidad de La Laguna y el Cabildo promueven los ODS con el proyecto Ingenia - ULL - Noticias<\/title>\n<meta name=\"robots\" content=\"index, follow, max-snippet:-1, max-image-preview:large, max-video-preview:-1\" \/>\n<link rel=\"canonical\" href=\"https:\/\/www.ull.es\/portal\/noticias\/2023\/la-universidad-de-la-laguna-y-el-cabildo-promueven-los-ods-con-el-proyecto-ingenia\/\" \/>\n<meta property=\"og:locale\" content=\"es_ES\" \/>\n<meta property=\"og:type\" content=\"article\" \/>\n<meta property=\"og:title\" content=\"La Universidad de La Laguna y el Cabildo promueven los ODS con el proyecto Ingenia - ULL - Noticias\" \/>\n<meta property=\"og:description\" content=\"El Cabildo de Tenerife, a trav\u00e9s del \u00e1rea de Educaci\u00f3n y Juventud, financia la tercera edici\u00f3n de Ingenia, un proyecto...\" \/>\n<meta property=\"og:url\" content=\"https:\/\/www.ull.es\/portal\/noticias\/2023\/la-universidad-de-la-laguna-y-el-cabildo-promueven-los-ods-con-el-proyecto-ingenia\/\" \/>\n<meta property=\"og:site_name\" content=\"ULL - Noticias\" \/>\n<meta property=\"article:publisher\" content=\"https:\/\/www.facebook.com\/universidaddelalaguna\/\" \/>\n<meta property=\"article:published_time\" content=\"2023-01-23T08:58:07+00:00\" \/>\n<meta property=\"og:image\" content=\"https:\/\/www.ull.es\/portal\/noticias\/wp-content\/uploads\/sites\/13\/2023\/01\/ingenia-2023.jpg\" \/>\n\t<meta property=\"og:image:width\" content=\"1600\" \/>\n\t<meta property=\"og:image:height\" content=\"1067\" \/>\n\t<meta property=\"og:image:type\" content=\"image\/jpeg\" \/>\n<meta name=\"author\" content=\"gaprsa\" \/>\n<meta name=\"twitter:card\" content=\"summary_large_image\" \/>\n<meta name=\"twitter:creator\" content=\"@CanalULL\" \/>\n<meta name=\"twitter:site\" content=\"@CanalULL\" \/>\n<meta name=\"twitter:label1\" content=\"Escrito por\" \/>\n\t<meta name=\"twitter:data1\" content=\"gaprsa\" \/>\n\t<meta name=\"twitter:label2\" content=\"Tiempo de lectura\" \/>\n\t<meta name=\"twitter:data2\" content=\"3 minutos\" \/>\n<script type=\"application\/ld+json\" class=\"yoast-schema-graph\">{\"@context\":\"https:\/\/schema.org\",\"@graph\":[{\"@type\":\"WebPage\",\"@id\":\"https:\/\/www.ull.es\/portal\/noticias\/2023\/la-universidad-de-la-laguna-y-el-cabildo-promueven-los-ods-con-el-proyecto-ingenia\/\",\"url\":\"https:\/\/www.ull.es\/portal\/noticias\/2023\/la-universidad-de-la-laguna-y-el-cabildo-promueven-los-ods-con-el-proyecto-ingenia\/\",\"name\":\"La Universidad de La Laguna y el Cabildo promueven los ODS con el proyecto Ingenia - ULL - Noticias\",\"isPartOf\":{\"@id\":\"https:\/\/www.ull.es\/portal\/noticias\/#website\"},\"datePublished\":\"2023-01-23T08:58:07+00:00\",\"dateModified\":\"2023-01-23T08:58:07+00:00\",\"author\":{\"@id\":\"https:\/\/www.ull.es\/portal\/noticias\/#\/schema\/person\/b2b1a89d43ffa609e591f7df8ef3e817\"},\"breadcrumb\":{\"@id\":\"https:\/\/www.ull.es\/portal\/noticias\/2023\/la-universidad-de-la-laguna-y-el-cabildo-promueven-los-ods-con-el-proyecto-ingenia\/#breadcrumb\"},\"inLanguage\":\"es\",\"potentialAction\":[{\"@type\":\"ReadAction\",\"target\":[\"https:\/\/www.ull.es\/portal\/noticias\/2023\/la-universidad-de-la-laguna-y-el-cabildo-promueven-los-ods-con-el-proyecto-ingenia\/\"]}]},{\"@type\":\"BreadcrumbList\",\"@id\":\"https:\/\/www.ull.es\/portal\/noticias\/2023\/la-universidad-de-la-laguna-y-el-cabildo-promueven-los-ods-con-el-proyecto-ingenia\/#breadcrumb\",\"itemListElement\":[{\"@type\":\"ListItem\",\"position\":1,\"name\":\"Portada\",\"item\":\"https:\/\/www.ull.es\/portal\/noticias\/\"},{\"@type\":\"ListItem\",\"position\":2,\"name\":\"La Universidad de La Laguna y el Cabildo promueven los ODS con el proyecto Ingenia\"}]},{\"@type\":\"WebSite\",\"@id\":\"https:\/\/www.ull.es\/portal\/noticias\/#website\",\"url\":\"https:\/\/www.ull.es\/portal\/noticias\/\",\"name\":\"ULL - Noticias\",\"description\":\"\",\"potentialAction\":[{\"@type\":\"SearchAction\",\"target\":{\"@type\":\"EntryPoint\",\"urlTemplate\":\"https:\/\/www.ull.es\/portal\/noticias\/?s={search_term_string}\"},\"query-input\":\"required name=search_term_string\"}],\"inLanguage\":\"es\"},{\"@type\":\"Person\",\"@id\":\"https:\/\/www.ull.es\/portal\/noticias\/#\/schema\/person\/b2b1a89d43ffa609e591f7df8ef3e817\",\"name\":\"gaprsa\",\"image\":{\"@type\":\"ImageObject\",\"inLanguage\":\"es\",\"@id\":\"https:\/\/www.ull.es\/portal\/noticias\/#\/schema\/person\/image\/\",\"url\":\"https:\/\/secure.gravatar.com\/avatar\/443820550921091458b4823867723b3d?s=96&d=mm&r=g\",\"contentUrl\":\"https:\/\/secure.gravatar.com\/avatar\/443820550921091458b4823867723b3d?s=96&d=mm&r=g\",\"caption\":\"gaprsa\"},\"url\":\"https:\/\/www.ull.es\/portal\/noticias\/author\/gaprsa\/\"}]}<\/script>\n<!-- \/ Yoast SEO plugin. -->","yoast_head_json":{"title":"La Universidad de La Laguna y el Cabildo promueven los ODS con el proyecto Ingenia - ULL - Noticias","robots":{"index":"index","follow":"follow","max-snippet":"max-snippet:-1","max-image-preview":"max-image-preview:large","max-video-preview":"max-video-preview:-1"},"canonical":"https:\/\/www.ull.es\/portal\/noticias\/2023\/la-universidad-de-la-laguna-y-el-cabildo-promueven-los-ods-con-el-proyecto-ingenia\/","og_locale":"es_ES","og_type":"article","og_title":"La Universidad de La Laguna y el Cabildo promueven los ODS con el proyecto Ingenia - ULL - Noticias","og_description":"El Cabildo de Tenerife, a trav\u00e9s del \u00e1rea de Educaci\u00f3n y Juventud, financia la tercera edici\u00f3n de Ingenia, un proyecto...","og_url":"https:\/\/www.ull.es\/portal\/noticias\/2023\/la-universidad-de-la-laguna-y-el-cabildo-promueven-los-ods-con-el-proyecto-ingenia\/","og_site_name":"ULL - Noticias","article_publisher":"https:\/\/www.facebook.com\/universidaddelalaguna\/","article_published_time":"2023-01-23T08:58:07+00:00","og_image":[{"width":1600,"height":1067,"url":"https:\/\/www.ull.es\/portal\/noticias\/wp-content\/uploads\/sites\/13\/2023\/01\/ingenia-2023.jpg","type":"image\/jpeg"}],"author":"gaprsa","twitter_card":"summary_large_image","twitter_creator":"@CanalULL","twitter_site":"@CanalULL","twitter_misc":{"Escrito por":"gaprsa","Tiempo de lectura":"3 minutos"},"schema":{"@context":"https:\/\/schema.org","@graph":[{"@type":"WebPage","@id":"https:\/\/www.ull.es\/portal\/noticias\/2023\/la-universidad-de-la-laguna-y-el-cabildo-promueven-los-ods-con-el-proyecto-ingenia\/","url":"https:\/\/www.ull.es\/portal\/noticias\/2023\/la-universidad-de-la-laguna-y-el-cabildo-promueven-los-ods-con-el-proyecto-ingenia\/","name":"La Universidad de La Laguna y el Cabildo promueven los ODS con el proyecto Ingenia - ULL - Noticias","isPartOf":{"@id":"https:\/\/www.ull.es\/portal\/noticias\/#website"},"datePublished":"2023-01-23T08:58:07+00:00","dateModified":"2023-01-23T08:58:07+00:00","author":{"@id":"https:\/\/www.ull.es\/portal\/noticias\/#\/schema\/person\/b2b1a89d43ffa609e591f7df8ef3e817"},"breadcrumb":{"@id":"https:\/\/www.ull.es\/portal\/noticias\/2023\/la-universidad-de-la-laguna-y-el-cabildo-promueven-los-ods-con-el-proyecto-ingenia\/#breadcrumb"},"inLanguage":"es","potentialAction":[{"@type":"ReadAction","target":["https:\/\/www.ull.es\/portal\/noticias\/2023\/la-universidad-de-la-laguna-y-el-cabildo-promueven-los-ods-con-el-proyecto-ingenia\/"]}]},{"@type":"BreadcrumbList","@id":"https:\/\/www.ull.es\/portal\/noticias\/2023\/la-universidad-de-la-laguna-y-el-cabildo-promueven-los-ods-con-el-proyecto-ingenia\/#breadcrumb","itemListElement":[{"@type":"ListItem","position":1,"name":"Portada","item":"https:\/\/www.ull.es\/portal\/noticias\/"},{"@type":"ListItem","position":2,"name":"La Universidad de La Laguna y el Cabildo promueven los ODS con el proyecto Ingenia"}]},{"@type":"WebSite","@id":"https:\/\/www.ull.es\/portal\/noticias\/#website","url":"https:\/\/www.ull.es\/portal\/noticias\/","name":"ULL - Noticias","description":"","potentialAction":[{"@type":"SearchAction","target":{"@type":"EntryPoint","urlTemplate":"https:\/\/www.ull.es\/portal\/noticias\/?s={search_term_string}"},"query-input":"required name=search_term_string"}],"inLanguage":"es"},{"@type":"Person","@id":"https:\/\/www.ull.es\/portal\/noticias\/#\/schema\/person\/b2b1a89d43ffa609e591f7df8ef3e817","name":"gaprsa","image":{"@type":"ImageObject","inLanguage":"es","@id":"https:\/\/www.ull.es\/portal\/noticias\/#\/schema\/person\/image\/","url":"https:\/\/secure.gravatar.com\/avatar\/443820550921091458b4823867723b3d?s=96&d=mm&r=g","contentUrl":"https:\/\/secure.gravatar.com\/avatar\/443820550921091458b4823867723b3d?s=96&d=mm&r=g","caption":"gaprsa"},"url":"https:\/\/www.ull.es\/portal\/noticias\/author\/gaprsa\/"}]}},"primary_category":{"id":345,"name":"Destacado","slug":"destacado","link":"https:\/\/www.ull.es\/portal\/noticias\/category\/destacado\/"},"featured_image_thumbnail_url":"https:\/\/www.ull.es\/portal\/noticias\/wp-content\/uploads\/sites\/13\/2023\/01\/ingenia-2023-300x200.jpg","_links":{"self":[{"href":"https:\/\/www.ull.es\/portal\/noticias\/wp-json\/wp\/v2\/posts\/67265"}],"collection":[{"href":"https:\/\/www.ull.es\/portal\/noticias\/wp-json\/wp\/v2\/posts"}],"about":[{"href":"https:\/\/www.ull.es\/portal\/noticias\/wp-json\/wp\/v2\/types\/post"}],"author":[{"embeddable":true,"href":"https:\/\/www.ull.es\/portal\/noticias\/wp-json\/wp\/v2\/users\/23"}],"replies":[{"embeddable":true,"href":"https:\/\/www.ull.es\/portal\/noticias\/wp-json\/wp\/v2\/comments?post=67265"}],"version-history":[{"count":1,"href":"https:\/\/www.ull.es\/portal\/noticias\/wp-json\/wp\/v2\/posts\/67265\/revisions"}],"predecessor-version":[{"id":67266,"href":"https:\/\/www.ull.es\/portal\/noticias\/wp-json\/wp\/v2\/posts\/67265\/revisions\/67266"}],"wp:featuredmedia":[{"embeddable":true,"href":"https:\/\/www.ull.es\/portal\/noticias\/wp-json\/wp\/v2\/media\/67267"}],"wp:attachment":[{"href":"https:\/\/www.ull.es\/portal\/noticias\/wp-json\/wp\/v2\/media?parent=67265"}],"wp:term":[{"taxonomy":"category","embeddable":true,"href":"https:\/\/www.ull.es\/portal\/noticias\/wp-json\/wp\/v2\/categories?post=67265"},{"taxonomy":"post_tag","embeddable":true,"href":"https:\/\/www.ull.es\/portal\/noticias\/wp-json\/wp\/v2\/tags?post=67265"}],"curies":[{"name":"wp","href":"https:\/\/api.w.org\/{rel}","templated":true}]}}