{"id":67290,"date":"2023-01-24T11:30:22","date_gmt":"2023-01-24T11:30:22","guid":{"rendered":"https:\/\/www.ull.es\/portal\/noticias\/?p=67290"},"modified":"2023-01-24T13:11:09","modified_gmt":"2023-01-24T13:11:09","slug":"universidad-y-cabildo-colaboran-en-una-docencia-mas-comprometida-a-traves-del-aprendizaje-servicio","status":"publish","type":"post","link":"https:\/\/www.ull.es\/portal\/noticias\/2023\/universidad-y-cabildo-colaboran-en-una-docencia-mas-comprometida-a-traves-del-aprendizaje-servicio\/","title":{"rendered":"Universidad y Cabildo colaboran en una docencia m\u00e1s comprometida a trav\u00e9s del aprendizaje-servicio"},"content":{"rendered":"<p>El Edificio Central de la Universidad de La Laguna fue ayer 23 de enero sede de la segunda edici\u00f3n del Programa Aprendizaje-Servicio de la Universidad de La Laguna, en estrecha colaboraci\u00f3n con la Consejer\u00eda de Educaci\u00f3n y Juventud del Cabildo de Tenerife. Se unen as\u00ed el centro acad\u00e9mico y la corporaci\u00f3n insular en la promoci\u00f3n de un tipo de docencia m\u00e1s comprometida con el entorno, m\u00e1s arraigada a la realidad y con clara vocaci\u00f3n de transformaci\u00f3n social.<\/p>\n<p>As\u00ed lo destacaron tanto el vicerrector de Innovaci\u00f3n Docente y Calidad, N\u00e9stor Torres, como la consejera insular, Concepci\u00f3n Rivero, quien apunt\u00f3 que se trata de una herramienta pedag\u00f3gica fundamental para dar un vuelco a la docencia y al aprendizaje. \u201cDesde la anterior edici\u00f3n ten\u00edamos claro que \u00edbamos a apostar por esta herramienta educativa\u201d, sostuvo.<\/p>\n<p>El vicerrector, por su parte, agreg\u00f3 que aunque no es una metodolog\u00eda de aprendizaje nueva, s\u00ed que necesita una mayor expansi\u00f3n tanto en el \u00e1mbito universitario como en niveles educativos anteriores. \u201cEl aprendizaje-servicio es el paradigma de lo que queremos: que el estudiante asuma la responsabilidad de su proceso formativo a trav\u00e9s de un programa docente cargado de valores y de servicio a la sociedad\u201d.<\/p>\n<p><img decoding=\"async\" loading=\"lazy\" class=\"alignleft size-medium wp-image-67292\" src=\"https:\/\/www.ull.es\/portal\/noticias\/wp-content\/uploads\/sites\/13\/2023\/01\/Aprendizaje-Servicio-11-300x200.jpg\" alt=\"\" width=\"300\" height=\"200\" srcset=\"https:\/\/www.ull.es\/portal\/noticias\/wp-content\/uploads\/sites\/13\/2023\/01\/Aprendizaje-Servicio-11-300x200.jpg 300w, https:\/\/www.ull.es\/portal\/noticias\/wp-content\/uploads\/sites\/13\/2023\/01\/Aprendizaje-Servicio-11-768x512.jpg 768w, https:\/\/www.ull.es\/portal\/noticias\/wp-content\/uploads\/sites\/13\/2023\/01\/Aprendizaje-Servicio-11-375x250.jpg 375w, https:\/\/www.ull.es\/portal\/noticias\/wp-content\/uploads\/sites\/13\/2023\/01\/Aprendizaje-Servicio-11-750x500.jpg 750w, https:\/\/www.ull.es\/portal\/noticias\/wp-content\/uploads\/sites\/13\/2023\/01\/Aprendizaje-Servicio-11.jpg 1024w\" sizes=\"(max-width: 300px) 100vw, 300px\" \/>Esta segunda edici\u00f3n ha tenido tanto \u00e9xito como la primera y de hecho ha agotado todas las plazas disponibles. Hay mucho profesorado interesado en orientar su docencia hacia proyectos que supongan un servicio a la comunidad, al tiempo que se adquieren los conocimientos de la materia.<\/p>\n<p>Este curso propone facilitar un proceso de reflexi\u00f3n-acci\u00f3n que permita una aproximaci\u00f3n al aprendizaje-servicio desde la teor\u00eda, el an\u00e1lisis de la propia realidad y la pr\u00e1ctica educativa, de manera que se dise\u00f1e y ponga en pr\u00e1ctica un proyecto en conexi\u00f3n con los Objetivos de Desarrollo Sostenible.<\/p>\n<p>Se propone ofrecer a las personas matriculadas conceptos b\u00e1sicos sobre esta metodolog\u00eda y su valor educativo, valorar la importancia del trabajo en red en este tipo de pra\u0301cticas, estimular su desarrollo en proyectos futuros y construir y redactar un proyecto basado en los ODS que pueda llevarse a cabo en el presente curso acad\u00e9mico.<\/p>\n<p>Esta propuesta va destinada al profesorado de todos los niveles educativos que desee introducirse en esta metodolog\u00eda, personal de administraciones locales o insulares y responsables de entidades del tercer sector. Est\u00e1 dirigido por Auxiliadora Gabino Campos, profesora ayudante doctora del Departamento de Ciencias de la Comunicaci\u00f3n y Trabajo Social de la Universidad de La Laguna, y coordinado por Daura Ramos Nazco, t\u00e9cnica en la Agencia Universitaria de Innovaci\u00f3n de la Fundaci\u00f3n General de la Universidad de La Laguna.<\/p>\n","protected":false},"excerpt":{"rendered":"<p>El Edificio Central de la Universidad de La Laguna fue ayer 23 de enero sede de la segunda edici\u00f3n del&#8230;<\/p>\n","protected":false},"author":23,"featured_media":67293,"comment_status":"closed","ping_status":"closed","sticky":false,"template":"","format":"standard","meta":{"inline_featured_image":false,"footnotes":""},"categories":[8225,345,346,2765],"tags":[3421,4150],"acf":[],"yoast_head":"<!-- This site is optimized with the Yoast SEO plugin v21.3 - https:\/\/yoast.com\/wordpress\/plugins\/seo\/ -->\n<title>Universidad y Cabildo colaboran en una docencia m\u00e1s comprometida a trav\u00e9s del aprendizaje-servicio - ULL - Noticias<\/title>\n<meta name=\"robots\" content=\"index, follow, max-snippet:-1, max-image-preview:large, max-video-preview:-1\" \/>\n<link rel=\"canonical\" href=\"https:\/\/www.ull.es\/portal\/noticias\/2023\/universidad-y-cabildo-colaboran-en-una-docencia-mas-comprometida-a-traves-del-aprendizaje-servicio\/\" \/>\n<meta property=\"og:locale\" content=\"es_ES\" \/>\n<meta property=\"og:type\" content=\"article\" \/>\n<meta property=\"og:title\" content=\"Universidad y Cabildo colaboran en una docencia m\u00e1s comprometida a trav\u00e9s del aprendizaje-servicio - ULL - Noticias\" \/>\n<meta property=\"og:description\" content=\"El Edificio Central de la Universidad de La Laguna fue ayer 23 de enero sede de la segunda edici\u00f3n del...\" \/>\n<meta property=\"og:url\" content=\"https:\/\/www.ull.es\/portal\/noticias\/2023\/universidad-y-cabildo-colaboran-en-una-docencia-mas-comprometida-a-traves-del-aprendizaje-servicio\/\" \/>\n<meta property=\"og:site_name\" content=\"ULL - Noticias\" \/>\n<meta property=\"article:publisher\" content=\"https:\/\/www.facebook.com\/universidaddelalaguna\/\" \/>\n<meta property=\"article:published_time\" content=\"2023-01-24T11:30:22+00:00\" \/>\n<meta property=\"article:modified_time\" content=\"2023-01-24T13:11:09+00:00\" \/>\n<meta property=\"og:image\" content=\"https:\/\/www.ull.es\/portal\/noticias\/wp-content\/uploads\/sites\/13\/2023\/01\/Aprendizaje-Servicio-01.jpg\" \/>\n\t<meta property=\"og:image:width\" content=\"1024\" \/>\n\t<meta property=\"og:image:height\" content=\"683\" \/>\n\t<meta property=\"og:image:type\" content=\"image\/jpeg\" \/>\n<meta name=\"author\" content=\"gaprsa\" \/>\n<meta name=\"twitter:card\" content=\"summary_large_image\" \/>\n<meta name=\"twitter:creator\" content=\"@CanalULL\" \/>\n<meta name=\"twitter:site\" content=\"@CanalULL\" \/>\n<meta name=\"twitter:label1\" content=\"Escrito por\" \/>\n\t<meta name=\"twitter:data1\" content=\"gaprsa\" \/>\n\t<meta name=\"twitter:label2\" content=\"Tiempo de lectura\" \/>\n\t<meta name=\"twitter:data2\" content=\"3 minutos\" \/>\n<script type=\"application\/ld+json\" class=\"yoast-schema-graph\">{\"@context\":\"https:\/\/schema.org\",\"@graph\":[{\"@type\":\"WebPage\",\"@id\":\"https:\/\/www.ull.es\/portal\/noticias\/2023\/universidad-y-cabildo-colaboran-en-una-docencia-mas-comprometida-a-traves-del-aprendizaje-servicio\/\",\"url\":\"https:\/\/www.ull.es\/portal\/noticias\/2023\/universidad-y-cabildo-colaboran-en-una-docencia-mas-comprometida-a-traves-del-aprendizaje-servicio\/\",\"name\":\"Universidad y Cabildo colaboran en una docencia m\u00e1s comprometida a trav\u00e9s del aprendizaje-servicio - ULL - Noticias\",\"isPartOf\":{\"@id\":\"https:\/\/www.ull.es\/portal\/noticias\/#website\"},\"datePublished\":\"2023-01-24T11:30:22+00:00\",\"dateModified\":\"2023-01-24T13:11:09+00:00\",\"author\":{\"@id\":\"https:\/\/www.ull.es\/portal\/noticias\/#\/schema\/person\/b2b1a89d43ffa609e591f7df8ef3e817\"},\"breadcrumb\":{\"@id\":\"https:\/\/www.ull.es\/portal\/noticias\/2023\/universidad-y-cabildo-colaboran-en-una-docencia-mas-comprometida-a-traves-del-aprendizaje-servicio\/#breadcrumb\"},\"inLanguage\":\"es\",\"potentialAction\":[{\"@type\":\"ReadAction\",\"target\":[\"https:\/\/www.ull.es\/portal\/noticias\/2023\/universidad-y-cabildo-colaboran-en-una-docencia-mas-comprometida-a-traves-del-aprendizaje-servicio\/\"]}]},{\"@type\":\"BreadcrumbList\",\"@id\":\"https:\/\/www.ull.es\/portal\/noticias\/2023\/universidad-y-cabildo-colaboran-en-una-docencia-mas-comprometida-a-traves-del-aprendizaje-servicio\/#breadcrumb\",\"itemListElement\":[{\"@type\":\"ListItem\",\"position\":1,\"name\":\"Portada\",\"item\":\"https:\/\/www.ull.es\/portal\/noticias\/\"},{\"@type\":\"ListItem\",\"position\":2,\"name\":\"Universidad y Cabildo colaboran en una docencia m\u00e1s comprometida a trav\u00e9s del aprendizaje-servicio\"}]},{\"@type\":\"WebSite\",\"@id\":\"https:\/\/www.ull.es\/portal\/noticias\/#website\",\"url\":\"https:\/\/www.ull.es\/portal\/noticias\/\",\"name\":\"ULL - Noticias\",\"description\":\"\",\"potentialAction\":[{\"@type\":\"SearchAction\",\"target\":{\"@type\":\"EntryPoint\",\"urlTemplate\":\"https:\/\/www.ull.es\/portal\/noticias\/?s={search_term_string}\"},\"query-input\":\"required name=search_term_string\"}],\"inLanguage\":\"es\"},{\"@type\":\"Person\",\"@id\":\"https:\/\/www.ull.es\/portal\/noticias\/#\/schema\/person\/b2b1a89d43ffa609e591f7df8ef3e817\",\"name\":\"gaprsa\",\"image\":{\"@type\":\"ImageObject\",\"inLanguage\":\"es\",\"@id\":\"https:\/\/www.ull.es\/portal\/noticias\/#\/schema\/person\/image\/\",\"url\":\"https:\/\/secure.gravatar.com\/avatar\/443820550921091458b4823867723b3d?s=96&d=mm&r=g\",\"contentUrl\":\"https:\/\/secure.gravatar.com\/avatar\/443820550921091458b4823867723b3d?s=96&d=mm&r=g\",\"caption\":\"gaprsa\"},\"url\":\"https:\/\/www.ull.es\/portal\/noticias\/author\/gaprsa\/\"}]}<\/script>\n<!-- \/ Yoast SEO plugin. -->","yoast_head_json":{"title":"Universidad y Cabildo colaboran en una docencia m\u00e1s comprometida a trav\u00e9s del aprendizaje-servicio - ULL - Noticias","robots":{"index":"index","follow":"follow","max-snippet":"max-snippet:-1","max-image-preview":"max-image-preview:large","max-video-preview":"max-video-preview:-1"},"canonical":"https:\/\/www.ull.es\/portal\/noticias\/2023\/universidad-y-cabildo-colaboran-en-una-docencia-mas-comprometida-a-traves-del-aprendizaje-servicio\/","og_locale":"es_ES","og_type":"article","og_title":"Universidad y Cabildo colaboran en una docencia m\u00e1s comprometida a trav\u00e9s del aprendizaje-servicio - ULL - Noticias","og_description":"El Edificio Central de la Universidad de La Laguna fue ayer 23 de enero sede de la segunda edici\u00f3n del...","og_url":"https:\/\/www.ull.es\/portal\/noticias\/2023\/universidad-y-cabildo-colaboran-en-una-docencia-mas-comprometida-a-traves-del-aprendizaje-servicio\/","og_site_name":"ULL - Noticias","article_publisher":"https:\/\/www.facebook.com\/universidaddelalaguna\/","article_published_time":"2023-01-24T11:30:22+00:00","article_modified_time":"2023-01-24T13:11:09+00:00","og_image":[{"width":1024,"height":683,"url":"https:\/\/www.ull.es\/portal\/noticias\/wp-content\/uploads\/sites\/13\/2023\/01\/Aprendizaje-Servicio-01.jpg","type":"image\/jpeg"}],"author":"gaprsa","twitter_card":"summary_large_image","twitter_creator":"@CanalULL","twitter_site":"@CanalULL","twitter_misc":{"Escrito por":"gaprsa","Tiempo de lectura":"3 minutos"},"schema":{"@context":"https:\/\/schema.org","@graph":[{"@type":"WebPage","@id":"https:\/\/www.ull.es\/portal\/noticias\/2023\/universidad-y-cabildo-colaboran-en-una-docencia-mas-comprometida-a-traves-del-aprendizaje-servicio\/","url":"https:\/\/www.ull.es\/portal\/noticias\/2023\/universidad-y-cabildo-colaboran-en-una-docencia-mas-comprometida-a-traves-del-aprendizaje-servicio\/","name":"Universidad y Cabildo colaboran en una docencia m\u00e1s comprometida a trav\u00e9s del aprendizaje-servicio - ULL - Noticias","isPartOf":{"@id":"https:\/\/www.ull.es\/portal\/noticias\/#website"},"datePublished":"2023-01-24T11:30:22+00:00","dateModified":"2023-01-24T13:11:09+00:00","author":{"@id":"https:\/\/www.ull.es\/portal\/noticias\/#\/schema\/person\/b2b1a89d43ffa609e591f7df8ef3e817"},"breadcrumb":{"@id":"https:\/\/www.ull.es\/portal\/noticias\/2023\/universidad-y-cabildo-colaboran-en-una-docencia-mas-comprometida-a-traves-del-aprendizaje-servicio\/#breadcrumb"},"inLanguage":"es","potentialAction":[{"@type":"ReadAction","target":["https:\/\/www.ull.es\/portal\/noticias\/2023\/universidad-y-cabildo-colaboran-en-una-docencia-mas-comprometida-a-traves-del-aprendizaje-servicio\/"]}]},{"@type":"BreadcrumbList","@id":"https:\/\/www.ull.es\/portal\/noticias\/2023\/universidad-y-cabildo-colaboran-en-una-docencia-mas-comprometida-a-traves-del-aprendizaje-servicio\/#breadcrumb","itemListElement":[{"@type":"ListItem","position":1,"name":"Portada","item":"https:\/\/www.ull.es\/portal\/noticias\/"},{"@type":"ListItem","position":2,"name":"Universidad y Cabildo colaboran en una docencia m\u00e1s comprometida a trav\u00e9s del aprendizaje-servicio"}]},{"@type":"WebSite","@id":"https:\/\/www.ull.es\/portal\/noticias\/#website","url":"https:\/\/www.ull.es\/portal\/noticias\/","name":"ULL - Noticias","description":"","potentialAction":[{"@type":"SearchAction","target":{"@type":"EntryPoint","urlTemplate":"https:\/\/www.ull.es\/portal\/noticias\/?s={search_term_string}"},"query-input":"required name=search_term_string"}],"inLanguage":"es"},{"@type":"Person","@id":"https:\/\/www.ull.es\/portal\/noticias\/#\/schema\/person\/b2b1a89d43ffa609e591f7df8ef3e817","name":"gaprsa","image":{"@type":"ImageObject","inLanguage":"es","@id":"https:\/\/www.ull.es\/portal\/noticias\/#\/schema\/person\/image\/","url":"https:\/\/secure.gravatar.com\/avatar\/443820550921091458b4823867723b3d?s=96&d=mm&r=g","contentUrl":"https:\/\/secure.gravatar.com\/avatar\/443820550921091458b4823867723b3d?s=96&d=mm&r=g","caption":"gaprsa"},"url":"https:\/\/www.ull.es\/portal\/noticias\/author\/gaprsa\/"}]}},"primary_category":{"id":345,"name":"Destacado","slug":"destacado","link":"https:\/\/www.ull.es\/portal\/noticias\/category\/destacado\/"},"featured_image_thumbnail_url":"https:\/\/www.ull.es\/portal\/noticias\/wp-content\/uploads\/sites\/13\/2023\/01\/Aprendizaje-Servicio-01-300x200.jpg","_links":{"self":[{"href":"https:\/\/www.ull.es\/portal\/noticias\/wp-json\/wp\/v2\/posts\/67290"}],"collection":[{"href":"https:\/\/www.ull.es\/portal\/noticias\/wp-json\/wp\/v2\/posts"}],"about":[{"href":"https:\/\/www.ull.es\/portal\/noticias\/wp-json\/wp\/v2\/types\/post"}],"author":[{"embeddable":true,"href":"https:\/\/www.ull.es\/portal\/noticias\/wp-json\/wp\/v2\/users\/23"}],"replies":[{"embeddable":true,"href":"https:\/\/www.ull.es\/portal\/noticias\/wp-json\/wp\/v2\/comments?post=67290"}],"version-history":[{"count":2,"href":"https:\/\/www.ull.es\/portal\/noticias\/wp-json\/wp\/v2\/posts\/67290\/revisions"}],"predecessor-version":[{"id":67294,"href":"https:\/\/www.ull.es\/portal\/noticias\/wp-json\/wp\/v2\/posts\/67290\/revisions\/67294"}],"wp:featuredmedia":[{"embeddable":true,"href":"https:\/\/www.ull.es\/portal\/noticias\/wp-json\/wp\/v2\/media\/67293"}],"wp:attachment":[{"href":"https:\/\/www.ull.es\/portal\/noticias\/wp-json\/wp\/v2\/media?parent=67290"}],"wp:term":[{"taxonomy":"category","embeddable":true,"href":"https:\/\/www.ull.es\/portal\/noticias\/wp-json\/wp\/v2\/categories?post=67290"},{"taxonomy":"post_tag","embeddable":true,"href":"https:\/\/www.ull.es\/portal\/noticias\/wp-json\/wp\/v2\/tags?post=67290"}],"curies":[{"name":"wp","href":"https:\/\/api.w.org\/{rel}","templated":true}]}}