{"id":67330,"date":"2023-01-26T16:00:46","date_gmt":"2023-01-26T16:00:46","guid":{"rendered":"https:\/\/www.ull.es\/portal\/noticias\/?p=67330"},"modified":"2023-01-26T10:50:46","modified_gmt":"2023-01-26T10:50:46","slug":"ull-participa-estudio-nature-especies-exoticas-montanas","status":"publish","type":"post","link":"https:\/\/www.ull.es\/portal\/noticias\/2023\/ull-participa-estudio-nature-especies-exoticas-montanas\/","title":{"rendered":"La ULL participa en un estudio publicado en Nature sobre propagaci\u00f3n de especies ex\u00f3ticas en monta\u00f1as"},"content":{"rendered":"<p class=\"p3\">La revista Nature Ecology &amp; Evolution ha publicado hoy, jueves 26 de enero, el art\u00edculo \u201c<a href=\"https:\/\/www.nature.com\/articles\/s41559-022-01979-6\" target=\"_blank\" rel=\"noopener\" target=\"_blank\" rel=\"noopener\"><span class=\"s2\">Rapid upwards spread of non-native plants in mountains across continents<\/span><\/a>\u201d, en el que se analiza c\u00f3mo se produce la propagaci\u00f3n de especies vegetales ex\u00f3ticas o invasoras en enclaves monta\u00f1osos. La autora principal del art\u00edculo Evelin Iseli, del ETH Zurich y, dado que estudia el fen\u00f3meno en todos los continentes, ha contado con la participaci\u00f3n de una treintena de investigadores de todo el mundo. Por parte de la Universidad de La Laguna ha colaborado en el proyecto <a href=\"https:\/\/portalciencia.ull.es\/investigadores\/82312\/detalle\" target=\"_blank\" rel=\"noopener\" target=\"_blank\" rel=\"noopener\"><span class=\"s2\">Jos\u00e9 Ram\u00f3n Ar\u00e9valo Sierra<\/span><\/a>, catedr\u00e1tico del \u00e1rea de Ecolog\u00eda.<\/p>\n<p class=\"p3\">La conclusi\u00f3n principal del trabajo es que, en una \u00e9poca de cambio global, las especies introducidas van a seguir dispers\u00e1ndose por zonas de alta monta\u00f1a, y, seg\u00fan los datos obtenidos en este trabajo, es previsible es que siga incrementando su riqueza (n\u00famero de especies) y rango de dispersi\u00f3n. Por ello, se recomienda que se realice seguimiento y manejo de la vegetaci\u00f3n en las regiones monta\u00f1osas del planeta para poder prever estos cambios en la flora y actuar si fuese necesario.<\/p>\n<p class=\"p3\">El profesor Ar\u00e9valo explica que, aunque las especies ex\u00f3ticas suelen encontrarse de forma habitual en zonas de alta monta\u00f1a, es cierto que los estudios suelen centrarse en zonas de menor altitud, ya que los niveles de perturbaci\u00f3n son mayores y suponen una puerta de entrada para la colonizaci\u00f3n de plantas.<span class=\"Apple-converted-space\">\u00a0<\/span><\/p>\n<p class=\"p3\">En diversos estudios se ha encontrado que las especies ex\u00f3ticas se distribuyen de manera m\u00e1s r\u00e1pida que las nativas, todo ello favorecido por las perturbaciones antr\u00f3picas (es decir, de origen humano), que son el elemento principal favorecedor de las especies ex\u00f3ticas. A ello habr\u00eda que unirle el aumento de temperaturas a nivel planetario, que si bien a juicio del especialista no puede considerarse de catastr\u00f3fico, peque\u00f1as variaciones pueden suponer un elemento acelerador de la colonizaci\u00f3n de ex\u00f3ticas.<span class=\"Apple-converted-space\">\u00a0<\/span><\/p>\n<p class=\"p3\">Otro elemento que se ha podido observar en otras \u00e1reas estudiadas ha sido el hecho de que las especies introducidas en el h\u00e1bitat de acogida (la nueva zona en la que se establecen) presentan rangos de distribuci\u00f3n ambiental m\u00e1s amplios (distribuci\u00f3n a mayor altitud o menor pluviometr\u00eda), por lo que es de esperar una mayor capacidad dispersora de las ex\u00f3ticas frente a las nativas. Por todo ello, estudios que incluyan tambi\u00e9n una variabilidad temporal, suponen una herramienta fundamental para conocer el estado y las circunstancias futuras que caben esperar en zonas de alta monta\u00f1a con respecto a las especies ex\u00f3ticas.<\/p>\n<p class=\"p3\">Ar\u00e9valo explica que en el proyecto internacional del cual emana el art\u00edculo se han principalmente en zonas con fuerte gradiente altitudinal, para analizar si a lo largo de los \u00faltimos cinco a\u00f1os se puede determinar alg\u00fan cambio en la din\u00e1mica de colonizaci\u00f3n de estas \u00e1reas por parte de las especies ex\u00f3ticas. Entre las regiones incluidas en el trabajo est\u00e1n, aparte de Tenerife, los Alpes Suizos, los Alpes Australianos, Montana y Oreg\u00f3n en Estados Unidos, Cachemira en Pakist\u00e1n, Scandes en Noruega, Hawaii y Cordillera Central en Chile.<\/p>\n<p class=\"p3\">El trabajo se ha realizado con muestreos en bordes de carretera desde las zonas bajas de cada zona monta\u00f1osa hasta el punto m\u00e1s alto al que alcanzaban estas v\u00edas, de forma que se pudo analizar, aparte del gradiente altitudinal, el efecto de las perturbaciones antr\u00f3picas en los ecosistemas. Los muestreos de borde de carretera fueron complementados con otros hacia el interior de la zona no afectada por la infraestructura viaria. El mismo muestreo estandarizado se realiz\u00f3 dos veces, con una diferencia temporal de cinco a\u00f1os.<\/p>\n<p class=\"p3\">Los resultados han mostrado un incremento en la riqueza de especies en general, pero tambi\u00e9n se ha encontrado que los rangos de distribuci\u00f3n altitudinal de algunas especies ex\u00f3ticas se est\u00e1n ampliando.<span class=\"Apple-converted-space\">\u00a0<\/span><\/p>\n<p class=\"p3\">En el caso de Tenerife, las especies que fueron introducidas recientemente tienen rangos m\u00e1s estrechos que las que se introdujeron hace m\u00e1s tiempo, indicando que no se encuentran en equilibrio, sino que las recientemente introducidas est\u00e1n en proceso de expansi\u00f3n.<span class=\"Apple-converted-space\">\u00a0<\/span><\/p>\n<p class=\"p3\">Entre los resultados generales, cabe destacar que las especies se est\u00e1n expandiendo altitudinalmente en diez de las once regiones trabajadas y que, adem\u00e1s, esta dispersi\u00f3n est\u00e1 principalmente favorecida por los corredores antropog\u00e9nicos, convirti\u00e9ndose en las zonas principales donde detectar la entrada de nuevas especies introducidas.<\/p>\n","protected":false},"excerpt":{"rendered":"<p>La revista Nature Ecology &amp; Evolution ha publicado hoy, jueves 26 de enero, el art\u00edculo \u201cRapid upwards spread of non-native&#8230;<\/p>\n","protected":false},"author":21,"featured_media":67331,"comment_status":"closed","ping_status":"closed","sticky":false,"template":"","format":"standard","meta":{"inline_featured_image":false,"footnotes":""},"categories":[3159,345,3924,350,2765],"tags":[4809,2804,1955,9581],"acf":[],"yoast_head":"<!-- This site is optimized with the Yoast SEO plugin v21.3 - https:\/\/yoast.com\/wordpress\/plugins\/seo\/ -->\n<title>Nature edita un estudio sobre flora ex\u00f3tica donde colabora la ULL<\/title>\n<meta name=\"description\" content=\"El catedr\u00e1tico en Ecolog\u00eda de la ULL Jos\u00e9 Ramon Ar\u00e9valo participa en este trabajo que abarca territorios de todo el planeta.\" \/>\n<meta name=\"robots\" content=\"index, follow, max-snippet:-1, max-image-preview:large, max-video-preview:-1\" \/>\n<link rel=\"canonical\" href=\"https:\/\/www.ull.es\/portal\/noticias\/2023\/ull-participa-estudio-nature-especies-exoticas-montanas\/\" \/>\n<meta property=\"og:locale\" content=\"es_ES\" \/>\n<meta property=\"og:type\" content=\"article\" \/>\n<meta property=\"og:title\" content=\"Nature edita un estudio sobre flora ex\u00f3tica donde colabora la ULL\" \/>\n<meta property=\"og:description\" content=\"El catedr\u00e1tico en Ecolog\u00eda de la ULL Jos\u00e9 Ramon Ar\u00e9valo participa en este trabajo que abarca territorios de todo el planeta.\" \/>\n<meta property=\"og:url\" content=\"https:\/\/www.ull.es\/portal\/noticias\/2023\/ull-participa-estudio-nature-especies-exoticas-montanas\/\" \/>\n<meta property=\"og:site_name\" content=\"ULL - Noticias\" \/>\n<meta property=\"article:publisher\" content=\"https:\/\/www.facebook.com\/universidaddelalaguna\/\" \/>\n<meta property=\"article:published_time\" content=\"2023-01-26T16:00:46+00:00\" \/>\n<meta property=\"article:modified_time\" content=\"2023-01-26T10:50:46+00:00\" \/>\n<meta property=\"og:image\" content=\"https:\/\/www.ull.es\/portal\/noticias\/wp-content\/uploads\/sites\/13\/2023\/01\/articulo-nature-especies-exoticas-montan\u0303a.jpg\" \/>\n\t<meta property=\"og:image:width\" content=\"1200\" \/>\n\t<meta property=\"og:image:height\" content=\"812\" \/>\n\t<meta property=\"og:image:type\" content=\"image\/jpeg\" \/>\n<meta name=\"author\" content=\"prensa2\" \/>\n<meta name=\"twitter:card\" content=\"summary_large_image\" \/>\n<meta name=\"twitter:creator\" content=\"@CanalULL\" \/>\n<meta name=\"twitter:site\" content=\"@CanalULL\" \/>\n<meta name=\"twitter:label1\" content=\"Escrito por\" \/>\n\t<meta name=\"twitter:data1\" content=\"prensa2\" \/>\n\t<meta name=\"twitter:label2\" content=\"Tiempo de lectura\" \/>\n\t<meta name=\"twitter:data2\" content=\"4 minutos\" \/>\n<script type=\"application\/ld+json\" class=\"yoast-schema-graph\">{\"@context\":\"https:\/\/schema.org\",\"@graph\":[{\"@type\":\"WebPage\",\"@id\":\"https:\/\/www.ull.es\/portal\/noticias\/2023\/ull-participa-estudio-nature-especies-exoticas-montanas\/\",\"url\":\"https:\/\/www.ull.es\/portal\/noticias\/2023\/ull-participa-estudio-nature-especies-exoticas-montanas\/\",\"name\":\"Nature edita un estudio sobre flora ex\u00f3tica donde colabora la ULL\",\"isPartOf\":{\"@id\":\"https:\/\/www.ull.es\/portal\/noticias\/#website\"},\"datePublished\":\"2023-01-26T16:00:46+00:00\",\"dateModified\":\"2023-01-26T10:50:46+00:00\",\"author\":{\"@id\":\"https:\/\/www.ull.es\/portal\/noticias\/#\/schema\/person\/c3b2aa857797592927a03740d6664376\"},\"description\":\"El catedr\u00e1tico en Ecolog\u00eda de la ULL Jos\u00e9 Ramon Ar\u00e9valo participa en este trabajo que abarca territorios de todo el planeta.\",\"breadcrumb\":{\"@id\":\"https:\/\/www.ull.es\/portal\/noticias\/2023\/ull-participa-estudio-nature-especies-exoticas-montanas\/#breadcrumb\"},\"inLanguage\":\"es\",\"potentialAction\":[{\"@type\":\"ReadAction\",\"target\":[\"https:\/\/www.ull.es\/portal\/noticias\/2023\/ull-participa-estudio-nature-especies-exoticas-montanas\/\"]}]},{\"@type\":\"BreadcrumbList\",\"@id\":\"https:\/\/www.ull.es\/portal\/noticias\/2023\/ull-participa-estudio-nature-especies-exoticas-montanas\/#breadcrumb\",\"itemListElement\":[{\"@type\":\"ListItem\",\"position\":1,\"name\":\"Portada\",\"item\":\"https:\/\/www.ull.es\/portal\/noticias\/\"},{\"@type\":\"ListItem\",\"position\":2,\"name\":\"La ULL participa en un estudio publicado en Nature sobre propagaci\u00f3n de especies ex\u00f3ticas en monta\u00f1as\"}]},{\"@type\":\"WebSite\",\"@id\":\"https:\/\/www.ull.es\/portal\/noticias\/#website\",\"url\":\"https:\/\/www.ull.es\/portal\/noticias\/\",\"name\":\"ULL - Noticias\",\"description\":\"\",\"potentialAction\":[{\"@type\":\"SearchAction\",\"target\":{\"@type\":\"EntryPoint\",\"urlTemplate\":\"https:\/\/www.ull.es\/portal\/noticias\/?s={search_term_string}\"},\"query-input\":\"required name=search_term_string\"}],\"inLanguage\":\"es\"},{\"@type\":\"Person\",\"@id\":\"https:\/\/www.ull.es\/portal\/noticias\/#\/schema\/person\/c3b2aa857797592927a03740d6664376\",\"name\":\"prensa2\",\"image\":{\"@type\":\"ImageObject\",\"inLanguage\":\"es\",\"@id\":\"https:\/\/www.ull.es\/portal\/noticias\/#\/schema\/person\/image\/\",\"url\":\"https:\/\/secure.gravatar.com\/avatar\/b58f310a5de5feb33d1e026d2493f23c?s=96&d=mm&r=g\",\"contentUrl\":\"https:\/\/secure.gravatar.com\/avatar\/b58f310a5de5feb33d1e026d2493f23c?s=96&d=mm&r=g\",\"caption\":\"prensa2\"},\"url\":\"https:\/\/www.ull.es\/portal\/noticias\/author\/prensa2\/\"}]}<\/script>\n<!-- \/ Yoast SEO plugin. -->","yoast_head_json":{"title":"Nature edita un estudio sobre flora ex\u00f3tica donde colabora la ULL","description":"El catedr\u00e1tico en Ecolog\u00eda de la ULL Jos\u00e9 Ramon Ar\u00e9valo participa en este trabajo que abarca territorios de todo el planeta.","robots":{"index":"index","follow":"follow","max-snippet":"max-snippet:-1","max-image-preview":"max-image-preview:large","max-video-preview":"max-video-preview:-1"},"canonical":"https:\/\/www.ull.es\/portal\/noticias\/2023\/ull-participa-estudio-nature-especies-exoticas-montanas\/","og_locale":"es_ES","og_type":"article","og_title":"Nature edita un estudio sobre flora ex\u00f3tica donde colabora la ULL","og_description":"El catedr\u00e1tico en Ecolog\u00eda de la ULL Jos\u00e9 Ramon Ar\u00e9valo participa en este trabajo que abarca territorios de todo el planeta.","og_url":"https:\/\/www.ull.es\/portal\/noticias\/2023\/ull-participa-estudio-nature-especies-exoticas-montanas\/","og_site_name":"ULL - Noticias","article_publisher":"https:\/\/www.facebook.com\/universidaddelalaguna\/","article_published_time":"2023-01-26T16:00:46+00:00","article_modified_time":"2023-01-26T10:50:46+00:00","og_image":[{"width":1200,"height":812,"url":"https:\/\/www.ull.es\/portal\/noticias\/wp-content\/uploads\/sites\/13\/2023\/01\/articulo-nature-especies-exoticas-montan\u0303a.jpg","type":"image\/jpeg"}],"author":"prensa2","twitter_card":"summary_large_image","twitter_creator":"@CanalULL","twitter_site":"@CanalULL","twitter_misc":{"Escrito por":"prensa2","Tiempo de lectura":"4 minutos"},"schema":{"@context":"https:\/\/schema.org","@graph":[{"@type":"WebPage","@id":"https:\/\/www.ull.es\/portal\/noticias\/2023\/ull-participa-estudio-nature-especies-exoticas-montanas\/","url":"https:\/\/www.ull.es\/portal\/noticias\/2023\/ull-participa-estudio-nature-especies-exoticas-montanas\/","name":"Nature edita un estudio sobre flora ex\u00f3tica donde colabora la ULL","isPartOf":{"@id":"https:\/\/www.ull.es\/portal\/noticias\/#website"},"datePublished":"2023-01-26T16:00:46+00:00","dateModified":"2023-01-26T10:50:46+00:00","author":{"@id":"https:\/\/www.ull.es\/portal\/noticias\/#\/schema\/person\/c3b2aa857797592927a03740d6664376"},"description":"El catedr\u00e1tico en Ecolog\u00eda de la ULL Jos\u00e9 Ramon Ar\u00e9valo participa en este trabajo que abarca territorios de todo el planeta.","breadcrumb":{"@id":"https:\/\/www.ull.es\/portal\/noticias\/2023\/ull-participa-estudio-nature-especies-exoticas-montanas\/#breadcrumb"},"inLanguage":"es","potentialAction":[{"@type":"ReadAction","target":["https:\/\/www.ull.es\/portal\/noticias\/2023\/ull-participa-estudio-nature-especies-exoticas-montanas\/"]}]},{"@type":"BreadcrumbList","@id":"https:\/\/www.ull.es\/portal\/noticias\/2023\/ull-participa-estudio-nature-especies-exoticas-montanas\/#breadcrumb","itemListElement":[{"@type":"ListItem","position":1,"name":"Portada","item":"https:\/\/www.ull.es\/portal\/noticias\/"},{"@type":"ListItem","position":2,"name":"La ULL participa en un estudio publicado en Nature sobre propagaci\u00f3n de especies ex\u00f3ticas en monta\u00f1as"}]},{"@type":"WebSite","@id":"https:\/\/www.ull.es\/portal\/noticias\/#website","url":"https:\/\/www.ull.es\/portal\/noticias\/","name":"ULL - Noticias","description":"","potentialAction":[{"@type":"SearchAction","target":{"@type":"EntryPoint","urlTemplate":"https:\/\/www.ull.es\/portal\/noticias\/?s={search_term_string}"},"query-input":"required name=search_term_string"}],"inLanguage":"es"},{"@type":"Person","@id":"https:\/\/www.ull.es\/portal\/noticias\/#\/schema\/person\/c3b2aa857797592927a03740d6664376","name":"prensa2","image":{"@type":"ImageObject","inLanguage":"es","@id":"https:\/\/www.ull.es\/portal\/noticias\/#\/schema\/person\/image\/","url":"https:\/\/secure.gravatar.com\/avatar\/b58f310a5de5feb33d1e026d2493f23c?s=96&d=mm&r=g","contentUrl":"https:\/\/secure.gravatar.com\/avatar\/b58f310a5de5feb33d1e026d2493f23c?s=96&d=mm&r=g","caption":"prensa2"},"url":"https:\/\/www.ull.es\/portal\/noticias\/author\/prensa2\/"}]}},"primary_category":{"id":345,"name":"Destacado","slug":"destacado","link":"https:\/\/www.ull.es\/portal\/noticias\/category\/destacado\/"},"featured_image_thumbnail_url":"https:\/\/www.ull.es\/portal\/noticias\/wp-content\/uploads\/sites\/13\/2023\/01\/articulo-nature-especies-exoticas-montan\u0303a-300x203.jpg","_links":{"self":[{"href":"https:\/\/www.ull.es\/portal\/noticias\/wp-json\/wp\/v2\/posts\/67330"}],"collection":[{"href":"https:\/\/www.ull.es\/portal\/noticias\/wp-json\/wp\/v2\/posts"}],"about":[{"href":"https:\/\/www.ull.es\/portal\/noticias\/wp-json\/wp\/v2\/types\/post"}],"author":[{"embeddable":true,"href":"https:\/\/www.ull.es\/portal\/noticias\/wp-json\/wp\/v2\/users\/21"}],"replies":[{"embeddable":true,"href":"https:\/\/www.ull.es\/portal\/noticias\/wp-json\/wp\/v2\/comments?post=67330"}],"version-history":[{"count":1,"href":"https:\/\/www.ull.es\/portal\/noticias\/wp-json\/wp\/v2\/posts\/67330\/revisions"}],"predecessor-version":[{"id":67337,"href":"https:\/\/www.ull.es\/portal\/noticias\/wp-json\/wp\/v2\/posts\/67330\/revisions\/67337"}],"wp:featuredmedia":[{"embeddable":true,"href":"https:\/\/www.ull.es\/portal\/noticias\/wp-json\/wp\/v2\/media\/67331"}],"wp:attachment":[{"href":"https:\/\/www.ull.es\/portal\/noticias\/wp-json\/wp\/v2\/media?parent=67330"}],"wp:term":[{"taxonomy":"category","embeddable":true,"href":"https:\/\/www.ull.es\/portal\/noticias\/wp-json\/wp\/v2\/categories?post=67330"},{"taxonomy":"post_tag","embeddable":true,"href":"https:\/\/www.ull.es\/portal\/noticias\/wp-json\/wp\/v2\/tags?post=67330"}],"curies":[{"name":"wp","href":"https:\/\/api.w.org\/{rel}","templated":true}]}}