{"id":67508,"date":"2023-02-03T10:34:37","date_gmt":"2023-02-03T10:34:37","guid":{"rendered":"https:\/\/www.ull.es\/portal\/noticias\/?p=67508"},"modified":"2023-02-03T10:34:37","modified_gmt":"2023-02-03T10:34:37","slug":"derecho-organiza-una-jornada-informativa-para-estudiantes-sobre-recursos-de-igualdad-y-diversidad","status":"publish","type":"post","link":"https:\/\/www.ull.es\/portal\/noticias\/2023\/derecho-organiza-una-jornada-informativa-para-estudiantes-sobre-recursos-de-igualdad-y-diversidad\/","title":{"rendered":"Derecho organiza una jornada informativa para estudiantes sobre recursos de igualdad y diversidad"},"content":{"rendered":"<p>La Facultad de Derecho de la Universidad de La Laguna ha acogido esta semana una jornada informativa dirigida al estudiantado de las titulaciones jur\u00eddicas con el fin de trasladarles los principales recursos que existen en esta instituci\u00f3n acad\u00e9mica en relaci\u00f3n con la igualdad y la diversidad.<\/p>\n<p>Se trata de una iniciativa del equipo decanal que se realiza en colaboraci\u00f3n con el proyecto de innovaci\u00f3n y transferencia educativa \u201cAbordaje transversal de valores de igualdad y diversidad en las titulaciones jur\u00eddicas\u201d, impulsado por profesorado del centro, y enmarcado tambi\u00e9n en el Programa de Orientaci\u00f3n y Tutorizaci\u00f3n.<\/p>\n<p>La jornada abord\u00f3 el Reglamento de Atenci\u00f3n a la Diversidad de G\u00e9nero y de Acompa\u00f1amiento a Estudiantes Trans, por parte del profesor Sergio Siverio, del \u00e1rea de Derecho Constitucional, as\u00ed como el Protocolo para la Detecci\u00f3n, Prevenci\u00f3n y Actuaci\u00f3n en los supuestos de Acoso Sexual y de Acoso Sexista, a cargo de la profesora Laura Meli\u00e1n Chinea y Juan Jos\u00e9 Rodr\u00edguez Bravo de Laguna, del \u00e1rea de Derecho del Trabajo y de la Seguridad Social.<\/p>\n<p>A la jornada asisti\u00f3 medio centenar de estudiantes de la Facultad de Derecho y pretende ser la primera de muchas iniciativas de sensibilizaci\u00f3n sobre cuestiones de igualdad y diversidad que se ponen en marcha en este centro, tanto para estudiantes, como para el Personal Docente e Investigador (PDI) y Personal de Administraci\u00f3n y de Servicios (PAS).<\/p>\n","protected":false},"excerpt":{"rendered":"<p>La Facultad de Derecho de la Universidad de La Laguna ha acogido esta semana una jornada informativa dirigida al estudiantado&#8230;<\/p>\n","protected":false},"author":67,"featured_media":67509,"comment_status":"closed","ping_status":"closed","sticky":false,"template":"","format":"standard","meta":{"inline_featured_image":false,"footnotes":""},"categories":[343,345,3799,2765],"tags":[7248,5877,1470],"acf":[],"yoast_head":"<!-- This site is optimized with the Yoast SEO plugin v21.3 - https:\/\/yoast.com\/wordpress\/plugins\/seo\/ -->\n<title>Derecho organiza una jornada informativa para estudiantes sobre recursos de igualdad y diversidad - ULL - Noticias<\/title>\n<meta name=\"description\" content=\"La Facultad de Derecho de la Universidad de La Laguna ha acogido esta semana una jornada informativa dirigida al estudiantado de las titulaciones jur\u00eddicas con el fin de trasladarles los principales recursos que existen en esta instituci\u00f3n acad\u00e9mica en relaci\u00f3n con la igualdad y la diversidad.\" \/>\n<meta name=\"robots\" content=\"index, follow, max-snippet:-1, max-image-preview:large, max-video-preview:-1\" \/>\n<link rel=\"canonical\" href=\"https:\/\/www.ull.es\/portal\/noticias\/2023\/derecho-organiza-una-jornada-informativa-para-estudiantes-sobre-recursos-de-igualdad-y-diversidad\/\" \/>\n<meta property=\"og:locale\" content=\"es_ES\" \/>\n<meta property=\"og:type\" content=\"article\" \/>\n<meta property=\"og:title\" content=\"Derecho organiza una jornada informativa para estudiantes sobre recursos de igualdad y diversidad - ULL - Noticias\" \/>\n<meta property=\"og:description\" content=\"La Facultad de Derecho de la Universidad de La Laguna ha acogido esta semana una jornada informativa dirigida al estudiantado de las titulaciones jur\u00eddicas con el fin de trasladarles los principales recursos que existen en esta instituci\u00f3n acad\u00e9mica en relaci\u00f3n con la igualdad y la diversidad.\" \/>\n<meta property=\"og:url\" content=\"https:\/\/www.ull.es\/portal\/noticias\/2023\/derecho-organiza-una-jornada-informativa-para-estudiantes-sobre-recursos-de-igualdad-y-diversidad\/\" \/>\n<meta property=\"og:site_name\" content=\"ULL - Noticias\" \/>\n<meta property=\"article:publisher\" content=\"https:\/\/www.facebook.com\/universidaddelalaguna\/\" \/>\n<meta property=\"article:published_time\" content=\"2023-02-03T10:34:37+00:00\" \/>\n<meta property=\"og:image\" content=\"https:\/\/www.ull.es\/portal\/noticias\/wp-content\/uploads\/sites\/13\/2023\/02\/curso-igualdad.jpg\" \/>\n\t<meta property=\"og:image:width\" content=\"1200\" \/>\n\t<meta property=\"og:image:height\" content=\"800\" \/>\n\t<meta property=\"og:image:type\" content=\"image\/jpeg\" \/>\n<meta name=\"author\" content=\"gcom5\" \/>\n<meta name=\"twitter:card\" content=\"summary_large_image\" \/>\n<meta name=\"twitter:creator\" content=\"@CanalULL\" \/>\n<meta name=\"twitter:site\" content=\"@CanalULL\" \/>\n<meta name=\"twitter:label1\" content=\"Escrito por\" \/>\n\t<meta name=\"twitter:data1\" content=\"gcom5\" \/>\n\t<meta name=\"twitter:label2\" content=\"Tiempo de lectura\" \/>\n\t<meta name=\"twitter:data2\" content=\"2 minutos\" \/>\n<script type=\"application\/ld+json\" class=\"yoast-schema-graph\">{\"@context\":\"https:\/\/schema.org\",\"@graph\":[{\"@type\":\"WebPage\",\"@id\":\"https:\/\/www.ull.es\/portal\/noticias\/2023\/derecho-organiza-una-jornada-informativa-para-estudiantes-sobre-recursos-de-igualdad-y-diversidad\/\",\"url\":\"https:\/\/www.ull.es\/portal\/noticias\/2023\/derecho-organiza-una-jornada-informativa-para-estudiantes-sobre-recursos-de-igualdad-y-diversidad\/\",\"name\":\"Derecho organiza una jornada informativa para estudiantes sobre recursos de igualdad y diversidad - ULL - Noticias\",\"isPartOf\":{\"@id\":\"https:\/\/www.ull.es\/portal\/noticias\/#website\"},\"datePublished\":\"2023-02-03T10:34:37+00:00\",\"dateModified\":\"2023-02-03T10:34:37+00:00\",\"author\":{\"@id\":\"https:\/\/www.ull.es\/portal\/noticias\/#\/schema\/person\/8027c6c4687adc2c90dc1532715d34df\"},\"description\":\"La Facultad de Derecho de la Universidad de La Laguna ha acogido esta semana una jornada informativa dirigida al estudiantado de las titulaciones jur\u00eddicas con el fin de trasladarles los principales recursos que existen en esta instituci\u00f3n acad\u00e9mica en relaci\u00f3n con la igualdad y la diversidad.\",\"breadcrumb\":{\"@id\":\"https:\/\/www.ull.es\/portal\/noticias\/2023\/derecho-organiza-una-jornada-informativa-para-estudiantes-sobre-recursos-de-igualdad-y-diversidad\/#breadcrumb\"},\"inLanguage\":\"es\",\"potentialAction\":[{\"@type\":\"ReadAction\",\"target\":[\"https:\/\/www.ull.es\/portal\/noticias\/2023\/derecho-organiza-una-jornada-informativa-para-estudiantes-sobre-recursos-de-igualdad-y-diversidad\/\"]}]},{\"@type\":\"BreadcrumbList\",\"@id\":\"https:\/\/www.ull.es\/portal\/noticias\/2023\/derecho-organiza-una-jornada-informativa-para-estudiantes-sobre-recursos-de-igualdad-y-diversidad\/#breadcrumb\",\"itemListElement\":[{\"@type\":\"ListItem\",\"position\":1,\"name\":\"Portada\",\"item\":\"https:\/\/www.ull.es\/portal\/noticias\/\"},{\"@type\":\"ListItem\",\"position\":2,\"name\":\"Derecho organiza una jornada informativa para estudiantes sobre recursos de igualdad y diversidad\"}]},{\"@type\":\"WebSite\",\"@id\":\"https:\/\/www.ull.es\/portal\/noticias\/#website\",\"url\":\"https:\/\/www.ull.es\/portal\/noticias\/\",\"name\":\"ULL - Noticias\",\"description\":\"\",\"potentialAction\":[{\"@type\":\"SearchAction\",\"target\":{\"@type\":\"EntryPoint\",\"urlTemplate\":\"https:\/\/www.ull.es\/portal\/noticias\/?s={search_term_string}\"},\"query-input\":\"required name=search_term_string\"}],\"inLanguage\":\"es\"},{\"@type\":\"Person\",\"@id\":\"https:\/\/www.ull.es\/portal\/noticias\/#\/schema\/person\/8027c6c4687adc2c90dc1532715d34df\",\"name\":\"gcom5\",\"image\":{\"@type\":\"ImageObject\",\"inLanguage\":\"es\",\"@id\":\"https:\/\/www.ull.es\/portal\/noticias\/#\/schema\/person\/image\/\",\"url\":\"https:\/\/secure.gravatar.com\/avatar\/8b3777f8048001fa57b88338ce5605b9?s=96&d=mm&r=g\",\"contentUrl\":\"https:\/\/secure.gravatar.com\/avatar\/8b3777f8048001fa57b88338ce5605b9?s=96&d=mm&r=g\",\"caption\":\"gcom5\"},\"url\":\"https:\/\/www.ull.es\/portal\/noticias\/author\/gcom5\/\"}]}<\/script>\n<!-- \/ Yoast SEO plugin. -->","yoast_head_json":{"title":"Derecho organiza una jornada informativa para estudiantes sobre recursos de igualdad y diversidad - ULL - Noticias","description":"La Facultad de Derecho de la Universidad de La Laguna ha acogido esta semana una jornada informativa dirigida al estudiantado de las titulaciones jur\u00eddicas con el fin de trasladarles los principales recursos que existen en esta instituci\u00f3n acad\u00e9mica en relaci\u00f3n con la igualdad y la diversidad.","robots":{"index":"index","follow":"follow","max-snippet":"max-snippet:-1","max-image-preview":"max-image-preview:large","max-video-preview":"max-video-preview:-1"},"canonical":"https:\/\/www.ull.es\/portal\/noticias\/2023\/derecho-organiza-una-jornada-informativa-para-estudiantes-sobre-recursos-de-igualdad-y-diversidad\/","og_locale":"es_ES","og_type":"article","og_title":"Derecho organiza una jornada informativa para estudiantes sobre recursos de igualdad y diversidad - ULL - Noticias","og_description":"La Facultad de Derecho de la Universidad de La Laguna ha acogido esta semana una jornada informativa dirigida al estudiantado de las titulaciones jur\u00eddicas con el fin de trasladarles los principales recursos que existen en esta instituci\u00f3n acad\u00e9mica en relaci\u00f3n con la igualdad y la diversidad.","og_url":"https:\/\/www.ull.es\/portal\/noticias\/2023\/derecho-organiza-una-jornada-informativa-para-estudiantes-sobre-recursos-de-igualdad-y-diversidad\/","og_site_name":"ULL - Noticias","article_publisher":"https:\/\/www.facebook.com\/universidaddelalaguna\/","article_published_time":"2023-02-03T10:34:37+00:00","og_image":[{"width":1200,"height":800,"url":"https:\/\/www.ull.es\/portal\/noticias\/wp-content\/uploads\/sites\/13\/2023\/02\/curso-igualdad.jpg","type":"image\/jpeg"}],"author":"gcom5","twitter_card":"summary_large_image","twitter_creator":"@CanalULL","twitter_site":"@CanalULL","twitter_misc":{"Escrito por":"gcom5","Tiempo de lectura":"2 minutos"},"schema":{"@context":"https:\/\/schema.org","@graph":[{"@type":"WebPage","@id":"https:\/\/www.ull.es\/portal\/noticias\/2023\/derecho-organiza-una-jornada-informativa-para-estudiantes-sobre-recursos-de-igualdad-y-diversidad\/","url":"https:\/\/www.ull.es\/portal\/noticias\/2023\/derecho-organiza-una-jornada-informativa-para-estudiantes-sobre-recursos-de-igualdad-y-diversidad\/","name":"Derecho organiza una jornada informativa para estudiantes sobre recursos de igualdad y diversidad - ULL - Noticias","isPartOf":{"@id":"https:\/\/www.ull.es\/portal\/noticias\/#website"},"datePublished":"2023-02-03T10:34:37+00:00","dateModified":"2023-02-03T10:34:37+00:00","author":{"@id":"https:\/\/www.ull.es\/portal\/noticias\/#\/schema\/person\/8027c6c4687adc2c90dc1532715d34df"},"description":"La Facultad de Derecho de la Universidad de La Laguna ha acogido esta semana una jornada informativa dirigida al estudiantado de las titulaciones jur\u00eddicas con el fin de trasladarles los principales recursos que existen en esta instituci\u00f3n acad\u00e9mica en relaci\u00f3n con la igualdad y la diversidad.","breadcrumb":{"@id":"https:\/\/www.ull.es\/portal\/noticias\/2023\/derecho-organiza-una-jornada-informativa-para-estudiantes-sobre-recursos-de-igualdad-y-diversidad\/#breadcrumb"},"inLanguage":"es","potentialAction":[{"@type":"ReadAction","target":["https:\/\/www.ull.es\/portal\/noticias\/2023\/derecho-organiza-una-jornada-informativa-para-estudiantes-sobre-recursos-de-igualdad-y-diversidad\/"]}]},{"@type":"BreadcrumbList","@id":"https:\/\/www.ull.es\/portal\/noticias\/2023\/derecho-organiza-una-jornada-informativa-para-estudiantes-sobre-recursos-de-igualdad-y-diversidad\/#breadcrumb","itemListElement":[{"@type":"ListItem","position":1,"name":"Portada","item":"https:\/\/www.ull.es\/portal\/noticias\/"},{"@type":"ListItem","position":2,"name":"Derecho organiza una jornada informativa para estudiantes sobre recursos de igualdad y diversidad"}]},{"@type":"WebSite","@id":"https:\/\/www.ull.es\/portal\/noticias\/#website","url":"https:\/\/www.ull.es\/portal\/noticias\/","name":"ULL - Noticias","description":"","potentialAction":[{"@type":"SearchAction","target":{"@type":"EntryPoint","urlTemplate":"https:\/\/www.ull.es\/portal\/noticias\/?s={search_term_string}"},"query-input":"required name=search_term_string"}],"inLanguage":"es"},{"@type":"Person","@id":"https:\/\/www.ull.es\/portal\/noticias\/#\/schema\/person\/8027c6c4687adc2c90dc1532715d34df","name":"gcom5","image":{"@type":"ImageObject","inLanguage":"es","@id":"https:\/\/www.ull.es\/portal\/noticias\/#\/schema\/person\/image\/","url":"https:\/\/secure.gravatar.com\/avatar\/8b3777f8048001fa57b88338ce5605b9?s=96&d=mm&r=g","contentUrl":"https:\/\/secure.gravatar.com\/avatar\/8b3777f8048001fa57b88338ce5605b9?s=96&d=mm&r=g","caption":"gcom5"},"url":"https:\/\/www.ull.es\/portal\/noticias\/author\/gcom5\/"}]}},"primary_category":{"id":345,"name":"Destacado","slug":"destacado","link":"https:\/\/www.ull.es\/portal\/noticias\/category\/destacado\/"},"featured_image_thumbnail_url":"https:\/\/www.ull.es\/portal\/noticias\/wp-content\/uploads\/sites\/13\/2023\/02\/curso-igualdad-300x200.jpg","_links":{"self":[{"href":"https:\/\/www.ull.es\/portal\/noticias\/wp-json\/wp\/v2\/posts\/67508"}],"collection":[{"href":"https:\/\/www.ull.es\/portal\/noticias\/wp-json\/wp\/v2\/posts"}],"about":[{"href":"https:\/\/www.ull.es\/portal\/noticias\/wp-json\/wp\/v2\/types\/post"}],"author":[{"embeddable":true,"href":"https:\/\/www.ull.es\/portal\/noticias\/wp-json\/wp\/v2\/users\/67"}],"replies":[{"embeddable":true,"href":"https:\/\/www.ull.es\/portal\/noticias\/wp-json\/wp\/v2\/comments?post=67508"}],"version-history":[{"count":1,"href":"https:\/\/www.ull.es\/portal\/noticias\/wp-json\/wp\/v2\/posts\/67508\/revisions"}],"predecessor-version":[{"id":67510,"href":"https:\/\/www.ull.es\/portal\/noticias\/wp-json\/wp\/v2\/posts\/67508\/revisions\/67510"}],"wp:featuredmedia":[{"embeddable":true,"href":"https:\/\/www.ull.es\/portal\/noticias\/wp-json\/wp\/v2\/media\/67509"}],"wp:attachment":[{"href":"https:\/\/www.ull.es\/portal\/noticias\/wp-json\/wp\/v2\/media?parent=67508"}],"wp:term":[{"taxonomy":"category","embeddable":true,"href":"https:\/\/www.ull.es\/portal\/noticias\/wp-json\/wp\/v2\/categories?post=67508"},{"taxonomy":"post_tag","embeddable":true,"href":"https:\/\/www.ull.es\/portal\/noticias\/wp-json\/wp\/v2\/tags?post=67508"}],"curies":[{"name":"wp","href":"https:\/\/api.w.org\/{rel}","templated":true}]}}