{"id":67533,"date":"2023-02-03T13:11:04","date_gmt":"2023-02-03T13:11:04","guid":{"rendered":"https:\/\/www.ull.es\/portal\/noticias\/?p=67533"},"modified":"2023-02-03T13:33:21","modified_gmt":"2023-02-03T13:33:21","slug":"el-ministro-de-universidades-visita-la-ull-y-expone-sus-proyectos-ante-la-inminencia-de-la-nueva-ley","status":"publish","type":"post","link":"https:\/\/www.ull.es\/portal\/noticias\/2023\/el-ministro-de-universidades-visita-la-ull-y-expone-sus-proyectos-ante-la-inminencia-de-la-nueva-ley\/","title":{"rendered":"El ministro de Universidades visita la ULL y expone sus proyectos ante la inminencia de la nueva ley"},"content":{"rendered":"<p>El <a href=\"https:\/\/www.universidades.gob.es\/\" target=\"_blank\" rel=\"noopener\">ministro de Universidades<\/a>, Joan Subirats, ha visitado hoy 3 de febrero la Universidad de La Laguna para mantener varias reuniones con colectivos de la comunidad acad\u00e9mica, explicar las principales novedades de la nueva ley -cuya aprobaci\u00f3n es inminente- y conocer sus demandas.<\/p>\n<p style=\"text-align: center;\"><a href=\"https:\/\/drive.google.com\/drive\/folders\/1C_tI8BfZiMKscmAzWMVn6qaHc23fssuJ?usp=share_link\" target=\"_blank\" rel=\"noopener\" target=\"_blank\" rel=\"noopener\">Galer\u00eda fotogr\u00e1fica<\/a><\/p>\n<p>El Aula Magna de F\u00edsica y Matem\u00e1ticas acogi\u00f3 desde primera hora el encuentro del ministro con el consejo de direcci\u00f3n de la universidad, presidido por la rectora, Rosa Aguilar. La rectora present\u00f3 la instituci\u00f3n que dirige, destacando la importante labor de transferencia social hacia el entorno, de la que dijo es muy relevante. A ello hay que a\u00f1adir tambi\u00e9n el programa de pr\u00e1cticas de empresa, de car\u00e1cter obligatorio en todos los grados de la instituci\u00f3n, lo que acerca todos los a\u00f1os a miles de estudiantes a su entorno laboral m\u00e1s inmediato, explic\u00f3 la rectora, adem\u00e1s de las pr\u00e1cticas extracurriculares que gestiona a trav\u00e9s de diversas iniciativas la Fundaci\u00f3n General.<\/p>\n<div id=\"attachment_67537\" style=\"width: 310px\" class=\"wp-caption alignleft\"><img aria-describedby=\"caption-attachment-67537\" decoding=\"async\" loading=\"lazy\" class=\"size-medium wp-image-67537\" src=\"https:\/\/www.ull.es\/portal\/noticias\/wp-content\/uploads\/sites\/13\/2023\/02\/Reunion-ministro-alumnos-20-300x200.jpg\" alt=\"\" width=\"300\" height=\"200\" srcset=\"https:\/\/www.ull.es\/portal\/noticias\/wp-content\/uploads\/sites\/13\/2023\/02\/Reunion-ministro-alumnos-20-300x200.jpg 300w, https:\/\/www.ull.es\/portal\/noticias\/wp-content\/uploads\/sites\/13\/2023\/02\/Reunion-ministro-alumnos-20-768x512.jpg 768w, https:\/\/www.ull.es\/portal\/noticias\/wp-content\/uploads\/sites\/13\/2023\/02\/Reunion-ministro-alumnos-20-375x250.jpg 375w, https:\/\/www.ull.es\/portal\/noticias\/wp-content\/uploads\/sites\/13\/2023\/02\/Reunion-ministro-alumnos-20-750x500.jpg 750w, https:\/\/www.ull.es\/portal\/noticias\/wp-content\/uploads\/sites\/13\/2023\/02\/Reunion-ministro-alumnos-20.jpg 1024w\" sizes=\"(max-width: 300px) 100vw, 300px\" \/><p id=\"caption-attachment-67537\" class=\"wp-caption-text\">Los estudiantes le regalaron una sudadera y una gorra de la universidad<\/p><\/div>\n<p>El ministro se mostr\u00f3 muy interesado por este asunto, y de hecho agreg\u00f3 que su ministerio est\u00e1 llevando a cabo un estudio que pretende objetivar esta aportaci\u00f3n regional de las universidades a su entorno, para saber cu\u00e1nto aportan las instituciones de educaci\u00f3n superior al PIB regional.<\/p>\n<p>La universidad est\u00e1 en un momento de cambio, como la propia sociedad, se\u00f1al\u00f3 el ministro. La futura Ley Org\u00e1nica del Sistema Universitario (LOSU) facilitar\u00e1 la permanencia de estudiantes extranjeros en la universidad, sin que tengan que solicitar permiso de residencia cada a\u00f1o, explic\u00f3 Subirats. \u201cEuropa insiste en fomentar la movilidad y las acreditaciones entre universidades mediante estructuras m\u00e1s flexibles\u201d, sostuvo.<\/p>\n<p>La nueva ley incorpora la idea de que las personas sin los requisitos acad\u00e9micos previos puedan acceder a ciertos estudios, demostrando su experiencia laboral. \u201cEl cambio de la sociedad hace que haya que estarse formando durante toda la etapa profesional. Del mill\u00f3n y medio de estudiantes solo un 5% tiene m\u00e1s de 30 a\u00f1os. Nuestros clientes, por cuestiones demogr\u00e1ficas, van a disminuir, por lo tanto, hay que abrir la universidad a nuevas necesidades sociales y a nuevos perfiles de edades\u201d.<\/p>\n<p>Subirats tambi\u00e9n explic\u00f3 la importancia de las micro credenciales -entendidas como lo que hoy pueden ser los t\u00edtulos propios-, que pueden dirigirse a sectores concretos y que deben basarse en la demanda, no en la oferta, es decir, atendiendo a lo que necesita la sociedad. El ministro indic\u00f3 igualmente que se quiere reforzar los doctorados industriales, explicando que la inserci\u00f3n del investigador en la empresa tiene que ser desde el origen, a\u00f1adi\u00f3. Hay que reforzar la docencia, que el ministro reconoci\u00f3 que ha perdido prestigio frente a la investigaci\u00f3n, valorando la presencialidad en el aula.<\/p>\n<div id=\"attachment_67535\" style=\"width: 310px\" class=\"wp-caption alignright\"><img aria-describedby=\"caption-attachment-67535\" decoding=\"async\" loading=\"lazy\" class=\"size-medium wp-image-67535\" src=\"https:\/\/www.ull.es\/portal\/noticias\/wp-content\/uploads\/sites\/13\/2023\/02\/Reunion-ministro-profesores-08-300x200.jpg\" alt=\"\" width=\"300\" height=\"200\" srcset=\"https:\/\/www.ull.es\/portal\/noticias\/wp-content\/uploads\/sites\/13\/2023\/02\/Reunion-ministro-profesores-08-300x200.jpg 300w, https:\/\/www.ull.es\/portal\/noticias\/wp-content\/uploads\/sites\/13\/2023\/02\/Reunion-ministro-profesores-08-768x512.jpg 768w, https:\/\/www.ull.es\/portal\/noticias\/wp-content\/uploads\/sites\/13\/2023\/02\/Reunion-ministro-profesores-08-375x250.jpg 375w, https:\/\/www.ull.es\/portal\/noticias\/wp-content\/uploads\/sites\/13\/2023\/02\/Reunion-ministro-profesores-08-750x500.jpg 750w, https:\/\/www.ull.es\/portal\/noticias\/wp-content\/uploads\/sites\/13\/2023\/02\/Reunion-ministro-profesores-08.jpg 1024w\" sizes=\"(max-width: 300px) 100vw, 300px\" \/><p id=\"caption-attachment-67535\" class=\"wp-caption-text\">Reuni\u00f3n con decanos, directores y j\u00f3venes investigadores de programas de excelencia<\/p><\/div>\n<p>Seguidamente el titular de Universidades mantuvo una reuni\u00f3n con una cincuentena de alumnos y alumnas claustrales, con quienes abord\u00f3 distintos asuntos como la duraci\u00f3n del mandato de los rectores, la pol\u00edtica de becas y la movilidad, asuntos en los que se ha aumentado sustancialmente el presupuesto en los \u00faltimos a\u00f1os, dijo.<\/p>\n<p>Los estudiantes le preguntaron por la retenci\u00f3n de talento, a lo cual respondi\u00f3 que han aumentado los programas de contrataci\u00f3n de j\u00f3venes investigadores excelentes, y se\u00f1al\u00f3 que es una cuesti\u00f3n muy vinculada a la internacionalizaci\u00f3n. A\u00f1adi\u00f3 Subirats que en los pr\u00f3ximos a\u00f1os se va a producir procesos de jubilaci\u00f3n masiva, con lo cual habr\u00e1 muchas plazas para nuevas incorporaciones.<\/p>\n<p>El ministro explic\u00f3 que ha cambiado el concepto de la beca, que antes estaba vinculado al m\u00e9rito acad\u00e9mico, y ahora est\u00e1 m\u00e1s asociado a la capacidad econ\u00f3mica de los estudiantes. Tambi\u00e9n fue preguntado por el porcentaje de participaci\u00f3n que se da a los alumnos en los \u00f3rganos de gobierno de la universidad, a lo que agreg\u00f3 que se trata de un sistema de equilibrios, ponderando que hay sectores permanentes en la universidad, como es el profesorado o el personal de administraci\u00f3n y servicios, mientras que el estudiante tiene un perfil m\u00e1s pasajero, pero sin embargo sin este \u00faltimo no tendr\u00eda sentido la universidad.<\/p>\n<p><img decoding=\"async\" loading=\"lazy\" class=\"alignleft size-medium wp-image-67543\" src=\"https:\/\/www.ull.es\/portal\/noticias\/wp-content\/uploads\/sites\/13\/2023\/02\/Ministro-y-equipo-gob-03-300x200.jpg\" alt=\"\" width=\"300\" height=\"200\" srcset=\"https:\/\/www.ull.es\/portal\/noticias\/wp-content\/uploads\/sites\/13\/2023\/02\/Ministro-y-equipo-gob-03-300x200.jpg 300w, https:\/\/www.ull.es\/portal\/noticias\/wp-content\/uploads\/sites\/13\/2023\/02\/Ministro-y-equipo-gob-03-768x512.jpg 768w, https:\/\/www.ull.es\/portal\/noticias\/wp-content\/uploads\/sites\/13\/2023\/02\/Ministro-y-equipo-gob-03-375x250.jpg 375w, https:\/\/www.ull.es\/portal\/noticias\/wp-content\/uploads\/sites\/13\/2023\/02\/Ministro-y-equipo-gob-03-750x500.jpg 750w, https:\/\/www.ull.es\/portal\/noticias\/wp-content\/uploads\/sites\/13\/2023\/02\/Ministro-y-equipo-gob-03.jpg 1024w\" sizes=\"(max-width: 300px) 100vw, 300px\" \/>La sesi\u00f3n de trabajo en la Universidad de La Laguna finaliz\u00f3 con una reuni\u00f3n con decanos y directores de centros, as\u00ed como con j\u00f3venes investigadores vinculados a programas de excelencia. Se le pregunt\u00f3 por cuestiones espec\u00edficas de diferentes titulaciones, as\u00ed como por aspectos ligados a la promoci\u00f3n del personal investigador. A ellos el ministro les se\u00f1al\u00f3 que se est\u00e1 recuperando el nivel de inversi\u00f3n p\u00fablica anterior a 2008. \u201cNo ha habido una gran manifestaci\u00f3n por esto, est\u00e1 claro que nos han faltado aliados sociales que nos defendieran, lo que quiere decir que tenemos que ser m\u00e1s \u00fatiles a la sociedad\u201d.<\/p>\n","protected":false},"excerpt":{"rendered":"<p>El ministro de Universidades, Joan Subirats, ha visitado hoy 3 de febrero la Universidad de La Laguna para mantener varias&#8230;<\/p>\n","protected":false},"author":23,"featured_media":67536,"comment_status":"closed","ping_status":"closed","sticky":false,"template":"","format":"standard","meta":{"inline_featured_image":false,"footnotes":""},"categories":[345,348,2765],"tags":[9605,9606,6948],"acf":[],"yoast_head":"<!-- This site is optimized with the Yoast SEO plugin v21.3 - https:\/\/yoast.com\/wordpress\/plugins\/seo\/ -->\n<title>El ministro de Universidades visita la ULL y expone sus proyectos ante la inminencia de la nueva ley - ULL - Noticias<\/title>\n<meta name=\"robots\" content=\"index, follow, max-snippet:-1, max-image-preview:large, max-video-preview:-1\" \/>\n<link rel=\"canonical\" href=\"https:\/\/www.ull.es\/portal\/noticias\/2023\/el-ministro-de-universidades-visita-la-ull-y-expone-sus-proyectos-ante-la-inminencia-de-la-nueva-ley\/\" \/>\n<meta property=\"og:locale\" content=\"es_ES\" \/>\n<meta property=\"og:type\" content=\"article\" \/>\n<meta property=\"og:title\" content=\"El ministro de Universidades visita la ULL y expone sus proyectos ante la inminencia de la nueva ley - ULL - Noticias\" \/>\n<meta property=\"og:description\" content=\"El ministro de Universidades, Joan Subirats, ha visitado hoy 3 de febrero la Universidad de La Laguna para mantener varias...\" \/>\n<meta property=\"og:url\" content=\"https:\/\/www.ull.es\/portal\/noticias\/2023\/el-ministro-de-universidades-visita-la-ull-y-expone-sus-proyectos-ante-la-inminencia-de-la-nueva-ley\/\" \/>\n<meta property=\"og:site_name\" content=\"ULL - Noticias\" \/>\n<meta property=\"article:publisher\" content=\"https:\/\/www.facebook.com\/universidaddelalaguna\/\" \/>\n<meta property=\"article:published_time\" content=\"2023-02-03T13:11:04+00:00\" \/>\n<meta property=\"article:modified_time\" content=\"2023-02-03T13:33:21+00:00\" \/>\n<meta property=\"og:image\" content=\"https:\/\/www.ull.es\/portal\/noticias\/wp-content\/uploads\/sites\/13\/2023\/02\/Reunion-ministro-alumnos-21.jpg\" \/>\n\t<meta property=\"og:image:width\" content=\"1024\" \/>\n\t<meta property=\"og:image:height\" content=\"683\" \/>\n\t<meta property=\"og:image:type\" content=\"image\/jpeg\" \/>\n<meta name=\"author\" content=\"gaprsa\" \/>\n<meta name=\"twitter:card\" content=\"summary_large_image\" \/>\n<meta name=\"twitter:creator\" content=\"@CanalULL\" \/>\n<meta name=\"twitter:site\" content=\"@CanalULL\" \/>\n<meta name=\"twitter:label1\" content=\"Escrito por\" \/>\n\t<meta name=\"twitter:data1\" content=\"gaprsa\" \/>\n\t<meta name=\"twitter:label2\" content=\"Tiempo de lectura\" \/>\n\t<meta name=\"twitter:data2\" content=\"5 minutos\" \/>\n<script type=\"application\/ld+json\" class=\"yoast-schema-graph\">{\"@context\":\"https:\/\/schema.org\",\"@graph\":[{\"@type\":\"WebPage\",\"@id\":\"https:\/\/www.ull.es\/portal\/noticias\/2023\/el-ministro-de-universidades-visita-la-ull-y-expone-sus-proyectos-ante-la-inminencia-de-la-nueva-ley\/\",\"url\":\"https:\/\/www.ull.es\/portal\/noticias\/2023\/el-ministro-de-universidades-visita-la-ull-y-expone-sus-proyectos-ante-la-inminencia-de-la-nueva-ley\/\",\"name\":\"El ministro de Universidades visita la ULL y expone sus proyectos ante la inminencia de la nueva ley - ULL - Noticias\",\"isPartOf\":{\"@id\":\"https:\/\/www.ull.es\/portal\/noticias\/#website\"},\"datePublished\":\"2023-02-03T13:11:04+00:00\",\"dateModified\":\"2023-02-03T13:33:21+00:00\",\"author\":{\"@id\":\"https:\/\/www.ull.es\/portal\/noticias\/#\/schema\/person\/b2b1a89d43ffa609e591f7df8ef3e817\"},\"breadcrumb\":{\"@id\":\"https:\/\/www.ull.es\/portal\/noticias\/2023\/el-ministro-de-universidades-visita-la-ull-y-expone-sus-proyectos-ante-la-inminencia-de-la-nueva-ley\/#breadcrumb\"},\"inLanguage\":\"es\",\"potentialAction\":[{\"@type\":\"ReadAction\",\"target\":[\"https:\/\/www.ull.es\/portal\/noticias\/2023\/el-ministro-de-universidades-visita-la-ull-y-expone-sus-proyectos-ante-la-inminencia-de-la-nueva-ley\/\"]}]},{\"@type\":\"BreadcrumbList\",\"@id\":\"https:\/\/www.ull.es\/portal\/noticias\/2023\/el-ministro-de-universidades-visita-la-ull-y-expone-sus-proyectos-ante-la-inminencia-de-la-nueva-ley\/#breadcrumb\",\"itemListElement\":[{\"@type\":\"ListItem\",\"position\":1,\"name\":\"Portada\",\"item\":\"https:\/\/www.ull.es\/portal\/noticias\/\"},{\"@type\":\"ListItem\",\"position\":2,\"name\":\"El ministro de Universidades visita la ULL y expone sus proyectos ante la inminencia de la nueva ley\"}]},{\"@type\":\"WebSite\",\"@id\":\"https:\/\/www.ull.es\/portal\/noticias\/#website\",\"url\":\"https:\/\/www.ull.es\/portal\/noticias\/\",\"name\":\"ULL - Noticias\",\"description\":\"\",\"potentialAction\":[{\"@type\":\"SearchAction\",\"target\":{\"@type\":\"EntryPoint\",\"urlTemplate\":\"https:\/\/www.ull.es\/portal\/noticias\/?s={search_term_string}\"},\"query-input\":\"required name=search_term_string\"}],\"inLanguage\":\"es\"},{\"@type\":\"Person\",\"@id\":\"https:\/\/www.ull.es\/portal\/noticias\/#\/schema\/person\/b2b1a89d43ffa609e591f7df8ef3e817\",\"name\":\"gaprsa\",\"image\":{\"@type\":\"ImageObject\",\"inLanguage\":\"es\",\"@id\":\"https:\/\/www.ull.es\/portal\/noticias\/#\/schema\/person\/image\/\",\"url\":\"https:\/\/secure.gravatar.com\/avatar\/443820550921091458b4823867723b3d?s=96&d=mm&r=g\",\"contentUrl\":\"https:\/\/secure.gravatar.com\/avatar\/443820550921091458b4823867723b3d?s=96&d=mm&r=g\",\"caption\":\"gaprsa\"},\"url\":\"https:\/\/www.ull.es\/portal\/noticias\/author\/gaprsa\/\"}]}<\/script>\n<!-- \/ Yoast SEO plugin. -->","yoast_head_json":{"title":"El ministro de Universidades visita la ULL y expone sus proyectos ante la inminencia de la nueva ley - ULL - Noticias","robots":{"index":"index","follow":"follow","max-snippet":"max-snippet:-1","max-image-preview":"max-image-preview:large","max-video-preview":"max-video-preview:-1"},"canonical":"https:\/\/www.ull.es\/portal\/noticias\/2023\/el-ministro-de-universidades-visita-la-ull-y-expone-sus-proyectos-ante-la-inminencia-de-la-nueva-ley\/","og_locale":"es_ES","og_type":"article","og_title":"El ministro de Universidades visita la ULL y expone sus proyectos ante la inminencia de la nueva ley - ULL - Noticias","og_description":"El ministro de Universidades, Joan Subirats, ha visitado hoy 3 de febrero la Universidad de La Laguna para mantener varias...","og_url":"https:\/\/www.ull.es\/portal\/noticias\/2023\/el-ministro-de-universidades-visita-la-ull-y-expone-sus-proyectos-ante-la-inminencia-de-la-nueva-ley\/","og_site_name":"ULL - Noticias","article_publisher":"https:\/\/www.facebook.com\/universidaddelalaguna\/","article_published_time":"2023-02-03T13:11:04+00:00","article_modified_time":"2023-02-03T13:33:21+00:00","og_image":[{"width":1024,"height":683,"url":"https:\/\/www.ull.es\/portal\/noticias\/wp-content\/uploads\/sites\/13\/2023\/02\/Reunion-ministro-alumnos-21.jpg","type":"image\/jpeg"}],"author":"gaprsa","twitter_card":"summary_large_image","twitter_creator":"@CanalULL","twitter_site":"@CanalULL","twitter_misc":{"Escrito por":"gaprsa","Tiempo de lectura":"5 minutos"},"schema":{"@context":"https:\/\/schema.org","@graph":[{"@type":"WebPage","@id":"https:\/\/www.ull.es\/portal\/noticias\/2023\/el-ministro-de-universidades-visita-la-ull-y-expone-sus-proyectos-ante-la-inminencia-de-la-nueva-ley\/","url":"https:\/\/www.ull.es\/portal\/noticias\/2023\/el-ministro-de-universidades-visita-la-ull-y-expone-sus-proyectos-ante-la-inminencia-de-la-nueva-ley\/","name":"El ministro de Universidades visita la ULL y expone sus proyectos ante la inminencia de la nueva ley - ULL - Noticias","isPartOf":{"@id":"https:\/\/www.ull.es\/portal\/noticias\/#website"},"datePublished":"2023-02-03T13:11:04+00:00","dateModified":"2023-02-03T13:33:21+00:00","author":{"@id":"https:\/\/www.ull.es\/portal\/noticias\/#\/schema\/person\/b2b1a89d43ffa609e591f7df8ef3e817"},"breadcrumb":{"@id":"https:\/\/www.ull.es\/portal\/noticias\/2023\/el-ministro-de-universidades-visita-la-ull-y-expone-sus-proyectos-ante-la-inminencia-de-la-nueva-ley\/#breadcrumb"},"inLanguage":"es","potentialAction":[{"@type":"ReadAction","target":["https:\/\/www.ull.es\/portal\/noticias\/2023\/el-ministro-de-universidades-visita-la-ull-y-expone-sus-proyectos-ante-la-inminencia-de-la-nueva-ley\/"]}]},{"@type":"BreadcrumbList","@id":"https:\/\/www.ull.es\/portal\/noticias\/2023\/el-ministro-de-universidades-visita-la-ull-y-expone-sus-proyectos-ante-la-inminencia-de-la-nueva-ley\/#breadcrumb","itemListElement":[{"@type":"ListItem","position":1,"name":"Portada","item":"https:\/\/www.ull.es\/portal\/noticias\/"},{"@type":"ListItem","position":2,"name":"El ministro de Universidades visita la ULL y expone sus proyectos ante la inminencia de la nueva ley"}]},{"@type":"WebSite","@id":"https:\/\/www.ull.es\/portal\/noticias\/#website","url":"https:\/\/www.ull.es\/portal\/noticias\/","name":"ULL - Noticias","description":"","potentialAction":[{"@type":"SearchAction","target":{"@type":"EntryPoint","urlTemplate":"https:\/\/www.ull.es\/portal\/noticias\/?s={search_term_string}"},"query-input":"required name=search_term_string"}],"inLanguage":"es"},{"@type":"Person","@id":"https:\/\/www.ull.es\/portal\/noticias\/#\/schema\/person\/b2b1a89d43ffa609e591f7df8ef3e817","name":"gaprsa","image":{"@type":"ImageObject","inLanguage":"es","@id":"https:\/\/www.ull.es\/portal\/noticias\/#\/schema\/person\/image\/","url":"https:\/\/secure.gravatar.com\/avatar\/443820550921091458b4823867723b3d?s=96&d=mm&r=g","contentUrl":"https:\/\/secure.gravatar.com\/avatar\/443820550921091458b4823867723b3d?s=96&d=mm&r=g","caption":"gaprsa"},"url":"https:\/\/www.ull.es\/portal\/noticias\/author\/gaprsa\/"}]}},"primary_category":{"id":345,"name":"Destacado","slug":"destacado","link":"https:\/\/www.ull.es\/portal\/noticias\/category\/destacado\/"},"featured_image_thumbnail_url":"https:\/\/www.ull.es\/portal\/noticias\/wp-content\/uploads\/sites\/13\/2023\/02\/Reunion-ministro-alumnos-21-300x200.jpg","_links":{"self":[{"href":"https:\/\/www.ull.es\/portal\/noticias\/wp-json\/wp\/v2\/posts\/67533"}],"collection":[{"href":"https:\/\/www.ull.es\/portal\/noticias\/wp-json\/wp\/v2\/posts"}],"about":[{"href":"https:\/\/www.ull.es\/portal\/noticias\/wp-json\/wp\/v2\/types\/post"}],"author":[{"embeddable":true,"href":"https:\/\/www.ull.es\/portal\/noticias\/wp-json\/wp\/v2\/users\/23"}],"replies":[{"embeddable":true,"href":"https:\/\/www.ull.es\/portal\/noticias\/wp-json\/wp\/v2\/comments?post=67533"}],"version-history":[{"count":6,"href":"https:\/\/www.ull.es\/portal\/noticias\/wp-json\/wp\/v2\/posts\/67533\/revisions"}],"predecessor-version":[{"id":67546,"href":"https:\/\/www.ull.es\/portal\/noticias\/wp-json\/wp\/v2\/posts\/67533\/revisions\/67546"}],"wp:featuredmedia":[{"embeddable":true,"href":"https:\/\/www.ull.es\/portal\/noticias\/wp-json\/wp\/v2\/media\/67536"}],"wp:attachment":[{"href":"https:\/\/www.ull.es\/portal\/noticias\/wp-json\/wp\/v2\/media?parent=67533"}],"wp:term":[{"taxonomy":"category","embeddable":true,"href":"https:\/\/www.ull.es\/portal\/noticias\/wp-json\/wp\/v2\/categories?post=67533"},{"taxonomy":"post_tag","embeddable":true,"href":"https:\/\/www.ull.es\/portal\/noticias\/wp-json\/wp\/v2\/tags?post=67533"}],"curies":[{"name":"wp","href":"https:\/\/api.w.org\/{rel}","templated":true}]}}