{"id":67595,"date":"2023-02-07T14:18:47","date_gmt":"2023-02-07T14:18:47","guid":{"rendered":"https:\/\/www.ull.es\/portal\/noticias\/?p=67595"},"modified":"2023-02-07T14:21:01","modified_gmt":"2023-02-07T14:21:01","slug":"investigadores-espana-latinoamerica-debatiran-darwin","status":"publish","type":"post","link":"https:\/\/www.ull.es\/portal\/noticias\/2023\/investigadores-espana-latinoamerica-debatiran-darwin\/","title":{"rendered":"Investigadores de Espa\u00f1a y Latinoam\u00e9rica debatir\u00e1n en la ULL el legado de la obra de Charles Darwin"},"content":{"rendered":"<p>La Universidad de La Laguna acoge a partir de ma\u00f1ana, mi\u00e9rcoles 8 de febrero, y hasta el s\u00e1bado d\u00eda 11, el <a href=\"https:\/\/www.ull.es\/portal\/agenda\/evento\/x-coloquio-internacional-sobre-darwinismo-en-europa-america-latina-y-el-caribe\/\" target=\"_blank\" rel=\"noopener\" target=\"_blank\" rel=\"noopener\">X Coloquio Internacional sobre Darwinismo en Europa, Am\u00e9rica Latina y el Caribe<\/a>. El acto inaugural se celebrar\u00e1 en el Aula El\u00edas Serra R\u00e0fols del edificio de la Secci\u00f3n de Geograf\u00eda e Historia a las 9:30 horas, con presencia de la rectora, Rosa Aguilar Chinea, el vicerrector de Investigaci\u00f3n y Transferencia; Ernesto Pereda de Pablo; el vicerrector de Cultura y Participaci\u00f3n Social, Juan Albino M\u00e9ndez P\u00e9rez; la vicerrectora de Proyecci\u00f3n, Internacionalizaci\u00f3n y cooperaci\u00f3n, Lidia Cabrera; el decano de la Facultad de Humanidades, Javier Medina; y los representantes del comit\u00e9 organizador Manuel de Paz, de la Universidad de La Laguna, y Miguel \u00c1ngel Puig-Samper, del Instituto de Historia del CSIC.<\/p>\n<p>El programa est\u00e1 dividido en varios bloques tem\u00e1ticos, como \u201cLas Islas Canarias y el evolucionismo\u201d y \u201cDarwin y el darwinismo\u201d, que ser\u00e1n abordados en la jornada de ma\u00f1ana; \u201cEvolucionismos\u201d, \u201cArte y fotograf\u00eda darwinista\u201d, y \u201cViajes, mapas y evolucionismo\u201d, que centrar\u00e1n las intervenciones del jueves d\u00eda 9; y \u201cDarwinismo y evolucionismo en Espa\u00f1a\u201d; \u201cTeolog\u00eda, asociacionismo y degeneracionismo\u201d y \u201cEvolucionismo en M\u00e9xico\u201d, como materias del d\u00eda 10. El s\u00e1bado 11 estar\u00e1 dedicado a una visita al Teide.<\/p>\n<p>La conferencia inaugural, \u201cEvolucionismo y literatura\u201d, ser\u00e1 dictada ma\u00f1ana a las 10:00 horas en el Aula El\u00edas Serra R\u00e0fols por Armando Garc\u00eda, bi\u00f3logo e historiador de la ciencia, y Fran\u00e7oise Moulin-Civil, profesora em\u00e9rita de Cultura y Literatura del Caribe (CY Cergy Par\u00eds Universit\u00e9).<\/p>\n<p>Est\u00e1 prevista la asistencia de numerosos representantes de centros de investigaci\u00f3n nacionales como el CSIC y varias universidades, e internacionales, de pa\u00edses como M\u00e9xico, Argentina, Brasil, Chile, Panam\u00e1, Ecuador, Portugal, Francia, Italia, Alemania, EE.UU., entre otros.<\/p>\n","protected":false},"excerpt":{"rendered":"<p>La Universidad de La Laguna acoge a partir de ma\u00f1ana, mi\u00e9rcoles 8 de febrero, y hasta el s\u00e1bado d\u00eda 11,&#8230;<\/p>\n","protected":false},"author":21,"featured_media":67596,"comment_status":"closed","ping_status":"closed","sticky":false,"template":"","format":"standard","meta":{"inline_featured_image":false,"footnotes":""},"categories":[345,350,2765],"tags":[9617,9618,1606,8931],"acf":[],"yoast_head":"<!-- This site is optimized with the Yoast SEO plugin v21.3 - https:\/\/yoast.com\/wordpress\/plugins\/seo\/ -->\n<title>Investigadores de Espa\u00f1a y Am\u00e9rica debaten el legado de Darwin<\/title>\n<meta name=\"description\" content=\"La ULL acoge del 8 al 11 de febrero el X Coloquio Internacional sobre Darwinismo en Europa, Am\u00e9rica Latina y el Caribe.\" \/>\n<meta name=\"robots\" content=\"index, follow, max-snippet:-1, max-image-preview:large, max-video-preview:-1\" \/>\n<link rel=\"canonical\" href=\"https:\/\/www.ull.es\/portal\/noticias\/2023\/investigadores-espana-latinoamerica-debatiran-darwin\/\" \/>\n<meta property=\"og:locale\" content=\"es_ES\" \/>\n<meta property=\"og:type\" content=\"article\" \/>\n<meta property=\"og:title\" content=\"Investigadores de Espa\u00f1a y Am\u00e9rica debaten el legado de Darwin\" \/>\n<meta property=\"og:description\" content=\"La ULL acoge del 8 al 11 de febrero el X Coloquio Internacional sobre Darwinismo en Europa, Am\u00e9rica Latina y el Caribe.\" \/>\n<meta property=\"og:url\" content=\"https:\/\/www.ull.es\/portal\/noticias\/2023\/investigadores-espana-latinoamerica-debatiran-darwin\/\" \/>\n<meta property=\"og:site_name\" content=\"ULL - Noticias\" \/>\n<meta property=\"article:publisher\" content=\"https:\/\/www.facebook.com\/universidaddelalaguna\/\" \/>\n<meta property=\"article:published_time\" content=\"2023-02-07T14:18:47+00:00\" \/>\n<meta property=\"article:modified_time\" content=\"2023-02-07T14:21:01+00:00\" \/>\n<meta property=\"og:image\" content=\"https:\/\/www.ull.es\/portal\/noticias\/wp-content\/uploads\/sites\/13\/2023\/02\/X-Coloquio-Internacional-sobre-Darwinismo_Banner-evento.png\" \/>\n\t<meta property=\"og:image:width\" content=\"750\" \/>\n\t<meta property=\"og:image:height\" content=\"370\" \/>\n\t<meta property=\"og:image:type\" content=\"image\/png\" \/>\n<meta name=\"author\" content=\"prensa2\" \/>\n<meta name=\"twitter:card\" content=\"summary_large_image\" \/>\n<meta name=\"twitter:creator\" content=\"@CanalULL\" \/>\n<meta name=\"twitter:site\" content=\"@CanalULL\" \/>\n<meta name=\"twitter:label1\" content=\"Escrito por\" \/>\n\t<meta name=\"twitter:data1\" content=\"prensa2\" \/>\n\t<meta name=\"twitter:label2\" content=\"Tiempo de lectura\" \/>\n\t<meta name=\"twitter:data2\" content=\"2 minutos\" \/>\n<script type=\"application\/ld+json\" class=\"yoast-schema-graph\">{\"@context\":\"https:\/\/schema.org\",\"@graph\":[{\"@type\":\"WebPage\",\"@id\":\"https:\/\/www.ull.es\/portal\/noticias\/2023\/investigadores-espana-latinoamerica-debatiran-darwin\/\",\"url\":\"https:\/\/www.ull.es\/portal\/noticias\/2023\/investigadores-espana-latinoamerica-debatiran-darwin\/\",\"name\":\"Investigadores de Espa\u00f1a y Am\u00e9rica debaten el legado de Darwin\",\"isPartOf\":{\"@id\":\"https:\/\/www.ull.es\/portal\/noticias\/#website\"},\"datePublished\":\"2023-02-07T14:18:47+00:00\",\"dateModified\":\"2023-02-07T14:21:01+00:00\",\"author\":{\"@id\":\"https:\/\/www.ull.es\/portal\/noticias\/#\/schema\/person\/c3b2aa857797592927a03740d6664376\"},\"description\":\"La ULL acoge del 8 al 11 de febrero el X Coloquio Internacional sobre Darwinismo en Europa, Am\u00e9rica Latina y el Caribe.\",\"breadcrumb\":{\"@id\":\"https:\/\/www.ull.es\/portal\/noticias\/2023\/investigadores-espana-latinoamerica-debatiran-darwin\/#breadcrumb\"},\"inLanguage\":\"es\",\"potentialAction\":[{\"@type\":\"ReadAction\",\"target\":[\"https:\/\/www.ull.es\/portal\/noticias\/2023\/investigadores-espana-latinoamerica-debatiran-darwin\/\"]}]},{\"@type\":\"BreadcrumbList\",\"@id\":\"https:\/\/www.ull.es\/portal\/noticias\/2023\/investigadores-espana-latinoamerica-debatiran-darwin\/#breadcrumb\",\"itemListElement\":[{\"@type\":\"ListItem\",\"position\":1,\"name\":\"Portada\",\"item\":\"https:\/\/www.ull.es\/portal\/noticias\/\"},{\"@type\":\"ListItem\",\"position\":2,\"name\":\"Investigadores de Espa\u00f1a y Latinoam\u00e9rica debatir\u00e1n en la ULL el legado de la obra de Charles Darwin\"}]},{\"@type\":\"WebSite\",\"@id\":\"https:\/\/www.ull.es\/portal\/noticias\/#website\",\"url\":\"https:\/\/www.ull.es\/portal\/noticias\/\",\"name\":\"ULL - Noticias\",\"description\":\"\",\"potentialAction\":[{\"@type\":\"SearchAction\",\"target\":{\"@type\":\"EntryPoint\",\"urlTemplate\":\"https:\/\/www.ull.es\/portal\/noticias\/?s={search_term_string}\"},\"query-input\":\"required name=search_term_string\"}],\"inLanguage\":\"es\"},{\"@type\":\"Person\",\"@id\":\"https:\/\/www.ull.es\/portal\/noticias\/#\/schema\/person\/c3b2aa857797592927a03740d6664376\",\"name\":\"prensa2\",\"image\":{\"@type\":\"ImageObject\",\"inLanguage\":\"es\",\"@id\":\"https:\/\/www.ull.es\/portal\/noticias\/#\/schema\/person\/image\/\",\"url\":\"https:\/\/secure.gravatar.com\/avatar\/b58f310a5de5feb33d1e026d2493f23c?s=96&d=mm&r=g\",\"contentUrl\":\"https:\/\/secure.gravatar.com\/avatar\/b58f310a5de5feb33d1e026d2493f23c?s=96&d=mm&r=g\",\"caption\":\"prensa2\"},\"url\":\"https:\/\/www.ull.es\/portal\/noticias\/author\/prensa2\/\"}]}<\/script>\n<!-- \/ Yoast SEO plugin. -->","yoast_head_json":{"title":"Investigadores de Espa\u00f1a y Am\u00e9rica debaten el legado de Darwin","description":"La ULL acoge del 8 al 11 de febrero el X Coloquio Internacional sobre Darwinismo en Europa, Am\u00e9rica Latina y el Caribe.","robots":{"index":"index","follow":"follow","max-snippet":"max-snippet:-1","max-image-preview":"max-image-preview:large","max-video-preview":"max-video-preview:-1"},"canonical":"https:\/\/www.ull.es\/portal\/noticias\/2023\/investigadores-espana-latinoamerica-debatiran-darwin\/","og_locale":"es_ES","og_type":"article","og_title":"Investigadores de Espa\u00f1a y Am\u00e9rica debaten el legado de Darwin","og_description":"La ULL acoge del 8 al 11 de febrero el X Coloquio Internacional sobre Darwinismo en Europa, Am\u00e9rica Latina y el Caribe.","og_url":"https:\/\/www.ull.es\/portal\/noticias\/2023\/investigadores-espana-latinoamerica-debatiran-darwin\/","og_site_name":"ULL - Noticias","article_publisher":"https:\/\/www.facebook.com\/universidaddelalaguna\/","article_published_time":"2023-02-07T14:18:47+00:00","article_modified_time":"2023-02-07T14:21:01+00:00","og_image":[{"width":750,"height":370,"url":"https:\/\/www.ull.es\/portal\/noticias\/wp-content\/uploads\/sites\/13\/2023\/02\/X-Coloquio-Internacional-sobre-Darwinismo_Banner-evento.png","type":"image\/png"}],"author":"prensa2","twitter_card":"summary_large_image","twitter_creator":"@CanalULL","twitter_site":"@CanalULL","twitter_misc":{"Escrito por":"prensa2","Tiempo de lectura":"2 minutos"},"schema":{"@context":"https:\/\/schema.org","@graph":[{"@type":"WebPage","@id":"https:\/\/www.ull.es\/portal\/noticias\/2023\/investigadores-espana-latinoamerica-debatiran-darwin\/","url":"https:\/\/www.ull.es\/portal\/noticias\/2023\/investigadores-espana-latinoamerica-debatiran-darwin\/","name":"Investigadores de Espa\u00f1a y Am\u00e9rica debaten el legado de Darwin","isPartOf":{"@id":"https:\/\/www.ull.es\/portal\/noticias\/#website"},"datePublished":"2023-02-07T14:18:47+00:00","dateModified":"2023-02-07T14:21:01+00:00","author":{"@id":"https:\/\/www.ull.es\/portal\/noticias\/#\/schema\/person\/c3b2aa857797592927a03740d6664376"},"description":"La ULL acoge del 8 al 11 de febrero el X Coloquio Internacional sobre Darwinismo en Europa, Am\u00e9rica Latina y el Caribe.","breadcrumb":{"@id":"https:\/\/www.ull.es\/portal\/noticias\/2023\/investigadores-espana-latinoamerica-debatiran-darwin\/#breadcrumb"},"inLanguage":"es","potentialAction":[{"@type":"ReadAction","target":["https:\/\/www.ull.es\/portal\/noticias\/2023\/investigadores-espana-latinoamerica-debatiran-darwin\/"]}]},{"@type":"BreadcrumbList","@id":"https:\/\/www.ull.es\/portal\/noticias\/2023\/investigadores-espana-latinoamerica-debatiran-darwin\/#breadcrumb","itemListElement":[{"@type":"ListItem","position":1,"name":"Portada","item":"https:\/\/www.ull.es\/portal\/noticias\/"},{"@type":"ListItem","position":2,"name":"Investigadores de Espa\u00f1a y Latinoam\u00e9rica debatir\u00e1n en la ULL el legado de la obra de Charles Darwin"}]},{"@type":"WebSite","@id":"https:\/\/www.ull.es\/portal\/noticias\/#website","url":"https:\/\/www.ull.es\/portal\/noticias\/","name":"ULL - Noticias","description":"","potentialAction":[{"@type":"SearchAction","target":{"@type":"EntryPoint","urlTemplate":"https:\/\/www.ull.es\/portal\/noticias\/?s={search_term_string}"},"query-input":"required name=search_term_string"}],"inLanguage":"es"},{"@type":"Person","@id":"https:\/\/www.ull.es\/portal\/noticias\/#\/schema\/person\/c3b2aa857797592927a03740d6664376","name":"prensa2","image":{"@type":"ImageObject","inLanguage":"es","@id":"https:\/\/www.ull.es\/portal\/noticias\/#\/schema\/person\/image\/","url":"https:\/\/secure.gravatar.com\/avatar\/b58f310a5de5feb33d1e026d2493f23c?s=96&d=mm&r=g","contentUrl":"https:\/\/secure.gravatar.com\/avatar\/b58f310a5de5feb33d1e026d2493f23c?s=96&d=mm&r=g","caption":"prensa2"},"url":"https:\/\/www.ull.es\/portal\/noticias\/author\/prensa2\/"}]}},"primary_category":{"id":345,"name":"Destacado","slug":"destacado","link":"https:\/\/www.ull.es\/portal\/noticias\/category\/destacado\/"},"featured_image_thumbnail_url":"https:\/\/www.ull.es\/portal\/noticias\/wp-content\/uploads\/sites\/13\/2023\/02\/X-Coloquio-Internacional-sobre-Darwinismo_Banner-evento-300x148.png","_links":{"self":[{"href":"https:\/\/www.ull.es\/portal\/noticias\/wp-json\/wp\/v2\/posts\/67595"}],"collection":[{"href":"https:\/\/www.ull.es\/portal\/noticias\/wp-json\/wp\/v2\/posts"}],"about":[{"href":"https:\/\/www.ull.es\/portal\/noticias\/wp-json\/wp\/v2\/types\/post"}],"author":[{"embeddable":true,"href":"https:\/\/www.ull.es\/portal\/noticias\/wp-json\/wp\/v2\/users\/21"}],"replies":[{"embeddable":true,"href":"https:\/\/www.ull.es\/portal\/noticias\/wp-json\/wp\/v2\/comments?post=67595"}],"version-history":[{"count":2,"href":"https:\/\/www.ull.es\/portal\/noticias\/wp-json\/wp\/v2\/posts\/67595\/revisions"}],"predecessor-version":[{"id":67599,"href":"https:\/\/www.ull.es\/portal\/noticias\/wp-json\/wp\/v2\/posts\/67595\/revisions\/67599"}],"wp:featuredmedia":[{"embeddable":true,"href":"https:\/\/www.ull.es\/portal\/noticias\/wp-json\/wp\/v2\/media\/67596"}],"wp:attachment":[{"href":"https:\/\/www.ull.es\/portal\/noticias\/wp-json\/wp\/v2\/media?parent=67595"}],"wp:term":[{"taxonomy":"category","embeddable":true,"href":"https:\/\/www.ull.es\/portal\/noticias\/wp-json\/wp\/v2\/categories?post=67595"},{"taxonomy":"post_tag","embeddable":true,"href":"https:\/\/www.ull.es\/portal\/noticias\/wp-json\/wp\/v2\/tags?post=67595"}],"curies":[{"name":"wp","href":"https:\/\/api.w.org\/{rel}","templated":true}]}}