{"id":67878,"date":"2023-02-17T14:54:26","date_gmt":"2023-02-17T14:54:26","guid":{"rendered":"https:\/\/www.ull.es\/portal\/noticias\/?p=67878"},"modified":"2023-02-17T14:54:26","modified_gmt":"2023-02-17T14:54:26","slug":"finaliza-estancia-jovenes-contratado-para-experiencia-laboral","status":"publish","type":"post","link":"https:\/\/www.ull.es\/portal\/noticias\/2023\/finaliza-estancia-jovenes-contratado-para-experiencia-laboral\/","title":{"rendered":"Finaliza su estancia en la ULL el grupo de j\u00f3venes contratados por un a\u00f1o para adquirir su primera experiencia laboral"},"content":{"rendered":"<p>Quince j\u00f3venes egresados de variados perfiles acad\u00e9micos se incorporaron hace un a\u00f1o a diferentes servicios de la Universidad de La Laguna para adquirir su primera experiencia laboral en la administraci\u00f3n p\u00fablica. Este grupo fue contratado en pr\u00e1cticas gracias a una subvenci\u00f3n del Servicio Canario de Empleo y fondos europeos, y el pr\u00f3ximo mi\u00e9rcoles, 23 de febrero, terminar\u00e1n su paso por la instituci\u00f3n acad\u00e9mica, que para la mayor\u00eda ha supuesto su primer contacto con el mundo laboral.<\/p>\n<p>Por ese motivo, este viernes 17 de febrero el Rectorado acogi\u00f3 un acto informal de despedida en el cual la rectora de la instituci\u00f3n, Rosa Aguilar, y el gerente, Juan Manuel Plasencia, agradecieron a estos j\u00f3venes la entrega y el inter\u00e9s mostrado durante su paso por la Universidad de La Laguna. Tambi\u00e9n participaron los responsables de servicio y otros miembros del funcionariado que realizaron labores de tutorizaci\u00f3n, as\u00ed como las propias personas beneficiarias de este programa, algunas de ellas visiblemente emocionadas.<\/p>\n<p><a href=\"https:\/\/www.ull.es\/portal\/noticias\/wp-content\/uploads\/sites\/13\/2023\/02\/reunion5.jpg\" target=\"_blank\" rel=\"noopener\" target=\"_blank\" rel=\"noopener\"><img decoding=\"async\" loading=\"lazy\" class=\"alignleft wp-image-67880 size-medium\" src=\"https:\/\/www.ull.es\/portal\/noticias\/wp-content\/uploads\/sites\/13\/2023\/02\/reunion5-300x200.jpg\" alt=\"\" width=\"300\" height=\"200\" srcset=\"https:\/\/www.ull.es\/portal\/noticias\/wp-content\/uploads\/sites\/13\/2023\/02\/reunion5-300x200.jpg 300w, https:\/\/www.ull.es\/portal\/noticias\/wp-content\/uploads\/sites\/13\/2023\/02\/reunion5-1024x683.jpg 1024w, https:\/\/www.ull.es\/portal\/noticias\/wp-content\/uploads\/sites\/13\/2023\/02\/reunion5-768x512.jpg 768w, https:\/\/www.ull.es\/portal\/noticias\/wp-content\/uploads\/sites\/13\/2023\/02\/reunion5-375x250.jpg 375w, https:\/\/www.ull.es\/portal\/noticias\/wp-content\/uploads\/sites\/13\/2023\/02\/reunion5-750x500.jpg 750w, https:\/\/www.ull.es\/portal\/noticias\/wp-content\/uploads\/sites\/13\/2023\/02\/reunion5-1140x760.jpg 1140w, https:\/\/www.ull.es\/portal\/noticias\/wp-content\/uploads\/sites\/13\/2023\/02\/reunion5.jpg 1200w\" sizes=\"(max-width: 300px) 100vw, 300px\" \/><\/a>El grupo ha desarrollado sus pr\u00e1cticas remuneradas en diferentes servicios de la instituci\u00f3n: el 20% en la Oficina T\u00e9cnica para trabajar en todo lo relacionado con la sostenibilidad, otro porcentaje similar en competencias digitales, y el resto fue adscrito a actividades generales de la universidad como Investigaci\u00f3n, Recursos Humanos, Intervenci\u00f3n, Oficina Presupuestaria y Gerencia.<\/p>\n<p>Durante el acto de despedida, quienes han participado en esta primera convocatoria de pr\u00e1cticas remuneradas valoraron de manera muy positiva la experiencia y el enriquecimiento que ha supuesto para su desarrollo personal y profesional. De hecho, gracias a este periodo formativo, hay quien ha podido introducirse en especialidades totalmente ajenas a su titulaci\u00f3n inicial, como la programaci\u00f3n inform\u00e1tica.<\/p>\n<p>El \u00e9xito de esta primera convocatoria ha alentado a la Universidad de La Laguna a solicitar una segunda subvenci\u00f3n similar por unos 500.000 euros, que ya ha sido concedida por el Servicio Canario de Empelo. Por ello, en estos momentos se est\u00e1 procediendo a la selecci\u00f3n de la nueva quincena de egresados que se incorporar\u00e1n a partir de marzo en la instituci\u00f3n para adquirir un conocimiento directo de lo que supone trabajar en una administraci\u00f3n p\u00fablica tan grande y con actividades tan variadas como es la instituci\u00f3n acad\u00e9mica<\/p>\n","protected":false},"excerpt":{"rendered":"<p>Quince j\u00f3venes egresados de variados perfiles acad\u00e9micos se incorporaron hace un a\u00f1o a diferentes servicios de la Universidad de La&#8230;<\/p>\n","protected":false},"author":21,"featured_media":67879,"comment_status":"closed","ping_status":"closed","sticky":false,"template":"","format":"standard","meta":{"inline_featured_image":false,"footnotes":""},"categories":[345,348,2765],"tags":[3583,2132,8318,5259],"acf":[],"yoast_head":"<!-- This site is optimized with the Yoast SEO plugin v21.3 - https:\/\/yoast.com\/wordpress\/plugins\/seo\/ -->\n<title>Finalizan los primeros contratos de pr\u00e1cticas en la ULL con el SCE<\/title>\n<meta name=\"description\" content=\"El Servicio Canario de Empleo financi\u00f3 la estancia por un a\u00f1o de 15 j\u00f3venes para adquirir experiencia laboral en la administraci\u00f3n p\u00fablica.\" \/>\n<meta name=\"robots\" content=\"index, follow, max-snippet:-1, max-image-preview:large, max-video-preview:-1\" \/>\n<link rel=\"canonical\" href=\"https:\/\/www.ull.es\/portal\/noticias\/2023\/finaliza-estancia-jovenes-contratado-para-experiencia-laboral\/\" \/>\n<meta property=\"og:locale\" content=\"es_ES\" \/>\n<meta property=\"og:type\" content=\"article\" \/>\n<meta property=\"og:title\" content=\"Finalizan los primeros contratos de pr\u00e1cticas en la ULL con el SCE\" \/>\n<meta property=\"og:description\" content=\"El Servicio Canario de Empleo financi\u00f3 la estancia por un a\u00f1o de 15 j\u00f3venes para adquirir experiencia laboral en la administraci\u00f3n p\u00fablica.\" \/>\n<meta property=\"og:url\" content=\"https:\/\/www.ull.es\/portal\/noticias\/2023\/finaliza-estancia-jovenes-contratado-para-experiencia-laboral\/\" \/>\n<meta property=\"og:site_name\" content=\"ULL - Noticias\" \/>\n<meta property=\"article:publisher\" content=\"https:\/\/www.facebook.com\/universidaddelalaguna\/\" \/>\n<meta property=\"article:published_time\" content=\"2023-02-17T14:54:26+00:00\" \/>\n<meta property=\"og:image\" content=\"https:\/\/www.ull.es\/portal\/noticias\/wp-content\/uploads\/sites\/13\/2023\/02\/reunion3.jpg\" \/>\n\t<meta property=\"og:image:width\" content=\"1200\" \/>\n\t<meta property=\"og:image:height\" content=\"800\" \/>\n\t<meta property=\"og:image:type\" content=\"image\/jpeg\" \/>\n<meta name=\"author\" content=\"prensa2\" \/>\n<meta name=\"twitter:card\" content=\"summary_large_image\" \/>\n<meta name=\"twitter:creator\" content=\"@CanalULL\" \/>\n<meta name=\"twitter:site\" content=\"@CanalULL\" \/>\n<meta name=\"twitter:label1\" content=\"Escrito por\" \/>\n\t<meta name=\"twitter:data1\" content=\"prensa2\" \/>\n\t<meta name=\"twitter:label2\" content=\"Tiempo de lectura\" \/>\n\t<meta name=\"twitter:data2\" content=\"2 minutos\" \/>\n<script type=\"application\/ld+json\" class=\"yoast-schema-graph\">{\"@context\":\"https:\/\/schema.org\",\"@graph\":[{\"@type\":\"WebPage\",\"@id\":\"https:\/\/www.ull.es\/portal\/noticias\/2023\/finaliza-estancia-jovenes-contratado-para-experiencia-laboral\/\",\"url\":\"https:\/\/www.ull.es\/portal\/noticias\/2023\/finaliza-estancia-jovenes-contratado-para-experiencia-laboral\/\",\"name\":\"Finalizan los primeros contratos de pr\u00e1cticas en la ULL con el SCE\",\"isPartOf\":{\"@id\":\"https:\/\/www.ull.es\/portal\/noticias\/#website\"},\"datePublished\":\"2023-02-17T14:54:26+00:00\",\"dateModified\":\"2023-02-17T14:54:26+00:00\",\"author\":{\"@id\":\"https:\/\/www.ull.es\/portal\/noticias\/#\/schema\/person\/c3b2aa857797592927a03740d6664376\"},\"description\":\"El Servicio Canario de Empleo financi\u00f3 la estancia por un a\u00f1o de 15 j\u00f3venes para adquirir experiencia laboral en la administraci\u00f3n p\u00fablica.\",\"breadcrumb\":{\"@id\":\"https:\/\/www.ull.es\/portal\/noticias\/2023\/finaliza-estancia-jovenes-contratado-para-experiencia-laboral\/#breadcrumb\"},\"inLanguage\":\"es\",\"potentialAction\":[{\"@type\":\"ReadAction\",\"target\":[\"https:\/\/www.ull.es\/portal\/noticias\/2023\/finaliza-estancia-jovenes-contratado-para-experiencia-laboral\/\"]}]},{\"@type\":\"BreadcrumbList\",\"@id\":\"https:\/\/www.ull.es\/portal\/noticias\/2023\/finaliza-estancia-jovenes-contratado-para-experiencia-laboral\/#breadcrumb\",\"itemListElement\":[{\"@type\":\"ListItem\",\"position\":1,\"name\":\"Portada\",\"item\":\"https:\/\/www.ull.es\/portal\/noticias\/\"},{\"@type\":\"ListItem\",\"position\":2,\"name\":\"Finaliza su estancia en la ULL el grupo de j\u00f3venes contratados por un a\u00f1o para adquirir su primera experiencia laboral\"}]},{\"@type\":\"WebSite\",\"@id\":\"https:\/\/www.ull.es\/portal\/noticias\/#website\",\"url\":\"https:\/\/www.ull.es\/portal\/noticias\/\",\"name\":\"ULL - Noticias\",\"description\":\"\",\"potentialAction\":[{\"@type\":\"SearchAction\",\"target\":{\"@type\":\"EntryPoint\",\"urlTemplate\":\"https:\/\/www.ull.es\/portal\/noticias\/?s={search_term_string}\"},\"query-input\":\"required name=search_term_string\"}],\"inLanguage\":\"es\"},{\"@type\":\"Person\",\"@id\":\"https:\/\/www.ull.es\/portal\/noticias\/#\/schema\/person\/c3b2aa857797592927a03740d6664376\",\"name\":\"prensa2\",\"image\":{\"@type\":\"ImageObject\",\"inLanguage\":\"es\",\"@id\":\"https:\/\/www.ull.es\/portal\/noticias\/#\/schema\/person\/image\/\",\"url\":\"https:\/\/secure.gravatar.com\/avatar\/b58f310a5de5feb33d1e026d2493f23c?s=96&d=mm&r=g\",\"contentUrl\":\"https:\/\/secure.gravatar.com\/avatar\/b58f310a5de5feb33d1e026d2493f23c?s=96&d=mm&r=g\",\"caption\":\"prensa2\"},\"url\":\"https:\/\/www.ull.es\/portal\/noticias\/author\/prensa2\/\"}]}<\/script>\n<!-- \/ Yoast SEO plugin. -->","yoast_head_json":{"title":"Finalizan los primeros contratos de pr\u00e1cticas en la ULL con el SCE","description":"El Servicio Canario de Empleo financi\u00f3 la estancia por un a\u00f1o de 15 j\u00f3venes para adquirir experiencia laboral en la administraci\u00f3n p\u00fablica.","robots":{"index":"index","follow":"follow","max-snippet":"max-snippet:-1","max-image-preview":"max-image-preview:large","max-video-preview":"max-video-preview:-1"},"canonical":"https:\/\/www.ull.es\/portal\/noticias\/2023\/finaliza-estancia-jovenes-contratado-para-experiencia-laboral\/","og_locale":"es_ES","og_type":"article","og_title":"Finalizan los primeros contratos de pr\u00e1cticas en la ULL con el SCE","og_description":"El Servicio Canario de Empleo financi\u00f3 la estancia por un a\u00f1o de 15 j\u00f3venes para adquirir experiencia laboral en la administraci\u00f3n p\u00fablica.","og_url":"https:\/\/www.ull.es\/portal\/noticias\/2023\/finaliza-estancia-jovenes-contratado-para-experiencia-laboral\/","og_site_name":"ULL - Noticias","article_publisher":"https:\/\/www.facebook.com\/universidaddelalaguna\/","article_published_time":"2023-02-17T14:54:26+00:00","og_image":[{"width":1200,"height":800,"url":"https:\/\/www.ull.es\/portal\/noticias\/wp-content\/uploads\/sites\/13\/2023\/02\/reunion3.jpg","type":"image\/jpeg"}],"author":"prensa2","twitter_card":"summary_large_image","twitter_creator":"@CanalULL","twitter_site":"@CanalULL","twitter_misc":{"Escrito por":"prensa2","Tiempo de lectura":"2 minutos"},"schema":{"@context":"https:\/\/schema.org","@graph":[{"@type":"WebPage","@id":"https:\/\/www.ull.es\/portal\/noticias\/2023\/finaliza-estancia-jovenes-contratado-para-experiencia-laboral\/","url":"https:\/\/www.ull.es\/portal\/noticias\/2023\/finaliza-estancia-jovenes-contratado-para-experiencia-laboral\/","name":"Finalizan los primeros contratos de pr\u00e1cticas en la ULL con el SCE","isPartOf":{"@id":"https:\/\/www.ull.es\/portal\/noticias\/#website"},"datePublished":"2023-02-17T14:54:26+00:00","dateModified":"2023-02-17T14:54:26+00:00","author":{"@id":"https:\/\/www.ull.es\/portal\/noticias\/#\/schema\/person\/c3b2aa857797592927a03740d6664376"},"description":"El Servicio Canario de Empleo financi\u00f3 la estancia por un a\u00f1o de 15 j\u00f3venes para adquirir experiencia laboral en la administraci\u00f3n p\u00fablica.","breadcrumb":{"@id":"https:\/\/www.ull.es\/portal\/noticias\/2023\/finaliza-estancia-jovenes-contratado-para-experiencia-laboral\/#breadcrumb"},"inLanguage":"es","potentialAction":[{"@type":"ReadAction","target":["https:\/\/www.ull.es\/portal\/noticias\/2023\/finaliza-estancia-jovenes-contratado-para-experiencia-laboral\/"]}]},{"@type":"BreadcrumbList","@id":"https:\/\/www.ull.es\/portal\/noticias\/2023\/finaliza-estancia-jovenes-contratado-para-experiencia-laboral\/#breadcrumb","itemListElement":[{"@type":"ListItem","position":1,"name":"Portada","item":"https:\/\/www.ull.es\/portal\/noticias\/"},{"@type":"ListItem","position":2,"name":"Finaliza su estancia en la ULL el grupo de j\u00f3venes contratados por un a\u00f1o para adquirir su primera experiencia laboral"}]},{"@type":"WebSite","@id":"https:\/\/www.ull.es\/portal\/noticias\/#website","url":"https:\/\/www.ull.es\/portal\/noticias\/","name":"ULL - Noticias","description":"","potentialAction":[{"@type":"SearchAction","target":{"@type":"EntryPoint","urlTemplate":"https:\/\/www.ull.es\/portal\/noticias\/?s={search_term_string}"},"query-input":"required name=search_term_string"}],"inLanguage":"es"},{"@type":"Person","@id":"https:\/\/www.ull.es\/portal\/noticias\/#\/schema\/person\/c3b2aa857797592927a03740d6664376","name":"prensa2","image":{"@type":"ImageObject","inLanguage":"es","@id":"https:\/\/www.ull.es\/portal\/noticias\/#\/schema\/person\/image\/","url":"https:\/\/secure.gravatar.com\/avatar\/b58f310a5de5feb33d1e026d2493f23c?s=96&d=mm&r=g","contentUrl":"https:\/\/secure.gravatar.com\/avatar\/b58f310a5de5feb33d1e026d2493f23c?s=96&d=mm&r=g","caption":"prensa2"},"url":"https:\/\/www.ull.es\/portal\/noticias\/author\/prensa2\/"}]}},"primary_category":{"id":345,"name":"Destacado","slug":"destacado","link":"https:\/\/www.ull.es\/portal\/noticias\/category\/destacado\/"},"featured_image_thumbnail_url":"https:\/\/www.ull.es\/portal\/noticias\/wp-content\/uploads\/sites\/13\/2023\/02\/reunion3-300x200.jpg","_links":{"self":[{"href":"https:\/\/www.ull.es\/portal\/noticias\/wp-json\/wp\/v2\/posts\/67878"}],"collection":[{"href":"https:\/\/www.ull.es\/portal\/noticias\/wp-json\/wp\/v2\/posts"}],"about":[{"href":"https:\/\/www.ull.es\/portal\/noticias\/wp-json\/wp\/v2\/types\/post"}],"author":[{"embeddable":true,"href":"https:\/\/www.ull.es\/portal\/noticias\/wp-json\/wp\/v2\/users\/21"}],"replies":[{"embeddable":true,"href":"https:\/\/www.ull.es\/portal\/noticias\/wp-json\/wp\/v2\/comments?post=67878"}],"version-history":[{"count":1,"href":"https:\/\/www.ull.es\/portal\/noticias\/wp-json\/wp\/v2\/posts\/67878\/revisions"}],"predecessor-version":[{"id":67881,"href":"https:\/\/www.ull.es\/portal\/noticias\/wp-json\/wp\/v2\/posts\/67878\/revisions\/67881"}],"wp:featuredmedia":[{"embeddable":true,"href":"https:\/\/www.ull.es\/portal\/noticias\/wp-json\/wp\/v2\/media\/67879"}],"wp:attachment":[{"href":"https:\/\/www.ull.es\/portal\/noticias\/wp-json\/wp\/v2\/media?parent=67878"}],"wp:term":[{"taxonomy":"category","embeddable":true,"href":"https:\/\/www.ull.es\/portal\/noticias\/wp-json\/wp\/v2\/categories?post=67878"},{"taxonomy":"post_tag","embeddable":true,"href":"https:\/\/www.ull.es\/portal\/noticias\/wp-json\/wp\/v2\/tags?post=67878"}],"curies":[{"name":"wp","href":"https:\/\/api.w.org\/{rel}","templated":true}]}}