{"id":67883,"date":"2023-02-22T10:33:02","date_gmt":"2023-02-22T10:33:02","guid":{"rendered":"https:\/\/www.ull.es\/portal\/noticias\/?p=67883"},"modified":"2023-02-22T10:33:42","modified_gmt":"2023-02-22T10:33:42","slug":"la-ull-colabora-con-un-equipo-del-instituto-espanol-de-oceanografia-para-explorar-el-delta-lavico-de-la-palma-a-bordo-de-un-submarino-tripulado","status":"publish","type":"post","link":"https:\/\/www.ull.es\/portal\/noticias\/2023\/la-ull-colabora-con-un-equipo-del-instituto-espanol-de-oceanografia-para-explorar-el-delta-lavico-de-la-palma-a-bordo-de-un-submarino-tripulado\/","title":{"rendered":"La ULL colabora con un equipo del Instituto Espa\u00f1ol de Oceanograf\u00eda para explorar el delta l\u00e1vico de La Palma a bordo de un submarino tripulado"},"content":{"rendered":"<p>Un equipo liderado por el Instituto Espa\u00f1ol de Oceanograf\u00eda (IEO-CSIC) y en el que colabora Ram\u00f3n Casillas, profesor de la Universidad de La Laguna, estudiar\u00e1 los procesos f\u00edsicos-qu\u00edmicos, biol\u00f3gicos y geol\u00f3gicos de los ambientes volc\u00e1nicos submarinos de las Islas Canarias. Adem\u00e1s de investigar el ecosistema del volc\u00e1n submarino Tagoro, en El Hierro, los investigadores desplegar\u00e1n una tecnolog\u00eda novedosa para describir el patrimonio geol\u00f3gico y <span style=\"font-weight: 400;\">biol\u00f3gico en el delta l\u00e1vico del volc\u00e1n en Cumbre Vieja,\u00a0 en La Palma.\u00a0\u00a0<\/span><\/p>\n<p><span style=\"font-weight: 400;\">En la primera parte de la expedici\u00f3n, el equipo cient\u00edfico del Instituto Espa\u00f1ol de Oceanograf\u00eda explorar\u00e1 el volc\u00e1n\u00a0 submarino Tagoro, en la isla de El Hierro. Para ello, usar\u00e1 el veh\u00edculo submarino no tripulado\u00a0 ROV Liropus, capaz de tomar muestras de agua, rocas, sedimentos e im\u00e1genes hasta 2000\u00a0 metros de profundidad. Con este instrumento, se medir\u00e1n las emisiones de fluidos\u00a0 hidrotermales que, a\u00fan a d\u00eda de hoy, el volc\u00e1n submarino Tagoro contin\u00faa emitiendo al\u00a0 ecosistema marino de El Hierro. \u201cSe da continuidad as\u00ed a una de las series temporales de\u00a0 datos f\u00edsico-qu\u00edmicos y biol\u00f3gicos m\u00e1s larga sobre un volc\u00e1n submarino activo en fase de\u00a0 desgasificaci\u00f3n\u201d, explica Eugenio Fraile, investigador del IEO-CSIC y responsable de la\u00a0 campa\u00f1a.\u00a0<\/span><\/p>\n<p><span style=\"font-weight: 400;\">Tras estos trabajos, el buque oceanogr\u00e1fico Ram\u00f3n Margalef se desplazar\u00e1 a la isla de La\u00a0 Palma, donde el equipo cient\u00edfico llevar\u00e1 a cabo un exhaustivo estudio geol\u00f3gico y biol\u00f3gico\u00a0 en los deltas l\u00e1vicos formados durante la \u00faltima erupci\u00f3n, en respuesta a los requerimientos\u00a0 de asesoramiento del Plan de Emergencia por Riesgo Volcanol\u00f3gico de Canarias\u00a0 (PEVOLCA). En esta ocasi\u00f3n, la investigaci\u00f3n se llevar\u00e1 a cabo, por primera vez en Espa\u00f1a,\u00a0 con el submarino tripulado PISCES VI que realizar\u00e1 dos inmersiones diarias durante cuatro\u00a0 d\u00edas en el delta de lava. El equipo cient\u00edfico para el trabajo en La Palma, est\u00e1 compuesto\u00a0<\/span><span style=\"font-weight: 400;\">por personal del Instituto Espa\u00f1ol de Oceanograf\u00eda, el Instituto Geol\u00f3gico y\u00a0 Minero de Espa\u00f1a, el Instituto Geogr\u00e1fico Nacional, el Instituto de\u00a0 Productos Naturales y Agrobiolog\u00eda, la Secretar\u00eda General de Pesca y las universidades de La Laguna y de Las Palmas de Gran Canaria.<\/span><\/p>\n<p><span style=\"font-weight: 400;\">Como se\u00f1ala Eugenio Fraile, esta campa\u00f1a supone un despliegue tecnol\u00f3gico sin\u00a0 precedentes, destacando adem\u00e1s que gracias a la participaci\u00f3n del submarino PISCES\u00a0 VI y a la tecnolog\u00eda propia del buque Ram\u00f3n Margalef y del ROV Liropus-2000 del IEO CSIC, vamos a poder describir el patrimonio geol\u00f3gico del nuevo delta de lava con sumo\u00a0 detalle, as\u00ed como arrojar luz sobre el grado de recolonizaci\u00f3n del ecosistema profundo de\u00a0 la zona hasta el momento con el objetivo de ayudar a la reconstrucci\u00f3n de La Palma.\u00a0\u00a0<\/span><\/p>\n<p><span style=\"font-weight: 400;\">Adem\u00e1s, la Consejer\u00eda de Turismo, Industria y Comercio del Gobierno de Canarias, a trav\u00e9s\u00a0 de Turismo de Islas Canarias, participar\u00e1 en la campa\u00f1a colaborando en una acci\u00f3n de\u00a0 divulgaci\u00f3n y promoci\u00f3n de las aguas de las Islas Canarias.<\/span><\/p>\n<p>Nota de prensa cedida<\/p>\n","protected":false},"excerpt":{"rendered":"<p>Un equipo liderado por el Instituto Espa\u00f1ol de Oceanograf\u00eda (IEO-CSIC) y en el que colabora Ram\u00f3n Casillas, profesor de la&#8230;<\/p>\n","protected":false},"author":65,"featured_media":67884,"comment_status":"closed","ping_status":"closed","sticky":false,"template":"","format":"standard","meta":{"inline_featured_image":false,"footnotes":""},"categories":[345,348,2765],"tags":[3910,8109,9675,9674],"acf":[],"yoast_head":"<!-- This site is optimized with the Yoast SEO plugin v21.3 - https:\/\/yoast.com\/wordpress\/plugins\/seo\/ -->\n<title>La ULL colabora con un equipo del Instituto Espa\u00f1ol de Oceanograf\u00eda para explorar el delta l\u00e1vico de La Palma a bordo de un submarino tripulado - ULL - Noticias<\/title>\n<meta name=\"description\" content=\"Un equipo liderado por el Instituto Espa\u00f1ol de Oceanograf\u00eda (IEO-CSIC) y en el que colabora Ram\u00f3n Casillas, profesor de la Universidad de La Laguna, estudiar\u00e1 los procesos f\u00edsicos-qu\u00edmicos, biol\u00f3gicos y geol\u00f3gicos de los ambientes volc\u00e1nicos submarinos de las Islas Canarias. Adem\u00e1s de investigar el ecosistema del volc\u00e1n submarino Tagoro, en El Hierro, los investigadores desplegar\u00e1n una tecnolog\u00eda novedosa para describir el patrimonio geol\u00f3gico y biol\u00f3gico en el delta l\u00e1vico del volc\u00e1n en Cumbre Vieja,\u00a0 en La Palma.\u00a0\u00a0\" \/>\n<meta name=\"robots\" content=\"index, follow, max-snippet:-1, max-image-preview:large, max-video-preview:-1\" \/>\n<link rel=\"canonical\" href=\"https:\/\/www.ull.es\/portal\/noticias\/2023\/la-ull-colabora-con-un-equipo-del-instituto-espanol-de-oceanografia-para-explorar-el-delta-lavico-de-la-palma-a-bordo-de-un-submarino-tripulado\/\" \/>\n<meta property=\"og:locale\" content=\"es_ES\" \/>\n<meta property=\"og:type\" content=\"article\" \/>\n<meta property=\"og:title\" content=\"La ULL colabora con un equipo del Instituto Espa\u00f1ol de Oceanograf\u00eda para explorar el delta l\u00e1vico de La Palma a bordo de un submarino tripulado - ULL - Noticias\" \/>\n<meta property=\"og:description\" content=\"Un equipo liderado por el Instituto Espa\u00f1ol de Oceanograf\u00eda (IEO-CSIC) y en el que colabora Ram\u00f3n Casillas, profesor de la Universidad de La Laguna, estudiar\u00e1 los procesos f\u00edsicos-qu\u00edmicos, biol\u00f3gicos y geol\u00f3gicos de los ambientes volc\u00e1nicos submarinos de las Islas Canarias. Adem\u00e1s de investigar el ecosistema del volc\u00e1n submarino Tagoro, en El Hierro, los investigadores desplegar\u00e1n una tecnolog\u00eda novedosa para describir el patrimonio geol\u00f3gico y biol\u00f3gico en el delta l\u00e1vico del volc\u00e1n en Cumbre Vieja,\u00a0 en La Palma.\u00a0\u00a0\" \/>\n<meta property=\"og:url\" content=\"https:\/\/www.ull.es\/portal\/noticias\/2023\/la-ull-colabora-con-un-equipo-del-instituto-espanol-de-oceanografia-para-explorar-el-delta-lavico-de-la-palma-a-bordo-de-un-submarino-tripulado\/\" \/>\n<meta property=\"og:site_name\" content=\"ULL - Noticias\" \/>\n<meta property=\"article:publisher\" content=\"https:\/\/www.facebook.com\/universidaddelalaguna\/\" \/>\n<meta property=\"article:published_time\" content=\"2023-02-22T10:33:02+00:00\" \/>\n<meta property=\"article:modified_time\" content=\"2023-02-22T10:33:42+00:00\" \/>\n<meta property=\"og:image\" content=\"https:\/\/www.ull.es\/portal\/noticias\/wp-content\/uploads\/sites\/13\/2023\/02\/shutterstock_1719732871.jpg\" \/>\n\t<meta property=\"og:image:width\" content=\"1000\" \/>\n\t<meta property=\"og:image:height\" content=\"667\" \/>\n\t<meta property=\"og:image:type\" content=\"image\/jpeg\" \/>\n<meta name=\"author\" content=\"gcom4\" \/>\n<meta name=\"twitter:card\" content=\"summary_large_image\" \/>\n<meta name=\"twitter:creator\" content=\"@CanalULL\" \/>\n<meta name=\"twitter:site\" content=\"@CanalULL\" \/>\n<meta name=\"twitter:label1\" content=\"Escrito por\" \/>\n\t<meta name=\"twitter:data1\" content=\"gcom4\" \/>\n\t<meta name=\"twitter:label2\" content=\"Tiempo de lectura\" \/>\n\t<meta name=\"twitter:data2\" content=\"3 minutos\" \/>\n<script type=\"application\/ld+json\" class=\"yoast-schema-graph\">{\"@context\":\"https:\/\/schema.org\",\"@graph\":[{\"@type\":\"WebPage\",\"@id\":\"https:\/\/www.ull.es\/portal\/noticias\/2023\/la-ull-colabora-con-un-equipo-del-instituto-espanol-de-oceanografia-para-explorar-el-delta-lavico-de-la-palma-a-bordo-de-un-submarino-tripulado\/\",\"url\":\"https:\/\/www.ull.es\/portal\/noticias\/2023\/la-ull-colabora-con-un-equipo-del-instituto-espanol-de-oceanografia-para-explorar-el-delta-lavico-de-la-palma-a-bordo-de-un-submarino-tripulado\/\",\"name\":\"La ULL colabora con un equipo del Instituto Espa\u00f1ol de Oceanograf\u00eda para explorar el delta l\u00e1vico de La Palma a bordo de un submarino tripulado - ULL - Noticias\",\"isPartOf\":{\"@id\":\"https:\/\/www.ull.es\/portal\/noticias\/#website\"},\"datePublished\":\"2023-02-22T10:33:02+00:00\",\"dateModified\":\"2023-02-22T10:33:42+00:00\",\"author\":{\"@id\":\"https:\/\/www.ull.es\/portal\/noticias\/#\/schema\/person\/9924518fb1ad37d4428e7b5d6f311773\"},\"description\":\"Un equipo liderado por el Instituto Espa\u00f1ol de Oceanograf\u00eda (IEO-CSIC) y en el que colabora Ram\u00f3n Casillas, profesor de la Universidad de La Laguna, estudiar\u00e1 los procesos f\u00edsicos-qu\u00edmicos, biol\u00f3gicos y geol\u00f3gicos de los ambientes volc\u00e1nicos submarinos de las Islas Canarias. Adem\u00e1s de investigar el ecosistema del volc\u00e1n submarino Tagoro, en El Hierro, los investigadores desplegar\u00e1n una tecnolog\u00eda novedosa para describir el patrimonio geol\u00f3gico y biol\u00f3gico en el delta l\u00e1vico del volc\u00e1n en Cumbre Vieja,\u00a0 en La Palma.\u00a0\u00a0\",\"breadcrumb\":{\"@id\":\"https:\/\/www.ull.es\/portal\/noticias\/2023\/la-ull-colabora-con-un-equipo-del-instituto-espanol-de-oceanografia-para-explorar-el-delta-lavico-de-la-palma-a-bordo-de-un-submarino-tripulado\/#breadcrumb\"},\"inLanguage\":\"es\",\"potentialAction\":[{\"@type\":\"ReadAction\",\"target\":[\"https:\/\/www.ull.es\/portal\/noticias\/2023\/la-ull-colabora-con-un-equipo-del-instituto-espanol-de-oceanografia-para-explorar-el-delta-lavico-de-la-palma-a-bordo-de-un-submarino-tripulado\/\"]}]},{\"@type\":\"BreadcrumbList\",\"@id\":\"https:\/\/www.ull.es\/portal\/noticias\/2023\/la-ull-colabora-con-un-equipo-del-instituto-espanol-de-oceanografia-para-explorar-el-delta-lavico-de-la-palma-a-bordo-de-un-submarino-tripulado\/#breadcrumb\",\"itemListElement\":[{\"@type\":\"ListItem\",\"position\":1,\"name\":\"Portada\",\"item\":\"https:\/\/www.ull.es\/portal\/noticias\/\"},{\"@type\":\"ListItem\",\"position\":2,\"name\":\"La ULL colabora con un equipo del Instituto Espa\u00f1ol de Oceanograf\u00eda para explorar el delta l\u00e1vico de La Palma a bordo de un submarino tripulado\"}]},{\"@type\":\"WebSite\",\"@id\":\"https:\/\/www.ull.es\/portal\/noticias\/#website\",\"url\":\"https:\/\/www.ull.es\/portal\/noticias\/\",\"name\":\"ULL - Noticias\",\"description\":\"\",\"potentialAction\":[{\"@type\":\"SearchAction\",\"target\":{\"@type\":\"EntryPoint\",\"urlTemplate\":\"https:\/\/www.ull.es\/portal\/noticias\/?s={search_term_string}\"},\"query-input\":\"required name=search_term_string\"}],\"inLanguage\":\"es\"},{\"@type\":\"Person\",\"@id\":\"https:\/\/www.ull.es\/portal\/noticias\/#\/schema\/person\/9924518fb1ad37d4428e7b5d6f311773\",\"name\":\"gcom4\",\"image\":{\"@type\":\"ImageObject\",\"inLanguage\":\"es\",\"@id\":\"https:\/\/www.ull.es\/portal\/noticias\/#\/schema\/person\/image\/\",\"url\":\"https:\/\/secure.gravatar.com\/avatar\/a5d1f5573f10617ccfcc209aaf6aa7fb?s=96&d=mm&r=g\",\"contentUrl\":\"https:\/\/secure.gravatar.com\/avatar\/a5d1f5573f10617ccfcc209aaf6aa7fb?s=96&d=mm&r=g\",\"caption\":\"gcom4\"},\"url\":\"https:\/\/www.ull.es\/portal\/noticias\/author\/gcom4\/\"}]}<\/script>\n<!-- \/ Yoast SEO plugin. -->","yoast_head_json":{"title":"La ULL colabora con un equipo del Instituto Espa\u00f1ol de Oceanograf\u00eda para explorar el delta l\u00e1vico de La Palma a bordo de un submarino tripulado - ULL - Noticias","description":"Un equipo liderado por el Instituto Espa\u00f1ol de Oceanograf\u00eda (IEO-CSIC) y en el que colabora Ram\u00f3n Casillas, profesor de la Universidad de La Laguna, estudiar\u00e1 los procesos f\u00edsicos-qu\u00edmicos, biol\u00f3gicos y geol\u00f3gicos de los ambientes volc\u00e1nicos submarinos de las Islas Canarias. Adem\u00e1s de investigar el ecosistema del volc\u00e1n submarino Tagoro, en El Hierro, los investigadores desplegar\u00e1n una tecnolog\u00eda novedosa para describir el patrimonio geol\u00f3gico y biol\u00f3gico en el delta l\u00e1vico del volc\u00e1n en Cumbre Vieja,\u00a0 en La Palma.\u00a0\u00a0","robots":{"index":"index","follow":"follow","max-snippet":"max-snippet:-1","max-image-preview":"max-image-preview:large","max-video-preview":"max-video-preview:-1"},"canonical":"https:\/\/www.ull.es\/portal\/noticias\/2023\/la-ull-colabora-con-un-equipo-del-instituto-espanol-de-oceanografia-para-explorar-el-delta-lavico-de-la-palma-a-bordo-de-un-submarino-tripulado\/","og_locale":"es_ES","og_type":"article","og_title":"La ULL colabora con un equipo del Instituto Espa\u00f1ol de Oceanograf\u00eda para explorar el delta l\u00e1vico de La Palma a bordo de un submarino tripulado - ULL - Noticias","og_description":"Un equipo liderado por el Instituto Espa\u00f1ol de Oceanograf\u00eda (IEO-CSIC) y en el que colabora Ram\u00f3n Casillas, profesor de la Universidad de La Laguna, estudiar\u00e1 los procesos f\u00edsicos-qu\u00edmicos, biol\u00f3gicos y geol\u00f3gicos de los ambientes volc\u00e1nicos submarinos de las Islas Canarias. Adem\u00e1s de investigar el ecosistema del volc\u00e1n submarino Tagoro, en El Hierro, los investigadores desplegar\u00e1n una tecnolog\u00eda novedosa para describir el patrimonio geol\u00f3gico y biol\u00f3gico en el delta l\u00e1vico del volc\u00e1n en Cumbre Vieja,\u00a0 en La Palma.\u00a0\u00a0","og_url":"https:\/\/www.ull.es\/portal\/noticias\/2023\/la-ull-colabora-con-un-equipo-del-instituto-espanol-de-oceanografia-para-explorar-el-delta-lavico-de-la-palma-a-bordo-de-un-submarino-tripulado\/","og_site_name":"ULL - Noticias","article_publisher":"https:\/\/www.facebook.com\/universidaddelalaguna\/","article_published_time":"2023-02-22T10:33:02+00:00","article_modified_time":"2023-02-22T10:33:42+00:00","og_image":[{"width":1000,"height":667,"url":"https:\/\/www.ull.es\/portal\/noticias\/wp-content\/uploads\/sites\/13\/2023\/02\/shutterstock_1719732871.jpg","type":"image\/jpeg"}],"author":"gcom4","twitter_card":"summary_large_image","twitter_creator":"@CanalULL","twitter_site":"@CanalULL","twitter_misc":{"Escrito por":"gcom4","Tiempo de lectura":"3 minutos"},"schema":{"@context":"https:\/\/schema.org","@graph":[{"@type":"WebPage","@id":"https:\/\/www.ull.es\/portal\/noticias\/2023\/la-ull-colabora-con-un-equipo-del-instituto-espanol-de-oceanografia-para-explorar-el-delta-lavico-de-la-palma-a-bordo-de-un-submarino-tripulado\/","url":"https:\/\/www.ull.es\/portal\/noticias\/2023\/la-ull-colabora-con-un-equipo-del-instituto-espanol-de-oceanografia-para-explorar-el-delta-lavico-de-la-palma-a-bordo-de-un-submarino-tripulado\/","name":"La ULL colabora con un equipo del Instituto Espa\u00f1ol de Oceanograf\u00eda para explorar el delta l\u00e1vico de La Palma a bordo de un submarino tripulado - ULL - Noticias","isPartOf":{"@id":"https:\/\/www.ull.es\/portal\/noticias\/#website"},"datePublished":"2023-02-22T10:33:02+00:00","dateModified":"2023-02-22T10:33:42+00:00","author":{"@id":"https:\/\/www.ull.es\/portal\/noticias\/#\/schema\/person\/9924518fb1ad37d4428e7b5d6f311773"},"description":"Un equipo liderado por el Instituto Espa\u00f1ol de Oceanograf\u00eda (IEO-CSIC) y en el que colabora Ram\u00f3n Casillas, profesor de la Universidad de La Laguna, estudiar\u00e1 los procesos f\u00edsicos-qu\u00edmicos, biol\u00f3gicos y geol\u00f3gicos de los ambientes volc\u00e1nicos submarinos de las Islas Canarias. Adem\u00e1s de investigar el ecosistema del volc\u00e1n submarino Tagoro, en El Hierro, los investigadores desplegar\u00e1n una tecnolog\u00eda novedosa para describir el patrimonio geol\u00f3gico y biol\u00f3gico en el delta l\u00e1vico del volc\u00e1n en Cumbre Vieja,\u00a0 en La Palma.\u00a0\u00a0","breadcrumb":{"@id":"https:\/\/www.ull.es\/portal\/noticias\/2023\/la-ull-colabora-con-un-equipo-del-instituto-espanol-de-oceanografia-para-explorar-el-delta-lavico-de-la-palma-a-bordo-de-un-submarino-tripulado\/#breadcrumb"},"inLanguage":"es","potentialAction":[{"@type":"ReadAction","target":["https:\/\/www.ull.es\/portal\/noticias\/2023\/la-ull-colabora-con-un-equipo-del-instituto-espanol-de-oceanografia-para-explorar-el-delta-lavico-de-la-palma-a-bordo-de-un-submarino-tripulado\/"]}]},{"@type":"BreadcrumbList","@id":"https:\/\/www.ull.es\/portal\/noticias\/2023\/la-ull-colabora-con-un-equipo-del-instituto-espanol-de-oceanografia-para-explorar-el-delta-lavico-de-la-palma-a-bordo-de-un-submarino-tripulado\/#breadcrumb","itemListElement":[{"@type":"ListItem","position":1,"name":"Portada","item":"https:\/\/www.ull.es\/portal\/noticias\/"},{"@type":"ListItem","position":2,"name":"La ULL colabora con un equipo del Instituto Espa\u00f1ol de Oceanograf\u00eda para explorar el delta l\u00e1vico de La Palma a bordo de un submarino tripulado"}]},{"@type":"WebSite","@id":"https:\/\/www.ull.es\/portal\/noticias\/#website","url":"https:\/\/www.ull.es\/portal\/noticias\/","name":"ULL - Noticias","description":"","potentialAction":[{"@type":"SearchAction","target":{"@type":"EntryPoint","urlTemplate":"https:\/\/www.ull.es\/portal\/noticias\/?s={search_term_string}"},"query-input":"required name=search_term_string"}],"inLanguage":"es"},{"@type":"Person","@id":"https:\/\/www.ull.es\/portal\/noticias\/#\/schema\/person\/9924518fb1ad37d4428e7b5d6f311773","name":"gcom4","image":{"@type":"ImageObject","inLanguage":"es","@id":"https:\/\/www.ull.es\/portal\/noticias\/#\/schema\/person\/image\/","url":"https:\/\/secure.gravatar.com\/avatar\/a5d1f5573f10617ccfcc209aaf6aa7fb?s=96&d=mm&r=g","contentUrl":"https:\/\/secure.gravatar.com\/avatar\/a5d1f5573f10617ccfcc209aaf6aa7fb?s=96&d=mm&r=g","caption":"gcom4"},"url":"https:\/\/www.ull.es\/portal\/noticias\/author\/gcom4\/"}]}},"primary_category":{"id":348,"name":"Instituci\u00f3n","slug":"institucion","link":"https:\/\/www.ull.es\/portal\/noticias\/category\/institucion\/"},"featured_image_thumbnail_url":"https:\/\/www.ull.es\/portal\/noticias\/wp-content\/uploads\/sites\/13\/2023\/02\/shutterstock_1719732871-300x200.jpg","_links":{"self":[{"href":"https:\/\/www.ull.es\/portal\/noticias\/wp-json\/wp\/v2\/posts\/67883"}],"collection":[{"href":"https:\/\/www.ull.es\/portal\/noticias\/wp-json\/wp\/v2\/posts"}],"about":[{"href":"https:\/\/www.ull.es\/portal\/noticias\/wp-json\/wp\/v2\/types\/post"}],"author":[{"embeddable":true,"href":"https:\/\/www.ull.es\/portal\/noticias\/wp-json\/wp\/v2\/users\/65"}],"replies":[{"embeddable":true,"href":"https:\/\/www.ull.es\/portal\/noticias\/wp-json\/wp\/v2\/comments?post=67883"}],"version-history":[{"count":2,"href":"https:\/\/www.ull.es\/portal\/noticias\/wp-json\/wp\/v2\/posts\/67883\/revisions"}],"predecessor-version":[{"id":67886,"href":"https:\/\/www.ull.es\/portal\/noticias\/wp-json\/wp\/v2\/posts\/67883\/revisions\/67886"}],"wp:featuredmedia":[{"embeddable":true,"href":"https:\/\/www.ull.es\/portal\/noticias\/wp-json\/wp\/v2\/media\/67884"}],"wp:attachment":[{"href":"https:\/\/www.ull.es\/portal\/noticias\/wp-json\/wp\/v2\/media?parent=67883"}],"wp:term":[{"taxonomy":"category","embeddable":true,"href":"https:\/\/www.ull.es\/portal\/noticias\/wp-json\/wp\/v2\/categories?post=67883"},{"taxonomy":"post_tag","embeddable":true,"href":"https:\/\/www.ull.es\/portal\/noticias\/wp-json\/wp\/v2\/tags?post=67883"}],"curies":[{"name":"wp","href":"https:\/\/api.w.org\/{rel}","templated":true}]}}