{"id":67916,"date":"2023-02-23T11:41:46","date_gmt":"2023-02-23T11:41:46","guid":{"rendered":"https:\/\/www.ull.es\/portal\/noticias\/?p=67916"},"modified":"2023-02-23T12:03:58","modified_gmt":"2023-02-23T12:03:58","slug":"detectados-microplasticos-en-nieve-del-parque-nacional-de-las-canadas-del-teide","status":"publish","type":"post","link":"https:\/\/www.ull.es\/portal\/noticias\/2023\/detectados-microplasticos-en-nieve-del-parque-nacional-de-las-canadas-del-teide\/","title":{"rendered":"Detectados micropl\u00e1sticos en nieve del Parque Nacional de Las Ca\u00f1adas del Teide"},"content":{"rendered":"<p>Hoy en d\u00eda es m\u00e1s que evidente que la contaminaci\u00f3n por pl\u00e1stico es uno de los problemas medioambientales m\u00e1s importantes a los que el ser humano se debe enfrentar en los pr\u00f3ximos a\u00f1os, hasta tal punto que ya se han encontrado pl\u00e1sticos, en particular, micropl\u00e1sticos, en todos los compartimentos ambientales: en el agua de r\u00edos, lagos, mares y oc\u00e9anos, en suelo, en el aire e incluso en la biota. En el caso particular del ser humano, estudios relativamente recientes han demostrado la existencia de estos elementos en las heces, orina, sangre e incluso placenta humana, lo que demuestra que los micropl\u00e1sticos han entrado en la cadena alimentaria y que podr\u00edan tener un cierto efecto sobre la salud, efecto que todav\u00eda est\u00e1 siendo estudiado en la actualidad.<\/p>\n<p>Entender el grado de contaminaci\u00f3n de los distintos compartimentos ambientales y, por extensi\u00f3n, su posible efecto en la salud, es lo que persiguen muchos de los estudios actuales en esta materia, que han puesto de manifiesto que a nivel mundial se est\u00e1 produciendo un transporte de micropl\u00e1sticos a larga distancia, de incluso miles de kil\u00f3metros, y que se est\u00e1n transfiriendo de un compartimento ambiental a otro, produciendo efectos a escala global.<\/p>\n<div id=\"attachment_67928\" style=\"width: 297px\" class=\"wp-caption alignleft\"><img aria-describedby=\"caption-attachment-67928\" decoding=\"async\" loading=\"lazy\" class=\"size-medium wp-image-67928\" src=\"https:\/\/www.ull.es\/portal\/noticias\/wp-content\/uploads\/sites\/13\/2023\/02\/Cristina-Villanova-primera-autora-del-trabajo-visualizando-microplasticos-con-una-lupa-binocular-287x300.jpg\" alt=\"\" width=\"287\" height=\"300\" srcset=\"https:\/\/www.ull.es\/portal\/noticias\/wp-content\/uploads\/sites\/13\/2023\/02\/Cristina-Villanova-primera-autora-del-trabajo-visualizando-microplasticos-con-una-lupa-binocular-287x300.jpg 287w, https:\/\/www.ull.es\/portal\/noticias\/wp-content\/uploads\/sites\/13\/2023\/02\/Cristina-Villanova-primera-autora-del-trabajo-visualizando-microplasticos-con-una-lupa-binocular-979x1024.jpg 979w, https:\/\/www.ull.es\/portal\/noticias\/wp-content\/uploads\/sites\/13\/2023\/02\/Cristina-Villanova-primera-autora-del-trabajo-visualizando-microplasticos-con-una-lupa-binocular-768x804.jpg 768w, https:\/\/www.ull.es\/portal\/noticias\/wp-content\/uploads\/sites\/13\/2023\/02\/Cristina-Villanova-primera-autora-del-trabajo-visualizando-microplasticos-con-una-lupa-binocular-1468x1536.jpg 1468w, https:\/\/www.ull.es\/portal\/noticias\/wp-content\/uploads\/sites\/13\/2023\/02\/Cristina-Villanova-primera-autora-del-trabajo-visualizando-microplasticos-con-una-lupa-binocular-375x392.jpg 375w, https:\/\/www.ull.es\/portal\/noticias\/wp-content\/uploads\/sites\/13\/2023\/02\/Cristina-Villanova-primera-autora-del-trabajo-visualizando-microplasticos-con-una-lupa-binocular-750x785.jpg 750w, https:\/\/www.ull.es\/portal\/noticias\/wp-content\/uploads\/sites\/13\/2023\/02\/Cristina-Villanova-primera-autora-del-trabajo-visualizando-microplasticos-con-una-lupa-binocular-1140x1193.jpg 1140w, https:\/\/www.ull.es\/portal\/noticias\/wp-content\/uploads\/sites\/13\/2023\/02\/Cristina-Villanova-primera-autora-del-trabajo-visualizando-microplasticos-con-una-lupa-binocular.jpg 1529w\" sizes=\"(max-width: 287px) 100vw, 287px\" \/><p id=\"caption-attachment-67928\" class=\"wp-caption-text\">Cristina Villanova Solano, primera autora del trabajo, visualizando los micropl\u00e1sticos encontrados bajo una lupa binocular. Imagen cedida.<\/p><\/div>\n<p>Estudios recientes llevados a cabo por el <a href=\"https:\/\/portalciencia.ull.es\/grupos\/6404\/detalle\" target=\"_blank\" rel=\"noopener\">grupo de investigaci\u00f3n en Qu\u00edmica Anal\u00edtica Aplicada<\/a> de la Universidad de La Laguna, dirigido por el catedr\u00e1tico de Qu\u00edmica Anal\u00edtica Javier Hern\u00e1ndez Borges, han puesto de manifiesto la existencia de micropl\u00e1sticos en sedimentos marinos, tambi\u00e9n en el tracto digestivo y en las g\u00f3nadas de erizos, en el tracto digestivo de peces, as\u00ed como en suelos y aguas depuradas y desaladas utilizadas para el riego. Y todo ello en Canarias. Pero un estudio suyo recientemente publicado en la revista <em>Science of the Total Environment<\/em> ha ido todav\u00eda m\u00e1s all\u00e1 y ha tratado de determinar si en las islas, a pesar de tratarse de territorios relativamente aislados en medio del oc\u00e9ano, se estaba produciendo una deposici\u00f3n atmosf\u00e9rica de micropl\u00e1sticos, estudiando la presencia de estas part\u00edculas en nieve ca\u00edda en el Parque Nacional de Las Ca\u00f1adas del Teide. Diversos estudios previos (aunque escasos) llevados a cabo en otras partes del mundo, suger\u00edan ya que este fen\u00f3meno podr\u00eda estar ocurriendo en las islas.<\/p>\n<p>Para ello, despu\u00e9s de dos episodios de tormentas acaecidos en enero y febrero de 2021 (el primero de ellos la famosa tormenta Filomena) los investigadores tomaron un total de 63 muestras de nieve que fueron recolectadas y procesadas en los laboratorios de la Universidad de La Laguna. Las correspondientes al primer muestreo fueron recogidas en zonas muy pr\u00f3ximas a la carretera, tras unos d\u00edas de actividad posterior a la nevada del parque, mientras que las recogidas durante la segunda nevada fueron muestras recolectadas en zonas pr\u00edstinas, a las que todav\u00eda no hab\u00eda llegado nadie, dado que el muestreo se realiz\u00f3 justo el d\u00eda de apertura de los accesos al Parque Nacional. En este \u00faltimo caso, varios d\u00edas despu\u00e9s se recolectaron 3 muestras en la ladera del Teide.<\/p>\n<p>Los resultados encontrados muestran que m\u00e1s del 99% de las part\u00edculas encontradas eran en realidad microfibras de color azul, negro, transparente y rojo, con un tama\u00f1o predominante de 250 micras a 1 mm, y que el mismo perfil se repet\u00eda en ambas nevadas, siendo las concentraciones encontradas entre 6 y 502 part\u00edculas por litro. El an\u00e1lisis por espectroscop\u00eda de infrarrojos mostr\u00f3 que casi un 63% de esas fibras eran de naturaleza celul\u00f3sica, tanto naturales, como el algod\u00f3n y el lino, como semisint\u00e9ticas, es el caso del ray\u00f3n y la viscosa. En el primer caso estas no planten un problema ambiental ya que la celulosa es un pol\u00edmero natural que se degrada f\u00e1cilmente en el medio ambiente, pero en lo que respecta a las fibras semisint\u00e9ticas, estas est\u00e1n consideradas como micropl\u00e1sticos, dado que han sido modificadas y tardan mucho m\u00e1s en degradarse. Adem\u00e1s de las fibras celul\u00f3sicas se encontr\u00f3 un 20,9% de microfibras de poli\u00e9ster, un 6,3% de microfibras acr\u00edlicas e incluso un 1,1% de nylon, todos ellos pol\u00edmeros 100% sint\u00e9ticos (micropl\u00e1sticos) que provienen en su mayor\u00eda de los tejidos.<\/p>\n<p>El hecho de que se hayan encontrado micropl\u00e1sticos en la nieve demuestra que este tipo de part\u00edculas se est\u00e1n depositando cada vez que tiene lugar un episodio de estas caracter\u00edsticas, incluso tambi\u00e9n con la lluvia, con los consecuentes efectos que podr\u00edan tener sobre la fauna y flora del Parque Nacional. De hecho, los investigadores est\u00e1n llevando a cabo estudios en suelos y excrementos de conejo del parque donde est\u00e1n pudiendo constatar la presencia de estas microfibras, quedando pendiente establecer si est\u00e1n relacionadas con la deposici\u00f3n h\u00fameda, producida por la nieve o la lluvia, o no.<\/p>\n<p>Por otro lado, en aquellas muestras recogidas en zonas pr\u00f3ximas a la carretera, la concentraci\u00f3n era significativamente mayor, lo que sugiere que se est\u00e1 produciendo un incremento de dichas concentraciones como consecuencia de la intensa actividad humana durante esos d\u00edas, algo que ya han puesto de manifiesto otros estudios como los llevados a cabo en nieve del Everest. Con respecto a las muestras recogidas cerca del pico, si bien el n\u00famero de muestras fue tambi\u00e9n reducido (solo 3), tambi\u00e9n se encontraron concentraciones importantes en la zona.<\/p>\n<p>Este estudio es el primero de estas caracter\u00edsticas que se ha llevado a cabo en Espa\u00f1a, siendo tambi\u00e9n el primero de nuestro pa\u00eds en realizarse en un Parque Nacional, un entorno protegido pero<\/p>\n<div id=\"attachment_67930\" style=\"width: 310px\" class=\"wp-caption alignright\"><img aria-describedby=\"caption-attachment-67930\" decoding=\"async\" loading=\"lazy\" class=\"size-medium wp-image-67930\" src=\"https:\/\/www.ull.es\/portal\/noticias\/wp-content\/uploads\/sites\/13\/2023\/02\/Fotografia-de-una-microfibra-de-color-rojo-encontrada-en-la-nieve.-300x288.jpg\" alt=\"\" width=\"300\" height=\"288\" srcset=\"https:\/\/www.ull.es\/portal\/noticias\/wp-content\/uploads\/sites\/13\/2023\/02\/Fotografia-de-una-microfibra-de-color-rojo-encontrada-en-la-nieve.-300x288.jpg 300w, https:\/\/www.ull.es\/portal\/noticias\/wp-content\/uploads\/sites\/13\/2023\/02\/Fotografia-de-una-microfibra-de-color-rojo-encontrada-en-la-nieve.-768x738.jpg 768w, https:\/\/www.ull.es\/portal\/noticias\/wp-content\/uploads\/sites\/13\/2023\/02\/Fotografia-de-una-microfibra-de-color-rojo-encontrada-en-la-nieve.-375x360.jpg 375w, https:\/\/www.ull.es\/portal\/noticias\/wp-content\/uploads\/sites\/13\/2023\/02\/Fotografia-de-una-microfibra-de-color-rojo-encontrada-en-la-nieve.-750x720.jpg 750w, https:\/\/www.ull.es\/portal\/noticias\/wp-content\/uploads\/sites\/13\/2023\/02\/Fotografia-de-una-microfibra-de-color-rojo-encontrada-en-la-nieve..jpg 887w\" sizes=\"(max-width: 300px) 100vw, 300px\" \/><p id=\"caption-attachment-67930\" class=\"wp-caption-text\">Fotograf\u00eda de una microfibra de color rojo encontrada en la nieve.<\/p><\/div>\n<p>que puede verse afectado tambi\u00e9n por la contaminaci\u00f3n por micropl\u00e1sticos.<\/p>\n<p>En lo que respecta a otros estudios llevados a cabo hasta la fecha, estos son todav\u00eda escasos, destacando alguno llevado a cabo en los Alpes Suizos, la cordillera de Los Andes, el \u00c1rtico o incluso el Everest, entre otros, siendo las concentraciones encontradas en algunos casos algo superiores a las de dichos estudios, en los que tambi\u00e9n se han encontrado mayoritariamente microfibras. Es de destacar que el trabajo llevado a cabo en Tenerife es el que mayor n\u00famero de muestras ha recogido hasta la fecha. Como curiosidad, cabe destacar, que en lo que respecta a la composici\u00f3n de las microfibras, dejando a un lado las fibras celul\u00f3sicas, esta es muy parecida a la encontrada en El Everest en 2019, en donde tambi\u00e9n prevalecieron las fibras de poli\u00e9ster, acr\u00edlicas y de nylon, muy utilizados en los tejidos utilizados en la ropa para la nieve.<\/p>\n<p>Los autores se\u00f1alan que es importante tratar de determinar la procedencia real de esas microfibras puesto que pueden estar teniendo lugar dos fen\u00f3menos importantes: un transporte a larga distancia, de cientos o miles de kil\u00f3metros, lo que ya est\u00e1 reportado en la bibliograf\u00eda, y tambi\u00e9n un transporte a corta distancia, de poblaciones cercanas en las que existan tambi\u00e9n concentraciones importantes de micropl\u00e1sticos, lo que suele suceder en las ciudades muy pobladas.<\/p>\n<p><strong>Nota:<\/strong> Para la realizaci\u00f3n de este estudio, los investigadores agradecen la ayuda desinteresada de Pedro Mill\u00e1n y Giancarlo Callissardi, quienes recogieron las muestras cerca del pico durante una de sus ascensiones al Teide.<\/p>\n","protected":false},"excerpt":{"rendered":"<p>Hoy en d\u00eda es m\u00e1s que evidente que la contaminaci\u00f3n por pl\u00e1stico es uno de los problemas medioambientales m\u00e1s importantes&#8230;<\/p>\n","protected":false},"author":23,"featured_media":67929,"comment_status":"closed","ping_status":"closed","sticky":false,"template":"","format":"standard","meta":{"inline_featured_image":false,"footnotes":""},"categories":[3785,345,350,2765,1],"tags":[1575,5733,9681],"acf":[],"yoast_head":"<!-- This site is optimized with the Yoast SEO plugin v21.3 - https:\/\/yoast.com\/wordpress\/plugins\/seo\/ -->\n<title>Detectados micropl\u00e1sticos en nieve del Parque Nacional de Las Ca\u00f1adas del Teide - ULL - Noticias<\/title>\n<meta name=\"robots\" content=\"index, follow, max-snippet:-1, max-image-preview:large, max-video-preview:-1\" \/>\n<link rel=\"canonical\" href=\"https:\/\/www.ull.es\/portal\/noticias\/2023\/detectados-microplasticos-en-nieve-del-parque-nacional-de-las-canadas-del-teide\/\" \/>\n<meta property=\"og:locale\" content=\"es_ES\" \/>\n<meta property=\"og:type\" content=\"article\" \/>\n<meta property=\"og:title\" content=\"Detectados micropl\u00e1sticos en nieve del Parque Nacional de Las Ca\u00f1adas del Teide - ULL - Noticias\" \/>\n<meta property=\"og:description\" content=\"Hoy en d\u00eda es m\u00e1s que evidente que la contaminaci\u00f3n por pl\u00e1stico es uno de los problemas medioambientales m\u00e1s importantes...\" \/>\n<meta property=\"og:url\" content=\"https:\/\/www.ull.es\/portal\/noticias\/2023\/detectados-microplasticos-en-nieve-del-parque-nacional-de-las-canadas-del-teide\/\" \/>\n<meta property=\"og:site_name\" content=\"ULL - Noticias\" \/>\n<meta property=\"article:publisher\" content=\"https:\/\/www.facebook.com\/universidaddelalaguna\/\" \/>\n<meta property=\"article:published_time\" content=\"2023-02-23T11:41:46+00:00\" \/>\n<meta property=\"article:modified_time\" content=\"2023-02-23T12:03:58+00:00\" \/>\n<meta property=\"og:image\" content=\"https:\/\/www.ull.es\/portal\/noticias\/wp-content\/uploads\/sites\/13\/2023\/02\/Imagen-del-Parque-Nacional-durante-una-de-las-nevadas-en-las-que-se-realizo-el-muestreo.jpeg\" \/>\n\t<meta property=\"og:image:width\" content=\"1600\" \/>\n\t<meta property=\"og:image:height\" content=\"1200\" \/>\n\t<meta property=\"og:image:type\" content=\"image\/jpeg\" \/>\n<meta name=\"author\" content=\"gaprsa\" \/>\n<meta name=\"twitter:card\" content=\"summary_large_image\" \/>\n<meta name=\"twitter:creator\" content=\"@CanalULL\" \/>\n<meta name=\"twitter:site\" content=\"@CanalULL\" \/>\n<meta name=\"twitter:label1\" content=\"Escrito por\" \/>\n\t<meta name=\"twitter:data1\" content=\"gaprsa\" \/>\n\t<meta name=\"twitter:label2\" content=\"Tiempo de lectura\" \/>\n\t<meta name=\"twitter:data2\" content=\"6 minutos\" \/>\n<script type=\"application\/ld+json\" class=\"yoast-schema-graph\">{\"@context\":\"https:\/\/schema.org\",\"@graph\":[{\"@type\":\"WebPage\",\"@id\":\"https:\/\/www.ull.es\/portal\/noticias\/2023\/detectados-microplasticos-en-nieve-del-parque-nacional-de-las-canadas-del-teide\/\",\"url\":\"https:\/\/www.ull.es\/portal\/noticias\/2023\/detectados-microplasticos-en-nieve-del-parque-nacional-de-las-canadas-del-teide\/\",\"name\":\"Detectados micropl\u00e1sticos en nieve del Parque Nacional de Las Ca\u00f1adas del Teide - ULL - Noticias\",\"isPartOf\":{\"@id\":\"https:\/\/www.ull.es\/portal\/noticias\/#website\"},\"datePublished\":\"2023-02-23T11:41:46+00:00\",\"dateModified\":\"2023-02-23T12:03:58+00:00\",\"author\":{\"@id\":\"https:\/\/www.ull.es\/portal\/noticias\/#\/schema\/person\/b2b1a89d43ffa609e591f7df8ef3e817\"},\"breadcrumb\":{\"@id\":\"https:\/\/www.ull.es\/portal\/noticias\/2023\/detectados-microplasticos-en-nieve-del-parque-nacional-de-las-canadas-del-teide\/#breadcrumb\"},\"inLanguage\":\"es\",\"potentialAction\":[{\"@type\":\"ReadAction\",\"target\":[\"https:\/\/www.ull.es\/portal\/noticias\/2023\/detectados-microplasticos-en-nieve-del-parque-nacional-de-las-canadas-del-teide\/\"]}]},{\"@type\":\"BreadcrumbList\",\"@id\":\"https:\/\/www.ull.es\/portal\/noticias\/2023\/detectados-microplasticos-en-nieve-del-parque-nacional-de-las-canadas-del-teide\/#breadcrumb\",\"itemListElement\":[{\"@type\":\"ListItem\",\"position\":1,\"name\":\"Portada\",\"item\":\"https:\/\/www.ull.es\/portal\/noticias\/\"},{\"@type\":\"ListItem\",\"position\":2,\"name\":\"Detectados micropl\u00e1sticos en nieve del Parque Nacional de Las Ca\u00f1adas del Teide\"}]},{\"@type\":\"WebSite\",\"@id\":\"https:\/\/www.ull.es\/portal\/noticias\/#website\",\"url\":\"https:\/\/www.ull.es\/portal\/noticias\/\",\"name\":\"ULL - Noticias\",\"description\":\"\",\"potentialAction\":[{\"@type\":\"SearchAction\",\"target\":{\"@type\":\"EntryPoint\",\"urlTemplate\":\"https:\/\/www.ull.es\/portal\/noticias\/?s={search_term_string}\"},\"query-input\":\"required name=search_term_string\"}],\"inLanguage\":\"es\"},{\"@type\":\"Person\",\"@id\":\"https:\/\/www.ull.es\/portal\/noticias\/#\/schema\/person\/b2b1a89d43ffa609e591f7df8ef3e817\",\"name\":\"gaprsa\",\"image\":{\"@type\":\"ImageObject\",\"inLanguage\":\"es\",\"@id\":\"https:\/\/www.ull.es\/portal\/noticias\/#\/schema\/person\/image\/\",\"url\":\"https:\/\/secure.gravatar.com\/avatar\/443820550921091458b4823867723b3d?s=96&d=mm&r=g\",\"contentUrl\":\"https:\/\/secure.gravatar.com\/avatar\/443820550921091458b4823867723b3d?s=96&d=mm&r=g\",\"caption\":\"gaprsa\"},\"url\":\"https:\/\/www.ull.es\/portal\/noticias\/author\/gaprsa\/\"}]}<\/script>\n<!-- \/ Yoast SEO plugin. -->","yoast_head_json":{"title":"Detectados micropl\u00e1sticos en nieve del Parque Nacional de Las Ca\u00f1adas del Teide - ULL - Noticias","robots":{"index":"index","follow":"follow","max-snippet":"max-snippet:-1","max-image-preview":"max-image-preview:large","max-video-preview":"max-video-preview:-1"},"canonical":"https:\/\/www.ull.es\/portal\/noticias\/2023\/detectados-microplasticos-en-nieve-del-parque-nacional-de-las-canadas-del-teide\/","og_locale":"es_ES","og_type":"article","og_title":"Detectados micropl\u00e1sticos en nieve del Parque Nacional de Las Ca\u00f1adas del Teide - ULL - Noticias","og_description":"Hoy en d\u00eda es m\u00e1s que evidente que la contaminaci\u00f3n por pl\u00e1stico es uno de los problemas medioambientales m\u00e1s importantes...","og_url":"https:\/\/www.ull.es\/portal\/noticias\/2023\/detectados-microplasticos-en-nieve-del-parque-nacional-de-las-canadas-del-teide\/","og_site_name":"ULL - Noticias","article_publisher":"https:\/\/www.facebook.com\/universidaddelalaguna\/","article_published_time":"2023-02-23T11:41:46+00:00","article_modified_time":"2023-02-23T12:03:58+00:00","og_image":[{"width":1600,"height":1200,"url":"https:\/\/www.ull.es\/portal\/noticias\/wp-content\/uploads\/sites\/13\/2023\/02\/Imagen-del-Parque-Nacional-durante-una-de-las-nevadas-en-las-que-se-realizo-el-muestreo.jpeg","type":"image\/jpeg"}],"author":"gaprsa","twitter_card":"summary_large_image","twitter_creator":"@CanalULL","twitter_site":"@CanalULL","twitter_misc":{"Escrito por":"gaprsa","Tiempo de lectura":"6 minutos"},"schema":{"@context":"https:\/\/schema.org","@graph":[{"@type":"WebPage","@id":"https:\/\/www.ull.es\/portal\/noticias\/2023\/detectados-microplasticos-en-nieve-del-parque-nacional-de-las-canadas-del-teide\/","url":"https:\/\/www.ull.es\/portal\/noticias\/2023\/detectados-microplasticos-en-nieve-del-parque-nacional-de-las-canadas-del-teide\/","name":"Detectados micropl\u00e1sticos en nieve del Parque Nacional de Las Ca\u00f1adas del Teide - ULL - Noticias","isPartOf":{"@id":"https:\/\/www.ull.es\/portal\/noticias\/#website"},"datePublished":"2023-02-23T11:41:46+00:00","dateModified":"2023-02-23T12:03:58+00:00","author":{"@id":"https:\/\/www.ull.es\/portal\/noticias\/#\/schema\/person\/b2b1a89d43ffa609e591f7df8ef3e817"},"breadcrumb":{"@id":"https:\/\/www.ull.es\/portal\/noticias\/2023\/detectados-microplasticos-en-nieve-del-parque-nacional-de-las-canadas-del-teide\/#breadcrumb"},"inLanguage":"es","potentialAction":[{"@type":"ReadAction","target":["https:\/\/www.ull.es\/portal\/noticias\/2023\/detectados-microplasticos-en-nieve-del-parque-nacional-de-las-canadas-del-teide\/"]}]},{"@type":"BreadcrumbList","@id":"https:\/\/www.ull.es\/portal\/noticias\/2023\/detectados-microplasticos-en-nieve-del-parque-nacional-de-las-canadas-del-teide\/#breadcrumb","itemListElement":[{"@type":"ListItem","position":1,"name":"Portada","item":"https:\/\/www.ull.es\/portal\/noticias\/"},{"@type":"ListItem","position":2,"name":"Detectados micropl\u00e1sticos en nieve del Parque Nacional de Las Ca\u00f1adas del Teide"}]},{"@type":"WebSite","@id":"https:\/\/www.ull.es\/portal\/noticias\/#website","url":"https:\/\/www.ull.es\/portal\/noticias\/","name":"ULL - Noticias","description":"","potentialAction":[{"@type":"SearchAction","target":{"@type":"EntryPoint","urlTemplate":"https:\/\/www.ull.es\/portal\/noticias\/?s={search_term_string}"},"query-input":"required name=search_term_string"}],"inLanguage":"es"},{"@type":"Person","@id":"https:\/\/www.ull.es\/portal\/noticias\/#\/schema\/person\/b2b1a89d43ffa609e591f7df8ef3e817","name":"gaprsa","image":{"@type":"ImageObject","inLanguage":"es","@id":"https:\/\/www.ull.es\/portal\/noticias\/#\/schema\/person\/image\/","url":"https:\/\/secure.gravatar.com\/avatar\/443820550921091458b4823867723b3d?s=96&d=mm&r=g","contentUrl":"https:\/\/secure.gravatar.com\/avatar\/443820550921091458b4823867723b3d?s=96&d=mm&r=g","caption":"gaprsa"},"url":"https:\/\/www.ull.es\/portal\/noticias\/author\/gaprsa\/"}]}},"primary_category":{"id":345,"name":"Destacado","slug":"destacado","link":"https:\/\/www.ull.es\/portal\/noticias\/category\/destacado\/"},"featured_image_thumbnail_url":"https:\/\/www.ull.es\/portal\/noticias\/wp-content\/uploads\/sites\/13\/2023\/02\/Imagen-del-Parque-Nacional-durante-una-de-las-nevadas-en-las-que-se-realizo-el-muestreo-300x225.jpeg","_links":{"self":[{"href":"https:\/\/www.ull.es\/portal\/noticias\/wp-json\/wp\/v2\/posts\/67916"}],"collection":[{"href":"https:\/\/www.ull.es\/portal\/noticias\/wp-json\/wp\/v2\/posts"}],"about":[{"href":"https:\/\/www.ull.es\/portal\/noticias\/wp-json\/wp\/v2\/types\/post"}],"author":[{"embeddable":true,"href":"https:\/\/www.ull.es\/portal\/noticias\/wp-json\/wp\/v2\/users\/23"}],"replies":[{"embeddable":true,"href":"https:\/\/www.ull.es\/portal\/noticias\/wp-json\/wp\/v2\/comments?post=67916"}],"version-history":[{"count":1,"href":"https:\/\/www.ull.es\/portal\/noticias\/wp-json\/wp\/v2\/posts\/67916\/revisions"}],"predecessor-version":[{"id":67931,"href":"https:\/\/www.ull.es\/portal\/noticias\/wp-json\/wp\/v2\/posts\/67916\/revisions\/67931"}],"wp:featuredmedia":[{"embeddable":true,"href":"https:\/\/www.ull.es\/portal\/noticias\/wp-json\/wp\/v2\/media\/67929"}],"wp:attachment":[{"href":"https:\/\/www.ull.es\/portal\/noticias\/wp-json\/wp\/v2\/media?parent=67916"}],"wp:term":[{"taxonomy":"category","embeddable":true,"href":"https:\/\/www.ull.es\/portal\/noticias\/wp-json\/wp\/v2\/categories?post=67916"},{"taxonomy":"post_tag","embeddable":true,"href":"https:\/\/www.ull.es\/portal\/noticias\/wp-json\/wp\/v2\/tags?post=67916"}],"curies":[{"name":"wp","href":"https:\/\/api.w.org\/{rel}","templated":true}]}}