{"id":67999,"date":"2023-02-27T14:51:50","date_gmt":"2023-02-27T14:51:50","guid":{"rendered":"https:\/\/www.ull.es\/portal\/noticias\/?p=67999"},"modified":"2023-02-27T14:56:10","modified_gmt":"2023-02-27T14:56:10","slug":"la-ull-lanza-una-campana-que-promueve-la-participacion-individual-en-el-ahorro-energetico-de-los-campus","status":"publish","type":"post","link":"https:\/\/www.ull.es\/portal\/noticias\/2023\/la-ull-lanza-una-campana-que-promueve-la-participacion-individual-en-el-ahorro-energetico-de-los-campus\/","title":{"rendered":"La ULL lanza una campa\u00f1a que promueve la participaci\u00f3n individual en el ahorro energ\u00e9tico de los campus"},"content":{"rendered":"<p>La Universidad de La Laguna ha puesto en marcha una campa\u00f1a promocional que apela a la acci\u00f3n individual en favor de la sostenibilidad. En concreto, la iniciativa persigue que cada miembro de la comunidad universitaria sea consciente de los peque\u00f1os pasos que puede dar para no consumir energ\u00eda el\u00e9ctrica, promoviendo el uso de escaleras en lugar del ascensor, el apagado de luces cuando dejamos la clase o el despacho y el uso de la luz natural como fuente de energ\u00eda en nuestra actividad cotidiana.<\/p>\n<p><img decoding=\"async\" loading=\"lazy\" class=\"alignleft size-medium wp-image-68002\" src=\"https:\/\/www.ull.es\/portal\/noticias\/wp-content\/uploads\/sites\/13\/2023\/02\/Pegatinas-eficiencia-energetica-09-300x200.jpg\" alt=\"\" width=\"300\" height=\"200\" srcset=\"https:\/\/www.ull.es\/portal\/noticias\/wp-content\/uploads\/sites\/13\/2023\/02\/Pegatinas-eficiencia-energetica-09-300x200.jpg 300w, https:\/\/www.ull.es\/portal\/noticias\/wp-content\/uploads\/sites\/13\/2023\/02\/Pegatinas-eficiencia-energetica-09-768x512.jpg 768w, https:\/\/www.ull.es\/portal\/noticias\/wp-content\/uploads\/sites\/13\/2023\/02\/Pegatinas-eficiencia-energetica-09-375x250.jpg 375w, https:\/\/www.ull.es\/portal\/noticias\/wp-content\/uploads\/sites\/13\/2023\/02\/Pegatinas-eficiencia-energetica-09-750x500.jpg 750w, https:\/\/www.ull.es\/portal\/noticias\/wp-content\/uploads\/sites\/13\/2023\/02\/Pegatinas-eficiencia-energetica-09.jpg 1024w\" sizes=\"(max-width: 300px) 100vw, 300px\" \/>Un grupo de alumnos y alumnas ha acompa\u00f1ado hoy 27 de febrero a la rectora del centro acad\u00e9mico, Rosa Aguilar, a la distribuci\u00f3n de los elementos y mensajes que figurar\u00e1n por todos los campus para fomentar la implicaci\u00f3n personal en el ahorro energ\u00e9tico. Se da la particularidad de que ser\u00e1n ellos, los estudiantes, los que de forma voluntaria y con el visto bueno del Rectorado accedan a aulas y dependencias comunes para colocar la carteler\u00eda.<\/p>\n<p>Bajo el lema \u2018Queremos dejar huella, pero de la buena\u2019, la campa\u00f1a de desarrolla en distintos formatos, incluido redes sociales. Se apoya en mensajes como \u2018Quema calor\u00edas, y no petr\u00f3leo\u2019, en el caso de los ascensores, o \u2018Apaga y v\u00e1monos\u2019, en los interruptores de las aulas, y que son claramente una llamada a la acci\u00f3n por parte de cualquier persona en los diferentes campus.<\/p>\n<p>La campa\u00f1a se ha desplegado en soportes exteriores de vallas y lonas y se apoya tambi\u00e9n en una <a href=\"https:\/\/www.ull.es\/portal\/ahorro-energetico\/\" target=\"_blank\" rel=\"noopener\">p\u00e1gina web<\/a> que da cuenta de las \u00faltimas acciones realizadas tanto en generaci\u00f3n de energ\u00eda a trav\u00e9s de m\u00faltiples instalaciones fotovoltaicas como en eficiencia energ\u00e9tica, en este caso mediante sustituci\u00f3n de luminarias convencionales por otras m\u00e1s sostenibles, sistemas de climatizaci\u00f3n de menor consumo o reformas de espacios que permitan condiciones de temperatura y de calidad del aire m\u00e1s \u00f3ptimas. De hecho, se indica que a d\u00eda de hoy y con datos de este mes febrero la Universidad de La Laguna ya ha generado nueva energ\u00eda por 21.080 Kw\/h, cantidad que ir\u00e1 aumentando progresivamente a medida que se completen las instalaciones previstas.<\/p>\n<p>La web se ir\u00e1 enriqueciendo en los pr\u00f3ximos meses con los diversos proyectos que est\u00e1n en marcha, y que alcanzar\u00e1 a 22 edificios de la Universidad de La Laguna, en los que se colocar\u00e1 placas<img decoding=\"async\" loading=\"lazy\" class=\"alignright size-medium wp-image-68001\" src=\"https:\/\/www.ull.es\/portal\/noticias\/wp-content\/uploads\/sites\/13\/2023\/02\/Pegatinas-eficiencia-energetica-11-300x200.jpg\" alt=\"\" width=\"300\" height=\"200\" srcset=\"https:\/\/www.ull.es\/portal\/noticias\/wp-content\/uploads\/sites\/13\/2023\/02\/Pegatinas-eficiencia-energetica-11-300x200.jpg 300w, https:\/\/www.ull.es\/portal\/noticias\/wp-content\/uploads\/sites\/13\/2023\/02\/Pegatinas-eficiencia-energetica-11-768x512.jpg 768w, https:\/\/www.ull.es\/portal\/noticias\/wp-content\/uploads\/sites\/13\/2023\/02\/Pegatinas-eficiencia-energetica-11-375x250.jpg 375w, https:\/\/www.ull.es\/portal\/noticias\/wp-content\/uploads\/sites\/13\/2023\/02\/Pegatinas-eficiencia-energetica-11-750x500.jpg 750w, https:\/\/www.ull.es\/portal\/noticias\/wp-content\/uploads\/sites\/13\/2023\/02\/Pegatinas-eficiencia-energetica-11.jpg 1024w\" sizes=\"(max-width: 300px) 100vw, 300px\" \/> fotovoltaicas en todas sus cubiertas que conllevar\u00e1 en torno a un 31% de ahorro. Igualmente, contin\u00faa la instalaci\u00f3n de p\u00e9rgolas y aparcamientos para coches el\u00e9ctricos, de tal modo que un total de 164 coches puedan realizar carga simult\u00e1nea.<\/p>\n<p>Por otro lado, el centro acad\u00e9mico tambi\u00e9n est\u00e1 renovando su parque m\u00f3vil con la reciente adquisici\u00f3n de una quincena de nuevos veh\u00edculos, de los cuales once son completamente el\u00e9ctricos y dos h\u00edbridos.<\/p>\n","protected":false},"excerpt":{"rendered":"<p>La Universidad de La Laguna ha puesto en marcha una campa\u00f1a promocional que apela a la acci\u00f3n individual en favor&#8230;<\/p>\n","protected":false},"author":23,"featured_media":68000,"comment_status":"closed","ping_status":"closed","sticky":false,"template":"","format":"standard","meta":{"inline_featured_image":false,"footnotes":""},"categories":[5232,345,348,2765],"tags":[9687],"acf":[],"yoast_head":"<!-- This site is optimized with the Yoast SEO plugin v21.3 - https:\/\/yoast.com\/wordpress\/plugins\/seo\/ -->\n<title>La ULL lanza una campa\u00f1a que promueve la participaci\u00f3n individual en el ahorro energ\u00e9tico de los campus - ULL - Noticias<\/title>\n<meta name=\"robots\" content=\"index, follow, max-snippet:-1, max-image-preview:large, max-video-preview:-1\" \/>\n<link rel=\"canonical\" href=\"https:\/\/www.ull.es\/portal\/noticias\/2023\/la-ull-lanza-una-campana-que-promueve-la-participacion-individual-en-el-ahorro-energetico-de-los-campus\/\" \/>\n<meta property=\"og:locale\" content=\"es_ES\" \/>\n<meta property=\"og:type\" content=\"article\" \/>\n<meta property=\"og:title\" content=\"La ULL lanza una campa\u00f1a que promueve la participaci\u00f3n individual en el ahorro energ\u00e9tico de los campus - ULL - Noticias\" \/>\n<meta property=\"og:description\" content=\"La Universidad de La Laguna ha puesto en marcha una campa\u00f1a promocional que apela a la acci\u00f3n individual en favor...\" \/>\n<meta property=\"og:url\" content=\"https:\/\/www.ull.es\/portal\/noticias\/2023\/la-ull-lanza-una-campana-que-promueve-la-participacion-individual-en-el-ahorro-energetico-de-los-campus\/\" \/>\n<meta property=\"og:site_name\" content=\"ULL - Noticias\" \/>\n<meta property=\"article:publisher\" content=\"https:\/\/www.facebook.com\/universidaddelalaguna\/\" \/>\n<meta property=\"article:published_time\" content=\"2023-02-27T14:51:50+00:00\" \/>\n<meta property=\"article:modified_time\" content=\"2023-02-27T14:56:10+00:00\" \/>\n<meta property=\"og:image\" content=\"https:\/\/www.ull.es\/portal\/noticias\/wp-content\/uploads\/sites\/13\/2023\/02\/Pegatinas-eficiencia-energetica-17.jpg\" \/>\n\t<meta property=\"og:image:width\" content=\"1024\" \/>\n\t<meta property=\"og:image:height\" content=\"683\" \/>\n\t<meta property=\"og:image:type\" content=\"image\/jpeg\" \/>\n<meta name=\"author\" content=\"gaprsa\" \/>\n<meta name=\"twitter:card\" content=\"summary_large_image\" \/>\n<meta name=\"twitter:creator\" content=\"@CanalULL\" \/>\n<meta name=\"twitter:site\" content=\"@CanalULL\" \/>\n<meta name=\"twitter:label1\" content=\"Escrito por\" \/>\n\t<meta name=\"twitter:data1\" content=\"gaprsa\" \/>\n\t<meta name=\"twitter:label2\" content=\"Tiempo de lectura\" \/>\n\t<meta name=\"twitter:data2\" content=\"3 minutos\" \/>\n<script type=\"application\/ld+json\" class=\"yoast-schema-graph\">{\"@context\":\"https:\/\/schema.org\",\"@graph\":[{\"@type\":\"WebPage\",\"@id\":\"https:\/\/www.ull.es\/portal\/noticias\/2023\/la-ull-lanza-una-campana-que-promueve-la-participacion-individual-en-el-ahorro-energetico-de-los-campus\/\",\"url\":\"https:\/\/www.ull.es\/portal\/noticias\/2023\/la-ull-lanza-una-campana-que-promueve-la-participacion-individual-en-el-ahorro-energetico-de-los-campus\/\",\"name\":\"La ULL lanza una campa\u00f1a que promueve la participaci\u00f3n individual en el ahorro energ\u00e9tico de los campus - ULL - Noticias\",\"isPartOf\":{\"@id\":\"https:\/\/www.ull.es\/portal\/noticias\/#website\"},\"datePublished\":\"2023-02-27T14:51:50+00:00\",\"dateModified\":\"2023-02-27T14:56:10+00:00\",\"author\":{\"@id\":\"https:\/\/www.ull.es\/portal\/noticias\/#\/schema\/person\/b2b1a89d43ffa609e591f7df8ef3e817\"},\"breadcrumb\":{\"@id\":\"https:\/\/www.ull.es\/portal\/noticias\/2023\/la-ull-lanza-una-campana-que-promueve-la-participacion-individual-en-el-ahorro-energetico-de-los-campus\/#breadcrumb\"},\"inLanguage\":\"es\",\"potentialAction\":[{\"@type\":\"ReadAction\",\"target\":[\"https:\/\/www.ull.es\/portal\/noticias\/2023\/la-ull-lanza-una-campana-que-promueve-la-participacion-individual-en-el-ahorro-energetico-de-los-campus\/\"]}]},{\"@type\":\"BreadcrumbList\",\"@id\":\"https:\/\/www.ull.es\/portal\/noticias\/2023\/la-ull-lanza-una-campana-que-promueve-la-participacion-individual-en-el-ahorro-energetico-de-los-campus\/#breadcrumb\",\"itemListElement\":[{\"@type\":\"ListItem\",\"position\":1,\"name\":\"Portada\",\"item\":\"https:\/\/www.ull.es\/portal\/noticias\/\"},{\"@type\":\"ListItem\",\"position\":2,\"name\":\"La ULL lanza una campa\u00f1a que promueve la participaci\u00f3n individual en el ahorro energ\u00e9tico de los campus\"}]},{\"@type\":\"WebSite\",\"@id\":\"https:\/\/www.ull.es\/portal\/noticias\/#website\",\"url\":\"https:\/\/www.ull.es\/portal\/noticias\/\",\"name\":\"ULL - Noticias\",\"description\":\"\",\"potentialAction\":[{\"@type\":\"SearchAction\",\"target\":{\"@type\":\"EntryPoint\",\"urlTemplate\":\"https:\/\/www.ull.es\/portal\/noticias\/?s={search_term_string}\"},\"query-input\":\"required name=search_term_string\"}],\"inLanguage\":\"es\"},{\"@type\":\"Person\",\"@id\":\"https:\/\/www.ull.es\/portal\/noticias\/#\/schema\/person\/b2b1a89d43ffa609e591f7df8ef3e817\",\"name\":\"gaprsa\",\"image\":{\"@type\":\"ImageObject\",\"inLanguage\":\"es\",\"@id\":\"https:\/\/www.ull.es\/portal\/noticias\/#\/schema\/person\/image\/\",\"url\":\"https:\/\/secure.gravatar.com\/avatar\/443820550921091458b4823867723b3d?s=96&d=mm&r=g\",\"contentUrl\":\"https:\/\/secure.gravatar.com\/avatar\/443820550921091458b4823867723b3d?s=96&d=mm&r=g\",\"caption\":\"gaprsa\"},\"url\":\"https:\/\/www.ull.es\/portal\/noticias\/author\/gaprsa\/\"}]}<\/script>\n<!-- \/ Yoast SEO plugin. -->","yoast_head_json":{"title":"La ULL lanza una campa\u00f1a que promueve la participaci\u00f3n individual en el ahorro energ\u00e9tico de los campus - ULL - Noticias","robots":{"index":"index","follow":"follow","max-snippet":"max-snippet:-1","max-image-preview":"max-image-preview:large","max-video-preview":"max-video-preview:-1"},"canonical":"https:\/\/www.ull.es\/portal\/noticias\/2023\/la-ull-lanza-una-campana-que-promueve-la-participacion-individual-en-el-ahorro-energetico-de-los-campus\/","og_locale":"es_ES","og_type":"article","og_title":"La ULL lanza una campa\u00f1a que promueve la participaci\u00f3n individual en el ahorro energ\u00e9tico de los campus - ULL - Noticias","og_description":"La Universidad de La Laguna ha puesto en marcha una campa\u00f1a promocional que apela a la acci\u00f3n individual en favor...","og_url":"https:\/\/www.ull.es\/portal\/noticias\/2023\/la-ull-lanza-una-campana-que-promueve-la-participacion-individual-en-el-ahorro-energetico-de-los-campus\/","og_site_name":"ULL - Noticias","article_publisher":"https:\/\/www.facebook.com\/universidaddelalaguna\/","article_published_time":"2023-02-27T14:51:50+00:00","article_modified_time":"2023-02-27T14:56:10+00:00","og_image":[{"width":1024,"height":683,"url":"https:\/\/www.ull.es\/portal\/noticias\/wp-content\/uploads\/sites\/13\/2023\/02\/Pegatinas-eficiencia-energetica-17.jpg","type":"image\/jpeg"}],"author":"gaprsa","twitter_card":"summary_large_image","twitter_creator":"@CanalULL","twitter_site":"@CanalULL","twitter_misc":{"Escrito por":"gaprsa","Tiempo de lectura":"3 minutos"},"schema":{"@context":"https:\/\/schema.org","@graph":[{"@type":"WebPage","@id":"https:\/\/www.ull.es\/portal\/noticias\/2023\/la-ull-lanza-una-campana-que-promueve-la-participacion-individual-en-el-ahorro-energetico-de-los-campus\/","url":"https:\/\/www.ull.es\/portal\/noticias\/2023\/la-ull-lanza-una-campana-que-promueve-la-participacion-individual-en-el-ahorro-energetico-de-los-campus\/","name":"La ULL lanza una campa\u00f1a que promueve la participaci\u00f3n individual en el ahorro energ\u00e9tico de los campus - ULL - Noticias","isPartOf":{"@id":"https:\/\/www.ull.es\/portal\/noticias\/#website"},"datePublished":"2023-02-27T14:51:50+00:00","dateModified":"2023-02-27T14:56:10+00:00","author":{"@id":"https:\/\/www.ull.es\/portal\/noticias\/#\/schema\/person\/b2b1a89d43ffa609e591f7df8ef3e817"},"breadcrumb":{"@id":"https:\/\/www.ull.es\/portal\/noticias\/2023\/la-ull-lanza-una-campana-que-promueve-la-participacion-individual-en-el-ahorro-energetico-de-los-campus\/#breadcrumb"},"inLanguage":"es","potentialAction":[{"@type":"ReadAction","target":["https:\/\/www.ull.es\/portal\/noticias\/2023\/la-ull-lanza-una-campana-que-promueve-la-participacion-individual-en-el-ahorro-energetico-de-los-campus\/"]}]},{"@type":"BreadcrumbList","@id":"https:\/\/www.ull.es\/portal\/noticias\/2023\/la-ull-lanza-una-campana-que-promueve-la-participacion-individual-en-el-ahorro-energetico-de-los-campus\/#breadcrumb","itemListElement":[{"@type":"ListItem","position":1,"name":"Portada","item":"https:\/\/www.ull.es\/portal\/noticias\/"},{"@type":"ListItem","position":2,"name":"La ULL lanza una campa\u00f1a que promueve la participaci\u00f3n individual en el ahorro energ\u00e9tico de los campus"}]},{"@type":"WebSite","@id":"https:\/\/www.ull.es\/portal\/noticias\/#website","url":"https:\/\/www.ull.es\/portal\/noticias\/","name":"ULL - Noticias","description":"","potentialAction":[{"@type":"SearchAction","target":{"@type":"EntryPoint","urlTemplate":"https:\/\/www.ull.es\/portal\/noticias\/?s={search_term_string}"},"query-input":"required name=search_term_string"}],"inLanguage":"es"},{"@type":"Person","@id":"https:\/\/www.ull.es\/portal\/noticias\/#\/schema\/person\/b2b1a89d43ffa609e591f7df8ef3e817","name":"gaprsa","image":{"@type":"ImageObject","inLanguage":"es","@id":"https:\/\/www.ull.es\/portal\/noticias\/#\/schema\/person\/image\/","url":"https:\/\/secure.gravatar.com\/avatar\/443820550921091458b4823867723b3d?s=96&d=mm&r=g","contentUrl":"https:\/\/secure.gravatar.com\/avatar\/443820550921091458b4823867723b3d?s=96&d=mm&r=g","caption":"gaprsa"},"url":"https:\/\/www.ull.es\/portal\/noticias\/author\/gaprsa\/"}]}},"primary_category":{"id":5232,"name":"Campus y Sostenibilidad","slug":"campus-y-sostenibilidad","link":"https:\/\/www.ull.es\/portal\/noticias\/category\/campus-y-sostenibilidad\/"},"featured_image_thumbnail_url":"https:\/\/www.ull.es\/portal\/noticias\/wp-content\/uploads\/sites\/13\/2023\/02\/Pegatinas-eficiencia-energetica-17-300x200.jpg","_links":{"self":[{"href":"https:\/\/www.ull.es\/portal\/noticias\/wp-json\/wp\/v2\/posts\/67999"}],"collection":[{"href":"https:\/\/www.ull.es\/portal\/noticias\/wp-json\/wp\/v2\/posts"}],"about":[{"href":"https:\/\/www.ull.es\/portal\/noticias\/wp-json\/wp\/v2\/types\/post"}],"author":[{"embeddable":true,"href":"https:\/\/www.ull.es\/portal\/noticias\/wp-json\/wp\/v2\/users\/23"}],"replies":[{"embeddable":true,"href":"https:\/\/www.ull.es\/portal\/noticias\/wp-json\/wp\/v2\/comments?post=67999"}],"version-history":[{"count":4,"href":"https:\/\/www.ull.es\/portal\/noticias\/wp-json\/wp\/v2\/posts\/67999\/revisions"}],"predecessor-version":[{"id":68009,"href":"https:\/\/www.ull.es\/portal\/noticias\/wp-json\/wp\/v2\/posts\/67999\/revisions\/68009"}],"wp:featuredmedia":[{"embeddable":true,"href":"https:\/\/www.ull.es\/portal\/noticias\/wp-json\/wp\/v2\/media\/68000"}],"wp:attachment":[{"href":"https:\/\/www.ull.es\/portal\/noticias\/wp-json\/wp\/v2\/media?parent=67999"}],"wp:term":[{"taxonomy":"category","embeddable":true,"href":"https:\/\/www.ull.es\/portal\/noticias\/wp-json\/wp\/v2\/categories?post=67999"},{"taxonomy":"post_tag","embeddable":true,"href":"https:\/\/www.ull.es\/portal\/noticias\/wp-json\/wp\/v2\/tags?post=67999"}],"curies":[{"name":"wp","href":"https:\/\/api.w.org\/{rel}","templated":true}]}}