{"id":68097,"date":"2023-03-03T09:46:41","date_gmt":"2023-03-03T09:46:41","guid":{"rendered":"https:\/\/www.ull.es\/portal\/noticias\/?p=68097"},"modified":"2023-03-03T10:22:58","modified_gmt":"2023-03-03T10:22:58","slug":"el-cabildo-impulsa-la-internacionalizacion-de-los-doctorandos-de-la-ull-con-el-programa-fostering-grads","status":"publish","type":"post","link":"https:\/\/www.ull.es\/portal\/noticias\/2023\/el-cabildo-impulsa-la-internacionalizacion-de-los-doctorandos-de-la-ull-con-el-programa-fostering-grads\/","title":{"rendered":"El Cabildo impulsa la internacionalizaci\u00f3n de los doctorandos de la ULL con el programa Fostering Grads"},"content":{"rendered":"<p>La consejera de Educaci\u00f3n y Juventud del Cabildo de Tenerife, Concepci\u00f3n Rivero, junto con la vicerrectora de Proyecci\u00f3n, Internacionalizaci\u00f3n y Cooperaci\u00f3n de la Universidad de La Laguna, Lidia Cabrera, han recibido a los doctorandos de la Universidad de La Laguna seleccionados para participar en el programa <a href=\"https:\/\/www.ecusa.es\/fostering-grads\/\" target=\"_blank\" rel=\"noopener\">Fostering Grads<\/a>. Estos estudiantes se encuentran en la primera fase de esta iniciativa, en la que tutelados por un mentor americano avanzan en diferentes proyectos, y pronto culminar\u00e1 el seguimiento con una estancia de entre tres y seis meses en un centro de investigaci\u00f3n de Estados Unidos.<\/p>\n<p>Concepci\u00f3n Rivero felicit\u00f3 a los estudiantes participantes en el programa y asegur\u00f3 que si ya es un logro alcanzar los estudios de doctorado, que son la m\u00e1xima titulaci\u00f3n universitaria, \u00abm\u00e1s lo es a\u00fan hacerlo con una menci\u00f3n internacional\u201d. En esta l\u00ednea incidi\u00f3 en los beneficios que les otorgar\u00e1 esta experiencia tanto en el desarrollo de sus proyectos profesionales como en las posibles oportunidades de empleo a las que podr\u00e1n acceder en el futuro pr\u00f3ximo y les anim\u00f3 a que adquieran muchos conocimientos \u00abque puedan traer a Tenerife para que se multiplique como una semilla y sigamos creciendo como Isla\u201d.<\/p>\n<p>Por su parte, la vicerrectora de Proyecci\u00f3n, Internacionalizaci\u00f3n y Cooperaci\u00f3n de la Universidad de La Laguna, Lidia Cabrera, agradeci\u00f3 el apoyo del Cabildo para sacar adelante proyectos como este, que \u201cno solo son un beneficio para la universidad y sus estudiantes, sino tambi\u00e9n lo son para la sociedad y el mundo entero\u201d. Adem\u00e1s, puso el acento en la necesidad de formar a ciudadanos que piensen globalmente y act\u00faen globalmente, \u00abuna finalidad que se logra por medio de la internalizaci\u00f3n\u201d.<\/p>\n<p>Durante encuentro, los estudiantes tuvieron la oportunidad de compartir sus experiencias durante el proceso formativo que est\u00e1n viviendo y de plantear dudas relacionadas con su inminente partida a Estados Unidos.\u00a0El Cabildo de Tenerife destina 75.000 euros a subvencionar este proyecto en la Universidad de La Laguna con el objetivo de desarrollar carreras profesionales con mayor proyecci\u00f3n, fortalecer el networking y mejorar las expectativas de empleo de los participantes. El programa Foresting Grads est\u00e1 organizado por la Asociaci\u00f3n de Espa\u00f1oles Cient\u00edficos en Estados Unidos (ECUSA) y vincula j\u00f3venes cient\u00edficos espa\u00f1oles con mentores establecidos en Estados Unidos para proporcionarles la posibilidad de realizar una estancia predoctoral en este pa\u00eds y expandir el potencial de su carrera.<\/p>\n","protected":false},"excerpt":{"rendered":"<p>La consejera de Educaci\u00f3n y Juventud del Cabildo de Tenerife, Concepci\u00f3n Rivero, junto con la vicerrectora de Proyecci\u00f3n, Internacionalizaci\u00f3n y&#8230;<\/p>\n","protected":false},"author":23,"featured_media":68098,"comment_status":"closed","ping_status":"closed","sticky":false,"template":"","format":"standard","meta":{"inline_featured_image":false,"footnotes":""},"categories":[345,349,2765],"tags":[665,3950,9710],"acf":[],"yoast_head":"<!-- This site is optimized with the Yoast SEO plugin v21.3 - https:\/\/yoast.com\/wordpress\/plugins\/seo\/ -->\n<title>El Cabildo impulsa la internacionalizaci\u00f3n de los doctorandos de la ULL con el programa Fostering Grads - ULL - Noticias<\/title>\n<meta name=\"robots\" content=\"index, follow, max-snippet:-1, max-image-preview:large, max-video-preview:-1\" \/>\n<link rel=\"canonical\" href=\"https:\/\/www.ull.es\/portal\/noticias\/2023\/el-cabildo-impulsa-la-internacionalizacion-de-los-doctorandos-de-la-ull-con-el-programa-fostering-grads\/\" \/>\n<meta property=\"og:locale\" content=\"es_ES\" \/>\n<meta property=\"og:type\" content=\"article\" \/>\n<meta property=\"og:title\" content=\"El Cabildo impulsa la internacionalizaci\u00f3n de los doctorandos de la ULL con el programa Fostering Grads - ULL - Noticias\" \/>\n<meta property=\"og:description\" content=\"La consejera de Educaci\u00f3n y Juventud del Cabildo de Tenerife, Concepci\u00f3n Rivero, junto con la vicerrectora de Proyecci\u00f3n, Internacionalizaci\u00f3n y...\" \/>\n<meta property=\"og:url\" content=\"https:\/\/www.ull.es\/portal\/noticias\/2023\/el-cabildo-impulsa-la-internacionalizacion-de-los-doctorandos-de-la-ull-con-el-programa-fostering-grads\/\" \/>\n<meta property=\"og:site_name\" content=\"ULL - Noticias\" \/>\n<meta property=\"article:publisher\" content=\"https:\/\/www.facebook.com\/universidaddelalaguna\/\" \/>\n<meta property=\"article:published_time\" content=\"2023-03-03T09:46:41+00:00\" \/>\n<meta property=\"article:modified_time\" content=\"2023-03-03T10:22:58+00:00\" \/>\n<meta property=\"og:image\" content=\"https:\/\/www.ull.es\/portal\/noticias\/wp-content\/uploads\/sites\/13\/2023\/03\/Recepcion-doctorandos.jpg\" \/>\n\t<meta property=\"og:image:width\" content=\"1600\" \/>\n\t<meta property=\"og:image:height\" content=\"1245\" \/>\n\t<meta property=\"og:image:type\" content=\"image\/jpeg\" \/>\n<meta name=\"author\" content=\"gaprsa\" \/>\n<meta name=\"twitter:card\" content=\"summary_large_image\" \/>\n<meta name=\"twitter:creator\" content=\"@CanalULL\" \/>\n<meta name=\"twitter:site\" content=\"@CanalULL\" \/>\n<meta name=\"twitter:label1\" content=\"Escrito por\" \/>\n\t<meta name=\"twitter:data1\" content=\"gaprsa\" \/>\n\t<meta name=\"twitter:label2\" content=\"Tiempo de lectura\" \/>\n\t<meta name=\"twitter:data2\" content=\"2 minutos\" \/>\n<script type=\"application\/ld+json\" class=\"yoast-schema-graph\">{\"@context\":\"https:\/\/schema.org\",\"@graph\":[{\"@type\":\"WebPage\",\"@id\":\"https:\/\/www.ull.es\/portal\/noticias\/2023\/el-cabildo-impulsa-la-internacionalizacion-de-los-doctorandos-de-la-ull-con-el-programa-fostering-grads\/\",\"url\":\"https:\/\/www.ull.es\/portal\/noticias\/2023\/el-cabildo-impulsa-la-internacionalizacion-de-los-doctorandos-de-la-ull-con-el-programa-fostering-grads\/\",\"name\":\"El Cabildo impulsa la internacionalizaci\u00f3n de los doctorandos de la ULL con el programa Fostering Grads - ULL - Noticias\",\"isPartOf\":{\"@id\":\"https:\/\/www.ull.es\/portal\/noticias\/#website\"},\"datePublished\":\"2023-03-03T09:46:41+00:00\",\"dateModified\":\"2023-03-03T10:22:58+00:00\",\"author\":{\"@id\":\"https:\/\/www.ull.es\/portal\/noticias\/#\/schema\/person\/b2b1a89d43ffa609e591f7df8ef3e817\"},\"breadcrumb\":{\"@id\":\"https:\/\/www.ull.es\/portal\/noticias\/2023\/el-cabildo-impulsa-la-internacionalizacion-de-los-doctorandos-de-la-ull-con-el-programa-fostering-grads\/#breadcrumb\"},\"inLanguage\":\"es\",\"potentialAction\":[{\"@type\":\"ReadAction\",\"target\":[\"https:\/\/www.ull.es\/portal\/noticias\/2023\/el-cabildo-impulsa-la-internacionalizacion-de-los-doctorandos-de-la-ull-con-el-programa-fostering-grads\/\"]}]},{\"@type\":\"BreadcrumbList\",\"@id\":\"https:\/\/www.ull.es\/portal\/noticias\/2023\/el-cabildo-impulsa-la-internacionalizacion-de-los-doctorandos-de-la-ull-con-el-programa-fostering-grads\/#breadcrumb\",\"itemListElement\":[{\"@type\":\"ListItem\",\"position\":1,\"name\":\"Portada\",\"item\":\"https:\/\/www.ull.es\/portal\/noticias\/\"},{\"@type\":\"ListItem\",\"position\":2,\"name\":\"El Cabildo impulsa la internacionalizaci\u00f3n de los doctorandos de la ULL con el programa Fostering Grads\"}]},{\"@type\":\"WebSite\",\"@id\":\"https:\/\/www.ull.es\/portal\/noticias\/#website\",\"url\":\"https:\/\/www.ull.es\/portal\/noticias\/\",\"name\":\"ULL - Noticias\",\"description\":\"\",\"potentialAction\":[{\"@type\":\"SearchAction\",\"target\":{\"@type\":\"EntryPoint\",\"urlTemplate\":\"https:\/\/www.ull.es\/portal\/noticias\/?s={search_term_string}\"},\"query-input\":\"required name=search_term_string\"}],\"inLanguage\":\"es\"},{\"@type\":\"Person\",\"@id\":\"https:\/\/www.ull.es\/portal\/noticias\/#\/schema\/person\/b2b1a89d43ffa609e591f7df8ef3e817\",\"name\":\"gaprsa\",\"image\":{\"@type\":\"ImageObject\",\"inLanguage\":\"es\",\"@id\":\"https:\/\/www.ull.es\/portal\/noticias\/#\/schema\/person\/image\/\",\"url\":\"https:\/\/secure.gravatar.com\/avatar\/443820550921091458b4823867723b3d?s=96&d=mm&r=g\",\"contentUrl\":\"https:\/\/secure.gravatar.com\/avatar\/443820550921091458b4823867723b3d?s=96&d=mm&r=g\",\"caption\":\"gaprsa\"},\"url\":\"https:\/\/www.ull.es\/portal\/noticias\/author\/gaprsa\/\"}]}<\/script>\n<!-- \/ Yoast SEO plugin. -->","yoast_head_json":{"title":"El Cabildo impulsa la internacionalizaci\u00f3n de los doctorandos de la ULL con el programa Fostering Grads - ULL - Noticias","robots":{"index":"index","follow":"follow","max-snippet":"max-snippet:-1","max-image-preview":"max-image-preview:large","max-video-preview":"max-video-preview:-1"},"canonical":"https:\/\/www.ull.es\/portal\/noticias\/2023\/el-cabildo-impulsa-la-internacionalizacion-de-los-doctorandos-de-la-ull-con-el-programa-fostering-grads\/","og_locale":"es_ES","og_type":"article","og_title":"El Cabildo impulsa la internacionalizaci\u00f3n de los doctorandos de la ULL con el programa Fostering Grads - ULL - Noticias","og_description":"La consejera de Educaci\u00f3n y Juventud del Cabildo de Tenerife, Concepci\u00f3n Rivero, junto con la vicerrectora de Proyecci\u00f3n, Internacionalizaci\u00f3n y...","og_url":"https:\/\/www.ull.es\/portal\/noticias\/2023\/el-cabildo-impulsa-la-internacionalizacion-de-los-doctorandos-de-la-ull-con-el-programa-fostering-grads\/","og_site_name":"ULL - Noticias","article_publisher":"https:\/\/www.facebook.com\/universidaddelalaguna\/","article_published_time":"2023-03-03T09:46:41+00:00","article_modified_time":"2023-03-03T10:22:58+00:00","og_image":[{"width":1600,"height":1245,"url":"https:\/\/www.ull.es\/portal\/noticias\/wp-content\/uploads\/sites\/13\/2023\/03\/Recepcion-doctorandos.jpg","type":"image\/jpeg"}],"author":"gaprsa","twitter_card":"summary_large_image","twitter_creator":"@CanalULL","twitter_site":"@CanalULL","twitter_misc":{"Escrito por":"gaprsa","Tiempo de lectura":"2 minutos"},"schema":{"@context":"https:\/\/schema.org","@graph":[{"@type":"WebPage","@id":"https:\/\/www.ull.es\/portal\/noticias\/2023\/el-cabildo-impulsa-la-internacionalizacion-de-los-doctorandos-de-la-ull-con-el-programa-fostering-grads\/","url":"https:\/\/www.ull.es\/portal\/noticias\/2023\/el-cabildo-impulsa-la-internacionalizacion-de-los-doctorandos-de-la-ull-con-el-programa-fostering-grads\/","name":"El Cabildo impulsa la internacionalizaci\u00f3n de los doctorandos de la ULL con el programa Fostering Grads - ULL - Noticias","isPartOf":{"@id":"https:\/\/www.ull.es\/portal\/noticias\/#website"},"datePublished":"2023-03-03T09:46:41+00:00","dateModified":"2023-03-03T10:22:58+00:00","author":{"@id":"https:\/\/www.ull.es\/portal\/noticias\/#\/schema\/person\/b2b1a89d43ffa609e591f7df8ef3e817"},"breadcrumb":{"@id":"https:\/\/www.ull.es\/portal\/noticias\/2023\/el-cabildo-impulsa-la-internacionalizacion-de-los-doctorandos-de-la-ull-con-el-programa-fostering-grads\/#breadcrumb"},"inLanguage":"es","potentialAction":[{"@type":"ReadAction","target":["https:\/\/www.ull.es\/portal\/noticias\/2023\/el-cabildo-impulsa-la-internacionalizacion-de-los-doctorandos-de-la-ull-con-el-programa-fostering-grads\/"]}]},{"@type":"BreadcrumbList","@id":"https:\/\/www.ull.es\/portal\/noticias\/2023\/el-cabildo-impulsa-la-internacionalizacion-de-los-doctorandos-de-la-ull-con-el-programa-fostering-grads\/#breadcrumb","itemListElement":[{"@type":"ListItem","position":1,"name":"Portada","item":"https:\/\/www.ull.es\/portal\/noticias\/"},{"@type":"ListItem","position":2,"name":"El Cabildo impulsa la internacionalizaci\u00f3n de los doctorandos de la ULL con el programa Fostering Grads"}]},{"@type":"WebSite","@id":"https:\/\/www.ull.es\/portal\/noticias\/#website","url":"https:\/\/www.ull.es\/portal\/noticias\/","name":"ULL - Noticias","description":"","potentialAction":[{"@type":"SearchAction","target":{"@type":"EntryPoint","urlTemplate":"https:\/\/www.ull.es\/portal\/noticias\/?s={search_term_string}"},"query-input":"required name=search_term_string"}],"inLanguage":"es"},{"@type":"Person","@id":"https:\/\/www.ull.es\/portal\/noticias\/#\/schema\/person\/b2b1a89d43ffa609e591f7df8ef3e817","name":"gaprsa","image":{"@type":"ImageObject","inLanguage":"es","@id":"https:\/\/www.ull.es\/portal\/noticias\/#\/schema\/person\/image\/","url":"https:\/\/secure.gravatar.com\/avatar\/443820550921091458b4823867723b3d?s=96&d=mm&r=g","contentUrl":"https:\/\/secure.gravatar.com\/avatar\/443820550921091458b4823867723b3d?s=96&d=mm&r=g","caption":"gaprsa"},"url":"https:\/\/www.ull.es\/portal\/noticias\/author\/gaprsa\/"}]}},"primary_category":{"id":345,"name":"Destacado","slug":"destacado","link":"https:\/\/www.ull.es\/portal\/noticias\/category\/destacado\/"},"featured_image_thumbnail_url":"https:\/\/www.ull.es\/portal\/noticias\/wp-content\/uploads\/sites\/13\/2023\/03\/Recepcion-doctorandos-300x233.jpg","_links":{"self":[{"href":"https:\/\/www.ull.es\/portal\/noticias\/wp-json\/wp\/v2\/posts\/68097"}],"collection":[{"href":"https:\/\/www.ull.es\/portal\/noticias\/wp-json\/wp\/v2\/posts"}],"about":[{"href":"https:\/\/www.ull.es\/portal\/noticias\/wp-json\/wp\/v2\/types\/post"}],"author":[{"embeddable":true,"href":"https:\/\/www.ull.es\/portal\/noticias\/wp-json\/wp\/v2\/users\/23"}],"replies":[{"embeddable":true,"href":"https:\/\/www.ull.es\/portal\/noticias\/wp-json\/wp\/v2\/comments?post=68097"}],"version-history":[{"count":4,"href":"https:\/\/www.ull.es\/portal\/noticias\/wp-json\/wp\/v2\/posts\/68097\/revisions"}],"predecessor-version":[{"id":68109,"href":"https:\/\/www.ull.es\/portal\/noticias\/wp-json\/wp\/v2\/posts\/68097\/revisions\/68109"}],"wp:featuredmedia":[{"embeddable":true,"href":"https:\/\/www.ull.es\/portal\/noticias\/wp-json\/wp\/v2\/media\/68098"}],"wp:attachment":[{"href":"https:\/\/www.ull.es\/portal\/noticias\/wp-json\/wp\/v2\/media?parent=68097"}],"wp:term":[{"taxonomy":"category","embeddable":true,"href":"https:\/\/www.ull.es\/portal\/noticias\/wp-json\/wp\/v2\/categories?post=68097"},{"taxonomy":"post_tag","embeddable":true,"href":"https:\/\/www.ull.es\/portal\/noticias\/wp-json\/wp\/v2\/tags?post=68097"}],"curies":[{"name":"wp","href":"https:\/\/api.w.org\/{rel}","templated":true}]}}