{"id":68416,"date":"2023-03-15T13:25:46","date_gmt":"2023-03-15T13:25:46","guid":{"rendered":"https:\/\/www.ull.es\/portal\/noticias\/?p=68416"},"modified":"2023-03-15T13:25:46","modified_gmt":"2023-03-15T13:25:46","slug":"ull-bienvenida-jovenes-contrato-administracion-publica","status":"publish","type":"post","link":"https:\/\/www.ull.es\/portal\/noticias\/2023\/ull-bienvenida-jovenes-contrato-administracion-publica\/","title":{"rendered":"La ULL da la bienvenida a los 15 j\u00f3venes que disfrutar\u00e1n de su primer contrato en una administraci\u00f3n p\u00fablica"},"content":{"rendered":"<p>Una quincena de j\u00f3venes egresados de diferentes titulaciones acad\u00e9micas tendr\u00e1 su primera experiencia laboral en la administraci\u00f3n p\u00fablica en la Universidad de La Laguna, la cual los ha contratado durante un a\u00f1o gracias a una subvenci\u00f3n del Servicio Canario de Empleo (SCE). Esta es la segunda edici\u00f3n de este programa de contratos formativos, que ya se desarroll\u00f3 en 2022 y, dado su \u00e9xito, ha sido reeditado.<\/p>\n<p>Estas personas recibieron una c\u00e1lida bienvenida por parte de la rectora, Rosa Aguilar, que estuvo acompa\u00f1ada por el gerente y promotor de la iniciativa, Juan Manuel Plasencia, y representantes de los diferentes servicios universitarios a los que se incorporar\u00e1n estos j\u00f3venes provenientes de titulaciones tan diversas como Econom\u00eda, Administraci\u00f3n y Direcci\u00f3n de Empresas y las ingenier\u00edas en Inform\u00e1tica, Electr\u00f3nica, Mec\u00e1nica y Civil. A esta convocatoria se presentaron 45 solicitantes, quienes se sometieron a un proceso de entrevistas para seleccionar a los m\u00e1s adecuadas para cada perfil ofertado.<\/p>\n<p><a href=\"https:\/\/www.ull.es\/portal\/noticias\/wp-content\/uploads\/sites\/13\/2023\/03\/contratados-ull-sce-03.jpg\" target=\"_blank\" rel=\"noopener\" target=\"_blank\" rel=\"noopener\"><img decoding=\"async\" loading=\"lazy\" class=\"alignleft wp-image-68418 size-medium\" src=\"https:\/\/www.ull.es\/portal\/noticias\/wp-content\/uploads\/sites\/13\/2023\/03\/contratados-ull-sce-03-300x200.jpg\" alt=\"\" width=\"300\" height=\"200\" srcset=\"https:\/\/www.ull.es\/portal\/noticias\/wp-content\/uploads\/sites\/13\/2023\/03\/contratados-ull-sce-03-300x200.jpg 300w, https:\/\/www.ull.es\/portal\/noticias\/wp-content\/uploads\/sites\/13\/2023\/03\/contratados-ull-sce-03-1024x683.jpg 1024w, https:\/\/www.ull.es\/portal\/noticias\/wp-content\/uploads\/sites\/13\/2023\/03\/contratados-ull-sce-03-768x512.jpg 768w, https:\/\/www.ull.es\/portal\/noticias\/wp-content\/uploads\/sites\/13\/2023\/03\/contratados-ull-sce-03-375x250.jpg 375w, https:\/\/www.ull.es\/portal\/noticias\/wp-content\/uploads\/sites\/13\/2023\/03\/contratados-ull-sce-03-750x500.jpg 750w, https:\/\/www.ull.es\/portal\/noticias\/wp-content\/uploads\/sites\/13\/2023\/03\/contratados-ull-sce-03-1140x760.jpg 1140w, https:\/\/www.ull.es\/portal\/noticias\/wp-content\/uploads\/sites\/13\/2023\/03\/contratados-ull-sce-03.jpg 1200w\" sizes=\"(max-width: 300px) 100vw, 300px\" \/><\/a>Seg\u00fan lo estipulado por el convenio con el SCE, estas nuevas incorporaciones provisionales se dividir\u00e1n en tres grupos: empleo verde, para desarrollar actividades relacionadas con sostenibilidad, competencias digitales y resto de la administraci\u00f3n, con especial foco en la vertiente econ\u00f3mica. De este modo, las tres personas integradas en el primer grupo trabajar\u00e1n en la Oficina T\u00e9cnica, dependiente del Vicerrectorado de Infraestructuras y Sostenibilidad; las del segundo, en la Vicegerencia de Planificaci\u00f3n Estrat\u00e9gica, con otras tres personas; y las nueve restantes, en servicios como el de Gesti\u00f3n Econ\u00f3mica y Financiera, Intervenci\u00f3n y Contrataci\u00f3n, entro otros.<\/p>\n<p>La rectora invit\u00f3 a los reci\u00e9n llegados a trabajar con ilusi\u00f3n en una instituci\u00f3n con un gran potencial de cambio, y les record\u00f3 la gran oportunidad que supone poder conocer la otra cara de la universidad, que normalmente no es conocida por el p\u00fablico. Por su parte, el gerente les coment\u00f3 que la instituci\u00f3n acad\u00e9mica es muy diferente a otras administraciones p\u00fablicas, por lo que este periodo de formaci\u00f3n remunerada sin duda les servir\u00e1 para mejorar y enriquecer su curr\u00edculo.<\/p>\n<p>En este acto de recibimiento tambi\u00e9n estuvieron presentes los diferentes responsables de los servicios en los que trabajar\u00e1n las nuevas personas contratas: la vicerrectora de Infraestructuras y Sostenibilidad, Montserrat Acosta; la directora de la Oficina t\u00e9cnica, Isabel Baro; la interventora de la instituci\u00f3n, Corina Mart\u00edn; la jefa de la Secci\u00f3n de Contabilidad y Presupuestos, Sonia Calvo; el vicegerente de Planificaci\u00f3n Estrat\u00e9gica, Jos\u00e9 Carlos Gonz\u00e1lez; y la directora del \u00c1rea Infraestructuras, Mantenimiento, Contrataci\u00f3n y Prevenci\u00f3n Riesgos Laborales, Ana Isabel Borja. Todos ellos pidieron a estos j\u00f3venes trabajar con ilusi\u00f3n, curiosidad y esp\u00edritu cr\u00edtico, y se congratularon por contar con ellos en sus servicios, lo que fomentar\u00e1 un aprendizaje mutuo ya que, sin duda, traer\u00e1n savia nueva consigo.<\/p>\n","protected":false},"excerpt":{"rendered":"<p>Una quincena de j\u00f3venes egresados de diferentes titulaciones acad\u00e9micas tendr\u00e1 su primera experiencia laboral en la administraci\u00f3n p\u00fablica en la&#8230;<\/p>\n","protected":false},"author":21,"featured_media":68417,"comment_status":"closed","ping_status":"closed","sticky":false,"template":"","format":"standard","meta":{"inline_featured_image":false,"footnotes":""},"categories":[345,348,2765],"tags":[3583,5315,5259],"acf":[],"yoast_head":"<!-- This site is optimized with the Yoast SEO plugin v21.3 - https:\/\/yoast.com\/wordpress\/plugins\/seo\/ -->\n<title>La ULL ofrece a 15 j\u00f3venes su primer contrato en la administraci\u00f3n<\/title>\n<meta name=\"description\" content=\"Gracias a un convenio con el Servicio Canario de Empleo, permanecer\u00e1n durante un a\u00f1o en la instituci\u00f3n, adscritos a diferentes servicios.\" \/>\n<meta name=\"robots\" content=\"index, follow, max-snippet:-1, max-image-preview:large, max-video-preview:-1\" \/>\n<link rel=\"canonical\" href=\"https:\/\/www.ull.es\/portal\/noticias\/2023\/ull-bienvenida-jovenes-contrato-administracion-publica\/\" \/>\n<meta property=\"og:locale\" content=\"es_ES\" \/>\n<meta property=\"og:type\" content=\"article\" \/>\n<meta property=\"og:title\" content=\"La ULL ofrece a 15 j\u00f3venes su primer contrato en la administraci\u00f3n\" \/>\n<meta property=\"og:description\" content=\"Gracias a un convenio con el Servicio Canario de Empleo, permanecer\u00e1n durante un a\u00f1o en la instituci\u00f3n, adscritos a diferentes servicios.\" \/>\n<meta property=\"og:url\" content=\"https:\/\/www.ull.es\/portal\/noticias\/2023\/ull-bienvenida-jovenes-contrato-administracion-publica\/\" \/>\n<meta property=\"og:site_name\" content=\"ULL - Noticias\" \/>\n<meta property=\"article:publisher\" content=\"https:\/\/www.facebook.com\/universidaddelalaguna\/\" \/>\n<meta property=\"article:published_time\" content=\"2023-03-15T13:25:46+00:00\" \/>\n<meta property=\"og:image\" content=\"https:\/\/www.ull.es\/portal\/noticias\/wp-content\/uploads\/sites\/13\/2023\/03\/contratados-ull-sce-01.jpg\" \/>\n\t<meta property=\"og:image:width\" content=\"1200\" \/>\n\t<meta property=\"og:image:height\" content=\"800\" \/>\n\t<meta property=\"og:image:type\" content=\"image\/jpeg\" \/>\n<meta name=\"author\" content=\"prensa2\" \/>\n<meta name=\"twitter:card\" content=\"summary_large_image\" \/>\n<meta name=\"twitter:creator\" content=\"@CanalULL\" \/>\n<meta name=\"twitter:site\" content=\"@CanalULL\" \/>\n<meta name=\"twitter:label1\" content=\"Escrito por\" \/>\n\t<meta name=\"twitter:data1\" content=\"prensa2\" \/>\n\t<meta name=\"twitter:label2\" content=\"Tiempo de lectura\" \/>\n\t<meta name=\"twitter:data2\" content=\"3 minutos\" \/>\n<script type=\"application\/ld+json\" class=\"yoast-schema-graph\">{\"@context\":\"https:\/\/schema.org\",\"@graph\":[{\"@type\":\"WebPage\",\"@id\":\"https:\/\/www.ull.es\/portal\/noticias\/2023\/ull-bienvenida-jovenes-contrato-administracion-publica\/\",\"url\":\"https:\/\/www.ull.es\/portal\/noticias\/2023\/ull-bienvenida-jovenes-contrato-administracion-publica\/\",\"name\":\"La ULL ofrece a 15 j\u00f3venes su primer contrato en la administraci\u00f3n\",\"isPartOf\":{\"@id\":\"https:\/\/www.ull.es\/portal\/noticias\/#website\"},\"datePublished\":\"2023-03-15T13:25:46+00:00\",\"dateModified\":\"2023-03-15T13:25:46+00:00\",\"author\":{\"@id\":\"https:\/\/www.ull.es\/portal\/noticias\/#\/schema\/person\/c3b2aa857797592927a03740d6664376\"},\"description\":\"Gracias a un convenio con el Servicio Canario de Empleo, permanecer\u00e1n durante un a\u00f1o en la instituci\u00f3n, adscritos a diferentes servicios.\",\"breadcrumb\":{\"@id\":\"https:\/\/www.ull.es\/portal\/noticias\/2023\/ull-bienvenida-jovenes-contrato-administracion-publica\/#breadcrumb\"},\"inLanguage\":\"es\",\"potentialAction\":[{\"@type\":\"ReadAction\",\"target\":[\"https:\/\/www.ull.es\/portal\/noticias\/2023\/ull-bienvenida-jovenes-contrato-administracion-publica\/\"]}]},{\"@type\":\"BreadcrumbList\",\"@id\":\"https:\/\/www.ull.es\/portal\/noticias\/2023\/ull-bienvenida-jovenes-contrato-administracion-publica\/#breadcrumb\",\"itemListElement\":[{\"@type\":\"ListItem\",\"position\":1,\"name\":\"Portada\",\"item\":\"https:\/\/www.ull.es\/portal\/noticias\/\"},{\"@type\":\"ListItem\",\"position\":2,\"name\":\"La ULL da la bienvenida a los 15 j\u00f3venes que disfrutar\u00e1n de su primer contrato en una administraci\u00f3n p\u00fablica\"}]},{\"@type\":\"WebSite\",\"@id\":\"https:\/\/www.ull.es\/portal\/noticias\/#website\",\"url\":\"https:\/\/www.ull.es\/portal\/noticias\/\",\"name\":\"ULL - Noticias\",\"description\":\"\",\"potentialAction\":[{\"@type\":\"SearchAction\",\"target\":{\"@type\":\"EntryPoint\",\"urlTemplate\":\"https:\/\/www.ull.es\/portal\/noticias\/?s={search_term_string}\"},\"query-input\":\"required name=search_term_string\"}],\"inLanguage\":\"es\"},{\"@type\":\"Person\",\"@id\":\"https:\/\/www.ull.es\/portal\/noticias\/#\/schema\/person\/c3b2aa857797592927a03740d6664376\",\"name\":\"prensa2\",\"image\":{\"@type\":\"ImageObject\",\"inLanguage\":\"es\",\"@id\":\"https:\/\/www.ull.es\/portal\/noticias\/#\/schema\/person\/image\/\",\"url\":\"https:\/\/secure.gravatar.com\/avatar\/b58f310a5de5feb33d1e026d2493f23c?s=96&d=mm&r=g\",\"contentUrl\":\"https:\/\/secure.gravatar.com\/avatar\/b58f310a5de5feb33d1e026d2493f23c?s=96&d=mm&r=g\",\"caption\":\"prensa2\"},\"url\":\"https:\/\/www.ull.es\/portal\/noticias\/author\/prensa2\/\"}]}<\/script>\n<!-- \/ Yoast SEO plugin. -->","yoast_head_json":{"title":"La ULL ofrece a 15 j\u00f3venes su primer contrato en la administraci\u00f3n","description":"Gracias a un convenio con el Servicio Canario de Empleo, permanecer\u00e1n durante un a\u00f1o en la instituci\u00f3n, adscritos a diferentes servicios.","robots":{"index":"index","follow":"follow","max-snippet":"max-snippet:-1","max-image-preview":"max-image-preview:large","max-video-preview":"max-video-preview:-1"},"canonical":"https:\/\/www.ull.es\/portal\/noticias\/2023\/ull-bienvenida-jovenes-contrato-administracion-publica\/","og_locale":"es_ES","og_type":"article","og_title":"La ULL ofrece a 15 j\u00f3venes su primer contrato en la administraci\u00f3n","og_description":"Gracias a un convenio con el Servicio Canario de Empleo, permanecer\u00e1n durante un a\u00f1o en la instituci\u00f3n, adscritos a diferentes servicios.","og_url":"https:\/\/www.ull.es\/portal\/noticias\/2023\/ull-bienvenida-jovenes-contrato-administracion-publica\/","og_site_name":"ULL - Noticias","article_publisher":"https:\/\/www.facebook.com\/universidaddelalaguna\/","article_published_time":"2023-03-15T13:25:46+00:00","og_image":[{"width":1200,"height":800,"url":"https:\/\/www.ull.es\/portal\/noticias\/wp-content\/uploads\/sites\/13\/2023\/03\/contratados-ull-sce-01.jpg","type":"image\/jpeg"}],"author":"prensa2","twitter_card":"summary_large_image","twitter_creator":"@CanalULL","twitter_site":"@CanalULL","twitter_misc":{"Escrito por":"prensa2","Tiempo de lectura":"3 minutos"},"schema":{"@context":"https:\/\/schema.org","@graph":[{"@type":"WebPage","@id":"https:\/\/www.ull.es\/portal\/noticias\/2023\/ull-bienvenida-jovenes-contrato-administracion-publica\/","url":"https:\/\/www.ull.es\/portal\/noticias\/2023\/ull-bienvenida-jovenes-contrato-administracion-publica\/","name":"La ULL ofrece a 15 j\u00f3venes su primer contrato en la administraci\u00f3n","isPartOf":{"@id":"https:\/\/www.ull.es\/portal\/noticias\/#website"},"datePublished":"2023-03-15T13:25:46+00:00","dateModified":"2023-03-15T13:25:46+00:00","author":{"@id":"https:\/\/www.ull.es\/portal\/noticias\/#\/schema\/person\/c3b2aa857797592927a03740d6664376"},"description":"Gracias a un convenio con el Servicio Canario de Empleo, permanecer\u00e1n durante un a\u00f1o en la instituci\u00f3n, adscritos a diferentes servicios.","breadcrumb":{"@id":"https:\/\/www.ull.es\/portal\/noticias\/2023\/ull-bienvenida-jovenes-contrato-administracion-publica\/#breadcrumb"},"inLanguage":"es","potentialAction":[{"@type":"ReadAction","target":["https:\/\/www.ull.es\/portal\/noticias\/2023\/ull-bienvenida-jovenes-contrato-administracion-publica\/"]}]},{"@type":"BreadcrumbList","@id":"https:\/\/www.ull.es\/portal\/noticias\/2023\/ull-bienvenida-jovenes-contrato-administracion-publica\/#breadcrumb","itemListElement":[{"@type":"ListItem","position":1,"name":"Portada","item":"https:\/\/www.ull.es\/portal\/noticias\/"},{"@type":"ListItem","position":2,"name":"La ULL da la bienvenida a los 15 j\u00f3venes que disfrutar\u00e1n de su primer contrato en una administraci\u00f3n p\u00fablica"}]},{"@type":"WebSite","@id":"https:\/\/www.ull.es\/portal\/noticias\/#website","url":"https:\/\/www.ull.es\/portal\/noticias\/","name":"ULL - Noticias","description":"","potentialAction":[{"@type":"SearchAction","target":{"@type":"EntryPoint","urlTemplate":"https:\/\/www.ull.es\/portal\/noticias\/?s={search_term_string}"},"query-input":"required name=search_term_string"}],"inLanguage":"es"},{"@type":"Person","@id":"https:\/\/www.ull.es\/portal\/noticias\/#\/schema\/person\/c3b2aa857797592927a03740d6664376","name":"prensa2","image":{"@type":"ImageObject","inLanguage":"es","@id":"https:\/\/www.ull.es\/portal\/noticias\/#\/schema\/person\/image\/","url":"https:\/\/secure.gravatar.com\/avatar\/b58f310a5de5feb33d1e026d2493f23c?s=96&d=mm&r=g","contentUrl":"https:\/\/secure.gravatar.com\/avatar\/b58f310a5de5feb33d1e026d2493f23c?s=96&d=mm&r=g","caption":"prensa2"},"url":"https:\/\/www.ull.es\/portal\/noticias\/author\/prensa2\/"}]}},"primary_category":{"id":345,"name":"Destacado","slug":"destacado","link":"https:\/\/www.ull.es\/portal\/noticias\/category\/destacado\/"},"featured_image_thumbnail_url":"https:\/\/www.ull.es\/portal\/noticias\/wp-content\/uploads\/sites\/13\/2023\/03\/contratados-ull-sce-01-300x200.jpg","_links":{"self":[{"href":"https:\/\/www.ull.es\/portal\/noticias\/wp-json\/wp\/v2\/posts\/68416"}],"collection":[{"href":"https:\/\/www.ull.es\/portal\/noticias\/wp-json\/wp\/v2\/posts"}],"about":[{"href":"https:\/\/www.ull.es\/portal\/noticias\/wp-json\/wp\/v2\/types\/post"}],"author":[{"embeddable":true,"href":"https:\/\/www.ull.es\/portal\/noticias\/wp-json\/wp\/v2\/users\/21"}],"replies":[{"embeddable":true,"href":"https:\/\/www.ull.es\/portal\/noticias\/wp-json\/wp\/v2\/comments?post=68416"}],"version-history":[{"count":1,"href":"https:\/\/www.ull.es\/portal\/noticias\/wp-json\/wp\/v2\/posts\/68416\/revisions"}],"predecessor-version":[{"id":68419,"href":"https:\/\/www.ull.es\/portal\/noticias\/wp-json\/wp\/v2\/posts\/68416\/revisions\/68419"}],"wp:featuredmedia":[{"embeddable":true,"href":"https:\/\/www.ull.es\/portal\/noticias\/wp-json\/wp\/v2\/media\/68417"}],"wp:attachment":[{"href":"https:\/\/www.ull.es\/portal\/noticias\/wp-json\/wp\/v2\/media?parent=68416"}],"wp:term":[{"taxonomy":"category","embeddable":true,"href":"https:\/\/www.ull.es\/portal\/noticias\/wp-json\/wp\/v2\/categories?post=68416"},{"taxonomy":"post_tag","embeddable":true,"href":"https:\/\/www.ull.es\/portal\/noticias\/wp-json\/wp\/v2\/tags?post=68416"}],"curies":[{"name":"wp","href":"https:\/\/api.w.org\/{rel}","templated":true}]}}