{"id":68447,"date":"2023-03-17T15:14:32","date_gmt":"2023-03-17T15:14:32","guid":{"rendered":"https:\/\/www.ull.es\/portal\/noticias\/?p=68447"},"modified":"2023-03-17T15:14:32","modified_gmt":"2023-03-17T15:14:32","slug":"francisco-garcia-rosa-aguilar-presentan-claustro-programas-equipos","status":"publish","type":"post","link":"https:\/\/www.ull.es\/portal\/noticias\/2023\/francisco-garcia-rosa-aguilar-presentan-claustro-programas-equipos\/","title":{"rendered":"Los candidatos Francisco Garc\u00eda y Rosa Aguilar presentan ante el Claustro sus programas de gobierno y equipos"},"content":{"rendered":"<p>El calendario electoral de los comicios al Rectorado de la Universidad de La Laguna ha arrancado hoy, viernes 17 de marzo, con la presentaci\u00f3n ante el Claustro de las dos candidaturas que concurren a este llamamiento: la de <a href=\"https:\/\/franciscogarciaull.es\/\" target=\"_blank\" rel=\"noopener\" target=\"_blank\" rel=\"noopener\">Francisco Garc\u00eda<\/a>, catedr\u00e1tico de Organizaci\u00f3n de Empresas, y la de <a href=\"https:\/\/seguimosrosi.es\/\" target=\"_blank\" rel=\"noopener\" target=\"_blank\" rel=\"noopener\">Rosa Aguilar<\/a>, actual rectora y catedr\u00e1tica de Ingenier\u00eda de Sistemas y Autom\u00e1tica.<\/p>\n<p style=\"text-align: center\"><strong><a href=\"https:\/\/drive.google.com\/drive\/folders\/1DI7ILid47HbqmJQjQ_ilHOCdeGRIJLNB?usp=sharing\" target=\"_blank\" rel=\"noopener\" target=\"_blank\" rel=\"noopener\">Galer\u00eda de fotos<\/a><\/strong><\/p>\n<p>Tras sorteo del turno de intervenciones, fue Francisco Garc\u00eda el primero en hablar, destacando que acept\u00f3 la propuesta de ser candidato el pasado mes de diciembre, decisi\u00f3n que le comunic\u00f3 a la rectora ya a la vuelta de vacaciones. Su motivaci\u00f3n para dar este paso se basa en sus 23 a\u00f1os de servicio como profesor de este centro acad\u00e9mico, adem\u00e1s del amplio conjunto de universitarios que le ha animado y su profunda convicci\u00f3n de que el servicio p\u00fablico se halla en riesgo y necesita un cambio de rumbo.<\/p>\n<p>Los principios program\u00e1ticos del candidato se basan en la defensa de la universidad p\u00fablica, baluarte de la equidad, y el conocimiento, materia prima esta \u00faltima que marcar\u00e1 el futuro de las islas, se\u00f1al\u00f3. La financiaci\u00f3n estable y suficiente del servicio p\u00fablico es otro pilar de la candidatura, adem\u00e1s de la creencia en la gobernanza democr\u00e1tica, participativa y transparente, con una mayor participaci\u00f3n de los \u00f3rganos colegiados. Una universidad m\u00e1s humanista es otro de los fundamentos de la candidatura de Francisco Garc\u00eda, para contribuir al cambio social alineado con la Agenda 2030.<\/p>\n<p><a href=\"https:\/\/www.ull.es\/portal\/noticias\/wp-content\/uploads\/sites\/13\/2023\/03\/Claustro-17-3-23.jpg\" target=\"_blank\" rel=\"noopener\" target=\"_blank\" rel=\"noopener\"><img decoding=\"async\" loading=\"lazy\" class=\"alignleft wp-image-68449 size-medium\" src=\"https:\/\/www.ull.es\/portal\/noticias\/wp-content\/uploads\/sites\/13\/2023\/03\/Claustro-17-3-23-300x200.jpg\" alt=\"\" width=\"300\" height=\"200\" srcset=\"https:\/\/www.ull.es\/portal\/noticias\/wp-content\/uploads\/sites\/13\/2023\/03\/Claustro-17-3-23-300x200.jpg 300w, https:\/\/www.ull.es\/portal\/noticias\/wp-content\/uploads\/sites\/13\/2023\/03\/Claustro-17-3-23-1024x683.jpg 1024w, https:\/\/www.ull.es\/portal\/noticias\/wp-content\/uploads\/sites\/13\/2023\/03\/Claustro-17-3-23-768x512.jpg 768w, https:\/\/www.ull.es\/portal\/noticias\/wp-content\/uploads\/sites\/13\/2023\/03\/Claustro-17-3-23-375x250.jpg 375w, https:\/\/www.ull.es\/portal\/noticias\/wp-content\/uploads\/sites\/13\/2023\/03\/Claustro-17-3-23-750x500.jpg 750w, https:\/\/www.ull.es\/portal\/noticias\/wp-content\/uploads\/sites\/13\/2023\/03\/Claustro-17-3-23-1140x760.jpg 1140w, https:\/\/www.ull.es\/portal\/noticias\/wp-content\/uploads\/sites\/13\/2023\/03\/Claustro-17-3-23.jpg 1200w\" sizes=\"(max-width: 300px) 100vw, 300px\" \/><\/a>En cuanto a la estructura de gobierno, destac\u00f3 que la Gerencia se centrar\u00e1 en la simplificaci\u00f3n normativa y org\u00e1nica, al tiempo que tambi\u00e9n de los procedimientos. Est\u00e1 previsto un plan de modernizaci\u00f3n y de planificaci\u00f3n y provisi\u00f3n de plazas de administraci\u00f3n y servicios. La persona elegida para ese cometido en esta candidatura es Mar\u00eda Teresa Covisa Rubia, inspectora de servicios y actualmente jefa de servicio de la Direcci\u00f3n de Modernizaci\u00f3n del Cabildo de Tenerife.<\/p>\n<p>En cuanto a la Secretar\u00eda General, su proyecto es la adaptaci\u00f3n a la normativa en vigor, puesta en marcha de un protocolo para la proposici\u00f3n de iniciativas normativas, portal de participaci\u00f3n y el incremento de la funcionalidad y la accesibilidad al Bolet\u00edn Oficial. Juan Antonio Garc\u00eda, profesor de Derecho, ocupar\u00eda la titularidad de este \u00e1mbito.<\/p>\n<p>El equipo plantea un Vicerrectorado de Sostenibilidad e Infraestructuras, cuyos prop\u00f3sitos pasan por implantar un sistema de gesti\u00f3n ambiental, un plan de acci\u00f3n para el clima y la energ\u00eda sostenible, plan de compra y contrataci\u00f3n p\u00fablica sostenible, un plan de choque de infraestructuras, con renovaci\u00f3n de equipamiento, adem\u00e1s de la dotaci\u00f3n de las facultades de Educaci\u00f3n y Ciencias de la Salud. Candela D\u00edaz, profesora titular de Ingenier\u00eda Qu\u00edmica, ser\u00eda la vicerrectora responsable.<\/p>\n<p>En el Vicerrectorado de Investigaci\u00f3n y Transferencia se plantea un conjunto de medidas para el desarrollo de un equipo de gesti\u00f3n y administrativo de los proyectos externos, reforzar oficina de transferencia, programas de atracci\u00f3n de talento internacional, apoyo a la publicaci\u00f3n de resultados e impulso del doctorado fomentando su internacionalizaci\u00f3n. Estar\u00eda a cargo del catedr\u00e1tico de Astronom\u00eda y Astrof\u00edsica Antonio Aparicio Juan.<\/p>\n<p>El Vicerrectorado de Internacionalizaci\u00f3n y Cooperaci\u00f3n al Desarrollo apoyar\u00e1 el Campus \u00c1frica y Campus Am\u00e9rica, as\u00ed como la alianza europea STARS EU, el fortalecimiento programas comunitarios y extracomunitarios, la mejora de la gesti\u00f3n de los programas de intercambio y dise\u00f1o de programas internacionales. Inmaculada Gonz\u00e1lez P\u00e9rez, del Departamento de Historia y Filosof\u00eda de la Ciencia, la Educaci\u00f3n y el Lenguaje, ser\u00eda la vicerrectora de esta \u00e1rea.<\/p>\n<p>El Vicerrectorado de Personal Docente e Investigador, de la mano del profesor titular de Bellas Artes, Alfonso Ruiz Rallo, se plantear\u00eda la elaboraci\u00f3n de un plan estrat\u00e9gico de plantilla del PDI, una financiaci\u00f3n extraordinaria plurianual, programa de incentivos al profesorado mayor 60 a\u00f1os con actividad relevante y una respuesta \u00e1gil para sustituci\u00f3n de profesorado, entre otras acciones.<\/p>\n<p>En cuanto al Vicerrectorado de Estudiantes, el candidato apunt\u00f3 que hay que relanzar la captaci\u00f3n de alumnado, fortaleciendo el contacto con el Servicio de Informaci\u00f3n y Orientaci\u00f3n, reforzar acciones de acompa\u00f1amiento para evitar el abandono, el fomento del asociacionismo estudiantil, un plan de captaci\u00f3n de empresas para pr\u00e1cticas de grado. Rosario Hern\u00e1ndez Borges, profesora contratada doctora de L\u00f3gica de la Ciencia, ser\u00eda la vicerrectora.<\/p>\n<p><a href=\"https:\/\/www.ull.es\/portal\/noticias\/wp-content\/uploads\/sites\/13\/2023\/03\/Claustro-17-3-09.jpg\" target=\"_blank\" rel=\"noopener\" target=\"_blank\" rel=\"noopener\"><img decoding=\"async\" loading=\"lazy\" class=\"alignright wp-image-68450 size-medium\" src=\"https:\/\/www.ull.es\/portal\/noticias\/wp-content\/uploads\/sites\/13\/2023\/03\/Claustro-17-3-09-300x200.jpg\" alt=\"\" width=\"300\" height=\"200\" srcset=\"https:\/\/www.ull.es\/portal\/noticias\/wp-content\/uploads\/sites\/13\/2023\/03\/Claustro-17-3-09-300x200.jpg 300w, https:\/\/www.ull.es\/portal\/noticias\/wp-content\/uploads\/sites\/13\/2023\/03\/Claustro-17-3-09-1024x683.jpg 1024w, https:\/\/www.ull.es\/portal\/noticias\/wp-content\/uploads\/sites\/13\/2023\/03\/Claustro-17-3-09-768x512.jpg 768w, https:\/\/www.ull.es\/portal\/noticias\/wp-content\/uploads\/sites\/13\/2023\/03\/Claustro-17-3-09-375x250.jpg 375w, https:\/\/www.ull.es\/portal\/noticias\/wp-content\/uploads\/sites\/13\/2023\/03\/Claustro-17-3-09-750x500.jpg 750w, https:\/\/www.ull.es\/portal\/noticias\/wp-content\/uploads\/sites\/13\/2023\/03\/Claustro-17-3-09-1140x760.jpg 1140w, https:\/\/www.ull.es\/portal\/noticias\/wp-content\/uploads\/sites\/13\/2023\/03\/Claustro-17-3-09.jpg 1200w\" sizes=\"(max-width: 300px) 100vw, 300px\" \/><\/a><\/p>\n<p>El Vicerrectorado de Transformaci\u00f3n Digital estar\u00eda a cargo de Vicente Blanco P\u00e9rez, profesor titular de Lenguajes y Sistemas Inform\u00e1ticos, quien se plantear\u00eda reactivar la Oficina Software Libre, el impulso de servicios tecnol\u00f3gicos, la mejora de procedimientos digitales y la racionalizaci\u00f3n de los recursos comprometidos.<\/p>\n<p>En el Vicerrectorado de Cultura y Extensi\u00f3n Universitaria se prev\u00e9 la descentralizaci\u00f3n del Programa de Mayores, la creaci\u00f3n de una plataforma para la gesti\u00f3n on line de los premios culturales, reforzar el apoyo al programa de aulas y c\u00e1tedras culturales, consolidar la oferta de las salas de exposiciones y completar el proceso de catalogaci\u00f3n del patrimonio art\u00edstico. Isabel Karelly Le\u00f3n P\u00e9rez, profesora titular de Filolog\u00eda Inglesa, ser\u00eda su responsable.<\/p>\n<p>El Vicerrectorado de Docencia pretende mejorar y reforzar la formaci\u00f3n del profesorado, promover la innovaci\u00f3n educativa, elaborar un cat\u00e1logo de titulaciones oficiales fomentando la oferta de dobles grados, al tiempo que mejorar el reglamento de evaluaci\u00f3n y creaci\u00f3n de un centro de formaci\u00f3n permanente. Jos\u00e9 Manuel Garc\u00eda Fraga, profesor titular de Qu\u00edmica Anal\u00edtica, ser\u00eda su titular. \u201cEste es el tiempo para este proyecto y para este equipo\u201d, concluy\u00f3 el candidato a las elecciones al Rectorado de la Universidad de La Laguna.<\/p>\n<p><strong>Rosa Aguilar<\/strong><\/p>\n<p>Rosa Aguilar Chinea present\u00f3 su trayectoria profesional dentro de la universidad, donde ha ocupado varios cargos de gesti\u00f3n. \u201cNervios e ilusi\u00f3n\u201d fueron las palabras de la candidata en el Claustro a la hora de enfrentarse a este reto. Se presenta despu\u00e9s de cuatro a\u00f1os de trabajo muy intensos, dijo, con avances en la valoraci\u00f3n social de la universidad, mejora de 65 procesos cr\u00edticos, automatizaci\u00f3n de m\u00e1s de 100.000 expedientes anuales y claros avances en modernizaci\u00f3n. Aguilar record\u00f3 que en su mandato se han implantado los grados de Nutrici\u00f3n y Diet\u00e9tica y de Ciencias de la Actividad F\u00edsica y del Deporte, ha habido 210 nuevas contrataciones de profesorado y se ha creado por fin una lista de sustituciones para el personal de administraci\u00f3n y servicios.<\/p>\n<p>Tambi\u00e9n sostuvo que la Universidad de La Laguna hace ciencia relevante en todos los continentes, cuenta con pr\u00e1cticas internacionales para el alumnado, aprob\u00f3 sus nuevos Estatutos y puso en marcha el Servicio de Atenci\u00f3n Psicol\u00f3gica y Logop\u00e9dica, as\u00ed como los presupuestos participativos, el servicio de orientaci\u00f3n sexual y la edici\u00f3n de varias memorias de responsabilidad social, entre otras acciones.<\/p>\n<p><a href=\"https:\/\/www.ull.es\/portal\/noticias\/wp-content\/uploads\/sites\/13\/2023\/03\/Claustro-17-3-39.jpg\" target=\"_blank\" rel=\"noopener\" target=\"_blank\" rel=\"noopener\"><img decoding=\"async\" loading=\"lazy\" class=\"alignleft wp-image-68451 size-medium\" src=\"https:\/\/www.ull.es\/portal\/noticias\/wp-content\/uploads\/sites\/13\/2023\/03\/Claustro-17-3-39-300x200.jpg\" alt=\"\" width=\"300\" height=\"200\" srcset=\"https:\/\/www.ull.es\/portal\/noticias\/wp-content\/uploads\/sites\/13\/2023\/03\/Claustro-17-3-39-300x200.jpg 300w, https:\/\/www.ull.es\/portal\/noticias\/wp-content\/uploads\/sites\/13\/2023\/03\/Claustro-17-3-39-1024x683.jpg 1024w, https:\/\/www.ull.es\/portal\/noticias\/wp-content\/uploads\/sites\/13\/2023\/03\/Claustro-17-3-39-768x512.jpg 768w, https:\/\/www.ull.es\/portal\/noticias\/wp-content\/uploads\/sites\/13\/2023\/03\/Claustro-17-3-39-375x250.jpg 375w, https:\/\/www.ull.es\/portal\/noticias\/wp-content\/uploads\/sites\/13\/2023\/03\/Claustro-17-3-39-750x500.jpg 750w, https:\/\/www.ull.es\/portal\/noticias\/wp-content\/uploads\/sites\/13\/2023\/03\/Claustro-17-3-39-1140x760.jpg 1140w, https:\/\/www.ull.es\/portal\/noticias\/wp-content\/uploads\/sites\/13\/2023\/03\/Claustro-17-3-39.jpg 1200w\" sizes=\"(max-width: 300px) 100vw, 300px\" \/><\/a>La candidata explic\u00f3 que quiere seguir por esa v\u00eda del cambio, donde tambi\u00e9n se han producido avances en transparencia, pasando de una calificaci\u00f3n de calificaci\u00f3n de 4,86 a 9,69. \u201cTodo eso lo hemos conseguido a la vez que nos enfrent\u00e1bamos a dos situaciones in\u00e9ditas, la pandemia y la erupci\u00f3n volc\u00e1nica\u201d, de las que dijo que, lejos de paralizarse, la instituci\u00f3n ha aprovechado para crecer y fortalecerse.<\/p>\n<p>Aguilar anunci\u00f3 que Roc\u00edo Pe\u00f1a V\u00e1zquez continuar\u00e1 como vicerrectora de Personal Docente e Investigador, caracterizada por su receptividad, dijo; Juan Albino M\u00e9ndez continuar\u00eda dinamizando la Cultura y la Participaci\u00f3n Social; Lastenia Hern\u00e1ndez proseguir\u00eda en la gesti\u00f3n de Estudiantes y Empleabilidad, mientras que Elvira Afonso continuar\u00e1 a cargo de la Secretar\u00eda General.<\/p>\n<p>Al tiempo que agradeci\u00f3 el trabajo desarrollado a los cargos salientes, anunci\u00f3 las nuevas incorporaciones: Juan Diego Betancourt en la Gerencia, Mar\u00eda del Mar Afonso en Investigaci\u00f3n y Transferencia, Juan Carlos Santamarta en Internacionalizaci\u00f3n, Jorge Mart\u00edn en Infraestructuras y Sostenibilidad, y Carmen Rodr\u00edguez Wanguemert en Innovaci\u00f3n Docente y Calidad.<\/p>\n<p>Actualizar el catalogo formativo, titulaciones con menci\u00f3n dual y microcr\u00e9ditos para profesionales fueron algunas propuestas de la candidata, junto a la reestructuraci\u00f3n de la Escuela de Doctorado y Estudios de Posgrado, la simplificaci\u00f3n de las gu\u00edas docentes, la acreditaci\u00f3n del programa Docentia o la acreditaci\u00f3n institucional de los centros fueron algunas de sus propuestas. La candidata tambi\u00e9n precis\u00f3 que continuar\u00eda mejorando la planificaci\u00f3n acad\u00e9mica, proseguir\u00e1 con la promoci\u00f3n de todo el profesorado, estabilizar\u00e1 a los asociados, agilizar\u00e1 los procesos de sustituci\u00f3n, habilitar\u00e1 un sistema de baremaci\u00f3n automatizado y continuar\u00e1 mejorando el plan de organizaci\u00f3n docente.<\/p>\n<p>En Investigaci\u00f3n, implementar\u00eda el plan estrat\u00e9gico de investigaci\u00f3n, potenciando servicios de informaci\u00f3n, gesti\u00f3n y justificaci\u00f3n; dar\u00e1 impulso a doctorados industriales, reforzar\u00e1 la oficina proyectos de investigaci\u00f3n y la disminuci\u00f3n de carga burocr\u00e1tica para investigadores principales, entre otras propuestas. Aguilar afirm\u00f3 que el estudiantado debe estar en el centro de la instituci\u00f3n, con un seguimiento del reglamento de evaluaci\u00f3n y calificaci\u00f3n, el impulso a la figura del defensor del estudiante, los reconocimientos institucionales de las distintas identidades sexuales y la consolidaci\u00f3n del programa Ingenia.<\/p>\n<p>La candidata propuso un plan estrat\u00e9gico de recursos humanos, el fomento del teletrabajo, un plan de reducci\u00f3n gradual horaria para personas de m\u00e1s de 60 a\u00f1os, la habilitaci\u00f3n de espacios de trabajo que favorezcan el bienestar laboral, la puesta en marcha de un t\u00edtulo propio en gesti\u00f3n estrat\u00e9gica universitaria, un programa para la innovaci\u00f3n universitaria y un programa de acogida para nuevas incorporaciones.<\/p>\n<p><a href=\"https:\/\/www.ull.es\/portal\/noticias\/wp-content\/uploads\/sites\/13\/2023\/03\/Claustro-17-3-14.jpg\" target=\"_blank\" rel=\"noopener\" target=\"_blank\" rel=\"noopener\"><img decoding=\"async\" loading=\"lazy\" class=\"alignright wp-image-68452 size-medium\" src=\"https:\/\/www.ull.es\/portal\/noticias\/wp-content\/uploads\/sites\/13\/2023\/03\/Claustro-17-3-14-300x200.jpg\" alt=\"\" width=\"300\" height=\"200\" srcset=\"https:\/\/www.ull.es\/portal\/noticias\/wp-content\/uploads\/sites\/13\/2023\/03\/Claustro-17-3-14-300x200.jpg 300w, https:\/\/www.ull.es\/portal\/noticias\/wp-content\/uploads\/sites\/13\/2023\/03\/Claustro-17-3-14-1024x683.jpg 1024w, https:\/\/www.ull.es\/portal\/noticias\/wp-content\/uploads\/sites\/13\/2023\/03\/Claustro-17-3-14-768x512.jpg 768w, https:\/\/www.ull.es\/portal\/noticias\/wp-content\/uploads\/sites\/13\/2023\/03\/Claustro-17-3-14-375x250.jpg 375w, https:\/\/www.ull.es\/portal\/noticias\/wp-content\/uploads\/sites\/13\/2023\/03\/Claustro-17-3-14-750x500.jpg 750w, https:\/\/www.ull.es\/portal\/noticias\/wp-content\/uploads\/sites\/13\/2023\/03\/Claustro-17-3-14-1140x760.jpg 1140w, https:\/\/www.ull.es\/portal\/noticias\/wp-content\/uploads\/sites\/13\/2023\/03\/Claustro-17-3-14.jpg 1200w\" sizes=\"(max-width: 300px) 100vw, 300px\" \/><\/a>En el \u00e1mbito Internacional, Aguilar propone la promoci\u00f3n y apoyo a los dobles t\u00edtulos internacionales, docencia en lengua inglesa, mayor n\u00famero de pr\u00e1cticas internacionales, internacionalizaci\u00f3n en casa mediante la continuidad de los programas en vigor, participaci\u00f3n del profesorado en proyectos internacionales Erasmus +, asesoramiento en materia de internacionalizaci\u00f3n y fomento de la cooperaci\u00f3n internacional.<\/p>\n<p>La puesta en marcha del archivo electr\u00f3nico \u00fanico, una pol\u00edtica de gesti\u00f3n de documentos, un sistema automatizado de acreditaci\u00f3n de titulaciones, un reglamento del archivo universitario y un sistema de video acta para la gesti\u00f3n de las actas de los \u00f3rganos colegiados fueron otras iniciativas propuestas por la candidata.<\/p>\n<p>Continuar con la instalaci\u00f3n de placas fotovoltaicas, nuevas infraestructuras para Ciencias de la Salud y Educaci\u00f3n, as\u00ed como planes plurianuales de adaptaci\u00f3n de espacios de estudio, as\u00ed como completar el estudio de movilidad para desarrollar un programa de movilidad sostenible, adem\u00e1s de zonas de entrenamiento al aire libre y actividades de asociaciones de estudiantes.<\/p>\n<p><a href=\"https:\/\/www.ull.es\/portal\/noticias\/wp-content\/uploads\/sites\/13\/2023\/03\/Claustro-17-3-50.jpg\" target=\"_blank\" rel=\"noopener\" target=\"_blank\" rel=\"noopener\"><img decoding=\"async\" loading=\"lazy\" class=\"alignleft wp-image-68453 size-medium\" src=\"https:\/\/www.ull.es\/portal\/noticias\/wp-content\/uploads\/sites\/13\/2023\/03\/Claustro-17-3-50-300x200.jpg\" alt=\"\" width=\"300\" height=\"200\" srcset=\"https:\/\/www.ull.es\/portal\/noticias\/wp-content\/uploads\/sites\/13\/2023\/03\/Claustro-17-3-50-300x200.jpg 300w, https:\/\/www.ull.es\/portal\/noticias\/wp-content\/uploads\/sites\/13\/2023\/03\/Claustro-17-3-50-1024x683.jpg 1024w, https:\/\/www.ull.es\/portal\/noticias\/wp-content\/uploads\/sites\/13\/2023\/03\/Claustro-17-3-50-768x512.jpg 768w, https:\/\/www.ull.es\/portal\/noticias\/wp-content\/uploads\/sites\/13\/2023\/03\/Claustro-17-3-50-375x250.jpg 375w, https:\/\/www.ull.es\/portal\/noticias\/wp-content\/uploads\/sites\/13\/2023\/03\/Claustro-17-3-50-750x500.jpg 750w, https:\/\/www.ull.es\/portal\/noticias\/wp-content\/uploads\/sites\/13\/2023\/03\/Claustro-17-3-50-1140x760.jpg 1140w, https:\/\/www.ull.es\/portal\/noticias\/wp-content\/uploads\/sites\/13\/2023\/03\/Claustro-17-3-50.jpg 1200w\" sizes=\"(max-width: 300px) 100vw, 300px\" \/><\/a>Otras propuestas tuvieron que ver con la extensi\u00f3n del Pasaporte Cultural, la puesta en marcha de actividades culturales en los campus, completar el cat\u00e1logo de patrimonio art\u00edstico, el desarrollo del Curriculum Social o la mayor colaboraci\u00f3n con Alumni ULL. \u201cLo importante es la defensa de nuestra universidad, una instituci\u00f3n con gran capacidad transformadora. El di\u00e1logo, el acuerdo y el consenso ser\u00e1 nuestra forma de trabajar, abiertos a la cr\u00edtica constructiva, la transparencia y la modernizaci\u00f3n\u201d, concluy\u00f3.<\/p>\n<p>Tras las dos exposiciones los distintos grupos claustrales interpelaron a los candidatos para aclarar dudas y conocer m\u00e1s de cerca sus propuestas.<\/p>\n","protected":false},"excerpt":{"rendered":"<p>El calendario electoral de los comicios al Rectorado de la Universidad de La Laguna ha arrancado hoy, viernes 17 de&#8230;<\/p>\n","protected":false},"author":21,"featured_media":68448,"comment_status":"closed","ping_status":"closed","sticky":false,"template":"","format":"standard","meta":{"inline_featured_image":false,"footnotes":""},"categories":[345,347,2765],"tags":[833,1111,9707,1304,2251,5717],"acf":[],"yoast_head":"<!-- This site is optimized with the Yoast SEO plugin v21.3 - https:\/\/yoast.com\/wordpress\/plugins\/seo\/ -->\n<title>El Claustro de la ULL conoce las candidaturas al Rectorado<\/title>\n<meta name=\"description\" content=\"Francisco Garc\u00eda y Rosa Aguilar presentaron ante el \u00f3rgano colegiado sus programas y equipos de gobierno para las pr\u00f3ximas elecciones.\" \/>\n<meta name=\"robots\" content=\"index, follow, max-snippet:-1, max-image-preview:large, max-video-preview:-1\" \/>\n<link rel=\"canonical\" href=\"https:\/\/www.ull.es\/portal\/noticias\/2023\/francisco-garcia-rosa-aguilar-presentan-claustro-programas-equipos\/\" \/>\n<meta property=\"og:locale\" content=\"es_ES\" \/>\n<meta property=\"og:type\" content=\"article\" \/>\n<meta property=\"og:title\" content=\"El Claustro de la ULL conoce las candidaturas al Rectorado\" \/>\n<meta property=\"og:description\" content=\"Francisco Garc\u00eda y Rosa Aguilar presentaron ante el \u00f3rgano colegiado sus programas y equipos de gobierno para las pr\u00f3ximas elecciones.\" \/>\n<meta property=\"og:url\" content=\"https:\/\/www.ull.es\/portal\/noticias\/2023\/francisco-garcia-rosa-aguilar-presentan-claustro-programas-equipos\/\" \/>\n<meta property=\"og:site_name\" content=\"ULL - Noticias\" \/>\n<meta property=\"article:publisher\" content=\"https:\/\/www.facebook.com\/universidaddelalaguna\/\" \/>\n<meta property=\"article:published_time\" content=\"2023-03-17T15:14:32+00:00\" \/>\n<meta property=\"og:image\" content=\"https:\/\/www.ull.es\/portal\/noticias\/wp-content\/uploads\/sites\/13\/2023\/03\/Claustro-17-3-01.jpg\" \/>\n\t<meta property=\"og:image:width\" content=\"1200\" \/>\n\t<meta property=\"og:image:height\" content=\"800\" \/>\n\t<meta property=\"og:image:type\" content=\"image\/jpeg\" \/>\n<meta name=\"author\" content=\"prensa2\" \/>\n<meta name=\"twitter:card\" content=\"summary_large_image\" \/>\n<meta name=\"twitter:creator\" content=\"@CanalULL\" \/>\n<meta name=\"twitter:site\" content=\"@CanalULL\" \/>\n<meta name=\"twitter:label1\" content=\"Escrito por\" \/>\n\t<meta name=\"twitter:data1\" content=\"prensa2\" \/>\n\t<meta name=\"twitter:label2\" content=\"Tiempo de lectura\" \/>\n\t<meta name=\"twitter:data2\" content=\"9 minutos\" \/>\n<script type=\"application\/ld+json\" class=\"yoast-schema-graph\">{\"@context\":\"https:\/\/schema.org\",\"@graph\":[{\"@type\":\"WebPage\",\"@id\":\"https:\/\/www.ull.es\/portal\/noticias\/2023\/francisco-garcia-rosa-aguilar-presentan-claustro-programas-equipos\/\",\"url\":\"https:\/\/www.ull.es\/portal\/noticias\/2023\/francisco-garcia-rosa-aguilar-presentan-claustro-programas-equipos\/\",\"name\":\"El Claustro de la ULL conoce las candidaturas al Rectorado\",\"isPartOf\":{\"@id\":\"https:\/\/www.ull.es\/portal\/noticias\/#website\"},\"datePublished\":\"2023-03-17T15:14:32+00:00\",\"dateModified\":\"2023-03-17T15:14:32+00:00\",\"author\":{\"@id\":\"https:\/\/www.ull.es\/portal\/noticias\/#\/schema\/person\/c3b2aa857797592927a03740d6664376\"},\"description\":\"Francisco Garc\u00eda y Rosa Aguilar presentaron ante el \u00f3rgano colegiado sus programas y equipos de gobierno para las pr\u00f3ximas elecciones.\",\"breadcrumb\":{\"@id\":\"https:\/\/www.ull.es\/portal\/noticias\/2023\/francisco-garcia-rosa-aguilar-presentan-claustro-programas-equipos\/#breadcrumb\"},\"inLanguage\":\"es\",\"potentialAction\":[{\"@type\":\"ReadAction\",\"target\":[\"https:\/\/www.ull.es\/portal\/noticias\/2023\/francisco-garcia-rosa-aguilar-presentan-claustro-programas-equipos\/\"]}]},{\"@type\":\"BreadcrumbList\",\"@id\":\"https:\/\/www.ull.es\/portal\/noticias\/2023\/francisco-garcia-rosa-aguilar-presentan-claustro-programas-equipos\/#breadcrumb\",\"itemListElement\":[{\"@type\":\"ListItem\",\"position\":1,\"name\":\"Portada\",\"item\":\"https:\/\/www.ull.es\/portal\/noticias\/\"},{\"@type\":\"ListItem\",\"position\":2,\"name\":\"Los candidatos Francisco Garc\u00eda y Rosa Aguilar presentan ante el Claustro sus programas de gobierno y equipos\"}]},{\"@type\":\"WebSite\",\"@id\":\"https:\/\/www.ull.es\/portal\/noticias\/#website\",\"url\":\"https:\/\/www.ull.es\/portal\/noticias\/\",\"name\":\"ULL - Noticias\",\"description\":\"\",\"potentialAction\":[{\"@type\":\"SearchAction\",\"target\":{\"@type\":\"EntryPoint\",\"urlTemplate\":\"https:\/\/www.ull.es\/portal\/noticias\/?s={search_term_string}\"},\"query-input\":\"required name=search_term_string\"}],\"inLanguage\":\"es\"},{\"@type\":\"Person\",\"@id\":\"https:\/\/www.ull.es\/portal\/noticias\/#\/schema\/person\/c3b2aa857797592927a03740d6664376\",\"name\":\"prensa2\",\"image\":{\"@type\":\"ImageObject\",\"inLanguage\":\"es\",\"@id\":\"https:\/\/www.ull.es\/portal\/noticias\/#\/schema\/person\/image\/\",\"url\":\"https:\/\/secure.gravatar.com\/avatar\/b58f310a5de5feb33d1e026d2493f23c?s=96&d=mm&r=g\",\"contentUrl\":\"https:\/\/secure.gravatar.com\/avatar\/b58f310a5de5feb33d1e026d2493f23c?s=96&d=mm&r=g\",\"caption\":\"prensa2\"},\"url\":\"https:\/\/www.ull.es\/portal\/noticias\/author\/prensa2\/\"}]}<\/script>\n<!-- \/ Yoast SEO plugin. -->","yoast_head_json":{"title":"El Claustro de la ULL conoce las candidaturas al Rectorado","description":"Francisco Garc\u00eda y Rosa Aguilar presentaron ante el \u00f3rgano colegiado sus programas y equipos de gobierno para las pr\u00f3ximas elecciones.","robots":{"index":"index","follow":"follow","max-snippet":"max-snippet:-1","max-image-preview":"max-image-preview:large","max-video-preview":"max-video-preview:-1"},"canonical":"https:\/\/www.ull.es\/portal\/noticias\/2023\/francisco-garcia-rosa-aguilar-presentan-claustro-programas-equipos\/","og_locale":"es_ES","og_type":"article","og_title":"El Claustro de la ULL conoce las candidaturas al Rectorado","og_description":"Francisco Garc\u00eda y Rosa Aguilar presentaron ante el \u00f3rgano colegiado sus programas y equipos de gobierno para las pr\u00f3ximas elecciones.","og_url":"https:\/\/www.ull.es\/portal\/noticias\/2023\/francisco-garcia-rosa-aguilar-presentan-claustro-programas-equipos\/","og_site_name":"ULL - Noticias","article_publisher":"https:\/\/www.facebook.com\/universidaddelalaguna\/","article_published_time":"2023-03-17T15:14:32+00:00","og_image":[{"width":1200,"height":800,"url":"https:\/\/www.ull.es\/portal\/noticias\/wp-content\/uploads\/sites\/13\/2023\/03\/Claustro-17-3-01.jpg","type":"image\/jpeg"}],"author":"prensa2","twitter_card":"summary_large_image","twitter_creator":"@CanalULL","twitter_site":"@CanalULL","twitter_misc":{"Escrito por":"prensa2","Tiempo de lectura":"9 minutos"},"schema":{"@context":"https:\/\/schema.org","@graph":[{"@type":"WebPage","@id":"https:\/\/www.ull.es\/portal\/noticias\/2023\/francisco-garcia-rosa-aguilar-presentan-claustro-programas-equipos\/","url":"https:\/\/www.ull.es\/portal\/noticias\/2023\/francisco-garcia-rosa-aguilar-presentan-claustro-programas-equipos\/","name":"El Claustro de la ULL conoce las candidaturas al Rectorado","isPartOf":{"@id":"https:\/\/www.ull.es\/portal\/noticias\/#website"},"datePublished":"2023-03-17T15:14:32+00:00","dateModified":"2023-03-17T15:14:32+00:00","author":{"@id":"https:\/\/www.ull.es\/portal\/noticias\/#\/schema\/person\/c3b2aa857797592927a03740d6664376"},"description":"Francisco Garc\u00eda y Rosa Aguilar presentaron ante el \u00f3rgano colegiado sus programas y equipos de gobierno para las pr\u00f3ximas elecciones.","breadcrumb":{"@id":"https:\/\/www.ull.es\/portal\/noticias\/2023\/francisco-garcia-rosa-aguilar-presentan-claustro-programas-equipos\/#breadcrumb"},"inLanguage":"es","potentialAction":[{"@type":"ReadAction","target":["https:\/\/www.ull.es\/portal\/noticias\/2023\/francisco-garcia-rosa-aguilar-presentan-claustro-programas-equipos\/"]}]},{"@type":"BreadcrumbList","@id":"https:\/\/www.ull.es\/portal\/noticias\/2023\/francisco-garcia-rosa-aguilar-presentan-claustro-programas-equipos\/#breadcrumb","itemListElement":[{"@type":"ListItem","position":1,"name":"Portada","item":"https:\/\/www.ull.es\/portal\/noticias\/"},{"@type":"ListItem","position":2,"name":"Los candidatos Francisco Garc\u00eda y Rosa Aguilar presentan ante el Claustro sus programas de gobierno y equipos"}]},{"@type":"WebSite","@id":"https:\/\/www.ull.es\/portal\/noticias\/#website","url":"https:\/\/www.ull.es\/portal\/noticias\/","name":"ULL - Noticias","description":"","potentialAction":[{"@type":"SearchAction","target":{"@type":"EntryPoint","urlTemplate":"https:\/\/www.ull.es\/portal\/noticias\/?s={search_term_string}"},"query-input":"required name=search_term_string"}],"inLanguage":"es"},{"@type":"Person","@id":"https:\/\/www.ull.es\/portal\/noticias\/#\/schema\/person\/c3b2aa857797592927a03740d6664376","name":"prensa2","image":{"@type":"ImageObject","inLanguage":"es","@id":"https:\/\/www.ull.es\/portal\/noticias\/#\/schema\/person\/image\/","url":"https:\/\/secure.gravatar.com\/avatar\/b58f310a5de5feb33d1e026d2493f23c?s=96&d=mm&r=g","contentUrl":"https:\/\/secure.gravatar.com\/avatar\/b58f310a5de5feb33d1e026d2493f23c?s=96&d=mm&r=g","caption":"prensa2"},"url":"https:\/\/www.ull.es\/portal\/noticias\/author\/prensa2\/"}]}},"primary_category":{"id":345,"name":"Destacado","slug":"destacado","link":"https:\/\/www.ull.es\/portal\/noticias\/category\/destacado\/"},"featured_image_thumbnail_url":"https:\/\/www.ull.es\/portal\/noticias\/wp-content\/uploads\/sites\/13\/2023\/03\/Claustro-17-3-01-300x200.jpg","_links":{"self":[{"href":"https:\/\/www.ull.es\/portal\/noticias\/wp-json\/wp\/v2\/posts\/68447"}],"collection":[{"href":"https:\/\/www.ull.es\/portal\/noticias\/wp-json\/wp\/v2\/posts"}],"about":[{"href":"https:\/\/www.ull.es\/portal\/noticias\/wp-json\/wp\/v2\/types\/post"}],"author":[{"embeddable":true,"href":"https:\/\/www.ull.es\/portal\/noticias\/wp-json\/wp\/v2\/users\/21"}],"replies":[{"embeddable":true,"href":"https:\/\/www.ull.es\/portal\/noticias\/wp-json\/wp\/v2\/comments?post=68447"}],"version-history":[{"count":1,"href":"https:\/\/www.ull.es\/portal\/noticias\/wp-json\/wp\/v2\/posts\/68447\/revisions"}],"predecessor-version":[{"id":68454,"href":"https:\/\/www.ull.es\/portal\/noticias\/wp-json\/wp\/v2\/posts\/68447\/revisions\/68454"}],"wp:featuredmedia":[{"embeddable":true,"href":"https:\/\/www.ull.es\/portal\/noticias\/wp-json\/wp\/v2\/media\/68448"}],"wp:attachment":[{"href":"https:\/\/www.ull.es\/portal\/noticias\/wp-json\/wp\/v2\/media?parent=68447"}],"wp:term":[{"taxonomy":"category","embeddable":true,"href":"https:\/\/www.ull.es\/portal\/noticias\/wp-json\/wp\/v2\/categories?post=68447"},{"taxonomy":"post_tag","embeddable":true,"href":"https:\/\/www.ull.es\/portal\/noticias\/wp-json\/wp\/v2\/tags?post=68447"}],"curies":[{"name":"wp","href":"https:\/\/api.w.org\/{rel}","templated":true}]}}