{"id":68462,"date":"2023-03-20T09:10:28","date_gmt":"2023-03-20T09:10:28","guid":{"rendered":"https:\/\/www.ull.es\/portal\/noticias\/?p=68462"},"modified":"2023-03-20T09:10:28","modified_gmt":"2023-03-20T09:10:28","slug":"ull-abre-nuevas-relaciones-universidades-ecuatorianas","status":"publish","type":"post","link":"https:\/\/www.ull.es\/portal\/noticias\/2023\/ull-abre-nuevas-relaciones-universidades-ecuatorianas\/","title":{"rendered":"La ULL abre nuevas relaciones con universidades ecuatorianas y planea proyectos compartidos"},"content":{"rendered":"<p>La vicerrectora de Proyecci\u00f3n, Internacionalizaci\u00f3n y Cooperaci\u00f3n de la Universidad de La Laguna, Lidia Cabrera P\u00e9rez, ha visitado recientemente Ecuador, realizando una gira por distintas universidades, en unos casos para para reforzar relaciones y proyectos abiertos con anterioridad -como la Pontificia Universidad Cat\u00f3lica de Ecuador (PUCE) en sus distintas sedes (Ibarra, Santo Domingo y Quito) y la Universidad T\u00e9cnica Privada de Loja (UTPL)-, y otros, para iniciar relaciones y proyectos, como la Universidad Central del Ecuador (UCE).<\/p>\n<p>De \u00e9sta \u00faltima destaca su antig\u00fcedad, con m\u00e1s de 400 a\u00f1os de historia, su car\u00e1cter p\u00fablico, su estaci\u00f3n cient\u00edfica en la Amazonia y su sede en las Islas Gal\u00e1pagos, de alto atractivo e inter\u00e9s para la Universidad de La Laguna por su afinidad en \u00e1reas como el desarrollo y econom\u00edas insulares, turismo, biolog\u00eda, geolog\u00eda e ingenier\u00eda ambiental.<\/p>\n<p>Los convenios de colaboraci\u00f3n marco y espec\u00edficos abiertos con todas ellas incluyen un amplio abanico de proyectos, entre los que destacan el acceso a los programas de doctorado para estudiantes ecuatorianos, a la vez que su inclusi\u00f3n en los grupos de investigaci\u00f3n de la Universidad de La Laguna, y el inicio de docencia compartida, tanto desde colaboraciones en l\u00ednea a trav\u00e9s de los Collaborative Online International Learning (COIL) hasta el dise\u00f1o de t\u00edtulos conjuntos.<\/p>\n<div id=\"attachment_68465\" style=\"width: 310px\" class=\"wp-caption alignleft\"><a href=\"https:\/\/www.ull.es\/portal\/noticias\/wp-content\/uploads\/sites\/13\/2023\/03\/internacional-UTPL-LOJA.jpg\" target=\"_blank\" rel=\"noopener\" target=\"_blank\" rel=\"noopener\"><img aria-describedby=\"caption-attachment-68465\" decoding=\"async\" loading=\"lazy\" class=\"wp-image-68465 size-medium\" src=\"https:\/\/www.ull.es\/portal\/noticias\/wp-content\/uploads\/sites\/13\/2023\/03\/internacional-UTPL-LOJA-300x223.jpg\" alt=\"Reuni\u00f3n con el equipo de la UTPL\" width=\"300\" height=\"223\" srcset=\"https:\/\/www.ull.es\/portal\/noticias\/wp-content\/uploads\/sites\/13\/2023\/03\/internacional-UTPL-LOJA-300x223.jpg 300w, https:\/\/www.ull.es\/portal\/noticias\/wp-content\/uploads\/sites\/13\/2023\/03\/internacional-UTPL-LOJA-1024x759.jpg 1024w, https:\/\/www.ull.es\/portal\/noticias\/wp-content\/uploads\/sites\/13\/2023\/03\/internacional-UTPL-LOJA-768x570.jpg 768w, https:\/\/www.ull.es\/portal\/noticias\/wp-content\/uploads\/sites\/13\/2023\/03\/internacional-UTPL-LOJA-375x278.jpg 375w, https:\/\/www.ull.es\/portal\/noticias\/wp-content\/uploads\/sites\/13\/2023\/03\/internacional-UTPL-LOJA-750x556.jpg 750w, https:\/\/www.ull.es\/portal\/noticias\/wp-content\/uploads\/sites\/13\/2023\/03\/internacional-UTPL-LOJA-1140x846.jpg 1140w, https:\/\/www.ull.es\/portal\/noticias\/wp-content\/uploads\/sites\/13\/2023\/03\/internacional-UTPL-LOJA-108x81.jpg 108w, https:\/\/www.ull.es\/portal\/noticias\/wp-content\/uploads\/sites\/13\/2023\/03\/internacional-UTPL-LOJA.jpg 1200w\" sizes=\"(max-width: 300px) 100vw, 300px\" \/><\/a><p id=\"caption-attachment-68465\" class=\"wp-caption-text\">Reuni\u00f3n con el equipo de la UTPL<\/p><\/div>\n<p>Con la UTPL, centro de referencia en la docencia en l\u00ednea con el cual ya se tiene una historia de doctorados en cotutela, se planearon acciones para el fomento de la docencia compartida en l\u00ednea, planes de formaci\u00f3n permanente del profesorado en modalidades diversas, aprovechando el Parque Cient\u00edfico y Tecnol\u00f3gico para la docencia en l\u00ednea de esta universidad, y coorganizaci\u00f3n conjunta de actividades en las \u00e1reas de internacionalizaci\u00f3n, para el fomento de competencias interculturales y extensi\u00f3n cultural.<\/p>\n<p>Con la PUCE Santo Domingo, con la cual se est\u00e1 desarrollando un proyecto de cooperaci\u00f3n al desarrollo centrado en el empoderamiento empresarial de las mujeres de la Cooperativa (Barrio) Juan Eulogio, aprovechando las instalaciones de un jard\u00edn bot\u00e1nico propiedad de la universidad, se definieron itinerarios y programas de doctorado para la formaci\u00f3n de su profesorado, a la vez que se identificaron actuaciones futuras para la movilidad del profesorado y alumnado de la universidad de La Laguna con intereses en la biodiversidad del mencionado jard\u00edn.<\/p>\n<p>Este espacio es referente y forma parte de las redes y consorcios mundiales relacionados con la conservaci\u00f3n e investigaci\u00f3n, as\u00ed como de alianzas por el cambio clim\u00e1tico y restauraci\u00f3n ecol\u00f3gica; adem\u00e1s de haber obtenido recientemente el sello que le acredita con los est\u00e1ndares internacionales del BGCI <em>Botanic Garden Accreditation<\/em>. En esta sede de la PUCE en Santo Domingo, as\u00ed como en las de Ibarra y Quito, se analizaron los indicadores requeridos para el dise\u00f1o de m\u00e1steres compartidos en diversas \u00e1reas de inter\u00e9s com\u00fan y estrat\u00e9gico en las que se viene trabajando desde hace tiempo (patrimonio y salud p\u00fablica).<\/p>\n<div id=\"attachment_68464\" style=\"width: 310px\" class=\"wp-caption alignright\"><a href=\"https:\/\/www.ull.es\/portal\/noticias\/wp-content\/uploads\/sites\/13\/2023\/03\/reunion-UCE.jpg\" target=\"_blank\" rel=\"noopener\" target=\"_blank\" rel=\"noopener\"><img aria-describedby=\"caption-attachment-68464\" decoding=\"async\" loading=\"lazy\" class=\"wp-image-68464 size-medium\" src=\"https:\/\/www.ull.es\/portal\/noticias\/wp-content\/uploads\/sites\/13\/2023\/03\/reunion-UCE-300x225.jpg\" alt=\"Reuni\u00f3n en la UCE\" width=\"300\" height=\"225\" srcset=\"https:\/\/www.ull.es\/portal\/noticias\/wp-content\/uploads\/sites\/13\/2023\/03\/reunion-UCE-300x225.jpg 300w, https:\/\/www.ull.es\/portal\/noticias\/wp-content\/uploads\/sites\/13\/2023\/03\/reunion-UCE-1024x768.jpg 1024w, https:\/\/www.ull.es\/portal\/noticias\/wp-content\/uploads\/sites\/13\/2023\/03\/reunion-UCE-768x576.jpg 768w, https:\/\/www.ull.es\/portal\/noticias\/wp-content\/uploads\/sites\/13\/2023\/03\/reunion-UCE-375x281.jpg 375w, https:\/\/www.ull.es\/portal\/noticias\/wp-content\/uploads\/sites\/13\/2023\/03\/reunion-UCE-750x563.jpg 750w, https:\/\/www.ull.es\/portal\/noticias\/wp-content\/uploads\/sites\/13\/2023\/03\/reunion-UCE-1140x855.jpg 1140w, https:\/\/www.ull.es\/portal\/noticias\/wp-content\/uploads\/sites\/13\/2023\/03\/reunion-UCE-108x81.jpg 108w, https:\/\/www.ull.es\/portal\/noticias\/wp-content\/uploads\/sites\/13\/2023\/03\/reunion-UCE.jpg 1200w\" sizes=\"(max-width: 300px) 100vw, 300px\" \/><\/a><p id=\"caption-attachment-68464\" class=\"wp-caption-text\">Reuni\u00f3n en la UCE<\/p><\/div>\n<p>Finalmente, con la UCE, con quien se abrieron relaciones por vez primera, se acord\u00f3 iniciar los tr\u00e1mites para la firma de un convenio marco, a la vez que poner en contacto a los equipos de investigaci\u00f3n y docentes interesados en \u00e1reas comunes estrat\u00e9gicas. Se decidi\u00f3 iniciar el di\u00e1logo en los centros respectivos de ambas universidades para el dise\u00f1o de un t\u00edtulo interuniversitario en turismo, en el que tambi\u00e9n est\u00e1n interesadas otras universidades ecuatorianas (Guayaquil), aprovechando la experiencia de la UCE en estos estudios en la sede de las Islas Gal\u00e1pagos.<\/p>\n","protected":false},"excerpt":{"rendered":"<p>La vicerrectora de Proyecci\u00f3n, Internacionalizaci\u00f3n y Cooperaci\u00f3n de la Universidad de La Laguna, Lidia Cabrera P\u00e9rez, ha visitado recientemente Ecuador,&#8230;<\/p>\n","protected":false},"author":21,"featured_media":68463,"comment_status":"closed","ping_status":"closed","sticky":false,"template":"","format":"standard","meta":{"inline_featured_image":false,"footnotes":""},"categories":[345,349,2765],"tags":[6946,1085,5954,9753,9754,9758,9757,9755,9756],"acf":[],"yoast_head":"<!-- This site is optimized with the Yoast SEO plugin v21.3 - https:\/\/yoast.com\/wordpress\/plugins\/seo\/ -->\n<title>La ULL abre nuevas relaciones con universidades ecuatorianas<\/title>\n<meta name=\"description\" content=\"Fueron visitadas la Pontificia Universidad Cat\u00f3lica de Ecuador, la Universidad T\u00e9cnica Privada de Loja y la Universidad Central del Ecuador.\" \/>\n<meta name=\"robots\" content=\"index, follow, max-snippet:-1, max-image-preview:large, max-video-preview:-1\" \/>\n<link rel=\"canonical\" href=\"https:\/\/www.ull.es\/portal\/noticias\/2023\/ull-abre-nuevas-relaciones-universidades-ecuatorianas\/\" \/>\n<meta property=\"og:locale\" content=\"es_ES\" \/>\n<meta property=\"og:type\" content=\"article\" \/>\n<meta property=\"og:title\" content=\"La ULL abre nuevas relaciones con universidades ecuatorianas\" \/>\n<meta property=\"og:description\" content=\"Fueron visitadas la Pontificia Universidad Cat\u00f3lica de Ecuador, la Universidad T\u00e9cnica Privada de Loja y la Universidad Central del Ecuador.\" \/>\n<meta property=\"og:url\" content=\"https:\/\/www.ull.es\/portal\/noticias\/2023\/ull-abre-nuevas-relaciones-universidades-ecuatorianas\/\" \/>\n<meta property=\"og:site_name\" content=\"ULL - Noticias\" \/>\n<meta property=\"article:publisher\" content=\"https:\/\/www.facebook.com\/universidaddelalaguna\/\" \/>\n<meta property=\"article:published_time\" content=\"2023-03-20T09:10:28+00:00\" \/>\n<meta property=\"og:image\" content=\"https:\/\/www.ull.es\/portal\/noticias\/wp-content\/uploads\/sites\/13\/2023\/03\/rectora-PUCE-santo-domingo.jpg\" \/>\n\t<meta property=\"og:image:width\" content=\"1200\" \/>\n\t<meta property=\"og:image:height\" content=\"800\" \/>\n\t<meta property=\"og:image:type\" content=\"image\/jpeg\" \/>\n<meta name=\"author\" content=\"prensa2\" \/>\n<meta name=\"twitter:card\" content=\"summary_large_image\" \/>\n<meta name=\"twitter:creator\" content=\"@CanalULL\" \/>\n<meta name=\"twitter:site\" content=\"@CanalULL\" \/>\n<meta name=\"twitter:label1\" content=\"Escrito por\" \/>\n\t<meta name=\"twitter:data1\" content=\"prensa2\" \/>\n\t<meta name=\"twitter:label2\" content=\"Tiempo de lectura\" \/>\n\t<meta name=\"twitter:data2\" content=\"4 minutos\" \/>\n<script type=\"application\/ld+json\" class=\"yoast-schema-graph\">{\"@context\":\"https:\/\/schema.org\",\"@graph\":[{\"@type\":\"WebPage\",\"@id\":\"https:\/\/www.ull.es\/portal\/noticias\/2023\/ull-abre-nuevas-relaciones-universidades-ecuatorianas\/\",\"url\":\"https:\/\/www.ull.es\/portal\/noticias\/2023\/ull-abre-nuevas-relaciones-universidades-ecuatorianas\/\",\"name\":\"La ULL abre nuevas relaciones con universidades ecuatorianas\",\"isPartOf\":{\"@id\":\"https:\/\/www.ull.es\/portal\/noticias\/#website\"},\"datePublished\":\"2023-03-20T09:10:28+00:00\",\"dateModified\":\"2023-03-20T09:10:28+00:00\",\"author\":{\"@id\":\"https:\/\/www.ull.es\/portal\/noticias\/#\/schema\/person\/c3b2aa857797592927a03740d6664376\"},\"description\":\"Fueron visitadas la Pontificia Universidad Cat\u00f3lica de Ecuador, la Universidad T\u00e9cnica Privada de Loja y la Universidad Central del Ecuador.\",\"breadcrumb\":{\"@id\":\"https:\/\/www.ull.es\/portal\/noticias\/2023\/ull-abre-nuevas-relaciones-universidades-ecuatorianas\/#breadcrumb\"},\"inLanguage\":\"es\",\"potentialAction\":[{\"@type\":\"ReadAction\",\"target\":[\"https:\/\/www.ull.es\/portal\/noticias\/2023\/ull-abre-nuevas-relaciones-universidades-ecuatorianas\/\"]}]},{\"@type\":\"BreadcrumbList\",\"@id\":\"https:\/\/www.ull.es\/portal\/noticias\/2023\/ull-abre-nuevas-relaciones-universidades-ecuatorianas\/#breadcrumb\",\"itemListElement\":[{\"@type\":\"ListItem\",\"position\":1,\"name\":\"Portada\",\"item\":\"https:\/\/www.ull.es\/portal\/noticias\/\"},{\"@type\":\"ListItem\",\"position\":2,\"name\":\"La ULL abre nuevas relaciones con universidades ecuatorianas y planea proyectos compartidos\"}]},{\"@type\":\"WebSite\",\"@id\":\"https:\/\/www.ull.es\/portal\/noticias\/#website\",\"url\":\"https:\/\/www.ull.es\/portal\/noticias\/\",\"name\":\"ULL - Noticias\",\"description\":\"\",\"potentialAction\":[{\"@type\":\"SearchAction\",\"target\":{\"@type\":\"EntryPoint\",\"urlTemplate\":\"https:\/\/www.ull.es\/portal\/noticias\/?s={search_term_string}\"},\"query-input\":\"required name=search_term_string\"}],\"inLanguage\":\"es\"},{\"@type\":\"Person\",\"@id\":\"https:\/\/www.ull.es\/portal\/noticias\/#\/schema\/person\/c3b2aa857797592927a03740d6664376\",\"name\":\"prensa2\",\"image\":{\"@type\":\"ImageObject\",\"inLanguage\":\"es\",\"@id\":\"https:\/\/www.ull.es\/portal\/noticias\/#\/schema\/person\/image\/\",\"url\":\"https:\/\/secure.gravatar.com\/avatar\/b58f310a5de5feb33d1e026d2493f23c?s=96&d=mm&r=g\",\"contentUrl\":\"https:\/\/secure.gravatar.com\/avatar\/b58f310a5de5feb33d1e026d2493f23c?s=96&d=mm&r=g\",\"caption\":\"prensa2\"},\"url\":\"https:\/\/www.ull.es\/portal\/noticias\/author\/prensa2\/\"}]}<\/script>\n<!-- \/ Yoast SEO plugin. -->","yoast_head_json":{"title":"La ULL abre nuevas relaciones con universidades ecuatorianas","description":"Fueron visitadas la Pontificia Universidad Cat\u00f3lica de Ecuador, la Universidad T\u00e9cnica Privada de Loja y la Universidad Central del Ecuador.","robots":{"index":"index","follow":"follow","max-snippet":"max-snippet:-1","max-image-preview":"max-image-preview:large","max-video-preview":"max-video-preview:-1"},"canonical":"https:\/\/www.ull.es\/portal\/noticias\/2023\/ull-abre-nuevas-relaciones-universidades-ecuatorianas\/","og_locale":"es_ES","og_type":"article","og_title":"La ULL abre nuevas relaciones con universidades ecuatorianas","og_description":"Fueron visitadas la Pontificia Universidad Cat\u00f3lica de Ecuador, la Universidad T\u00e9cnica Privada de Loja y la Universidad Central del Ecuador.","og_url":"https:\/\/www.ull.es\/portal\/noticias\/2023\/ull-abre-nuevas-relaciones-universidades-ecuatorianas\/","og_site_name":"ULL - Noticias","article_publisher":"https:\/\/www.facebook.com\/universidaddelalaguna\/","article_published_time":"2023-03-20T09:10:28+00:00","og_image":[{"width":1200,"height":800,"url":"https:\/\/www.ull.es\/portal\/noticias\/wp-content\/uploads\/sites\/13\/2023\/03\/rectora-PUCE-santo-domingo.jpg","type":"image\/jpeg"}],"author":"prensa2","twitter_card":"summary_large_image","twitter_creator":"@CanalULL","twitter_site":"@CanalULL","twitter_misc":{"Escrito por":"prensa2","Tiempo de lectura":"4 minutos"},"schema":{"@context":"https:\/\/schema.org","@graph":[{"@type":"WebPage","@id":"https:\/\/www.ull.es\/portal\/noticias\/2023\/ull-abre-nuevas-relaciones-universidades-ecuatorianas\/","url":"https:\/\/www.ull.es\/portal\/noticias\/2023\/ull-abre-nuevas-relaciones-universidades-ecuatorianas\/","name":"La ULL abre nuevas relaciones con universidades ecuatorianas","isPartOf":{"@id":"https:\/\/www.ull.es\/portal\/noticias\/#website"},"datePublished":"2023-03-20T09:10:28+00:00","dateModified":"2023-03-20T09:10:28+00:00","author":{"@id":"https:\/\/www.ull.es\/portal\/noticias\/#\/schema\/person\/c3b2aa857797592927a03740d6664376"},"description":"Fueron visitadas la Pontificia Universidad Cat\u00f3lica de Ecuador, la Universidad T\u00e9cnica Privada de Loja y la Universidad Central del Ecuador.","breadcrumb":{"@id":"https:\/\/www.ull.es\/portal\/noticias\/2023\/ull-abre-nuevas-relaciones-universidades-ecuatorianas\/#breadcrumb"},"inLanguage":"es","potentialAction":[{"@type":"ReadAction","target":["https:\/\/www.ull.es\/portal\/noticias\/2023\/ull-abre-nuevas-relaciones-universidades-ecuatorianas\/"]}]},{"@type":"BreadcrumbList","@id":"https:\/\/www.ull.es\/portal\/noticias\/2023\/ull-abre-nuevas-relaciones-universidades-ecuatorianas\/#breadcrumb","itemListElement":[{"@type":"ListItem","position":1,"name":"Portada","item":"https:\/\/www.ull.es\/portal\/noticias\/"},{"@type":"ListItem","position":2,"name":"La ULL abre nuevas relaciones con universidades ecuatorianas y planea proyectos compartidos"}]},{"@type":"WebSite","@id":"https:\/\/www.ull.es\/portal\/noticias\/#website","url":"https:\/\/www.ull.es\/portal\/noticias\/","name":"ULL - Noticias","description":"","potentialAction":[{"@type":"SearchAction","target":{"@type":"EntryPoint","urlTemplate":"https:\/\/www.ull.es\/portal\/noticias\/?s={search_term_string}"},"query-input":"required name=search_term_string"}],"inLanguage":"es"},{"@type":"Person","@id":"https:\/\/www.ull.es\/portal\/noticias\/#\/schema\/person\/c3b2aa857797592927a03740d6664376","name":"prensa2","image":{"@type":"ImageObject","inLanguage":"es","@id":"https:\/\/www.ull.es\/portal\/noticias\/#\/schema\/person\/image\/","url":"https:\/\/secure.gravatar.com\/avatar\/b58f310a5de5feb33d1e026d2493f23c?s=96&d=mm&r=g","contentUrl":"https:\/\/secure.gravatar.com\/avatar\/b58f310a5de5feb33d1e026d2493f23c?s=96&d=mm&r=g","caption":"prensa2"},"url":"https:\/\/www.ull.es\/portal\/noticias\/author\/prensa2\/"}]}},"primary_category":{"id":345,"name":"Destacado","slug":"destacado","link":"https:\/\/www.ull.es\/portal\/noticias\/category\/destacado\/"},"featured_image_thumbnail_url":"https:\/\/www.ull.es\/portal\/noticias\/wp-content\/uploads\/sites\/13\/2023\/03\/rectora-PUCE-santo-domingo-300x200.jpg","_links":{"self":[{"href":"https:\/\/www.ull.es\/portal\/noticias\/wp-json\/wp\/v2\/posts\/68462"}],"collection":[{"href":"https:\/\/www.ull.es\/portal\/noticias\/wp-json\/wp\/v2\/posts"}],"about":[{"href":"https:\/\/www.ull.es\/portal\/noticias\/wp-json\/wp\/v2\/types\/post"}],"author":[{"embeddable":true,"href":"https:\/\/www.ull.es\/portal\/noticias\/wp-json\/wp\/v2\/users\/21"}],"replies":[{"embeddable":true,"href":"https:\/\/www.ull.es\/portal\/noticias\/wp-json\/wp\/v2\/comments?post=68462"}],"version-history":[{"count":1,"href":"https:\/\/www.ull.es\/portal\/noticias\/wp-json\/wp\/v2\/posts\/68462\/revisions"}],"predecessor-version":[{"id":68469,"href":"https:\/\/www.ull.es\/portal\/noticias\/wp-json\/wp\/v2\/posts\/68462\/revisions\/68469"}],"wp:featuredmedia":[{"embeddable":true,"href":"https:\/\/www.ull.es\/portal\/noticias\/wp-json\/wp\/v2\/media\/68463"}],"wp:attachment":[{"href":"https:\/\/www.ull.es\/portal\/noticias\/wp-json\/wp\/v2\/media?parent=68462"}],"wp:term":[{"taxonomy":"category","embeddable":true,"href":"https:\/\/www.ull.es\/portal\/noticias\/wp-json\/wp\/v2\/categories?post=68462"},{"taxonomy":"post_tag","embeddable":true,"href":"https:\/\/www.ull.es\/portal\/noticias\/wp-json\/wp\/v2\/tags?post=68462"}],"curies":[{"name":"wp","href":"https:\/\/api.w.org\/{rel}","templated":true}]}}