{"id":68527,"date":"2023-03-21T14:26:50","date_gmt":"2023-03-21T14:26:50","guid":{"rendered":"https:\/\/www.ull.es\/portal\/noticias\/?p=68527"},"modified":"2023-03-21T14:26:50","modified_gmt":"2023-03-21T14:26:50","slug":"la-universidad-de-la-laguna-pone-en-marcha-los-cursos-de-extension-universitaria-en-15-ayuntamientos-tinerfenos","status":"publish","type":"post","link":"https:\/\/www.ull.es\/portal\/noticias\/2023\/la-universidad-de-la-laguna-pone-en-marcha-los-cursos-de-extension-universitaria-en-15-ayuntamientos-tinerfenos\/","title":{"rendered":"La Universidad de La Laguna pone en marcha los cursos de extensi\u00f3n universitaria en 15 ayuntamientos tinerfe\u00f1os"},"content":{"rendered":"<p>La Universidad de La Laguna, a trav\u00e9s del Vicerrectorado de Cultura y Participaci\u00f3n Social, ha abierto hoy 21 de marzo la convocatoria de los <a href=\"https:\/\/www.ull.es\/cultura\/cursos-extension-universitaria\/\" target=\"_blank\" rel=\"noopener\">Cursos de Extensi\u00f3n Universitaria<\/a> de 2023, con la colaboraci\u00f3n de 15 ayuntamientos de la isla. Se trata de una acci\u00f3n de extensi\u00f3n universitaria para llevar a los territorios el conocimiento generado en la instituci\u00f3n docente.<\/p>\n<p>El acto estuvo presidido por la rectora de la Universidad de La Laguna, Rosa Aguilar; el vicerrector de Cultura y Participaci\u00f3n Social, Juan Albino M\u00e9ndez; y por la presidenta de la Federaci\u00f3n Canaria de Municipios y alcaldesa de Candelaria, Mar\u00eda Concepci\u00f3n Brito.<\/p>\n<p>La sesi\u00f3n comenz\u00f3 con la intervenci\u00f3n de la rectora, que agradeci\u00f3 la predisposici\u00f3n de los 15 ayuntamientos a colaborar con el proyecto. Por otro lado, el vicerrector sostuvo que los cursos son una forma de acercar la universidad a los municipios tinerfe\u00f1os, adem\u00e1s de resaltar que la diferencia existente con otras propuestas formativas es la acreditada calidad de estos cursos, impartidos por docentes de reconocida trayectoria profesional.<\/p>\n<p>Tanto la rectora como el vicerrector realzaron que la universidad no solo imparte docencia y hace investigaci\u00f3n, sino que tiene tambi\u00e9n como misi\u00f3n principal la transferencia del conocimiento a la sociedad. Se trata de un programa flexible, que se adapta las necesidades de los municipios y puede participar en \u00e9l todo aquel que lo desee.<\/p>\n<p><img decoding=\"async\" loading=\"lazy\" class=\"alignleft size-medium wp-image-68530\" src=\"https:\/\/www.ull.es\/portal\/noticias\/wp-content\/uploads\/sites\/13\/2023\/03\/Cursos-extension-universitaria-reunion-municipios-mesa-300x200.jpg\" alt=\"\" width=\"300\" height=\"200\" srcset=\"https:\/\/www.ull.es\/portal\/noticias\/wp-content\/uploads\/sites\/13\/2023\/03\/Cursos-extension-universitaria-reunion-municipios-mesa-300x200.jpg 300w, https:\/\/www.ull.es\/portal\/noticias\/wp-content\/uploads\/sites\/13\/2023\/03\/Cursos-extension-universitaria-reunion-municipios-mesa-1024x682.jpg 1024w, https:\/\/www.ull.es\/portal\/noticias\/wp-content\/uploads\/sites\/13\/2023\/03\/Cursos-extension-universitaria-reunion-municipios-mesa-768x512.jpg 768w, https:\/\/www.ull.es\/portal\/noticias\/wp-content\/uploads\/sites\/13\/2023\/03\/Cursos-extension-universitaria-reunion-municipios-mesa-375x250.jpg 375w, https:\/\/www.ull.es\/portal\/noticias\/wp-content\/uploads\/sites\/13\/2023\/03\/Cursos-extension-universitaria-reunion-municipios-mesa-750x500.jpg 750w, https:\/\/www.ull.es\/portal\/noticias\/wp-content\/uploads\/sites\/13\/2023\/03\/Cursos-extension-universitaria-reunion-municipios-mesa.jpg 1100w\" sizes=\"(max-width: 300px) 100vw, 300px\" \/>La extensi\u00f3n universitaria est\u00e1 pensada como una formaci\u00f3n hacia fuera, hacia la ciudadan\u00eda, y el vicerrector recalc\u00f3 que adem\u00e1s de ello, refuerza los perfiles profesionales de los individuos y despierta inquietudes hacia nuevos conocimientos. En estos tiempos, M\u00e9ndez destac\u00f3 que la conexi\u00f3n de las pol\u00edticas municipales con la sostenibilidad es imperiosa, y que en ese punto la universidad tiene mucho que aportar.<\/p>\n<p>Mar\u00eda Concepci\u00f3n Brito agradeci\u00f3 la implicaci\u00f3n de la Universidad de La Laguna con el \u00e1mbito municipal, no solo a trav\u00e9s de los cursos de extensi\u00f3n universitaria sino tambi\u00e9n a trav\u00e9s de la acci\u00f3n de varias c\u00e1tedras culturales e institucionales, asever\u00f3. Desde la Federaci\u00f3n Canaria de Municipios van a hacer todo lo posible para que se sumen a la iniciativa el mayor n\u00famero de ayuntamientos de la isla.<\/p>\n<p>Los cursos ofertados son un total de 38 y de una naturaleza muy diversa, entre los que se encuentran Prevenci\u00f3n de Problemas de Salud Mental en la Poblaci\u00f3n Infanto-juvenil; Marketing Digital y Gesti\u00f3n Financiera para Emprendedores Digitales; Curso B\u00e1sico de Piloto de Drones; Community Manager; Enfrentando al Cambio Clim\u00e1tico en Canarias; Prescripci\u00f3n del Ejercicio para la Salud; An\u00e1lisis y Prevenci\u00f3n de la Violencia Parental y Filioparental, entre otros muchos m\u00e1s.<\/p>\n<p>Los municipios tinerfe\u00f1os que van a participar en esta iniciativa son Buenavista del Norte, Villa de Arafo, Candelaria, Fasnia, Granadilla de Abona, La Guancha, Icod de los Vinos, Villa de La Orotava, Puerto de la Cruz, Los Realejos, El Rosario, Santiago del Teide, El Sauzal, Villa de los Silos y, por \u00faltimo, Tacoronte.<\/p>\n<p>&nbsp;<\/p>\n<p><strong>\u00a0<\/strong><\/p>\n<p>&nbsp;<\/p>\n","protected":false},"excerpt":{"rendered":"<p>La Universidad de La Laguna, a trav\u00e9s del Vicerrectorado de Cultura y Participaci\u00f3n Social, ha abierto hoy 21 de marzo&#8230;<\/p>\n","protected":false},"author":23,"featured_media":68529,"comment_status":"closed","ping_status":"closed","sticky":false,"template":"","format":"standard","meta":{"inline_featured_image":false,"footnotes":""},"categories":[344,345,348,2765],"tags":[9769],"acf":[],"yoast_head":"<!-- This site is optimized with the Yoast SEO plugin v21.3 - https:\/\/yoast.com\/wordpress\/plugins\/seo\/ -->\n<title>La Universidad de La Laguna pone en marcha los cursos de extensi\u00f3n universitaria en 15 ayuntamientos tinerfe\u00f1os - ULL - Noticias<\/title>\n<meta name=\"robots\" content=\"index, follow, max-snippet:-1, max-image-preview:large, max-video-preview:-1\" \/>\n<link rel=\"canonical\" href=\"https:\/\/www.ull.es\/portal\/noticias\/2023\/la-universidad-de-la-laguna-pone-en-marcha-los-cursos-de-extension-universitaria-en-15-ayuntamientos-tinerfenos\/\" \/>\n<meta property=\"og:locale\" content=\"es_ES\" \/>\n<meta property=\"og:type\" content=\"article\" \/>\n<meta property=\"og:title\" content=\"La Universidad de La Laguna pone en marcha los cursos de extensi\u00f3n universitaria en 15 ayuntamientos tinerfe\u00f1os - ULL - Noticias\" \/>\n<meta property=\"og:description\" content=\"La Universidad de La Laguna, a trav\u00e9s del Vicerrectorado de Cultura y Participaci\u00f3n Social, ha abierto hoy 21 de marzo...\" \/>\n<meta property=\"og:url\" content=\"https:\/\/www.ull.es\/portal\/noticias\/2023\/la-universidad-de-la-laguna-pone-en-marcha-los-cursos-de-extension-universitaria-en-15-ayuntamientos-tinerfenos\/\" \/>\n<meta property=\"og:site_name\" content=\"ULL - Noticias\" \/>\n<meta property=\"article:publisher\" content=\"https:\/\/www.facebook.com\/universidaddelalaguna\/\" \/>\n<meta property=\"article:published_time\" content=\"2023-03-21T14:26:50+00:00\" \/>\n<meta property=\"og:image\" content=\"https:\/\/www.ull.es\/portal\/noticias\/wp-content\/uploads\/sites\/13\/2023\/03\/Cursos-extension-universitaria-reunion-municipios-2023.jpg\" \/>\n\t<meta property=\"og:image:width\" content=\"1100\" \/>\n\t<meta property=\"og:image:height\" content=\"733\" \/>\n\t<meta property=\"og:image:type\" content=\"image\/jpeg\" \/>\n<meta name=\"author\" content=\"gaprsa\" \/>\n<meta name=\"twitter:card\" content=\"summary_large_image\" \/>\n<meta name=\"twitter:creator\" content=\"@CanalULL\" \/>\n<meta name=\"twitter:site\" content=\"@CanalULL\" \/>\n<meta name=\"twitter:label1\" content=\"Escrito por\" \/>\n\t<meta name=\"twitter:data1\" content=\"gaprsa\" \/>\n\t<meta name=\"twitter:label2\" content=\"Tiempo de lectura\" \/>\n\t<meta name=\"twitter:data2\" content=\"3 minutos\" \/>\n<script type=\"application\/ld+json\" class=\"yoast-schema-graph\">{\"@context\":\"https:\/\/schema.org\",\"@graph\":[{\"@type\":\"WebPage\",\"@id\":\"https:\/\/www.ull.es\/portal\/noticias\/2023\/la-universidad-de-la-laguna-pone-en-marcha-los-cursos-de-extension-universitaria-en-15-ayuntamientos-tinerfenos\/\",\"url\":\"https:\/\/www.ull.es\/portal\/noticias\/2023\/la-universidad-de-la-laguna-pone-en-marcha-los-cursos-de-extension-universitaria-en-15-ayuntamientos-tinerfenos\/\",\"name\":\"La Universidad de La Laguna pone en marcha los cursos de extensi\u00f3n universitaria en 15 ayuntamientos tinerfe\u00f1os - ULL - Noticias\",\"isPartOf\":{\"@id\":\"https:\/\/www.ull.es\/portal\/noticias\/#website\"},\"datePublished\":\"2023-03-21T14:26:50+00:00\",\"dateModified\":\"2023-03-21T14:26:50+00:00\",\"author\":{\"@id\":\"https:\/\/www.ull.es\/portal\/noticias\/#\/schema\/person\/b2b1a89d43ffa609e591f7df8ef3e817\"},\"breadcrumb\":{\"@id\":\"https:\/\/www.ull.es\/portal\/noticias\/2023\/la-universidad-de-la-laguna-pone-en-marcha-los-cursos-de-extension-universitaria-en-15-ayuntamientos-tinerfenos\/#breadcrumb\"},\"inLanguage\":\"es\",\"potentialAction\":[{\"@type\":\"ReadAction\",\"target\":[\"https:\/\/www.ull.es\/portal\/noticias\/2023\/la-universidad-de-la-laguna-pone-en-marcha-los-cursos-de-extension-universitaria-en-15-ayuntamientos-tinerfenos\/\"]}]},{\"@type\":\"BreadcrumbList\",\"@id\":\"https:\/\/www.ull.es\/portal\/noticias\/2023\/la-universidad-de-la-laguna-pone-en-marcha-los-cursos-de-extension-universitaria-en-15-ayuntamientos-tinerfenos\/#breadcrumb\",\"itemListElement\":[{\"@type\":\"ListItem\",\"position\":1,\"name\":\"Portada\",\"item\":\"https:\/\/www.ull.es\/portal\/noticias\/\"},{\"@type\":\"ListItem\",\"position\":2,\"name\":\"La Universidad de La Laguna pone en marcha los cursos de extensi\u00f3n universitaria en 15 ayuntamientos tinerfe\u00f1os\"}]},{\"@type\":\"WebSite\",\"@id\":\"https:\/\/www.ull.es\/portal\/noticias\/#website\",\"url\":\"https:\/\/www.ull.es\/portal\/noticias\/\",\"name\":\"ULL - Noticias\",\"description\":\"\",\"potentialAction\":[{\"@type\":\"SearchAction\",\"target\":{\"@type\":\"EntryPoint\",\"urlTemplate\":\"https:\/\/www.ull.es\/portal\/noticias\/?s={search_term_string}\"},\"query-input\":\"required name=search_term_string\"}],\"inLanguage\":\"es\"},{\"@type\":\"Person\",\"@id\":\"https:\/\/www.ull.es\/portal\/noticias\/#\/schema\/person\/b2b1a89d43ffa609e591f7df8ef3e817\",\"name\":\"gaprsa\",\"image\":{\"@type\":\"ImageObject\",\"inLanguage\":\"es\",\"@id\":\"https:\/\/www.ull.es\/portal\/noticias\/#\/schema\/person\/image\/\",\"url\":\"https:\/\/secure.gravatar.com\/avatar\/443820550921091458b4823867723b3d?s=96&d=mm&r=g\",\"contentUrl\":\"https:\/\/secure.gravatar.com\/avatar\/443820550921091458b4823867723b3d?s=96&d=mm&r=g\",\"caption\":\"gaprsa\"},\"url\":\"https:\/\/www.ull.es\/portal\/noticias\/author\/gaprsa\/\"}]}<\/script>\n<!-- \/ Yoast SEO plugin. -->","yoast_head_json":{"title":"La Universidad de La Laguna pone en marcha los cursos de extensi\u00f3n universitaria en 15 ayuntamientos tinerfe\u00f1os - ULL - Noticias","robots":{"index":"index","follow":"follow","max-snippet":"max-snippet:-1","max-image-preview":"max-image-preview:large","max-video-preview":"max-video-preview:-1"},"canonical":"https:\/\/www.ull.es\/portal\/noticias\/2023\/la-universidad-de-la-laguna-pone-en-marcha-los-cursos-de-extension-universitaria-en-15-ayuntamientos-tinerfenos\/","og_locale":"es_ES","og_type":"article","og_title":"La Universidad de La Laguna pone en marcha los cursos de extensi\u00f3n universitaria en 15 ayuntamientos tinerfe\u00f1os - ULL - Noticias","og_description":"La Universidad de La Laguna, a trav\u00e9s del Vicerrectorado de Cultura y Participaci\u00f3n Social, ha abierto hoy 21 de marzo...","og_url":"https:\/\/www.ull.es\/portal\/noticias\/2023\/la-universidad-de-la-laguna-pone-en-marcha-los-cursos-de-extension-universitaria-en-15-ayuntamientos-tinerfenos\/","og_site_name":"ULL - Noticias","article_publisher":"https:\/\/www.facebook.com\/universidaddelalaguna\/","article_published_time":"2023-03-21T14:26:50+00:00","og_image":[{"width":1100,"height":733,"url":"https:\/\/www.ull.es\/portal\/noticias\/wp-content\/uploads\/sites\/13\/2023\/03\/Cursos-extension-universitaria-reunion-municipios-2023.jpg","type":"image\/jpeg"}],"author":"gaprsa","twitter_card":"summary_large_image","twitter_creator":"@CanalULL","twitter_site":"@CanalULL","twitter_misc":{"Escrito por":"gaprsa","Tiempo de lectura":"3 minutos"},"schema":{"@context":"https:\/\/schema.org","@graph":[{"@type":"WebPage","@id":"https:\/\/www.ull.es\/portal\/noticias\/2023\/la-universidad-de-la-laguna-pone-en-marcha-los-cursos-de-extension-universitaria-en-15-ayuntamientos-tinerfenos\/","url":"https:\/\/www.ull.es\/portal\/noticias\/2023\/la-universidad-de-la-laguna-pone-en-marcha-los-cursos-de-extension-universitaria-en-15-ayuntamientos-tinerfenos\/","name":"La Universidad de La Laguna pone en marcha los cursos de extensi\u00f3n universitaria en 15 ayuntamientos tinerfe\u00f1os - ULL - Noticias","isPartOf":{"@id":"https:\/\/www.ull.es\/portal\/noticias\/#website"},"datePublished":"2023-03-21T14:26:50+00:00","dateModified":"2023-03-21T14:26:50+00:00","author":{"@id":"https:\/\/www.ull.es\/portal\/noticias\/#\/schema\/person\/b2b1a89d43ffa609e591f7df8ef3e817"},"breadcrumb":{"@id":"https:\/\/www.ull.es\/portal\/noticias\/2023\/la-universidad-de-la-laguna-pone-en-marcha-los-cursos-de-extension-universitaria-en-15-ayuntamientos-tinerfenos\/#breadcrumb"},"inLanguage":"es","potentialAction":[{"@type":"ReadAction","target":["https:\/\/www.ull.es\/portal\/noticias\/2023\/la-universidad-de-la-laguna-pone-en-marcha-los-cursos-de-extension-universitaria-en-15-ayuntamientos-tinerfenos\/"]}]},{"@type":"BreadcrumbList","@id":"https:\/\/www.ull.es\/portal\/noticias\/2023\/la-universidad-de-la-laguna-pone-en-marcha-los-cursos-de-extension-universitaria-en-15-ayuntamientos-tinerfenos\/#breadcrumb","itemListElement":[{"@type":"ListItem","position":1,"name":"Portada","item":"https:\/\/www.ull.es\/portal\/noticias\/"},{"@type":"ListItem","position":2,"name":"La Universidad de La Laguna pone en marcha los cursos de extensi\u00f3n universitaria en 15 ayuntamientos tinerfe\u00f1os"}]},{"@type":"WebSite","@id":"https:\/\/www.ull.es\/portal\/noticias\/#website","url":"https:\/\/www.ull.es\/portal\/noticias\/","name":"ULL - Noticias","description":"","potentialAction":[{"@type":"SearchAction","target":{"@type":"EntryPoint","urlTemplate":"https:\/\/www.ull.es\/portal\/noticias\/?s={search_term_string}"},"query-input":"required name=search_term_string"}],"inLanguage":"es"},{"@type":"Person","@id":"https:\/\/www.ull.es\/portal\/noticias\/#\/schema\/person\/b2b1a89d43ffa609e591f7df8ef3e817","name":"gaprsa","image":{"@type":"ImageObject","inLanguage":"es","@id":"https:\/\/www.ull.es\/portal\/noticias\/#\/schema\/person\/image\/","url":"https:\/\/secure.gravatar.com\/avatar\/443820550921091458b4823867723b3d?s=96&d=mm&r=g","contentUrl":"https:\/\/secure.gravatar.com\/avatar\/443820550921091458b4823867723b3d?s=96&d=mm&r=g","caption":"gaprsa"},"url":"https:\/\/www.ull.es\/portal\/noticias\/author\/gaprsa\/"}]}},"primary_category":{"id":345,"name":"Destacado","slug":"destacado","link":"https:\/\/www.ull.es\/portal\/noticias\/category\/destacado\/"},"featured_image_thumbnail_url":"https:\/\/www.ull.es\/portal\/noticias\/wp-content\/uploads\/sites\/13\/2023\/03\/Cursos-extension-universitaria-reunion-municipios-2023-300x200.jpg","_links":{"self":[{"href":"https:\/\/www.ull.es\/portal\/noticias\/wp-json\/wp\/v2\/posts\/68527"}],"collection":[{"href":"https:\/\/www.ull.es\/portal\/noticias\/wp-json\/wp\/v2\/posts"}],"about":[{"href":"https:\/\/www.ull.es\/portal\/noticias\/wp-json\/wp\/v2\/types\/post"}],"author":[{"embeddable":true,"href":"https:\/\/www.ull.es\/portal\/noticias\/wp-json\/wp\/v2\/users\/23"}],"replies":[{"embeddable":true,"href":"https:\/\/www.ull.es\/portal\/noticias\/wp-json\/wp\/v2\/comments?post=68527"}],"version-history":[{"count":2,"href":"https:\/\/www.ull.es\/portal\/noticias\/wp-json\/wp\/v2\/posts\/68527\/revisions"}],"predecessor-version":[{"id":68531,"href":"https:\/\/www.ull.es\/portal\/noticias\/wp-json\/wp\/v2\/posts\/68527\/revisions\/68531"}],"wp:featuredmedia":[{"embeddable":true,"href":"https:\/\/www.ull.es\/portal\/noticias\/wp-json\/wp\/v2\/media\/68529"}],"wp:attachment":[{"href":"https:\/\/www.ull.es\/portal\/noticias\/wp-json\/wp\/v2\/media?parent=68527"}],"wp:term":[{"taxonomy":"category","embeddable":true,"href":"https:\/\/www.ull.es\/portal\/noticias\/wp-json\/wp\/v2\/categories?post=68527"},{"taxonomy":"post_tag","embeddable":true,"href":"https:\/\/www.ull.es\/portal\/noticias\/wp-json\/wp\/v2\/tags?post=68527"}],"curies":[{"name":"wp","href":"https:\/\/api.w.org\/{rel}","templated":true}]}}