{"id":68554,"date":"2023-03-22T13:39:15","date_gmt":"2023-03-22T13:39:15","guid":{"rendered":"https:\/\/www.ull.es\/portal\/noticias\/?p=68554"},"modified":"2023-03-22T13:56:36","modified_gmt":"2023-03-22T13:56:36","slug":"senen-barro-pese-a-la-inteligencia-artificial-la-mejor-educacion-seguira-estando-en-manos-de-los-profesores","status":"publish","type":"post","link":"https:\/\/www.ull.es\/portal\/noticias\/2023\/senen-barro-pese-a-la-inteligencia-artificial-la-mejor-educacion-seguira-estando-en-manos-de-los-profesores\/","title":{"rendered":"Sen\u00e9n Barro: \u00abPese a la Inteligencia Artificial la mejor educaci\u00f3n seguir\u00e1 estando en manos de los profesores\u00bb"},"content":{"rendered":"<p>La Universidad de La Laguna ha inaugurado hoy, mi\u00e9rcoles 22 de marzo, unas <a href=\"https:\/\/drive.google.com\/file\/d\/1LpBZukjDEC_rC-fCD5e-4JtzzdtSOaCR\/view\" target=\"_blank\" rel=\"noopener\" target=\"_blank\" rel=\"noopener\">jornadas centradas en la innovaci\u00f3n y transferencia educativa<\/a> en la que participar\u00e1n m\u00e1s de una decena de expertos y expertas de diferentes instituciones acad\u00e9micas, entre ellos el catedr\u00e1tico de F\u00edsica de la Universidad de Santiago de Compostela, Sen\u00e9n Barro, ex rector de la misma instituci\u00f3n. El experto consider\u00f3 en su ponencia que la Inteligencia Artificial no podr\u00e1 sustituir en modo alguno la capacidad docente del profesorado, aunque s\u00ed le ayudar\u00e1 en su cometido diario.<\/p>\n<p>Este evento, que se extender\u00e1 hasta ma\u00f1ana, se ha establecido como un espacio en el que compartir experiencias y temas que preocupan a los profesionales de la educaci\u00f3n superior y en el que cobrar\u00e1n especial importancia las tecnolog\u00edas, en general, y la Inteligencia Artificial (IA), en particular.<\/p>\n<div id=\"attachment_68558\" style=\"width: 310px\" class=\"wp-caption alignleft\"><a href=\"https:\/\/www.ull.es\/portal\/noticias\/wp-content\/uploads\/sites\/13\/2023\/03\/Jorn-Transf-educativa-Inaug-06.jpg\" target=\"_blank\" rel=\"noopener\"><img aria-describedby=\"caption-attachment-68558\" decoding=\"async\" loading=\"lazy\" class=\"size-medium wp-image-68558\" src=\"https:\/\/www.ull.es\/portal\/noticias\/wp-content\/uploads\/sites\/13\/2023\/03\/Jorn-Transf-educativa-Inaug-06-300x200.jpg\" alt=\"\" width=\"300\" height=\"200\" srcset=\"https:\/\/www.ull.es\/portal\/noticias\/wp-content\/uploads\/sites\/13\/2023\/03\/Jorn-Transf-educativa-Inaug-06-300x200.jpg 300w, https:\/\/www.ull.es\/portal\/noticias\/wp-content\/uploads\/sites\/13\/2023\/03\/Jorn-Transf-educativa-Inaug-06-1024x682.jpg 1024w, https:\/\/www.ull.es\/portal\/noticias\/wp-content\/uploads\/sites\/13\/2023\/03\/Jorn-Transf-educativa-Inaug-06-768x512.jpg 768w, https:\/\/www.ull.es\/portal\/noticias\/wp-content\/uploads\/sites\/13\/2023\/03\/Jorn-Transf-educativa-Inaug-06-375x250.jpg 375w, https:\/\/www.ull.es\/portal\/noticias\/wp-content\/uploads\/sites\/13\/2023\/03\/Jorn-Transf-educativa-Inaug-06-750x500.jpg 750w, https:\/\/www.ull.es\/portal\/noticias\/wp-content\/uploads\/sites\/13\/2023\/03\/Jorn-Transf-educativa-Inaug-06.jpg 1100w\" sizes=\"(max-width: 300px) 100vw, 300px\" \/><\/a><p id=\"caption-attachment-68558\" class=\"wp-caption-text\">Rosa Aguilar, rectora de la ULL, junto a N\u00e9stor Torres, vicerrector de Innovaci\u00f3n Docente.<\/p><\/div>\n<p>Rosa Aguilar, rectora de la Universidad de La Laguna, ha sido la encargada de inaugurar estas jornadas que tratan de poner en valor la innovaci\u00f3n docente y las mejores pr\u00e1cticas en esta materia. La Universidad de Las Palmas de Gran Canaria, quien est\u00e1 representada por su vicerrectora de Profesorado, Cecilia Dorado, aprovech\u00f3 la oportunidad para tender v\u00edas de colaboraci\u00f3n que apoyen la innovaci\u00f3n educativa p\u00fablica del archipi\u00e9lago.<\/p>\n<p>\u201cQue el nombre del vicerrectorado lleve las palabras \u2018innovaci\u00f3n docente\u2019 no es un tema balad\u00ed sino una declaraci\u00f3n de intenciones\u201d. N\u00e9stor Torres, vicerrector de la Universidad La Laguna, enfatiz\u00f3 la necesidad que tiene el profesorado a la hora de estar atento y en constante renovaci\u00f3n si se pretende llevar a cabo una ense\u00f1anza de calidad. \u201cReflexionar sobre la Inteligencia Artificial no es opcional, debemos hacerlo porque tenemos que estar preparados para los cambios que de forma inevitable vamos a tener que afrontar\u201d, se\u00f1al\u00f3.<\/p>\n<p><strong>La IA que lo cambia todo<\/strong><\/p>\n<p>\u201cTener autonom\u00eda en entornos complejos, poder aprender de la interacci\u00f3n del entorno y ser capaces de resolver problemas vinculados a los seres humanos. Si un sistema tiene alguna de estas tres caracter\u00edsticas, se podr\u00eda considerar que ha incorporado Inteligencia Artificial\u201d. Sen\u00e9n Barro, ponente principal que abri\u00f3 las jornadas, lleva d\u00e9cadas investigando sobre la ciencia de la computaci\u00f3n y repas\u00f3 la IA desde sus comienzos, pero sobre todo se pregunt\u00f3 si esta tecnolog\u00eda ser\u00e1 capaz de modificar la ense\u00f1anza tal y como se conoce hoy en d\u00eda.<\/p>\n<p>\u201cSomos conscientes de que la educaci\u00f3n est\u00e1 muy mecanizada, es decimon\u00f3nica, en un momento en el que la sociedad es absolutamente cambiante. Yo soy un profesor del siglo XX, en aulas del XIX, con alumnos del XXI\u201d. El tambi\u00e9n doctor en F\u00edsica hizo un repaso a los avances que ha supuesto la IA a la humanidad, incluso habl\u00f3 de los resultados del ChatGPT, pero centr\u00f3 su mirada en el impacto que puede llegar a tener la tecnolog\u00eda en la ense\u00f1anza y los cambios que debe acometer el sistema educativo si pretende usar las herramientas de forma correcta. \u201c\u00bfQu\u00e9 es el examen del MIR? Algo que una m\u00e1quina puede hacer mejor que miles de personas que se examinan. \u00bfQueremos seguir evalu\u00e1ndolos as\u00ed?\u201d, indic\u00f3.<a href=\"https:\/\/www.ull.es\/portal\/noticias\/wp-content\/uploads\/sites\/13\/2023\/03\/Jorn-Transf-educativa-Conf1-09.jpg\" target=\"_blank\" rel=\"noopener\"><img decoding=\"async\" loading=\"lazy\" class=\"alignright size-medium wp-image-68559\" src=\"https:\/\/www.ull.es\/portal\/noticias\/wp-content\/uploads\/sites\/13\/2023\/03\/Jorn-Transf-educativa-Conf1-09-300x200.jpg\" alt=\"\" width=\"300\" height=\"200\" srcset=\"https:\/\/www.ull.es\/portal\/noticias\/wp-content\/uploads\/sites\/13\/2023\/03\/Jorn-Transf-educativa-Conf1-09-300x200.jpg 300w, https:\/\/www.ull.es\/portal\/noticias\/wp-content\/uploads\/sites\/13\/2023\/03\/Jorn-Transf-educativa-Conf1-09-1024x682.jpg 1024w, https:\/\/www.ull.es\/portal\/noticias\/wp-content\/uploads\/sites\/13\/2023\/03\/Jorn-Transf-educativa-Conf1-09-768x512.jpg 768w, https:\/\/www.ull.es\/portal\/noticias\/wp-content\/uploads\/sites\/13\/2023\/03\/Jorn-Transf-educativa-Conf1-09-375x250.jpg 375w, https:\/\/www.ull.es\/portal\/noticias\/wp-content\/uploads\/sites\/13\/2023\/03\/Jorn-Transf-educativa-Conf1-09-750x500.jpg 750w, https:\/\/www.ull.es\/portal\/noticias\/wp-content\/uploads\/sites\/13\/2023\/03\/Jorn-Transf-educativa-Conf1-09.jpg 1100w\" sizes=\"(max-width: 300px) 100vw, 300px\" \/><\/a><\/p>\n<p>En un momento en el que el ritmo de cambio de la sociedad es tan veloz, el experto aludi\u00f3 a la responsabilidad individual del profesorado, a su capacidad de adaptabilidad y sus ganas de aprender, de cara a obtener una ense\u00f1anza de garant\u00edas. \u201cLa inteligencia natural va menguando y la artificial va creciendo. Nosotros vamos a intentar que esto no sea as\u00ed\u201d, puntualiz\u00f3.<\/p>\n<p>Aun as\u00ed, Barro conf\u00eda en que, pese a la irrupci\u00f3n de la IA, \u201cla mejor educaci\u00f3n seguir\u00e1 estando en manos de los mejores profesores y profesoras\u201d, quienes ser\u00e1n capaces de modificar sus herramientas de ense\u00f1anza e incorporar las tecnolog\u00edas a sus clases. \u201cSi esto no sucede, no solo nosotros, el profesorado, nos quedaremos atr\u00e1s sino que condenaremos a nuestros estudiantes y a las nuevas generaciones\u201d.<\/p>\n","protected":false},"excerpt":{"rendered":"<p>La Universidad de La Laguna ha inaugurado hoy, mi\u00e9rcoles 22 de marzo, unas jornadas centradas en la innovaci\u00f3n y transferencia&#8230;<\/p>\n","protected":false},"author":67,"featured_media":68557,"comment_status":"closed","ping_status":"closed","sticky":false,"template":"","format":"standard","meta":{"inline_featured_image":false,"footnotes":""},"categories":[345,348,2765],"tags":[1506,3822,7041],"acf":[],"yoast_head":"<!-- This site is optimized with the Yoast SEO plugin v21.3 - https:\/\/yoast.com\/wordpress\/plugins\/seo\/ -->\n<title>Sen\u00e9n Barro: &quot;Pese a la Inteligencia Artificial la mejor educaci\u00f3n seguir\u00e1 estando en manos de los profesores&quot; - ULL - Noticias<\/title>\n<meta name=\"description\" content=\"La Universidad de La Laguna ha inaugurado hoy unas jornadas centradas en la innovaci\u00f3n y transferencia educativa en la que participar\u00e1n m\u00e1s de una decena de expertos y expertas de diferentes instituciones acad\u00e9micas, entre ellos el catedr\u00e1tico de F\u00edsica de la Universidad de Santiago de Compostela, Sen\u00e9n Barro, ex rector de la misma instituci\u00f3n.\" \/>\n<meta name=\"robots\" content=\"index, follow, max-snippet:-1, max-image-preview:large, max-video-preview:-1\" \/>\n<link rel=\"canonical\" href=\"https:\/\/www.ull.es\/portal\/noticias\/2023\/senen-barro-pese-a-la-inteligencia-artificial-la-mejor-educacion-seguira-estando-en-manos-de-los-profesores\/\" \/>\n<meta property=\"og:locale\" content=\"es_ES\" \/>\n<meta property=\"og:type\" content=\"article\" \/>\n<meta property=\"og:title\" content=\"Sen\u00e9n Barro: &quot;Pese a la Inteligencia Artificial la mejor educaci\u00f3n seguir\u00e1 estando en manos de los profesores&quot; - ULL - Noticias\" \/>\n<meta property=\"og:description\" content=\"La Universidad de La Laguna ha inaugurado hoy unas jornadas centradas en la innovaci\u00f3n y transferencia educativa en la que participar\u00e1n m\u00e1s de una decena de expertos y expertas de diferentes instituciones acad\u00e9micas, entre ellos el catedr\u00e1tico de F\u00edsica de la Universidad de Santiago de Compostela, Sen\u00e9n Barro, ex rector de la misma instituci\u00f3n.\" \/>\n<meta property=\"og:url\" content=\"https:\/\/www.ull.es\/portal\/noticias\/2023\/senen-barro-pese-a-la-inteligencia-artificial-la-mejor-educacion-seguira-estando-en-manos-de-los-profesores\/\" \/>\n<meta property=\"og:site_name\" content=\"ULL - Noticias\" \/>\n<meta property=\"article:publisher\" content=\"https:\/\/www.facebook.com\/universidaddelalaguna\/\" \/>\n<meta property=\"article:published_time\" content=\"2023-03-22T13:39:15+00:00\" \/>\n<meta property=\"article:modified_time\" content=\"2023-03-22T13:56:36+00:00\" \/>\n<meta property=\"og:image\" content=\"https:\/\/www.ull.es\/portal\/noticias\/wp-content\/uploads\/sites\/13\/2023\/03\/Jorn-Transf-educativa-Conf1-07.jpg\" \/>\n\t<meta property=\"og:image:width\" content=\"1100\" \/>\n\t<meta property=\"og:image:height\" content=\"733\" \/>\n\t<meta property=\"og:image:type\" content=\"image\/jpeg\" \/>\n<meta name=\"author\" content=\"gcom5\" \/>\n<meta name=\"twitter:card\" content=\"summary_large_image\" \/>\n<meta name=\"twitter:creator\" content=\"@CanalULL\" \/>\n<meta name=\"twitter:site\" content=\"@CanalULL\" \/>\n<meta name=\"twitter:label1\" content=\"Escrito por\" \/>\n\t<meta name=\"twitter:data1\" content=\"gcom5\" \/>\n\t<meta name=\"twitter:label2\" content=\"Tiempo de lectura\" \/>\n\t<meta name=\"twitter:data2\" content=\"4 minutos\" \/>\n<script type=\"application\/ld+json\" class=\"yoast-schema-graph\">{\"@context\":\"https:\/\/schema.org\",\"@graph\":[{\"@type\":\"WebPage\",\"@id\":\"https:\/\/www.ull.es\/portal\/noticias\/2023\/senen-barro-pese-a-la-inteligencia-artificial-la-mejor-educacion-seguira-estando-en-manos-de-los-profesores\/\",\"url\":\"https:\/\/www.ull.es\/portal\/noticias\/2023\/senen-barro-pese-a-la-inteligencia-artificial-la-mejor-educacion-seguira-estando-en-manos-de-los-profesores\/\",\"name\":\"Sen\u00e9n Barro: \\\"Pese a la Inteligencia Artificial la mejor educaci\u00f3n seguir\u00e1 estando en manos de los profesores\\\" - ULL - Noticias\",\"isPartOf\":{\"@id\":\"https:\/\/www.ull.es\/portal\/noticias\/#website\"},\"datePublished\":\"2023-03-22T13:39:15+00:00\",\"dateModified\":\"2023-03-22T13:56:36+00:00\",\"author\":{\"@id\":\"https:\/\/www.ull.es\/portal\/noticias\/#\/schema\/person\/8027c6c4687adc2c90dc1532715d34df\"},\"description\":\"La Universidad de La Laguna ha inaugurado hoy unas jornadas centradas en la innovaci\u00f3n y transferencia educativa en la que participar\u00e1n m\u00e1s de una decena de expertos y expertas de diferentes instituciones acad\u00e9micas, entre ellos el catedr\u00e1tico de F\u00edsica de la Universidad de Santiago de Compostela, Sen\u00e9n Barro, ex rector de la misma instituci\u00f3n.\",\"breadcrumb\":{\"@id\":\"https:\/\/www.ull.es\/portal\/noticias\/2023\/senen-barro-pese-a-la-inteligencia-artificial-la-mejor-educacion-seguira-estando-en-manos-de-los-profesores\/#breadcrumb\"},\"inLanguage\":\"es\",\"potentialAction\":[{\"@type\":\"ReadAction\",\"target\":[\"https:\/\/www.ull.es\/portal\/noticias\/2023\/senen-barro-pese-a-la-inteligencia-artificial-la-mejor-educacion-seguira-estando-en-manos-de-los-profesores\/\"]}]},{\"@type\":\"BreadcrumbList\",\"@id\":\"https:\/\/www.ull.es\/portal\/noticias\/2023\/senen-barro-pese-a-la-inteligencia-artificial-la-mejor-educacion-seguira-estando-en-manos-de-los-profesores\/#breadcrumb\",\"itemListElement\":[{\"@type\":\"ListItem\",\"position\":1,\"name\":\"Portada\",\"item\":\"https:\/\/www.ull.es\/portal\/noticias\/\"},{\"@type\":\"ListItem\",\"position\":2,\"name\":\"Sen\u00e9n Barro: \u00abPese a la Inteligencia Artificial la mejor educaci\u00f3n seguir\u00e1 estando en manos de los profesores\u00bb\"}]},{\"@type\":\"WebSite\",\"@id\":\"https:\/\/www.ull.es\/portal\/noticias\/#website\",\"url\":\"https:\/\/www.ull.es\/portal\/noticias\/\",\"name\":\"ULL - Noticias\",\"description\":\"\",\"potentialAction\":[{\"@type\":\"SearchAction\",\"target\":{\"@type\":\"EntryPoint\",\"urlTemplate\":\"https:\/\/www.ull.es\/portal\/noticias\/?s={search_term_string}\"},\"query-input\":\"required name=search_term_string\"}],\"inLanguage\":\"es\"},{\"@type\":\"Person\",\"@id\":\"https:\/\/www.ull.es\/portal\/noticias\/#\/schema\/person\/8027c6c4687adc2c90dc1532715d34df\",\"name\":\"gcom5\",\"image\":{\"@type\":\"ImageObject\",\"inLanguage\":\"es\",\"@id\":\"https:\/\/www.ull.es\/portal\/noticias\/#\/schema\/person\/image\/\",\"url\":\"https:\/\/secure.gravatar.com\/avatar\/8b3777f8048001fa57b88338ce5605b9?s=96&d=mm&r=g\",\"contentUrl\":\"https:\/\/secure.gravatar.com\/avatar\/8b3777f8048001fa57b88338ce5605b9?s=96&d=mm&r=g\",\"caption\":\"gcom5\"},\"url\":\"https:\/\/www.ull.es\/portal\/noticias\/author\/gcom5\/\"}]}<\/script>\n<!-- \/ Yoast SEO plugin. -->","yoast_head_json":{"title":"Sen\u00e9n Barro: \"Pese a la Inteligencia Artificial la mejor educaci\u00f3n seguir\u00e1 estando en manos de los profesores\" - ULL - Noticias","description":"La Universidad de La Laguna ha inaugurado hoy unas jornadas centradas en la innovaci\u00f3n y transferencia educativa en la que participar\u00e1n m\u00e1s de una decena de expertos y expertas de diferentes instituciones acad\u00e9micas, entre ellos el catedr\u00e1tico de F\u00edsica de la Universidad de Santiago de Compostela, Sen\u00e9n Barro, ex rector de la misma instituci\u00f3n.","robots":{"index":"index","follow":"follow","max-snippet":"max-snippet:-1","max-image-preview":"max-image-preview:large","max-video-preview":"max-video-preview:-1"},"canonical":"https:\/\/www.ull.es\/portal\/noticias\/2023\/senen-barro-pese-a-la-inteligencia-artificial-la-mejor-educacion-seguira-estando-en-manos-de-los-profesores\/","og_locale":"es_ES","og_type":"article","og_title":"Sen\u00e9n Barro: \"Pese a la Inteligencia Artificial la mejor educaci\u00f3n seguir\u00e1 estando en manos de los profesores\" - ULL - Noticias","og_description":"La Universidad de La Laguna ha inaugurado hoy unas jornadas centradas en la innovaci\u00f3n y transferencia educativa en la que participar\u00e1n m\u00e1s de una decena de expertos y expertas de diferentes instituciones acad\u00e9micas, entre ellos el catedr\u00e1tico de F\u00edsica de la Universidad de Santiago de Compostela, Sen\u00e9n Barro, ex rector de la misma instituci\u00f3n.","og_url":"https:\/\/www.ull.es\/portal\/noticias\/2023\/senen-barro-pese-a-la-inteligencia-artificial-la-mejor-educacion-seguira-estando-en-manos-de-los-profesores\/","og_site_name":"ULL - Noticias","article_publisher":"https:\/\/www.facebook.com\/universidaddelalaguna\/","article_published_time":"2023-03-22T13:39:15+00:00","article_modified_time":"2023-03-22T13:56:36+00:00","og_image":[{"width":1100,"height":733,"url":"https:\/\/www.ull.es\/portal\/noticias\/wp-content\/uploads\/sites\/13\/2023\/03\/Jorn-Transf-educativa-Conf1-07.jpg","type":"image\/jpeg"}],"author":"gcom5","twitter_card":"summary_large_image","twitter_creator":"@CanalULL","twitter_site":"@CanalULL","twitter_misc":{"Escrito por":"gcom5","Tiempo de lectura":"4 minutos"},"schema":{"@context":"https:\/\/schema.org","@graph":[{"@type":"WebPage","@id":"https:\/\/www.ull.es\/portal\/noticias\/2023\/senen-barro-pese-a-la-inteligencia-artificial-la-mejor-educacion-seguira-estando-en-manos-de-los-profesores\/","url":"https:\/\/www.ull.es\/portal\/noticias\/2023\/senen-barro-pese-a-la-inteligencia-artificial-la-mejor-educacion-seguira-estando-en-manos-de-los-profesores\/","name":"Sen\u00e9n Barro: \"Pese a la Inteligencia Artificial la mejor educaci\u00f3n seguir\u00e1 estando en manos de los profesores\" - ULL - Noticias","isPartOf":{"@id":"https:\/\/www.ull.es\/portal\/noticias\/#website"},"datePublished":"2023-03-22T13:39:15+00:00","dateModified":"2023-03-22T13:56:36+00:00","author":{"@id":"https:\/\/www.ull.es\/portal\/noticias\/#\/schema\/person\/8027c6c4687adc2c90dc1532715d34df"},"description":"La Universidad de La Laguna ha inaugurado hoy unas jornadas centradas en la innovaci\u00f3n y transferencia educativa en la que participar\u00e1n m\u00e1s de una decena de expertos y expertas de diferentes instituciones acad\u00e9micas, entre ellos el catedr\u00e1tico de F\u00edsica de la Universidad de Santiago de Compostela, Sen\u00e9n Barro, ex rector de la misma instituci\u00f3n.","breadcrumb":{"@id":"https:\/\/www.ull.es\/portal\/noticias\/2023\/senen-barro-pese-a-la-inteligencia-artificial-la-mejor-educacion-seguira-estando-en-manos-de-los-profesores\/#breadcrumb"},"inLanguage":"es","potentialAction":[{"@type":"ReadAction","target":["https:\/\/www.ull.es\/portal\/noticias\/2023\/senen-barro-pese-a-la-inteligencia-artificial-la-mejor-educacion-seguira-estando-en-manos-de-los-profesores\/"]}]},{"@type":"BreadcrumbList","@id":"https:\/\/www.ull.es\/portal\/noticias\/2023\/senen-barro-pese-a-la-inteligencia-artificial-la-mejor-educacion-seguira-estando-en-manos-de-los-profesores\/#breadcrumb","itemListElement":[{"@type":"ListItem","position":1,"name":"Portada","item":"https:\/\/www.ull.es\/portal\/noticias\/"},{"@type":"ListItem","position":2,"name":"Sen\u00e9n Barro: \u00abPese a la Inteligencia Artificial la mejor educaci\u00f3n seguir\u00e1 estando en manos de los profesores\u00bb"}]},{"@type":"WebSite","@id":"https:\/\/www.ull.es\/portal\/noticias\/#website","url":"https:\/\/www.ull.es\/portal\/noticias\/","name":"ULL - Noticias","description":"","potentialAction":[{"@type":"SearchAction","target":{"@type":"EntryPoint","urlTemplate":"https:\/\/www.ull.es\/portal\/noticias\/?s={search_term_string}"},"query-input":"required name=search_term_string"}],"inLanguage":"es"},{"@type":"Person","@id":"https:\/\/www.ull.es\/portal\/noticias\/#\/schema\/person\/8027c6c4687adc2c90dc1532715d34df","name":"gcom5","image":{"@type":"ImageObject","inLanguage":"es","@id":"https:\/\/www.ull.es\/portal\/noticias\/#\/schema\/person\/image\/","url":"https:\/\/secure.gravatar.com\/avatar\/8b3777f8048001fa57b88338ce5605b9?s=96&d=mm&r=g","contentUrl":"https:\/\/secure.gravatar.com\/avatar\/8b3777f8048001fa57b88338ce5605b9?s=96&d=mm&r=g","caption":"gcom5"},"url":"https:\/\/www.ull.es\/portal\/noticias\/author\/gcom5\/"}]}},"primary_category":{"id":345,"name":"Destacado","slug":"destacado","link":"https:\/\/www.ull.es\/portal\/noticias\/category\/destacado\/"},"featured_image_thumbnail_url":"https:\/\/www.ull.es\/portal\/noticias\/wp-content\/uploads\/sites\/13\/2023\/03\/Jorn-Transf-educativa-Conf1-07-300x200.jpg","_links":{"self":[{"href":"https:\/\/www.ull.es\/portal\/noticias\/wp-json\/wp\/v2\/posts\/68554"}],"collection":[{"href":"https:\/\/www.ull.es\/portal\/noticias\/wp-json\/wp\/v2\/posts"}],"about":[{"href":"https:\/\/www.ull.es\/portal\/noticias\/wp-json\/wp\/v2\/types\/post"}],"author":[{"embeddable":true,"href":"https:\/\/www.ull.es\/portal\/noticias\/wp-json\/wp\/v2\/users\/67"}],"replies":[{"embeddable":true,"href":"https:\/\/www.ull.es\/portal\/noticias\/wp-json\/wp\/v2\/comments?post=68554"}],"version-history":[{"count":3,"href":"https:\/\/www.ull.es\/portal\/noticias\/wp-json\/wp\/v2\/posts\/68554\/revisions"}],"predecessor-version":[{"id":68563,"href":"https:\/\/www.ull.es\/portal\/noticias\/wp-json\/wp\/v2\/posts\/68554\/revisions\/68563"}],"wp:featuredmedia":[{"embeddable":true,"href":"https:\/\/www.ull.es\/portal\/noticias\/wp-json\/wp\/v2\/media\/68557"}],"wp:attachment":[{"href":"https:\/\/www.ull.es\/portal\/noticias\/wp-json\/wp\/v2\/media?parent=68554"}],"wp:term":[{"taxonomy":"category","embeddable":true,"href":"https:\/\/www.ull.es\/portal\/noticias\/wp-json\/wp\/v2\/categories?post=68554"},{"taxonomy":"post_tag","embeddable":true,"href":"https:\/\/www.ull.es\/portal\/noticias\/wp-json\/wp\/v2\/tags?post=68554"}],"curies":[{"name":"wp","href":"https:\/\/api.w.org\/{rel}","templated":true}]}}